{"id":113760,"date":"2022-09-29T06:01:17","date_gmt":"2022-09-29T10:01:17","guid":{"rendered":"https:\/\/www.eldiario.net\/portal\/?p=113760"},"modified":"2022-09-29T06:01:17","modified_gmt":"2022-09-29T10:01:17","slug":"secreto-de-fuente-es-inviolable","status":"publish","type":"post","link":"https:\/\/www.eldiario.net\/portal\/2022\/09\/29\/secreto-de-fuente-es-inviolable\/","title":{"rendered":"Secreto de fuente  es inviolable"},"content":{"rendered":"<p>En un comunicado conjunto, las Asociaci\u00f3n Nacional de Periodistas de Bolivia (ANPB) y la Asociaci\u00f3n de Periodistas de La Paz (APLP) rechazaron las declaraciones del procurador general del Estado, Wilfredo Ch\u00e1vez, quien pidi\u00f3 este mi\u00e9rcoles que se levante el secreto de fuente y se conozca qui\u00e9n divulg\u00f3 el informe de la CIDH sobre violaciones a los derechos humanos durante la toma del Hotel Las Am\u00e9ricas.<\/p>\n<p>\u201cRechazamos las declaraciones del Procurador General del Estado y exabogado de Evo Morales, Wilfredo Ch\u00e1vez, que en declaraciones a radio Fides pidi\u00f3 que se levante el secreto de fuente para conocer qui\u00e9n filtr\u00f3 el informe de la Comisi\u00f3n Interamericana de Derechos Humanos (CIDH) sobre las ejecuciones y torturas en el Hotel Las Am\u00e9ricas en 2009\u201d, dice el comunicado.<\/p>\n<p>En declaraciones a ese medio de comunicaci\u00f3n, Ch\u00e1vez admiti\u00f3 que contact\u00f3 a los medios para \u00abque me digan (\u2026), levanten la fuente, creo que es importante, porque vale la pena en este caso aclarar una situaci\u00f3n tan infame hacia una autoridad como mi persona\u00bb.<\/p>\n<p>Las asociaciones de periodistas se\u00f1alaron que \u201clamentan que la m\u00e1xima autoridad de un organismo p\u00fablico como la Procuradur\u00eda General del Estado desconozca que el secreto de fuente est\u00e1 protegido de manera directa por la Ley de Imprenta, la Constituci\u00f3n Pol\u00edtica del Estado y las convenciones internacionales\u201d.<\/p>\n<p>\u201cEl secreto en materia de imprenta es inviolable\u201d (art. 8 de la Ley de Imprenta) y, por tanto, es un derecho y un deber \u00e9tico que obliga a las y los periodistas a guardar reserva respecto a las fuentes que proveen informaci\u00f3n con car\u00e1cter confidencial, recuerda el comunicado.<\/p>\n<p>El informe de la CIDH, dado a conocer inicialmente por El Deber, establece que en abril de 2009, cuando se produjo la toma del hotel Las Am\u00e9ricas de Santa Cruz, hubo ejecuciones extrajudiciales y en los d\u00edas previos y posteriores cuatro acusados sufrieron torturas y vej\u00e1menes.<\/p>\n<p>El reporte confirma lo que defensores de derechos humanos de Bolivia hab\u00edan se\u00f1alado durante a\u00f1os sobre la toma del hotel por parte de la Polic\u00eda, entre otras que no hubo \u201cenfrentamiento\u201d entre los acusados de terrorismo y los uniformados y que se produjeron asesinatos.<\/p>\n<p>El informe se\u00f1ala que la CIDH iniciar\u00e1 un proceso internacional contra el Estado boliviano, y que \u00e9ste, para evitarlo, podr\u00eda identificar a los responsables de las violaciones a los derechos humanos, en una alusi\u00f3n al expresidente Evo Morales, que dio la orden de que la Polic\u00eda actuara en el mencionado hotel. (Br\u00fajula Digital)<\/p>\n","protected":false},"excerpt":{"rendered":"<p>En un comunicado conjunto, las Asociaci\u00f3n Nacional de Periodistas de Bolivia (ANPB) y la Asociaci\u00f3n de Periodistas de La Paz (APLP) rechazaron las declaraciones del procurador general del Estado, Wilfredo Ch\u00e1vez, quien pidi\u00f3 este mi\u00e9rcoles que se levante el secreto de fuente y se conozca qui\u00e9n divulg\u00f3 el informe de la CIDH sobre violaciones a [&hellip;]<\/p>\n","protected":false},"author":1,"featured_media":113761,"comment_status":"closed","ping_status":"closed","sticky":false,"template":"","format":"standard","meta":{"_acf_changed":false,"footnotes":""},"categories":[17],"tags":[],"class_list":["post-113760","post","type-post","status-publish","format-standard","has-post-thumbnail","category-principal"],"acf":{"antetitulo":""},"yoast_head":"<!-- This site is optimized with the Yoast SEO plugin v28.4 - https:\/\/yoast.com\/product\/yoast-seo-wordpress\/ -->\n<title>Secreto de fuente es inviolable - El Diario - Bolivia<\/title>\n<meta name=\"robots\" content=\"index, follow, max-snippet:-1, max-image-preview:large, max-video-preview:-1\" \/>\n<link rel=\"canonical\" href=\"https:\/\/www.eldiario.net\/portal\/2022\/09\/29\/secreto-de-fuente-es-inviolable\/\" \/>\n<meta property=\"og:locale\" content=\"es_ES\" \/>\n<meta property=\"og:type\" content=\"article\" \/>\n<meta property=\"og:title\" content=\"Secreto de fuente es inviolable - El Diario - Bolivia\" \/>\n<meta property=\"og:description\" content=\"En un comunicado conjunto, las Asociaci\u00f3n Nacional de Periodistas de Bolivia (ANPB) y la Asociaci\u00f3n de Periodistas de La Paz (APLP) rechazaron las declaraciones del procurador general del Estado, Wilfredo Ch\u00e1vez, quien pidi\u00f3 este mi\u00e9rcoles que se levante el secreto de fuente y se conozca qui\u00e9n divulg\u00f3 el informe de la CIDH sobre violaciones a [&hellip;]\" \/>\n<meta property=\"og:url\" content=\"https:\/\/www.eldiario.net\/portal\/2022\/09\/29\/secreto-de-fuente-es-inviolable\/\" \/>\n<meta property=\"og:site_name\" content=\"El Diario - Bolivia\" \/>\n<meta property=\"article:publisher\" content=\"https:\/\/www.facebook.com\/eldiario.bolivia\/\" \/>\n<meta property=\"article:published_time\" content=\"2022-09-29T10:01:17+00:00\" \/>\n<meta name=\"author\" content=\"Jeanette\" \/>\n<meta name=\"twitter:card\" content=\"summary_large_image\" \/>\n<meta name=\"twitter:creator\" content=\"@eldiario_net\" \/>\n<meta name=\"twitter:site\" content=\"@eldiario_net\" \/>\n<meta name=\"twitter:label1\" content=\"Escrito por\" \/>\n\t<meta name=\"twitter:data1\" content=\"Jeanette\" \/>\n\t<meta name=\"twitter:label2\" content=\"Tiempo de lectura\" \/>\n\t<meta name=\"twitter:data2\" content=\"2 minutos\" \/>\n<script type=\"application\/ld+json\" class=\"yoast-schema-graph\">{\"@context\":\"https:\\\/\\\/schema.org\",\"@graph\":[{\"@type\":\"Article\",\"@id\":\"https:\\\/\\\/www.eldiario.net\\\/portal\\\/2022\\\/09\\\/29\\\/secreto-de-fuente-es-inviolable\\\/#article\",\"isPartOf\":{\"@id\":\"https:\\\/\\\/www.eldiario.net\\\/portal\\\/2022\\\/09\\\/29\\\/secreto-de-fuente-es-inviolable\\\/\"},\"author\":{\"name\":\"Jeanette\",\"@id\":\"https:\\\/\\\/www.eldiario.net\\\/portal\\\/#\\\/schema\\\/person\\\/f46445640444750d7d753ccd04ae01b7\"},\"headline\":\"Secreto de fuente es inviolable\",\"datePublished\":\"2022-09-29T10:01:17+00:00\",\"mainEntityOfPage\":{\"@id\":\"https:\\\/\\\/www.eldiario.net\\\/portal\\\/2022\\\/09\\\/29\\\/secreto-de-fuente-es-inviolable\\\/\"},\"wordCount\":438,\"publisher\":{\"@id\":\"https:\\\/\\\/www.eldiario.net\\\/portal\\\/#organization\"},\"image\":{\"@id\":\"https:\\\/\\\/www.eldiario.net\\\/portal\\\/2022\\\/09\\\/29\\\/secreto-de-fuente-es-inviolable\\\/#primaryimage\"},\"thumbnailUrl\":\"\",\"articleSection\":[\"Principal\"],\"inLanguage\":\"es\"},{\"@type\":\"WebPage\",\"@id\":\"https:\\\/\\\/www.eldiario.net\\\/portal\\\/2022\\\/09\\\/29\\\/secreto-de-fuente-es-inviolable\\\/\",\"url\":\"https:\\\/\\\/www.eldiario.net\\\/portal\\\/2022\\\/09\\\/29\\\/secreto-de-fuente-es-inviolable\\\/\",\"name\":\"Secreto de fuente es inviolable - El Diario - Bolivia\",\"isPartOf\":{\"@id\":\"https:\\\/\\\/www.eldiario.net\\\/portal\\\/#website\"},\"primaryImageOfPage\":{\"@id\":\"https:\\\/\\\/www.eldiario.net\\\/portal\\\/2022\\\/09\\\/29\\\/secreto-de-fuente-es-inviolable\\\/#primaryimage\"},\"image\":{\"@id\":\"https:\\\/\\\/www.eldiario.net\\\/portal\\\/2022\\\/09\\\/29\\\/secreto-de-fuente-es-inviolable\\\/#primaryimage\"},\"thumbnailUrl\":\"\",\"datePublished\":\"2022-09-29T10:01:17+00:00\",\"breadcrumb\":{\"@id\":\"https:\\\/\\\/www.eldiario.net\\\/portal\\\/2022\\\/09\\\/29\\\/secreto-de-fuente-es-inviolable\\\/#breadcrumb\"},\"inLanguage\":\"es\",\"potentialAction\":[{\"@type\":\"ReadAction\",\"target\":[\"https:\\\/\\\/www.eldiario.net\\\/portal\\\/2022\\\/09\\\/29\\\/secreto-de-fuente-es-inviolable\\\/\"]}]},{\"@type\":\"ImageObject\",\"inLanguage\":\"es\",\"@id\":\"https:\\\/\\\/www.eldiario.net\\\/portal\\\/2022\\\/09\\\/29\\\/secreto-de-fuente-es-inviolable\\\/#primaryimage\",\"url\":\"\",\"contentUrl\":\"\"},{\"@type\":\"BreadcrumbList\",\"@id\":\"https:\\\/\\\/www.eldiario.net\\\/portal\\\/2022\\\/09\\\/29\\\/secreto-de-fuente-es-inviolable\\\/#breadcrumb\",\"itemListElement\":[{\"@type\":\"ListItem\",\"position\":1,\"name\":\"Portada\",\"item\":\"https:\\\/\\\/www.eldiario.net\\\/portal\\\/\"},{\"@type\":\"ListItem\",\"position\":2,\"name\":\"Secreto de fuente es inviolable\"}]},{\"@type\":\"WebSite\",\"@id\":\"https:\\\/\\\/www.eldiario.net\\\/portal\\\/#website\",\"url\":\"https:\\\/\\\/www.eldiario.net\\\/portal\\\/\",\"name\":\"El Diario - Decano de la prensa nacional\",\"description\":\"El Diario - Decano de la prensa nacional\",\"publisher\":{\"@id\":\"https:\\\/\\\/www.eldiario.net\\\/portal\\\/#organization\"},\"potentialAction\":[{\"@type\":\"SearchAction\",\"target\":{\"@type\":\"EntryPoint\",\"urlTemplate\":\"https:\\\/\\\/www.eldiario.net\\\/portal\\\/?s={search_term_string}\"},\"query-input\":{\"@type\":\"PropertyValueSpecification\",\"valueRequired\":true,\"valueName\":\"search_term_string\"}}],\"inLanguage\":\"es\"},{\"@type\":\"Organization\",\"@id\":\"https:\\\/\\\/www.eldiario.net\\\/portal\\\/#organization\",\"name\":\"El Diario - Decano de la prensa nacional\",\"url\":\"https:\\\/\\\/www.eldiario.net\\\/portal\\\/\",\"logo\":{\"@type\":\"ImageObject\",\"inLanguage\":\"es\",\"@id\":\"https:\\\/\\\/www.eldiario.net\\\/portal\\\/#\\\/schema\\\/logo\\\/image\\\/\",\"url\":\"https:\\\/\\\/www.eldiario.net\\\/portal\\\/wp-content\\\/uploads\\\/2023\\\/07\\\/logo_ED.jpg\",\"contentUrl\":\"https:\\\/\\\/www.eldiario.net\\\/portal\\\/wp-content\\\/uploads\\\/2023\\\/07\\\/logo_ED.jpg\",\"width\":272,\"height\":52,\"caption\":\"El Diario - Decano de la prensa nacional\"},\"image\":{\"@id\":\"https:\\\/\\\/www.eldiario.net\\\/portal\\\/#\\\/schema\\\/logo\\\/image\\\/\"},\"sameAs\":[\"https:\\\/\\\/www.facebook.com\\\/eldiario.bolivia\\\/\",\"https:\\\/\\\/x.com\\\/eldiario_net\"]},{\"@type\":\"Person\",\"@id\":\"https:\\\/\\\/www.eldiario.net\\\/portal\\\/#\\\/schema\\\/person\\\/f46445640444750d7d753ccd04ae01b7\",\"name\":\"Jeanette\",\"image\":{\"@type\":\"ImageObject\",\"inLanguage\":\"es\",\"@id\":\"https:\\\/\\\/secure.gravatar.com\\\/avatar\\\/3ea2118a5f7dad2b7138b1187a6b7ee55f160b9968b66013c3a3ef39dd7e5798?s=96&d=mm&r=g\",\"url\":\"https:\\\/\\\/secure.gravatar.com\\\/avatar\\\/3ea2118a5f7dad2b7138b1187a6b7ee55f160b9968b66013c3a3ef39dd7e5798?s=96&d=mm&r=g\",\"contentUrl\":\"https:\\\/\\\/secure.gravatar.com\\\/avatar\\\/3ea2118a5f7dad2b7138b1187a6b7ee55f160b9968b66013c3a3ef39dd7e5798?s=96&d=mm&r=g\",\"caption\":\"Jeanette\"},\"sameAs\":[\"https:\\\/\\\/www.eldiario.net\\\/portal\"],\"url\":\"https:\\\/\\\/www.eldiario.net\\\/portal\\\/author\\\/jeanette\\\/\"}]}<\/script>\n<!-- \/ Yoast SEO plugin. -->","yoast_head_json":{"title":"Secreto de fuente es inviolable - El Diario - Bolivia","robots":{"index":"index","follow":"follow","max-snippet":"max-snippet:-1","max-image-preview":"max-image-preview:large","max-video-preview":"max-video-preview:-1"},"canonical":"https:\/\/www.eldiario.net\/portal\/2022\/09\/29\/secreto-de-fuente-es-inviolable\/","og_locale":"es_ES","og_type":"article","og_title":"Secreto de fuente es inviolable - El Diario - Bolivia","og_description":"En un comunicado conjunto, las Asociaci\u00f3n Nacional de Periodistas de Bolivia (ANPB) y la Asociaci\u00f3n de Periodistas de La Paz (APLP) rechazaron las declaraciones del procurador general del Estado, Wilfredo Ch\u00e1vez, quien pidi\u00f3 este mi\u00e9rcoles que se levante el secreto de fuente y se conozca qui\u00e9n divulg\u00f3 el informe de la CIDH sobre violaciones a [&hellip;]","og_url":"https:\/\/www.eldiario.net\/portal\/2022\/09\/29\/secreto-de-fuente-es-inviolable\/","og_site_name":"El Diario - Bolivia","article_publisher":"https:\/\/www.facebook.com\/eldiario.bolivia\/","article_published_time":"2022-09-29T10:01:17+00:00","author":"Jeanette","twitter_card":"summary_large_image","twitter_creator":"@eldiario_net","twitter_site":"@eldiario_net","twitter_misc":{"Escrito por":"Jeanette","Tiempo de lectura":"2 minutos"},"schema":{"@context":"https:\/\/schema.org","@graph":[{"@type":"Article","@id":"https:\/\/www.eldiario.net\/portal\/2022\/09\/29\/secreto-de-fuente-es-inviolable\/#article","isPartOf":{"@id":"https:\/\/www.eldiario.net\/portal\/2022\/09\/29\/secreto-de-fuente-es-inviolable\/"},"author":{"name":"Jeanette","@id":"https:\/\/www.eldiario.net\/portal\/#\/schema\/person\/f46445640444750d7d753ccd04ae01b7"},"headline":"Secreto de fuente es inviolable","datePublished":"2022-09-29T10:01:17+00:00","mainEntityOfPage":{"@id":"https:\/\/www.eldiario.net\/portal\/2022\/09\/29\/secreto-de-fuente-es-inviolable\/"},"wordCount":438,"publisher":{"@id":"https:\/\/www.eldiario.net\/portal\/#organization"},"image":{"@id":"https:\/\/www.eldiario.net\/portal\/2022\/09\/29\/secreto-de-fuente-es-inviolable\/#primaryimage"},"thumbnailUrl":"","articleSection":["Principal"],"inLanguage":"es"},{"@type":"WebPage","@id":"https:\/\/www.eldiario.net\/portal\/2022\/09\/29\/secreto-de-fuente-es-inviolable\/","url":"https:\/\/www.eldiario.net\/portal\/2022\/09\/29\/secreto-de-fuente-es-inviolable\/","name":"Secreto de fuente es inviolable - El Diario - Bolivia","isPartOf":{"@id":"https:\/\/www.eldiario.net\/portal\/#website"},"primaryImageOfPage":{"@id":"https:\/\/www.eldiario.net\/portal\/2022\/09\/29\/secreto-de-fuente-es-inviolable\/#primaryimage"},"image":{"@id":"https:\/\/www.eldiario.net\/portal\/2022\/09\/29\/secreto-de-fuente-es-inviolable\/#primaryimage"},"thumbnailUrl":"","datePublished":"2022-09-29T10:01:17+00:00","breadcrumb":{"@id":"https:\/\/www.eldiario.net\/portal\/2022\/09\/29\/secreto-de-fuente-es-inviolable\/#breadcrumb"},"inLanguage":"es","potentialAction":[{"@type":"ReadAction","target":["https:\/\/www.eldiario.net\/portal\/2022\/09\/29\/secreto-de-fuente-es-inviolable\/"]}]},{"@type":"ImageObject","inLanguage":"es","@id":"https:\/\/www.eldiario.net\/portal\/2022\/09\/29\/secreto-de-fuente-es-inviolable\/#primaryimage","url":"","contentUrl":""},{"@type":"BreadcrumbList","@id":"https:\/\/www.eldiario.net\/portal\/2022\/09\/29\/secreto-de-fuente-es-inviolable\/#breadcrumb","itemListElement":[{"@type":"ListItem","position":1,"name":"Portada","item":"https:\/\/www.eldiario.net\/portal\/"},{"@type":"ListItem","position":2,"name":"Secreto de fuente es inviolable"}]},{"@type":"WebSite","@id":"https:\/\/www.eldiario.net\/portal\/#website","url":"https:\/\/www.eldiario.net\/portal\/","name":"El Diario - Decano de la prensa nacional","description":"El Diario - Decano de la prensa nacional","publisher":{"@id":"https:\/\/www.eldiario.net\/portal\/#organization"},"potentialAction":[{"@type":"SearchAction","target":{"@type":"EntryPoint","urlTemplate":"https:\/\/www.eldiario.net\/portal\/?s={search_term_string}"},"query-input":{"@type":"PropertyValueSpecification","valueRequired":true,"valueName":"search_term_string"}}],"inLanguage":"es"},{"@type":"Organization","@id":"https:\/\/www.eldiario.net\/portal\/#organization","name":"El Diario - Decano de la prensa nacional","url":"https:\/\/www.eldiario.net\/portal\/","logo":{"@type":"ImageObject","inLanguage":"es","@id":"https:\/\/www.eldiario.net\/portal\/#\/schema\/logo\/image\/","url":"https:\/\/www.eldiario.net\/portal\/wp-content\/uploads\/2023\/07\/logo_ED.jpg","contentUrl":"https:\/\/www.eldiario.net\/portal\/wp-content\/uploads\/2023\/07\/logo_ED.jpg","width":272,"height":52,"caption":"El Diario - Decano de la prensa nacional"},"image":{"@id":"https:\/\/www.eldiario.net\/portal\/#\/schema\/logo\/image\/"},"sameAs":["https:\/\/www.facebook.com\/eldiario.bolivia\/","https:\/\/x.com\/eldiario_net"]},{"@type":"Person","@id":"https:\/\/www.eldiario.net\/portal\/#\/schema\/person\/f46445640444750d7d753ccd04ae01b7","name":"Jeanette","image":{"@type":"ImageObject","inLanguage":"es","@id":"https:\/\/secure.gravatar.com\/avatar\/3ea2118a5f7dad2b7138b1187a6b7ee55f160b9968b66013c3a3ef39dd7e5798?s=96&d=mm&r=g","url":"https:\/\/secure.gravatar.com\/avatar\/3ea2118a5f7dad2b7138b1187a6b7ee55f160b9968b66013c3a3ef39dd7e5798?s=96&d=mm&r=g","contentUrl":"https:\/\/secure.gravatar.com\/avatar\/3ea2118a5f7dad2b7138b1187a6b7ee55f160b9968b66013c3a3ef39dd7e5798?s=96&d=mm&r=g","caption":"Jeanette"},"sameAs":["https:\/\/www.eldiario.net\/portal"],"url":"https:\/\/www.eldiario.net\/portal\/author\/jeanette\/"}]}},"_links":{"self":[{"href":"https:\/\/www.eldiario.net\/portal\/wp-json\/wp\/v2\/posts\/113760","targetHints":{"allow":["GET"]}}],"collection":[{"href":"https:\/\/www.eldiario.net\/portal\/wp-json\/wp\/v2\/posts"}],"about":[{"href":"https:\/\/www.eldiario.net\/portal\/wp-json\/wp\/v2\/types\/post"}],"author":[{"embeddable":true,"href":"https:\/\/www.eldiario.net\/portal\/wp-json\/wp\/v2\/users\/1"}],"replies":[{"embeddable":true,"href":"https:\/\/www.eldiario.net\/portal\/wp-json\/wp\/v2\/comments?post=113760"}],"version-history":[{"count":0,"href":"https:\/\/www.eldiario.net\/portal\/wp-json\/wp\/v2\/posts\/113760\/revisions"}],"wp:attachment":[{"href":"https:\/\/www.eldiario.net\/portal\/wp-json\/wp\/v2\/media?parent=113760"}],"wp:term":[{"taxonomy":"category","embeddable":true,"href":"https:\/\/www.eldiario.net\/portal\/wp-json\/wp\/v2\/categories?post=113760"},{"taxonomy":"post_tag","embeddable":true,"href":"https:\/\/www.eldiario.net\/portal\/wp-json\/wp\/v2\/tags?post=113760"}],"curies":[{"name":"wp","href":"https:\/\/api.w.org\/{rel}","templated":true}]}}