{"id":113757,"date":"2022-09-29T06:00:05","date_gmt":"2022-09-29T10:00:05","guid":{"rendered":"https:\/\/www.eldiario.net\/portal\/?p=113757"},"modified":"2022-09-29T06:00:05","modified_gmt":"2022-09-29T10:00:05","slug":"aceleran-construccion-de-carretera-por-el-madidi-y-apolobamba","status":"publish","type":"post","link":"https:\/\/www.eldiario.net\/portal\/2022\/09\/29\/aceleran-construccion-de-carretera-por-el-madidi-y-apolobamba\/","title":{"rendered":"Aceleran construcci\u00f3n de carretera  por el Madidi y Apolobamba"},"content":{"rendered":"<p>La Gobernaci\u00f3n de La Paz aceler\u00f3 el proceso de adjudicaci\u00f3n del estudio de dise\u00f1o t\u00e9cnico de preinversi\u00f3n del proyecto de mejoramiento y apertura carretera Pelechuco-Pata-Apolo a favor de la Asociaci\u00f3n Accidental Pelechuco por un monto de 6,3 millones de bolivianos. El tramo de m\u00e1s de 120 kil\u00f3metros atravesar\u00e1 el Parque Nacional y \u00c1rea de Manejo Integrado Madidi y la Reserva Natural Apolobamba.<\/p>\n<p>Basado en el Informe de Evaluaci\u00f3n y Recomendaci\u00f3n de la Comisi\u00f3n de Calificaci\u00f3n del Gobierno Aut\u00f3nomo Departamental de La Paz, el responsable del Proceso de Contrataci\u00f3n de Licitaci\u00f3n P\u00fablica, Iv\u00e1n Chanez emiti\u00f3 la resoluci\u00f3n administrativa 66\/2022 del 21 de septiembre, por la que da luz verde a la adjudicaci\u00f3n.<\/p>\n<p>\u201cResuelve adjudicar el proceso de contrataci\u00f3n del Estudio de dise\u00f1o t\u00e9cnico de preinversi\u00f3n del proyecto de mejoramiento y apertura carretera Pelechuco-Pata-Apolo a la Asociaci\u00f3n Accidental Pelechuco\u201d, se\u00f1ala la resoluci\u00f3n a la que accedi\u00f3 Br\u00fajula Digital.<\/p>\n<p>La carretera que impactar\u00e1 dos \u00e1reas protegidas, de acuerdo al an\u00e1lisis de la Coordinadora Nacional de Defensa de Territorios Ind\u00edgenas Originarios Campesinos y \u00c1reas Protegidas (Contiocap), permitir\u00e1 el avance de la miner\u00eda ilegal aur\u00edfera con serios impactos socioambientales, adem\u00e1s de facilitar la extracci\u00f3n de otros recursos como la madera de la mano de avasallamientos de interculturales.<\/p>\n<p>\u201cCuando se cre\u00f3 el Parque Madidi un 21 de septiembre de 1995, no se pens\u00f3 que lamentablemente ese d\u00eda se estar\u00eda adjudicando el estudio de dise\u00f1o t\u00e9cnico de preinversi\u00f3n para la apertura carretera Pelechuco-Pata-Apolo para abrir v\u00edas de acceso para el saqueo de nuestros recursos naturales\u201d, expres\u00f3 el l\u00edder ind\u00edgena de la Contiocap, \u00c1lex Villca.<\/p>\n<p>Alert\u00f3 que mientras el tramo departamental abrir\u00e1 carretera para la expansi\u00f3n extractivista, la carretera troncal de Ixiamas-Chiv\u00e9-Tumupasa-Azariamas a cargo de la Administradora Boliviana de Carreteras (ABC) pondr\u00e1 en un alto riesgo de destrucci\u00f3n el \u00e1rea m\u00e1s biodiversa del mundo como es el Madidi, porque partir\u00e1 en dos al \u00e1rea protegida.<\/p>\n<p>ASOCIACI\u00d3N ACCIDENTAL PELECHUCO<\/p>\n<p>La Asociaci\u00f3n Accidental Pelechuco est\u00e1 conformada por la empresa Eyserges SRL y la Constructora Rimacayu SRL, la cual se adjudic\u00f3 el estudio por un monto de 6.300.000 bolivianos, con un plazo de 480 d\u00edas calendario, que ser\u00e1n computados a partir del d\u00eda siguiente de la emisi\u00f3n de la orden de proceder.<\/p>\n<p>En ese marco, Chanez valid\u00f3 el Informe de Evaluaci\u00f3n y Recomendaci\u00f3n, emitido el 19 de septiembre por la Comisi\u00f3n de Calificaci\u00f3n conformada por jefe de la Unidad T\u00e9cnica de Operaciones y Coordinaci\u00f3n del Sedcam-La Paz, Mil\u00e1n Cuevas; el jefe de la Unidad T\u00e9cnica de Fiscalizaci\u00f3n y Supervisi\u00f3n, Galo Zuleta; el responsable de Contrataciones, Marcelo Sandoval, adem\u00e1s del analista de Contrataciones de la Direcci\u00f3n Administrativa, Jos\u00e9 Miguel Carvajal.<\/p>\n<p>La comisi\u00f3n de calificaci\u00f3n, se\u00f1ala en su parte conclusiva, que verific\u00f3 la propuesta bajo la modalidad de calidad, propuesta t\u00e9cnica y costo, donde la Asociaci\u00f3n Accidental Pelechuco cumpli\u00f3 los requisitos del Formulario V-1b referido a los documentos necesarios en la propuesta, y obtuvo en el Documento Base de Contrataci\u00f3n una calificaci\u00f3n t\u00e9cnica econ\u00f3mica de 93,75 puntos, seguida de una segunda empresa con 92,52 puntos y la tercera con 76,65 puntos.<\/p>\n<p>La propuesta econ\u00f3mica de la Asociaci\u00f3n Accidental Pelechuco fue la m\u00e1s baja por un monto de 6,3 millones de bolivianos, frente a la segunda propuesta de 6,6 millones de bolivianos, y la tercera por 7,2 millones, donde ninguna excede el precio referencial de la segunda convocatoria. (Br\u00fajula Digital)<\/p>\n","protected":false},"excerpt":{"rendered":"<p>La Gobernaci\u00f3n de La Paz aceler\u00f3 el proceso de adjudicaci\u00f3n del estudio de dise\u00f1o t\u00e9cnico de preinversi\u00f3n del proyecto de mejoramiento y apertura carretera Pelechuco-Pata-Apolo a favor de la Asociaci\u00f3n Accidental Pelechuco por un monto de 6,3 millones de bolivianos. El tramo de m\u00e1s de 120 kil\u00f3metros atravesar\u00e1 el Parque Nacional y \u00c1rea de Manejo [&hellip;]<\/p>\n","protected":false},"author":1,"featured_media":113758,"comment_status":"closed","ping_status":"closed","sticky":false,"template":"","format":"standard","meta":{"_acf_changed":false,"footnotes":""},"categories":[15],"tags":[],"class_list":["post-113757","post","type-post","status-publish","format-standard","has-post-thumbnail","category-portada"],"acf":{"antetitulo":""},"yoast_head":"<!-- This site is optimized with the Yoast SEO plugin v28.4 - https:\/\/yoast.com\/product\/yoast-seo-wordpress\/ -->\n<title>Aceleran construcci\u00f3n de carretera por el Madidi y Apolobamba - El Diario - Bolivia<\/title>\n<meta name=\"robots\" content=\"index, follow, max-snippet:-1, max-image-preview:large, max-video-preview:-1\" \/>\n<link rel=\"canonical\" href=\"https:\/\/www.eldiario.net\/portal\/2022\/09\/29\/aceleran-construccion-de-carretera-por-el-madidi-y-apolobamba\/\" \/>\n<meta property=\"og:locale\" content=\"es_ES\" \/>\n<meta property=\"og:type\" content=\"article\" \/>\n<meta property=\"og:title\" content=\"Aceleran construcci\u00f3n de carretera por el Madidi y Apolobamba - El Diario - Bolivia\" \/>\n<meta property=\"og:description\" content=\"La Gobernaci\u00f3n de La Paz aceler\u00f3 el proceso de adjudicaci\u00f3n del estudio de dise\u00f1o t\u00e9cnico de preinversi\u00f3n del proyecto de mejoramiento y apertura carretera Pelechuco-Pata-Apolo a favor de la Asociaci\u00f3n Accidental Pelechuco por un monto de 6,3 millones de bolivianos. El tramo de m\u00e1s de 120 kil\u00f3metros atravesar\u00e1 el Parque Nacional y \u00c1rea de Manejo [&hellip;]\" \/>\n<meta property=\"og:url\" content=\"https:\/\/www.eldiario.net\/portal\/2022\/09\/29\/aceleran-construccion-de-carretera-por-el-madidi-y-apolobamba\/\" \/>\n<meta property=\"og:site_name\" content=\"El Diario - Bolivia\" \/>\n<meta property=\"article:publisher\" content=\"https:\/\/www.facebook.com\/eldiario.bolivia\/\" \/>\n<meta property=\"article:published_time\" content=\"2022-09-29T10:00:05+00:00\" \/>\n<meta name=\"author\" content=\"Jeanette\" \/>\n<meta name=\"twitter:card\" content=\"summary_large_image\" \/>\n<meta name=\"twitter:creator\" content=\"@eldiario_net\" \/>\n<meta name=\"twitter:site\" content=\"@eldiario_net\" \/>\n<meta name=\"twitter:label1\" content=\"Escrito por\" \/>\n\t<meta name=\"twitter:data1\" content=\"Jeanette\" \/>\n\t<meta name=\"twitter:label2\" content=\"Tiempo de lectura\" \/>\n\t<meta name=\"twitter:data2\" content=\"3 minutos\" \/>\n<script type=\"application\/ld+json\" class=\"yoast-schema-graph\">{\"@context\":\"https:\\\/\\\/schema.org\",\"@graph\":[{\"@type\":\"Article\",\"@id\":\"https:\\\/\\\/www.eldiario.net\\\/portal\\\/2022\\\/09\\\/29\\\/aceleran-construccion-de-carretera-por-el-madidi-y-apolobamba\\\/#article\",\"isPartOf\":{\"@id\":\"https:\\\/\\\/www.eldiario.net\\\/portal\\\/2022\\\/09\\\/29\\\/aceleran-construccion-de-carretera-por-el-madidi-y-apolobamba\\\/\"},\"author\":{\"name\":\"Jeanette\",\"@id\":\"https:\\\/\\\/www.eldiario.net\\\/portal\\\/#\\\/schema\\\/person\\\/f46445640444750d7d753ccd04ae01b7\"},\"headline\":\"Aceleran construcci\u00f3n de carretera por el Madidi y Apolobamba\",\"datePublished\":\"2022-09-29T10:00:05+00:00\",\"mainEntityOfPage\":{\"@id\":\"https:\\\/\\\/www.eldiario.net\\\/portal\\\/2022\\\/09\\\/29\\\/aceleran-construccion-de-carretera-por-el-madidi-y-apolobamba\\\/\"},\"wordCount\":618,\"publisher\":{\"@id\":\"https:\\\/\\\/www.eldiario.net\\\/portal\\\/#organization\"},\"image\":{\"@id\":\"https:\\\/\\\/www.eldiario.net\\\/portal\\\/2022\\\/09\\\/29\\\/aceleran-construccion-de-carretera-por-el-madidi-y-apolobamba\\\/#primaryimage\"},\"thumbnailUrl\":\"\",\"articleSection\":[\"Portada\"],\"inLanguage\":\"es\"},{\"@type\":\"WebPage\",\"@id\":\"https:\\\/\\\/www.eldiario.net\\\/portal\\\/2022\\\/09\\\/29\\\/aceleran-construccion-de-carretera-por-el-madidi-y-apolobamba\\\/\",\"url\":\"https:\\\/\\\/www.eldiario.net\\\/portal\\\/2022\\\/09\\\/29\\\/aceleran-construccion-de-carretera-por-el-madidi-y-apolobamba\\\/\",\"name\":\"Aceleran construcci\u00f3n de carretera por el Madidi y Apolobamba - El Diario - Bolivia\",\"isPartOf\":{\"@id\":\"https:\\\/\\\/www.eldiario.net\\\/portal\\\/#website\"},\"primaryImageOfPage\":{\"@id\":\"https:\\\/\\\/www.eldiario.net\\\/portal\\\/2022\\\/09\\\/29\\\/aceleran-construccion-de-carretera-por-el-madidi-y-apolobamba\\\/#primaryimage\"},\"image\":{\"@id\":\"https:\\\/\\\/www.eldiario.net\\\/portal\\\/2022\\\/09\\\/29\\\/aceleran-construccion-de-carretera-por-el-madidi-y-apolobamba\\\/#primaryimage\"},\"thumbnailUrl\":\"\",\"datePublished\":\"2022-09-29T10:00:05+00:00\",\"breadcrumb\":{\"@id\":\"https:\\\/\\\/www.eldiario.net\\\/portal\\\/2022\\\/09\\\/29\\\/aceleran-construccion-de-carretera-por-el-madidi-y-apolobamba\\\/#breadcrumb\"},\"inLanguage\":\"es\",\"potentialAction\":[{\"@type\":\"ReadAction\",\"target\":[\"https:\\\/\\\/www.eldiario.net\\\/portal\\\/2022\\\/09\\\/29\\\/aceleran-construccion-de-carretera-por-el-madidi-y-apolobamba\\\/\"]}]},{\"@type\":\"ImageObject\",\"inLanguage\":\"es\",\"@id\":\"https:\\\/\\\/www.eldiario.net\\\/portal\\\/2022\\\/09\\\/29\\\/aceleran-construccion-de-carretera-por-el-madidi-y-apolobamba\\\/#primaryimage\",\"url\":\"\",\"contentUrl\":\"\"},{\"@type\":\"BreadcrumbList\",\"@id\":\"https:\\\/\\\/www.eldiario.net\\\/portal\\\/2022\\\/09\\\/29\\\/aceleran-construccion-de-carretera-por-el-madidi-y-apolobamba\\\/#breadcrumb\",\"itemListElement\":[{\"@type\":\"ListItem\",\"position\":1,\"name\":\"Portada\",\"item\":\"https:\\\/\\\/www.eldiario.net\\\/portal\\\/\"},{\"@type\":\"ListItem\",\"position\":2,\"name\":\"Aceleran construcci\u00f3n de carretera por el Madidi y Apolobamba\"}]},{\"@type\":\"WebSite\",\"@id\":\"https:\\\/\\\/www.eldiario.net\\\/portal\\\/#website\",\"url\":\"https:\\\/\\\/www.eldiario.net\\\/portal\\\/\",\"name\":\"El Diario - Decano de la prensa nacional\",\"description\":\"El Diario - Decano de la prensa nacional\",\"publisher\":{\"@id\":\"https:\\\/\\\/www.eldiario.net\\\/portal\\\/#organization\"},\"potentialAction\":[{\"@type\":\"SearchAction\",\"target\":{\"@type\":\"EntryPoint\",\"urlTemplate\":\"https:\\\/\\\/www.eldiario.net\\\/portal\\\/?s={search_term_string}\"},\"query-input\":{\"@type\":\"PropertyValueSpecification\",\"valueRequired\":true,\"valueName\":\"search_term_string\"}}],\"inLanguage\":\"es\"},{\"@type\":\"Organization\",\"@id\":\"https:\\\/\\\/www.eldiario.net\\\/portal\\\/#organization\",\"name\":\"El Diario - Decano de la prensa nacional\",\"url\":\"https:\\\/\\\/www.eldiario.net\\\/portal\\\/\",\"logo\":{\"@type\":\"ImageObject\",\"inLanguage\":\"es\",\"@id\":\"https:\\\/\\\/www.eldiario.net\\\/portal\\\/#\\\/schema\\\/logo\\\/image\\\/\",\"url\":\"https:\\\/\\\/www.eldiario.net\\\/portal\\\/wp-content\\\/uploads\\\/2023\\\/07\\\/logo_ED.jpg\",\"contentUrl\":\"https:\\\/\\\/www.eldiario.net\\\/portal\\\/wp-content\\\/uploads\\\/2023\\\/07\\\/logo_ED.jpg\",\"width\":272,\"height\":52,\"caption\":\"El Diario - Decano de la prensa nacional\"},\"image\":{\"@id\":\"https:\\\/\\\/www.eldiario.net\\\/portal\\\/#\\\/schema\\\/logo\\\/image\\\/\"},\"sameAs\":[\"https:\\\/\\\/www.facebook.com\\\/eldiario.bolivia\\\/\",\"https:\\\/\\\/x.com\\\/eldiario_net\"]},{\"@type\":\"Person\",\"@id\":\"https:\\\/\\\/www.eldiario.net\\\/portal\\\/#\\\/schema\\\/person\\\/f46445640444750d7d753ccd04ae01b7\",\"name\":\"Jeanette\",\"image\":{\"@type\":\"ImageObject\",\"inLanguage\":\"es\",\"@id\":\"https:\\\/\\\/secure.gravatar.com\\\/avatar\\\/3ea2118a5f7dad2b7138b1187a6b7ee55f160b9968b66013c3a3ef39dd7e5798?s=96&d=mm&r=g\",\"url\":\"https:\\\/\\\/secure.gravatar.com\\\/avatar\\\/3ea2118a5f7dad2b7138b1187a6b7ee55f160b9968b66013c3a3ef39dd7e5798?s=96&d=mm&r=g\",\"contentUrl\":\"https:\\\/\\\/secure.gravatar.com\\\/avatar\\\/3ea2118a5f7dad2b7138b1187a6b7ee55f160b9968b66013c3a3ef39dd7e5798?s=96&d=mm&r=g\",\"caption\":\"Jeanette\"},\"sameAs\":[\"https:\\\/\\\/www.eldiario.net\\\/portal\"],\"url\":\"https:\\\/\\\/www.eldiario.net\\\/portal\\\/author\\\/jeanette\\\/\"}]}<\/script>\n<!-- \/ Yoast SEO plugin. -->","yoast_head_json":{"title":"Aceleran construcci\u00f3n de carretera por el Madidi y Apolobamba - El Diario - Bolivia","robots":{"index":"index","follow":"follow","max-snippet":"max-snippet:-1","max-image-preview":"max-image-preview:large","max-video-preview":"max-video-preview:-1"},"canonical":"https:\/\/www.eldiario.net\/portal\/2022\/09\/29\/aceleran-construccion-de-carretera-por-el-madidi-y-apolobamba\/","og_locale":"es_ES","og_type":"article","og_title":"Aceleran construcci\u00f3n de carretera por el Madidi y Apolobamba - El Diario - Bolivia","og_description":"La Gobernaci\u00f3n de La Paz aceler\u00f3 el proceso de adjudicaci\u00f3n del estudio de dise\u00f1o t\u00e9cnico de preinversi\u00f3n del proyecto de mejoramiento y apertura carretera Pelechuco-Pata-Apolo a favor de la Asociaci\u00f3n Accidental Pelechuco por un monto de 6,3 millones de bolivianos. El tramo de m\u00e1s de 120 kil\u00f3metros atravesar\u00e1 el Parque Nacional y \u00c1rea de Manejo [&hellip;]","og_url":"https:\/\/www.eldiario.net\/portal\/2022\/09\/29\/aceleran-construccion-de-carretera-por-el-madidi-y-apolobamba\/","og_site_name":"El Diario - Bolivia","article_publisher":"https:\/\/www.facebook.com\/eldiario.bolivia\/","article_published_time":"2022-09-29T10:00:05+00:00","author":"Jeanette","twitter_card":"summary_large_image","twitter_creator":"@eldiario_net","twitter_site":"@eldiario_net","twitter_misc":{"Escrito por":"Jeanette","Tiempo de lectura":"3 minutos"},"schema":{"@context":"https:\/\/schema.org","@graph":[{"@type":"Article","@id":"https:\/\/www.eldiario.net\/portal\/2022\/09\/29\/aceleran-construccion-de-carretera-por-el-madidi-y-apolobamba\/#article","isPartOf":{"@id":"https:\/\/www.eldiario.net\/portal\/2022\/09\/29\/aceleran-construccion-de-carretera-por-el-madidi-y-apolobamba\/"},"author":{"name":"Jeanette","@id":"https:\/\/www.eldiario.net\/portal\/#\/schema\/person\/f46445640444750d7d753ccd04ae01b7"},"headline":"Aceleran construcci\u00f3n de carretera por el Madidi y Apolobamba","datePublished":"2022-09-29T10:00:05+00:00","mainEntityOfPage":{"@id":"https:\/\/www.eldiario.net\/portal\/2022\/09\/29\/aceleran-construccion-de-carretera-por-el-madidi-y-apolobamba\/"},"wordCount":618,"publisher":{"@id":"https:\/\/www.eldiario.net\/portal\/#organization"},"image":{"@id":"https:\/\/www.eldiario.net\/portal\/2022\/09\/29\/aceleran-construccion-de-carretera-por-el-madidi-y-apolobamba\/#primaryimage"},"thumbnailUrl":"","articleSection":["Portada"],"inLanguage":"es"},{"@type":"WebPage","@id":"https:\/\/www.eldiario.net\/portal\/2022\/09\/29\/aceleran-construccion-de-carretera-por-el-madidi-y-apolobamba\/","url":"https:\/\/www.eldiario.net\/portal\/2022\/09\/29\/aceleran-construccion-de-carretera-por-el-madidi-y-apolobamba\/","name":"Aceleran construcci\u00f3n de carretera por el Madidi y Apolobamba - El Diario - Bolivia","isPartOf":{"@id":"https:\/\/www.eldiario.net\/portal\/#website"},"primaryImageOfPage":{"@id":"https:\/\/www.eldiario.net\/portal\/2022\/09\/29\/aceleran-construccion-de-carretera-por-el-madidi-y-apolobamba\/#primaryimage"},"image":{"@id":"https:\/\/www.eldiario.net\/portal\/2022\/09\/29\/aceleran-construccion-de-carretera-por-el-madidi-y-apolobamba\/#primaryimage"},"thumbnailUrl":"","datePublished":"2022-09-29T10:00:05+00:00","breadcrumb":{"@id":"https:\/\/www.eldiario.net\/portal\/2022\/09\/29\/aceleran-construccion-de-carretera-por-el-madidi-y-apolobamba\/#breadcrumb"},"inLanguage":"es","potentialAction":[{"@type":"ReadAction","target":["https:\/\/www.eldiario.net\/portal\/2022\/09\/29\/aceleran-construccion-de-carretera-por-el-madidi-y-apolobamba\/"]}]},{"@type":"ImageObject","inLanguage":"es","@id":"https:\/\/www.eldiario.net\/portal\/2022\/09\/29\/aceleran-construccion-de-carretera-por-el-madidi-y-apolobamba\/#primaryimage","url":"","contentUrl":""},{"@type":"BreadcrumbList","@id":"https:\/\/www.eldiario.net\/portal\/2022\/09\/29\/aceleran-construccion-de-carretera-por-el-madidi-y-apolobamba\/#breadcrumb","itemListElement":[{"@type":"ListItem","position":1,"name":"Portada","item":"https:\/\/www.eldiario.net\/portal\/"},{"@type":"ListItem","position":2,"name":"Aceleran construcci\u00f3n de carretera por el Madidi y Apolobamba"}]},{"@type":"WebSite","@id":"https:\/\/www.eldiario.net\/portal\/#website","url":"https:\/\/www.eldiario.net\/portal\/","name":"El Diario - Decano de la prensa nacional","description":"El Diario - Decano de la prensa nacional","publisher":{"@id":"https:\/\/www.eldiario.net\/portal\/#organization"},"potentialAction":[{"@type":"SearchAction","target":{"@type":"EntryPoint","urlTemplate":"https:\/\/www.eldiario.net\/portal\/?s={search_term_string}"},"query-input":{"@type":"PropertyValueSpecification","valueRequired":true,"valueName":"search_term_string"}}],"inLanguage":"es"},{"@type":"Organization","@id":"https:\/\/www.eldiario.net\/portal\/#organization","name":"El Diario - Decano de la prensa nacional","url":"https:\/\/www.eldiario.net\/portal\/","logo":{"@type":"ImageObject","inLanguage":"es","@id":"https:\/\/www.eldiario.net\/portal\/#\/schema\/logo\/image\/","url":"https:\/\/www.eldiario.net\/portal\/wp-content\/uploads\/2023\/07\/logo_ED.jpg","contentUrl":"https:\/\/www.eldiario.net\/portal\/wp-content\/uploads\/2023\/07\/logo_ED.jpg","width":272,"height":52,"caption":"El Diario - Decano de la prensa nacional"},"image":{"@id":"https:\/\/www.eldiario.net\/portal\/#\/schema\/logo\/image\/"},"sameAs":["https:\/\/www.facebook.com\/eldiario.bolivia\/","https:\/\/x.com\/eldiario_net"]},{"@type":"Person","@id":"https:\/\/www.eldiario.net\/portal\/#\/schema\/person\/f46445640444750d7d753ccd04ae01b7","name":"Jeanette","image":{"@type":"ImageObject","inLanguage":"es","@id":"https:\/\/secure.gravatar.com\/avatar\/3ea2118a5f7dad2b7138b1187a6b7ee55f160b9968b66013c3a3ef39dd7e5798?s=96&d=mm&r=g","url":"https:\/\/secure.gravatar.com\/avatar\/3ea2118a5f7dad2b7138b1187a6b7ee55f160b9968b66013c3a3ef39dd7e5798?s=96&d=mm&r=g","contentUrl":"https:\/\/secure.gravatar.com\/avatar\/3ea2118a5f7dad2b7138b1187a6b7ee55f160b9968b66013c3a3ef39dd7e5798?s=96&d=mm&r=g","caption":"Jeanette"},"sameAs":["https:\/\/www.eldiario.net\/portal"],"url":"https:\/\/www.eldiario.net\/portal\/author\/jeanette\/"}]}},"_links":{"self":[{"href":"https:\/\/www.eldiario.net\/portal\/wp-json\/wp\/v2\/posts\/113757","targetHints":{"allow":["GET"]}}],"collection":[{"href":"https:\/\/www.eldiario.net\/portal\/wp-json\/wp\/v2\/posts"}],"about":[{"href":"https:\/\/www.eldiario.net\/portal\/wp-json\/wp\/v2\/types\/post"}],"author":[{"embeddable":true,"href":"https:\/\/www.eldiario.net\/portal\/wp-json\/wp\/v2\/users\/1"}],"replies":[{"embeddable":true,"href":"https:\/\/www.eldiario.net\/portal\/wp-json\/wp\/v2\/comments?post=113757"}],"version-history":[{"count":0,"href":"https:\/\/www.eldiario.net\/portal\/wp-json\/wp\/v2\/posts\/113757\/revisions"}],"wp:attachment":[{"href":"https:\/\/www.eldiario.net\/portal\/wp-json\/wp\/v2\/media?parent=113757"}],"wp:term":[{"taxonomy":"category","embeddable":true,"href":"https:\/\/www.eldiario.net\/portal\/wp-json\/wp\/v2\/categories?post=113757"},{"taxonomy":"post_tag","embeddable":true,"href":"https:\/\/www.eldiario.net\/portal\/wp-json\/wp\/v2\/tags?post=113757"}],"curies":[{"name":"wp","href":"https:\/\/api.w.org\/{rel}","templated":true}]}}