{"id":113754,"date":"2022-09-29T05:58:34","date_gmt":"2022-09-29T09:58:34","guid":{"rendered":"https:\/\/www.eldiario.net\/portal\/?p=113754"},"modified":"2022-09-29T05:58:34","modified_gmt":"2022-09-29T09:58:34","slug":"bolivia-importara-diesel-por-ilo-a-partir-de-octubre","status":"publish","type":"post","link":"https:\/\/www.eldiario.net\/portal\/2022\/09\/29\/bolivia-importara-diesel-por-ilo-a-partir-de-octubre\/","title":{"rendered":"Bolivia importar\u00e1 di\u00e9sel  por Ilo a partir de octubre"},"content":{"rendered":"<p>A partir del pr\u00f3ximo mes de octubre, Bolivia empezar\u00e1 a importar di\u00e9sel de forma paulatina para el mercado interno nacional por el puerto peruano de Ilo, lo confirm\u00f3 este martes, el viceministro de Comercio Exterior e Inversi\u00f3n, Benjam\u00edn Blanco.<\/p>\n<p>\u201cEstamos listos para hacer la importaci\u00f3n desde el mes de octubre, sin embargo, se est\u00e1 trabajando todav\u00eda con Enapu (Empresa Nacional de Puertos del Per\u00fa) para ver los tanques si es que ya se van a tener disponibles y los equipos que se requieren\u201d, declar\u00f3.<\/p>\n<p>\u201cPor parte del Per\u00fa han comprometido todos sus buenos oficios para poder tener toda esta infraestructura lo antes posible adem\u00e1s de otras inversiones que sean necesarias para empezar a manejar este combustible\u201d, complement\u00f3 la autoridad.<\/p>\n<p>A\u00f1adi\u00f3 que Bolivia no solo usar\u00e1 la terminal portuaria de Ilo, sino tambi\u00e9n el puerto de Matarani.<\/p>\n<p>\u201cLa utilizaci\u00f3n del puerto de Arica por tanto ha ido disminuyendo, calculamos, seg\u00fan datos de la ASP-B (Administraci\u00f3n de Servicios Portuarios \u2013 Bolivia) en alrededor de 20 por ciento si comparamos con el a\u00f1o pasado\u201d, declar\u00f3.<\/p>\n<p>Blanco acot\u00f3 que la decisi\u00f3n de Bolivia de importar 50 millones de litros de di\u00e9sel al mes por Ilo fue asumida luego de una reuni\u00f3n con su similar peruano Miguel Juli\u00e1n Palomino De la Gala, la ASP-B y Enapu SA en La Paz el 13 de septiembre pasado.<\/p>\n<p>\u201cBolivia tiene la posibilidad de almacenar su carga de manera gratuita por cuatro a\u00f1os, tiene descuentos en su tarifarios que rondan en un 30 por ciento, para lo que son contenedores en un 35 por ciento factores que est\u00e1n permitiendo una mayor dinamizaci\u00f3n para la utilizaci\u00f3n de puertos en el sur del Per\u00fa\u201d, agreg\u00f3.<\/p>\n<p>El viceministro Blanco se\u00f1al\u00f3 que Enapu SA se comprometi\u00f3 a que a partir de 2023 atender\u00e1 de manera \u00f3ptima los requerimientos del comercio exterior boliviano.<\/p>\n<p>\u201cTodav\u00eda se est\u00e1 viendo -a\u00f1adi\u00f3- c\u00f3mo va a ser la log\u00edstica, el almacenamiento, se ha pedido a Enapu que pueda contar los servicios de Petroper\u00fa para poder tener los espacios suficientes para poder almacenar nuestro di\u00e9sel con toda normalidad\u201d.<\/p>\n<p>Por su parte, Enapu SA asumi\u00f3 -a decir de Blanco- el reto de invertir alrededor de 60 millones de d\u00f3lares para la ampliaci\u00f3n de los almacenes y acondicionamiento del puerto de Ilo que se sumar\u00e1n a los 10 millones de d\u00f3lares que ya se ejecutaron. (Innovapress)<\/p>\n","protected":false},"excerpt":{"rendered":"<p>A partir del pr\u00f3ximo mes de octubre, Bolivia empezar\u00e1 a importar di\u00e9sel de forma paulatina para el mercado interno nacional por el puerto peruano de Ilo, lo confirm\u00f3 este martes, el viceministro de Comercio Exterior e Inversi\u00f3n, Benjam\u00edn Blanco. \u201cEstamos listos para hacer la importaci\u00f3n desde el mes de octubre, sin embargo, se est\u00e1 trabajando [&hellip;]<\/p>\n","protected":false},"author":1,"featured_media":113755,"comment_status":"closed","ping_status":"closed","sticky":false,"template":"","format":"standard","meta":{"_acf_changed":false,"footnotes":""},"categories":[15],"tags":[],"class_list":["post-113754","post","type-post","status-publish","format-standard","has-post-thumbnail","category-portada"],"acf":{"antetitulo":""},"yoast_head":"<!-- This site is optimized with the Yoast SEO plugin v28.4 - https:\/\/yoast.com\/product\/yoast-seo-wordpress\/ -->\n<title>Bolivia importar\u00e1 di\u00e9sel por Ilo a partir de octubre - El Diario - Bolivia<\/title>\n<meta name=\"robots\" content=\"index, follow, max-snippet:-1, max-image-preview:large, max-video-preview:-1\" \/>\n<link rel=\"canonical\" href=\"https:\/\/www.eldiario.net\/portal\/2022\/09\/29\/bolivia-importara-diesel-por-ilo-a-partir-de-octubre\/\" \/>\n<meta property=\"og:locale\" content=\"es_ES\" \/>\n<meta property=\"og:type\" content=\"article\" \/>\n<meta property=\"og:title\" content=\"Bolivia importar\u00e1 di\u00e9sel por Ilo a partir de octubre - El Diario - Bolivia\" \/>\n<meta property=\"og:description\" content=\"A partir del pr\u00f3ximo mes de octubre, Bolivia empezar\u00e1 a importar di\u00e9sel de forma paulatina para el mercado interno nacional por el puerto peruano de Ilo, lo confirm\u00f3 este martes, el viceministro de Comercio Exterior e Inversi\u00f3n, Benjam\u00edn Blanco. \u201cEstamos listos para hacer la importaci\u00f3n desde el mes de octubre, sin embargo, se est\u00e1 trabajando [&hellip;]\" \/>\n<meta property=\"og:url\" content=\"https:\/\/www.eldiario.net\/portal\/2022\/09\/29\/bolivia-importara-diesel-por-ilo-a-partir-de-octubre\/\" \/>\n<meta property=\"og:site_name\" content=\"El Diario - Bolivia\" \/>\n<meta property=\"article:publisher\" content=\"https:\/\/www.facebook.com\/eldiario.bolivia\/\" \/>\n<meta property=\"article:published_time\" content=\"2022-09-29T09:58:34+00:00\" \/>\n<meta name=\"author\" content=\"Jeanette\" \/>\n<meta name=\"twitter:card\" content=\"summary_large_image\" \/>\n<meta name=\"twitter:creator\" content=\"@eldiario_net\" \/>\n<meta name=\"twitter:site\" content=\"@eldiario_net\" \/>\n<meta name=\"twitter:label1\" content=\"Escrito por\" \/>\n\t<meta name=\"twitter:data1\" content=\"Jeanette\" \/>\n\t<meta name=\"twitter:label2\" content=\"Tiempo de lectura\" \/>\n\t<meta name=\"twitter:data2\" content=\"2 minutos\" \/>\n<script type=\"application\/ld+json\" class=\"yoast-schema-graph\">{\"@context\":\"https:\\\/\\\/schema.org\",\"@graph\":[{\"@type\":\"Article\",\"@id\":\"https:\\\/\\\/www.eldiario.net\\\/portal\\\/2022\\\/09\\\/29\\\/bolivia-importara-diesel-por-ilo-a-partir-de-octubre\\\/#article\",\"isPartOf\":{\"@id\":\"https:\\\/\\\/www.eldiario.net\\\/portal\\\/2022\\\/09\\\/29\\\/bolivia-importara-diesel-por-ilo-a-partir-de-octubre\\\/\"},\"author\":{\"name\":\"Jeanette\",\"@id\":\"https:\\\/\\\/www.eldiario.net\\\/portal\\\/#\\\/schema\\\/person\\\/f46445640444750d7d753ccd04ae01b7\"},\"headline\":\"Bolivia importar\u00e1 di\u00e9sel por Ilo a partir de octubre\",\"datePublished\":\"2022-09-29T09:58:34+00:00\",\"mainEntityOfPage\":{\"@id\":\"https:\\\/\\\/www.eldiario.net\\\/portal\\\/2022\\\/09\\\/29\\\/bolivia-importara-diesel-por-ilo-a-partir-de-octubre\\\/\"},\"wordCount\":417,\"publisher\":{\"@id\":\"https:\\\/\\\/www.eldiario.net\\\/portal\\\/#organization\"},\"image\":{\"@id\":\"https:\\\/\\\/www.eldiario.net\\\/portal\\\/2022\\\/09\\\/29\\\/bolivia-importara-diesel-por-ilo-a-partir-de-octubre\\\/#primaryimage\"},\"thumbnailUrl\":\"\",\"articleSection\":[\"Portada\"],\"inLanguage\":\"es\"},{\"@type\":\"WebPage\",\"@id\":\"https:\\\/\\\/www.eldiario.net\\\/portal\\\/2022\\\/09\\\/29\\\/bolivia-importara-diesel-por-ilo-a-partir-de-octubre\\\/\",\"url\":\"https:\\\/\\\/www.eldiario.net\\\/portal\\\/2022\\\/09\\\/29\\\/bolivia-importara-diesel-por-ilo-a-partir-de-octubre\\\/\",\"name\":\"Bolivia importar\u00e1 di\u00e9sel por Ilo a partir de octubre - El Diario - Bolivia\",\"isPartOf\":{\"@id\":\"https:\\\/\\\/www.eldiario.net\\\/portal\\\/#website\"},\"primaryImageOfPage\":{\"@id\":\"https:\\\/\\\/www.eldiario.net\\\/portal\\\/2022\\\/09\\\/29\\\/bolivia-importara-diesel-por-ilo-a-partir-de-octubre\\\/#primaryimage\"},\"image\":{\"@id\":\"https:\\\/\\\/www.eldiario.net\\\/portal\\\/2022\\\/09\\\/29\\\/bolivia-importara-diesel-por-ilo-a-partir-de-octubre\\\/#primaryimage\"},\"thumbnailUrl\":\"\",\"datePublished\":\"2022-09-29T09:58:34+00:00\",\"breadcrumb\":{\"@id\":\"https:\\\/\\\/www.eldiario.net\\\/portal\\\/2022\\\/09\\\/29\\\/bolivia-importara-diesel-por-ilo-a-partir-de-octubre\\\/#breadcrumb\"},\"inLanguage\":\"es\",\"potentialAction\":[{\"@type\":\"ReadAction\",\"target\":[\"https:\\\/\\\/www.eldiario.net\\\/portal\\\/2022\\\/09\\\/29\\\/bolivia-importara-diesel-por-ilo-a-partir-de-octubre\\\/\"]}]},{\"@type\":\"ImageObject\",\"inLanguage\":\"es\",\"@id\":\"https:\\\/\\\/www.eldiario.net\\\/portal\\\/2022\\\/09\\\/29\\\/bolivia-importara-diesel-por-ilo-a-partir-de-octubre\\\/#primaryimage\",\"url\":\"\",\"contentUrl\":\"\"},{\"@type\":\"BreadcrumbList\",\"@id\":\"https:\\\/\\\/www.eldiario.net\\\/portal\\\/2022\\\/09\\\/29\\\/bolivia-importara-diesel-por-ilo-a-partir-de-octubre\\\/#breadcrumb\",\"itemListElement\":[{\"@type\":\"ListItem\",\"position\":1,\"name\":\"Portada\",\"item\":\"https:\\\/\\\/www.eldiario.net\\\/portal\\\/\"},{\"@type\":\"ListItem\",\"position\":2,\"name\":\"Bolivia importar\u00e1 di\u00e9sel por Ilo a partir de octubre\"}]},{\"@type\":\"WebSite\",\"@id\":\"https:\\\/\\\/www.eldiario.net\\\/portal\\\/#website\",\"url\":\"https:\\\/\\\/www.eldiario.net\\\/portal\\\/\",\"name\":\"El Diario - Decano de la prensa nacional\",\"description\":\"El Diario - Decano de la prensa nacional\",\"publisher\":{\"@id\":\"https:\\\/\\\/www.eldiario.net\\\/portal\\\/#organization\"},\"potentialAction\":[{\"@type\":\"SearchAction\",\"target\":{\"@type\":\"EntryPoint\",\"urlTemplate\":\"https:\\\/\\\/www.eldiario.net\\\/portal\\\/?s={search_term_string}\"},\"query-input\":{\"@type\":\"PropertyValueSpecification\",\"valueRequired\":true,\"valueName\":\"search_term_string\"}}],\"inLanguage\":\"es\"},{\"@type\":\"Organization\",\"@id\":\"https:\\\/\\\/www.eldiario.net\\\/portal\\\/#organization\",\"name\":\"El Diario - Decano de la prensa nacional\",\"url\":\"https:\\\/\\\/www.eldiario.net\\\/portal\\\/\",\"logo\":{\"@type\":\"ImageObject\",\"inLanguage\":\"es\",\"@id\":\"https:\\\/\\\/www.eldiario.net\\\/portal\\\/#\\\/schema\\\/logo\\\/image\\\/\",\"url\":\"https:\\\/\\\/www.eldiario.net\\\/portal\\\/wp-content\\\/uploads\\\/2023\\\/07\\\/logo_ED.jpg\",\"contentUrl\":\"https:\\\/\\\/www.eldiario.net\\\/portal\\\/wp-content\\\/uploads\\\/2023\\\/07\\\/logo_ED.jpg\",\"width\":272,\"height\":52,\"caption\":\"El Diario - Decano de la prensa nacional\"},\"image\":{\"@id\":\"https:\\\/\\\/www.eldiario.net\\\/portal\\\/#\\\/schema\\\/logo\\\/image\\\/\"},\"sameAs\":[\"https:\\\/\\\/www.facebook.com\\\/eldiario.bolivia\\\/\",\"https:\\\/\\\/x.com\\\/eldiario_net\"]},{\"@type\":\"Person\",\"@id\":\"https:\\\/\\\/www.eldiario.net\\\/portal\\\/#\\\/schema\\\/person\\\/f46445640444750d7d753ccd04ae01b7\",\"name\":\"Jeanette\",\"image\":{\"@type\":\"ImageObject\",\"inLanguage\":\"es\",\"@id\":\"https:\\\/\\\/secure.gravatar.com\\\/avatar\\\/3ea2118a5f7dad2b7138b1187a6b7ee55f160b9968b66013c3a3ef39dd7e5798?s=96&d=mm&r=g\",\"url\":\"https:\\\/\\\/secure.gravatar.com\\\/avatar\\\/3ea2118a5f7dad2b7138b1187a6b7ee55f160b9968b66013c3a3ef39dd7e5798?s=96&d=mm&r=g\",\"contentUrl\":\"https:\\\/\\\/secure.gravatar.com\\\/avatar\\\/3ea2118a5f7dad2b7138b1187a6b7ee55f160b9968b66013c3a3ef39dd7e5798?s=96&d=mm&r=g\",\"caption\":\"Jeanette\"},\"sameAs\":[\"https:\\\/\\\/www.eldiario.net\\\/portal\"],\"url\":\"https:\\\/\\\/www.eldiario.net\\\/portal\\\/author\\\/jeanette\\\/\"}]}<\/script>\n<!-- \/ Yoast SEO plugin. -->","yoast_head_json":{"title":"Bolivia importar\u00e1 di\u00e9sel por Ilo a partir de octubre - El Diario - Bolivia","robots":{"index":"index","follow":"follow","max-snippet":"max-snippet:-1","max-image-preview":"max-image-preview:large","max-video-preview":"max-video-preview:-1"},"canonical":"https:\/\/www.eldiario.net\/portal\/2022\/09\/29\/bolivia-importara-diesel-por-ilo-a-partir-de-octubre\/","og_locale":"es_ES","og_type":"article","og_title":"Bolivia importar\u00e1 di\u00e9sel por Ilo a partir de octubre - El Diario - Bolivia","og_description":"A partir del pr\u00f3ximo mes de octubre, Bolivia empezar\u00e1 a importar di\u00e9sel de forma paulatina para el mercado interno nacional por el puerto peruano de Ilo, lo confirm\u00f3 este martes, el viceministro de Comercio Exterior e Inversi\u00f3n, Benjam\u00edn Blanco. \u201cEstamos listos para hacer la importaci\u00f3n desde el mes de octubre, sin embargo, se est\u00e1 trabajando [&hellip;]","og_url":"https:\/\/www.eldiario.net\/portal\/2022\/09\/29\/bolivia-importara-diesel-por-ilo-a-partir-de-octubre\/","og_site_name":"El Diario - Bolivia","article_publisher":"https:\/\/www.facebook.com\/eldiario.bolivia\/","article_published_time":"2022-09-29T09:58:34+00:00","author":"Jeanette","twitter_card":"summary_large_image","twitter_creator":"@eldiario_net","twitter_site":"@eldiario_net","twitter_misc":{"Escrito por":"Jeanette","Tiempo de lectura":"2 minutos"},"schema":{"@context":"https:\/\/schema.org","@graph":[{"@type":"Article","@id":"https:\/\/www.eldiario.net\/portal\/2022\/09\/29\/bolivia-importara-diesel-por-ilo-a-partir-de-octubre\/#article","isPartOf":{"@id":"https:\/\/www.eldiario.net\/portal\/2022\/09\/29\/bolivia-importara-diesel-por-ilo-a-partir-de-octubre\/"},"author":{"name":"Jeanette","@id":"https:\/\/www.eldiario.net\/portal\/#\/schema\/person\/f46445640444750d7d753ccd04ae01b7"},"headline":"Bolivia importar\u00e1 di\u00e9sel por Ilo a partir de octubre","datePublished":"2022-09-29T09:58:34+00:00","mainEntityOfPage":{"@id":"https:\/\/www.eldiario.net\/portal\/2022\/09\/29\/bolivia-importara-diesel-por-ilo-a-partir-de-octubre\/"},"wordCount":417,"publisher":{"@id":"https:\/\/www.eldiario.net\/portal\/#organization"},"image":{"@id":"https:\/\/www.eldiario.net\/portal\/2022\/09\/29\/bolivia-importara-diesel-por-ilo-a-partir-de-octubre\/#primaryimage"},"thumbnailUrl":"","articleSection":["Portada"],"inLanguage":"es"},{"@type":"WebPage","@id":"https:\/\/www.eldiario.net\/portal\/2022\/09\/29\/bolivia-importara-diesel-por-ilo-a-partir-de-octubre\/","url":"https:\/\/www.eldiario.net\/portal\/2022\/09\/29\/bolivia-importara-diesel-por-ilo-a-partir-de-octubre\/","name":"Bolivia importar\u00e1 di\u00e9sel por Ilo a partir de octubre - El Diario - Bolivia","isPartOf":{"@id":"https:\/\/www.eldiario.net\/portal\/#website"},"primaryImageOfPage":{"@id":"https:\/\/www.eldiario.net\/portal\/2022\/09\/29\/bolivia-importara-diesel-por-ilo-a-partir-de-octubre\/#primaryimage"},"image":{"@id":"https:\/\/www.eldiario.net\/portal\/2022\/09\/29\/bolivia-importara-diesel-por-ilo-a-partir-de-octubre\/#primaryimage"},"thumbnailUrl":"","datePublished":"2022-09-29T09:58:34+00:00","breadcrumb":{"@id":"https:\/\/www.eldiario.net\/portal\/2022\/09\/29\/bolivia-importara-diesel-por-ilo-a-partir-de-octubre\/#breadcrumb"},"inLanguage":"es","potentialAction":[{"@type":"ReadAction","target":["https:\/\/www.eldiario.net\/portal\/2022\/09\/29\/bolivia-importara-diesel-por-ilo-a-partir-de-octubre\/"]}]},{"@type":"ImageObject","inLanguage":"es","@id":"https:\/\/www.eldiario.net\/portal\/2022\/09\/29\/bolivia-importara-diesel-por-ilo-a-partir-de-octubre\/#primaryimage","url":"","contentUrl":""},{"@type":"BreadcrumbList","@id":"https:\/\/www.eldiario.net\/portal\/2022\/09\/29\/bolivia-importara-diesel-por-ilo-a-partir-de-octubre\/#breadcrumb","itemListElement":[{"@type":"ListItem","position":1,"name":"Portada","item":"https:\/\/www.eldiario.net\/portal\/"},{"@type":"ListItem","position":2,"name":"Bolivia importar\u00e1 di\u00e9sel por Ilo a partir de octubre"}]},{"@type":"WebSite","@id":"https:\/\/www.eldiario.net\/portal\/#website","url":"https:\/\/www.eldiario.net\/portal\/","name":"El Diario - Decano de la prensa nacional","description":"El Diario - Decano de la prensa nacional","publisher":{"@id":"https:\/\/www.eldiario.net\/portal\/#organization"},"potentialAction":[{"@type":"SearchAction","target":{"@type":"EntryPoint","urlTemplate":"https:\/\/www.eldiario.net\/portal\/?s={search_term_string}"},"query-input":{"@type":"PropertyValueSpecification","valueRequired":true,"valueName":"search_term_string"}}],"inLanguage":"es"},{"@type":"Organization","@id":"https:\/\/www.eldiario.net\/portal\/#organization","name":"El Diario - Decano de la prensa nacional","url":"https:\/\/www.eldiario.net\/portal\/","logo":{"@type":"ImageObject","inLanguage":"es","@id":"https:\/\/www.eldiario.net\/portal\/#\/schema\/logo\/image\/","url":"https:\/\/www.eldiario.net\/portal\/wp-content\/uploads\/2023\/07\/logo_ED.jpg","contentUrl":"https:\/\/www.eldiario.net\/portal\/wp-content\/uploads\/2023\/07\/logo_ED.jpg","width":272,"height":52,"caption":"El Diario - Decano de la prensa nacional"},"image":{"@id":"https:\/\/www.eldiario.net\/portal\/#\/schema\/logo\/image\/"},"sameAs":["https:\/\/www.facebook.com\/eldiario.bolivia\/","https:\/\/x.com\/eldiario_net"]},{"@type":"Person","@id":"https:\/\/www.eldiario.net\/portal\/#\/schema\/person\/f46445640444750d7d753ccd04ae01b7","name":"Jeanette","image":{"@type":"ImageObject","inLanguage":"es","@id":"https:\/\/secure.gravatar.com\/avatar\/3ea2118a5f7dad2b7138b1187a6b7ee55f160b9968b66013c3a3ef39dd7e5798?s=96&d=mm&r=g","url":"https:\/\/secure.gravatar.com\/avatar\/3ea2118a5f7dad2b7138b1187a6b7ee55f160b9968b66013c3a3ef39dd7e5798?s=96&d=mm&r=g","contentUrl":"https:\/\/secure.gravatar.com\/avatar\/3ea2118a5f7dad2b7138b1187a6b7ee55f160b9968b66013c3a3ef39dd7e5798?s=96&d=mm&r=g","caption":"Jeanette"},"sameAs":["https:\/\/www.eldiario.net\/portal"],"url":"https:\/\/www.eldiario.net\/portal\/author\/jeanette\/"}]}},"_links":{"self":[{"href":"https:\/\/www.eldiario.net\/portal\/wp-json\/wp\/v2\/posts\/113754","targetHints":{"allow":["GET"]}}],"collection":[{"href":"https:\/\/www.eldiario.net\/portal\/wp-json\/wp\/v2\/posts"}],"about":[{"href":"https:\/\/www.eldiario.net\/portal\/wp-json\/wp\/v2\/types\/post"}],"author":[{"embeddable":true,"href":"https:\/\/www.eldiario.net\/portal\/wp-json\/wp\/v2\/users\/1"}],"replies":[{"embeddable":true,"href":"https:\/\/www.eldiario.net\/portal\/wp-json\/wp\/v2\/comments?post=113754"}],"version-history":[{"count":0,"href":"https:\/\/www.eldiario.net\/portal\/wp-json\/wp\/v2\/posts\/113754\/revisions"}],"wp:attachment":[{"href":"https:\/\/www.eldiario.net\/portal\/wp-json\/wp\/v2\/media?parent=113754"}],"wp:term":[{"taxonomy":"category","embeddable":true,"href":"https:\/\/www.eldiario.net\/portal\/wp-json\/wp\/v2\/categories?post=113754"},{"taxonomy":"post_tag","embeddable":true,"href":"https:\/\/www.eldiario.net\/portal\/wp-json\/wp\/v2\/tags?post=113754"}],"curies":[{"name":"wp","href":"https:\/\/api.w.org\/{rel}","templated":true}]}}