{"id":113751,"date":"2022-09-29T05:57:51","date_gmt":"2022-09-29T09:57:51","guid":{"rendered":"https:\/\/www.eldiario.net\/portal\/?p=113751"},"modified":"2022-09-29T05:57:51","modified_gmt":"2022-09-29T09:57:51","slug":"estos-son-los-temas-que-tratara-cabildo-del-viernes-en-santa-cruz","status":"publish","type":"post","link":"https:\/\/www.eldiario.net\/portal\/2022\/09\/29\/estos-son-los-temas-que-tratara-cabildo-del-viernes-en-santa-cruz\/","title":{"rendered":"Estos son los temas que tratar\u00e1  cabildo del viernes en Santa Cruz"},"content":{"rendered":"<p>El cabildo convocado por el Comit\u00e9 pro Santa Cruz para ma\u00f1ana tratar\u00e1 ocho temas que ser\u00e1n presentados ante los participantes para su aprobaci\u00f3n o rechazo, seg\u00fan se\u00f1ala el documento que fue presentado por los organizadores ante el Tribunal Electoral Departamental (TED) cruce\u00f1o para que env\u00eden observadores al evento.<\/p>\n<p>La petici\u00f3n ante el TED fue firmada por R\u00f3mulo Calvo, como presidente del Comit\u00e9 pro Santa Cruz y Manfredo Bravo, a nombre del Comit\u00e9 Impulsor del Censo. En la misma se\u00f1alan los fundamentos legales que reconocen al cabildo como una de las expresiones democr\u00e1ticas reconocidas por la Constituci\u00f3n Pol\u00edtica del Estado, destacando el car\u00e1cter deliberante del mismo.<\/p>\n<p>En el documento, al que tuvo acceso Unitel, se se\u00f1alan los siguientes ocho temas que ser\u00e1n tratados en el cabildo:<\/p>\n<p>Solicitar y exigir al \u00d3rgano Ejecutivo Nacional la realizaci\u00f3n del Censo Nacional de Poblaci\u00f3n y Vivienda (CNPV) en el mes de junio del a\u00f1o 2023.<\/p>\n<p>Solicitar y exigir a la Asamblea Legislativa Plurinacional la Abrogatoria de la Ley No. 1405 de Estad\u00edsticas Oficiales del Estado Plurinacional de Bolivia.<\/p>\n<p>Solicitar y exigir al \u00d3rgano Ejecutivo Nacional y a la Asamblea Legislativa Plurinacional la reforma judicial para cambiar la administraci\u00f3n de justicia en el pa\u00eds.<\/p>\n<p>Exigir al Instituto Nacional de Reforma Agraria INRA, frenar el avasallamiento y ocupaci\u00f3n ilegal de las Tierras en el departamento de Santa Cruz.<\/p>\n<p>Exigir al \u00d3rgano Ejecutivo Nacional asuma acciones institucionales para la protecci\u00f3n de las \u00e1reas protegidas nacionales existentes en el departamento.<\/p>\n<p>Exigir al \u00d3rgano Ejecutivo Nacional el inicio inmediato de la elaboraci\u00f3n del Pacto Fiscal conforme al mandato jur\u00eddico de la Ley Marco de Autonom\u00edas y Descentralizaci\u00f3n No. 031.<\/p>\n<p>Solicitar al Tribunal Supremo Electoral la elaboraci\u00f3n de un nuevo Padr\u00f3n Electoral para la realizaci\u00f3n de las elecciones nacionales, departamentales y municipales.<\/p>\n<p>Someter a consideraci\u00f3n de los asistentes al cabildo abierto departamental asumir acciones leg\u00edtimas, enmarcadas en el orden constitucional. (Santa Cruz, Unitel)<\/p>\n","protected":false},"excerpt":{"rendered":"<p>El cabildo convocado por el Comit\u00e9 pro Santa Cruz para ma\u00f1ana tratar\u00e1 ocho temas que ser\u00e1n presentados ante los participantes para su aprobaci\u00f3n o rechazo, seg\u00fan se\u00f1ala el documento que fue presentado por los organizadores ante el Tribunal Electoral Departamental (TED) cruce\u00f1o para que env\u00eden observadores al evento. La petici\u00f3n ante el TED fue firmada [&hellip;]<\/p>\n","protected":false},"author":1,"featured_media":113752,"comment_status":"closed","ping_status":"closed","sticky":false,"template":"","format":"standard","meta":{"_acf_changed":false,"footnotes":""},"categories":[15],"tags":[],"class_list":["post-113751","post","type-post","status-publish","format-standard","has-post-thumbnail","category-portada"],"acf":{"antetitulo":""},"yoast_head":"<!-- This site is optimized with the Yoast SEO plugin v28.4 - https:\/\/yoast.com\/product\/yoast-seo-wordpress\/ -->\n<title>Estos son los temas que tratar\u00e1 cabildo del viernes en Santa Cruz - El Diario - Bolivia<\/title>\n<meta name=\"robots\" content=\"index, follow, max-snippet:-1, max-image-preview:large, max-video-preview:-1\" \/>\n<link rel=\"canonical\" href=\"https:\/\/www.eldiario.net\/portal\/2022\/09\/29\/estos-son-los-temas-que-tratara-cabildo-del-viernes-en-santa-cruz\/\" \/>\n<meta property=\"og:locale\" content=\"es_ES\" \/>\n<meta property=\"og:type\" content=\"article\" \/>\n<meta property=\"og:title\" content=\"Estos son los temas que tratar\u00e1 cabildo del viernes en Santa Cruz - El Diario - Bolivia\" \/>\n<meta property=\"og:description\" content=\"El cabildo convocado por el Comit\u00e9 pro Santa Cruz para ma\u00f1ana tratar\u00e1 ocho temas que ser\u00e1n presentados ante los participantes para su aprobaci\u00f3n o rechazo, seg\u00fan se\u00f1ala el documento que fue presentado por los organizadores ante el Tribunal Electoral Departamental (TED) cruce\u00f1o para que env\u00eden observadores al evento. La petici\u00f3n ante el TED fue firmada [&hellip;]\" \/>\n<meta property=\"og:url\" content=\"https:\/\/www.eldiario.net\/portal\/2022\/09\/29\/estos-son-los-temas-que-tratara-cabildo-del-viernes-en-santa-cruz\/\" \/>\n<meta property=\"og:site_name\" content=\"El Diario - Bolivia\" \/>\n<meta property=\"article:publisher\" content=\"https:\/\/www.facebook.com\/eldiario.bolivia\/\" \/>\n<meta property=\"article:published_time\" content=\"2022-09-29T09:57:51+00:00\" \/>\n<meta name=\"author\" content=\"Jeanette\" \/>\n<meta name=\"twitter:card\" content=\"summary_large_image\" \/>\n<meta name=\"twitter:creator\" content=\"@eldiario_net\" \/>\n<meta name=\"twitter:site\" content=\"@eldiario_net\" \/>\n<meta name=\"twitter:label1\" content=\"Escrito por\" \/>\n\t<meta name=\"twitter:data1\" content=\"Jeanette\" \/>\n\t<meta name=\"twitter:label2\" content=\"Tiempo de lectura\" \/>\n\t<meta name=\"twitter:data2\" content=\"2 minutos\" \/>\n<script type=\"application\/ld+json\" class=\"yoast-schema-graph\">{\"@context\":\"https:\\\/\\\/schema.org\",\"@graph\":[{\"@type\":\"Article\",\"@id\":\"https:\\\/\\\/www.eldiario.net\\\/portal\\\/2022\\\/09\\\/29\\\/estos-son-los-temas-que-tratara-cabildo-del-viernes-en-santa-cruz\\\/#article\",\"isPartOf\":{\"@id\":\"https:\\\/\\\/www.eldiario.net\\\/portal\\\/2022\\\/09\\\/29\\\/estos-son-los-temas-que-tratara-cabildo-del-viernes-en-santa-cruz\\\/\"},\"author\":{\"name\":\"Jeanette\",\"@id\":\"https:\\\/\\\/www.eldiario.net\\\/portal\\\/#\\\/schema\\\/person\\\/f46445640444750d7d753ccd04ae01b7\"},\"headline\":\"Estos son los temas que tratar\u00e1 cabildo del viernes en Santa Cruz\",\"datePublished\":\"2022-09-29T09:57:51+00:00\",\"mainEntityOfPage\":{\"@id\":\"https:\\\/\\\/www.eldiario.net\\\/portal\\\/2022\\\/09\\\/29\\\/estos-son-los-temas-que-tratara-cabildo-del-viernes-en-santa-cruz\\\/\"},\"wordCount\":354,\"publisher\":{\"@id\":\"https:\\\/\\\/www.eldiario.net\\\/portal\\\/#organization\"},\"image\":{\"@id\":\"https:\\\/\\\/www.eldiario.net\\\/portal\\\/2022\\\/09\\\/29\\\/estos-son-los-temas-que-tratara-cabildo-del-viernes-en-santa-cruz\\\/#primaryimage\"},\"thumbnailUrl\":\"\",\"articleSection\":[\"Portada\"],\"inLanguage\":\"es\"},{\"@type\":\"WebPage\",\"@id\":\"https:\\\/\\\/www.eldiario.net\\\/portal\\\/2022\\\/09\\\/29\\\/estos-son-los-temas-que-tratara-cabildo-del-viernes-en-santa-cruz\\\/\",\"url\":\"https:\\\/\\\/www.eldiario.net\\\/portal\\\/2022\\\/09\\\/29\\\/estos-son-los-temas-que-tratara-cabildo-del-viernes-en-santa-cruz\\\/\",\"name\":\"Estos son los temas que tratar\u00e1 cabildo del viernes en Santa Cruz - El Diario - Bolivia\",\"isPartOf\":{\"@id\":\"https:\\\/\\\/www.eldiario.net\\\/portal\\\/#website\"},\"primaryImageOfPage\":{\"@id\":\"https:\\\/\\\/www.eldiario.net\\\/portal\\\/2022\\\/09\\\/29\\\/estos-son-los-temas-que-tratara-cabildo-del-viernes-en-santa-cruz\\\/#primaryimage\"},\"image\":{\"@id\":\"https:\\\/\\\/www.eldiario.net\\\/portal\\\/2022\\\/09\\\/29\\\/estos-son-los-temas-que-tratara-cabildo-del-viernes-en-santa-cruz\\\/#primaryimage\"},\"thumbnailUrl\":\"\",\"datePublished\":\"2022-09-29T09:57:51+00:00\",\"breadcrumb\":{\"@id\":\"https:\\\/\\\/www.eldiario.net\\\/portal\\\/2022\\\/09\\\/29\\\/estos-son-los-temas-que-tratara-cabildo-del-viernes-en-santa-cruz\\\/#breadcrumb\"},\"inLanguage\":\"es\",\"potentialAction\":[{\"@type\":\"ReadAction\",\"target\":[\"https:\\\/\\\/www.eldiario.net\\\/portal\\\/2022\\\/09\\\/29\\\/estos-son-los-temas-que-tratara-cabildo-del-viernes-en-santa-cruz\\\/\"]}]},{\"@type\":\"ImageObject\",\"inLanguage\":\"es\",\"@id\":\"https:\\\/\\\/www.eldiario.net\\\/portal\\\/2022\\\/09\\\/29\\\/estos-son-los-temas-que-tratara-cabildo-del-viernes-en-santa-cruz\\\/#primaryimage\",\"url\":\"\",\"contentUrl\":\"\"},{\"@type\":\"BreadcrumbList\",\"@id\":\"https:\\\/\\\/www.eldiario.net\\\/portal\\\/2022\\\/09\\\/29\\\/estos-son-los-temas-que-tratara-cabildo-del-viernes-en-santa-cruz\\\/#breadcrumb\",\"itemListElement\":[{\"@type\":\"ListItem\",\"position\":1,\"name\":\"Portada\",\"item\":\"https:\\\/\\\/www.eldiario.net\\\/portal\\\/\"},{\"@type\":\"ListItem\",\"position\":2,\"name\":\"Estos son los temas que tratar\u00e1 cabildo del viernes en Santa Cruz\"}]},{\"@type\":\"WebSite\",\"@id\":\"https:\\\/\\\/www.eldiario.net\\\/portal\\\/#website\",\"url\":\"https:\\\/\\\/www.eldiario.net\\\/portal\\\/\",\"name\":\"El Diario - Decano de la prensa nacional\",\"description\":\"El Diario - Decano de la prensa nacional\",\"publisher\":{\"@id\":\"https:\\\/\\\/www.eldiario.net\\\/portal\\\/#organization\"},\"potentialAction\":[{\"@type\":\"SearchAction\",\"target\":{\"@type\":\"EntryPoint\",\"urlTemplate\":\"https:\\\/\\\/www.eldiario.net\\\/portal\\\/?s={search_term_string}\"},\"query-input\":{\"@type\":\"PropertyValueSpecification\",\"valueRequired\":true,\"valueName\":\"search_term_string\"}}],\"inLanguage\":\"es\"},{\"@type\":\"Organization\",\"@id\":\"https:\\\/\\\/www.eldiario.net\\\/portal\\\/#organization\",\"name\":\"El Diario - Decano de la prensa nacional\",\"url\":\"https:\\\/\\\/www.eldiario.net\\\/portal\\\/\",\"logo\":{\"@type\":\"ImageObject\",\"inLanguage\":\"es\",\"@id\":\"https:\\\/\\\/www.eldiario.net\\\/portal\\\/#\\\/schema\\\/logo\\\/image\\\/\",\"url\":\"https:\\\/\\\/www.eldiario.net\\\/portal\\\/wp-content\\\/uploads\\\/2023\\\/07\\\/logo_ED.jpg\",\"contentUrl\":\"https:\\\/\\\/www.eldiario.net\\\/portal\\\/wp-content\\\/uploads\\\/2023\\\/07\\\/logo_ED.jpg\",\"width\":272,\"height\":52,\"caption\":\"El Diario - Decano de la prensa nacional\"},\"image\":{\"@id\":\"https:\\\/\\\/www.eldiario.net\\\/portal\\\/#\\\/schema\\\/logo\\\/image\\\/\"},\"sameAs\":[\"https:\\\/\\\/www.facebook.com\\\/eldiario.bolivia\\\/\",\"https:\\\/\\\/x.com\\\/eldiario_net\"]},{\"@type\":\"Person\",\"@id\":\"https:\\\/\\\/www.eldiario.net\\\/portal\\\/#\\\/schema\\\/person\\\/f46445640444750d7d753ccd04ae01b7\",\"name\":\"Jeanette\",\"image\":{\"@type\":\"ImageObject\",\"inLanguage\":\"es\",\"@id\":\"https:\\\/\\\/secure.gravatar.com\\\/avatar\\\/3ea2118a5f7dad2b7138b1187a6b7ee55f160b9968b66013c3a3ef39dd7e5798?s=96&d=mm&r=g\",\"url\":\"https:\\\/\\\/secure.gravatar.com\\\/avatar\\\/3ea2118a5f7dad2b7138b1187a6b7ee55f160b9968b66013c3a3ef39dd7e5798?s=96&d=mm&r=g\",\"contentUrl\":\"https:\\\/\\\/secure.gravatar.com\\\/avatar\\\/3ea2118a5f7dad2b7138b1187a6b7ee55f160b9968b66013c3a3ef39dd7e5798?s=96&d=mm&r=g\",\"caption\":\"Jeanette\"},\"sameAs\":[\"https:\\\/\\\/www.eldiario.net\\\/portal\"],\"url\":\"https:\\\/\\\/www.eldiario.net\\\/portal\\\/author\\\/jeanette\\\/\"}]}<\/script>\n<!-- \/ Yoast SEO plugin. -->","yoast_head_json":{"title":"Estos son los temas que tratar\u00e1 cabildo del viernes en Santa Cruz - El Diario - Bolivia","robots":{"index":"index","follow":"follow","max-snippet":"max-snippet:-1","max-image-preview":"max-image-preview:large","max-video-preview":"max-video-preview:-1"},"canonical":"https:\/\/www.eldiario.net\/portal\/2022\/09\/29\/estos-son-los-temas-que-tratara-cabildo-del-viernes-en-santa-cruz\/","og_locale":"es_ES","og_type":"article","og_title":"Estos son los temas que tratar\u00e1 cabildo del viernes en Santa Cruz - El Diario - Bolivia","og_description":"El cabildo convocado por el Comit\u00e9 pro Santa Cruz para ma\u00f1ana tratar\u00e1 ocho temas que ser\u00e1n presentados ante los participantes para su aprobaci\u00f3n o rechazo, seg\u00fan se\u00f1ala el documento que fue presentado por los organizadores ante el Tribunal Electoral Departamental (TED) cruce\u00f1o para que env\u00eden observadores al evento. La petici\u00f3n ante el TED fue firmada [&hellip;]","og_url":"https:\/\/www.eldiario.net\/portal\/2022\/09\/29\/estos-son-los-temas-que-tratara-cabildo-del-viernes-en-santa-cruz\/","og_site_name":"El Diario - Bolivia","article_publisher":"https:\/\/www.facebook.com\/eldiario.bolivia\/","article_published_time":"2022-09-29T09:57:51+00:00","author":"Jeanette","twitter_card":"summary_large_image","twitter_creator":"@eldiario_net","twitter_site":"@eldiario_net","twitter_misc":{"Escrito por":"Jeanette","Tiempo de lectura":"2 minutos"},"schema":{"@context":"https:\/\/schema.org","@graph":[{"@type":"Article","@id":"https:\/\/www.eldiario.net\/portal\/2022\/09\/29\/estos-son-los-temas-que-tratara-cabildo-del-viernes-en-santa-cruz\/#article","isPartOf":{"@id":"https:\/\/www.eldiario.net\/portal\/2022\/09\/29\/estos-son-los-temas-que-tratara-cabildo-del-viernes-en-santa-cruz\/"},"author":{"name":"Jeanette","@id":"https:\/\/www.eldiario.net\/portal\/#\/schema\/person\/f46445640444750d7d753ccd04ae01b7"},"headline":"Estos son los temas que tratar\u00e1 cabildo del viernes en Santa Cruz","datePublished":"2022-09-29T09:57:51+00:00","mainEntityOfPage":{"@id":"https:\/\/www.eldiario.net\/portal\/2022\/09\/29\/estos-son-los-temas-que-tratara-cabildo-del-viernes-en-santa-cruz\/"},"wordCount":354,"publisher":{"@id":"https:\/\/www.eldiario.net\/portal\/#organization"},"image":{"@id":"https:\/\/www.eldiario.net\/portal\/2022\/09\/29\/estos-son-los-temas-que-tratara-cabildo-del-viernes-en-santa-cruz\/#primaryimage"},"thumbnailUrl":"","articleSection":["Portada"],"inLanguage":"es"},{"@type":"WebPage","@id":"https:\/\/www.eldiario.net\/portal\/2022\/09\/29\/estos-son-los-temas-que-tratara-cabildo-del-viernes-en-santa-cruz\/","url":"https:\/\/www.eldiario.net\/portal\/2022\/09\/29\/estos-son-los-temas-que-tratara-cabildo-del-viernes-en-santa-cruz\/","name":"Estos son los temas que tratar\u00e1 cabildo del viernes en Santa Cruz - El Diario - Bolivia","isPartOf":{"@id":"https:\/\/www.eldiario.net\/portal\/#website"},"primaryImageOfPage":{"@id":"https:\/\/www.eldiario.net\/portal\/2022\/09\/29\/estos-son-los-temas-que-tratara-cabildo-del-viernes-en-santa-cruz\/#primaryimage"},"image":{"@id":"https:\/\/www.eldiario.net\/portal\/2022\/09\/29\/estos-son-los-temas-que-tratara-cabildo-del-viernes-en-santa-cruz\/#primaryimage"},"thumbnailUrl":"","datePublished":"2022-09-29T09:57:51+00:00","breadcrumb":{"@id":"https:\/\/www.eldiario.net\/portal\/2022\/09\/29\/estos-son-los-temas-que-tratara-cabildo-del-viernes-en-santa-cruz\/#breadcrumb"},"inLanguage":"es","potentialAction":[{"@type":"ReadAction","target":["https:\/\/www.eldiario.net\/portal\/2022\/09\/29\/estos-son-los-temas-que-tratara-cabildo-del-viernes-en-santa-cruz\/"]}]},{"@type":"ImageObject","inLanguage":"es","@id":"https:\/\/www.eldiario.net\/portal\/2022\/09\/29\/estos-son-los-temas-que-tratara-cabildo-del-viernes-en-santa-cruz\/#primaryimage","url":"","contentUrl":""},{"@type":"BreadcrumbList","@id":"https:\/\/www.eldiario.net\/portal\/2022\/09\/29\/estos-son-los-temas-que-tratara-cabildo-del-viernes-en-santa-cruz\/#breadcrumb","itemListElement":[{"@type":"ListItem","position":1,"name":"Portada","item":"https:\/\/www.eldiario.net\/portal\/"},{"@type":"ListItem","position":2,"name":"Estos son los temas que tratar\u00e1 cabildo del viernes en Santa Cruz"}]},{"@type":"WebSite","@id":"https:\/\/www.eldiario.net\/portal\/#website","url":"https:\/\/www.eldiario.net\/portal\/","name":"El Diario - Decano de la prensa nacional","description":"El Diario - Decano de la prensa nacional","publisher":{"@id":"https:\/\/www.eldiario.net\/portal\/#organization"},"potentialAction":[{"@type":"SearchAction","target":{"@type":"EntryPoint","urlTemplate":"https:\/\/www.eldiario.net\/portal\/?s={search_term_string}"},"query-input":{"@type":"PropertyValueSpecification","valueRequired":true,"valueName":"search_term_string"}}],"inLanguage":"es"},{"@type":"Organization","@id":"https:\/\/www.eldiario.net\/portal\/#organization","name":"El Diario - Decano de la prensa nacional","url":"https:\/\/www.eldiario.net\/portal\/","logo":{"@type":"ImageObject","inLanguage":"es","@id":"https:\/\/www.eldiario.net\/portal\/#\/schema\/logo\/image\/","url":"https:\/\/www.eldiario.net\/portal\/wp-content\/uploads\/2023\/07\/logo_ED.jpg","contentUrl":"https:\/\/www.eldiario.net\/portal\/wp-content\/uploads\/2023\/07\/logo_ED.jpg","width":272,"height":52,"caption":"El Diario - Decano de la prensa nacional"},"image":{"@id":"https:\/\/www.eldiario.net\/portal\/#\/schema\/logo\/image\/"},"sameAs":["https:\/\/www.facebook.com\/eldiario.bolivia\/","https:\/\/x.com\/eldiario_net"]},{"@type":"Person","@id":"https:\/\/www.eldiario.net\/portal\/#\/schema\/person\/f46445640444750d7d753ccd04ae01b7","name":"Jeanette","image":{"@type":"ImageObject","inLanguage":"es","@id":"https:\/\/secure.gravatar.com\/avatar\/3ea2118a5f7dad2b7138b1187a6b7ee55f160b9968b66013c3a3ef39dd7e5798?s=96&d=mm&r=g","url":"https:\/\/secure.gravatar.com\/avatar\/3ea2118a5f7dad2b7138b1187a6b7ee55f160b9968b66013c3a3ef39dd7e5798?s=96&d=mm&r=g","contentUrl":"https:\/\/secure.gravatar.com\/avatar\/3ea2118a5f7dad2b7138b1187a6b7ee55f160b9968b66013c3a3ef39dd7e5798?s=96&d=mm&r=g","caption":"Jeanette"},"sameAs":["https:\/\/www.eldiario.net\/portal"],"url":"https:\/\/www.eldiario.net\/portal\/author\/jeanette\/"}]}},"_links":{"self":[{"href":"https:\/\/www.eldiario.net\/portal\/wp-json\/wp\/v2\/posts\/113751","targetHints":{"allow":["GET"]}}],"collection":[{"href":"https:\/\/www.eldiario.net\/portal\/wp-json\/wp\/v2\/posts"}],"about":[{"href":"https:\/\/www.eldiario.net\/portal\/wp-json\/wp\/v2\/types\/post"}],"author":[{"embeddable":true,"href":"https:\/\/www.eldiario.net\/portal\/wp-json\/wp\/v2\/users\/1"}],"replies":[{"embeddable":true,"href":"https:\/\/www.eldiario.net\/portal\/wp-json\/wp\/v2\/comments?post=113751"}],"version-history":[{"count":0,"href":"https:\/\/www.eldiario.net\/portal\/wp-json\/wp\/v2\/posts\/113751\/revisions"}],"wp:attachment":[{"href":"https:\/\/www.eldiario.net\/portal\/wp-json\/wp\/v2\/media?parent=113751"}],"wp:term":[{"taxonomy":"category","embeddable":true,"href":"https:\/\/www.eldiario.net\/portal\/wp-json\/wp\/v2\/categories?post=113751"},{"taxonomy":"post_tag","embeddable":true,"href":"https:\/\/www.eldiario.net\/portal\/wp-json\/wp\/v2\/tags?post=113751"}],"curies":[{"name":"wp","href":"https:\/\/api.w.org\/{rel}","templated":true}]}}