{"id":113737,"date":"2022-09-29T05:51:47","date_gmt":"2022-09-29T09:51:47","guid":{"rendered":"https:\/\/www.eldiario.net\/portal\/?p=113737"},"modified":"2022-09-29T05:51:47","modified_gmt":"2022-09-29T09:51:47","slug":"audiencia-de-mamani-fue-suspendida-por-sexta-vez","status":"publish","type":"post","link":"https:\/\/www.eldiario.net\/portal\/2022\/09\/29\/audiencia-de-mamani-fue-suspendida-por-sexta-vez\/","title":{"rendered":"Audiencia de Mamani fue  suspendida por sexta vez"},"content":{"rendered":"<p>La audiencia de medidas cautelares en la que se debe decidir la situaci\u00f3n jur\u00eddica del gobernador de Potos\u00ed, Jhonny Mamani, por la adquisici\u00f3n presuntamente irregular de 41 ambulancias, se suspendi\u00f3 ayer por sexta vez y se reprogram\u00f3 para el pr\u00f3ximo 3 de octubre.<\/p>\n<p>El motivo de la suspensi\u00f3n fue porque uno de los imputados contrat\u00f3 los servicios de un abogado horas antes de la audiencia, por lo que pidi\u00f3 tiempo para conocer detalles del caso, La audiencia estaba prevista para este mi\u00e9rcoles en la ma\u00f1ana, inform\u00f3 la asamble\u00edsta Azucena Fuertes.<\/p>\n<p>La legisladora acot\u00f3 que inicialmente la audiencia se program\u00f3 para hoy, empero por el abogado que patrocina a Mamani asegur\u00f3 que era imposible asistir por lo que se reprogram\u00f3 para el lunes 3 de octubre en horas de la ma\u00f1ana.<\/p>\n<p>El gobernador de Potos\u00ed y otros cinco funcionarios, Rub\u00e9n M. M., Luis Ren\u00e9 L., Elegido P., Ramiro Luis Ch. y Jorge Pablo V., son investigados por el presunto delito de contratos lesivos al Estado.<\/p>\n<p>\u201cLa verdad que ya es cansador para la autoridad judicial que se suspendan estas audiencias porque afecta a todos los procesos que tiene el juzgado\u201d, manifest\u00f3 el juez en la audiencia.<\/p>\n<p>La presidenta del Comit\u00e9 C\u00edvico Potosinista, Roxana Grass, lament\u00f3 que la justicia una vez m\u00e1s demore en las medidas contra los autores de este hecho que compromete los recursos p\u00fablicos.<\/p>\n","protected":false},"excerpt":{"rendered":"<p>La audiencia de medidas cautelares en la que se debe decidir la situaci\u00f3n jur\u00eddica del gobernador de Potos\u00ed, Jhonny Mamani, por la adquisici\u00f3n presuntamente irregular de 41 ambulancias, se suspendi\u00f3 ayer por sexta vez y se reprogram\u00f3 para el pr\u00f3ximo 3 de octubre. El motivo de la suspensi\u00f3n fue porque uno de los imputados contrat\u00f3 [&hellip;]<\/p>\n","protected":false},"author":1,"featured_media":113738,"comment_status":"closed","ping_status":"closed","sticky":false,"template":"","format":"standard","meta":{"_acf_changed":false,"footnotes":""},"categories":[39],"tags":[],"class_list":["post-113737","post","type-post","status-publish","format-standard","has-post-thumbnail","category-sociedad"],"acf":{"antetitulo":""},"yoast_head":"<!-- This site is optimized with the Yoast SEO plugin v28.4 - https:\/\/yoast.com\/product\/yoast-seo-wordpress\/ -->\n<title>Audiencia de Mamani fue suspendida por sexta vez - El Diario - Bolivia<\/title>\n<meta name=\"robots\" content=\"index, follow, max-snippet:-1, max-image-preview:large, max-video-preview:-1\" \/>\n<link rel=\"canonical\" href=\"https:\/\/www.eldiario.net\/portal\/2022\/09\/29\/audiencia-de-mamani-fue-suspendida-por-sexta-vez\/\" \/>\n<meta property=\"og:locale\" content=\"es_ES\" \/>\n<meta property=\"og:type\" content=\"article\" \/>\n<meta property=\"og:title\" content=\"Audiencia de Mamani fue suspendida por sexta vez - El Diario - Bolivia\" \/>\n<meta property=\"og:description\" content=\"La audiencia de medidas cautelares en la que se debe decidir la situaci\u00f3n jur\u00eddica del gobernador de Potos\u00ed, Jhonny Mamani, por la adquisici\u00f3n presuntamente irregular de 41 ambulancias, se suspendi\u00f3 ayer por sexta vez y se reprogram\u00f3 para el pr\u00f3ximo 3 de octubre. El motivo de la suspensi\u00f3n fue porque uno de los imputados contrat\u00f3 [&hellip;]\" \/>\n<meta property=\"og:url\" content=\"https:\/\/www.eldiario.net\/portal\/2022\/09\/29\/audiencia-de-mamani-fue-suspendida-por-sexta-vez\/\" \/>\n<meta property=\"og:site_name\" content=\"El Diario - Bolivia\" \/>\n<meta property=\"article:publisher\" content=\"https:\/\/www.facebook.com\/eldiario.bolivia\/\" \/>\n<meta property=\"article:published_time\" content=\"2022-09-29T09:51:47+00:00\" \/>\n<meta name=\"author\" content=\"Jeanette\" \/>\n<meta name=\"twitter:card\" content=\"summary_large_image\" \/>\n<meta name=\"twitter:creator\" content=\"@eldiario_net\" \/>\n<meta name=\"twitter:site\" content=\"@eldiario_net\" \/>\n<meta name=\"twitter:label1\" content=\"Escrito por\" \/>\n\t<meta name=\"twitter:data1\" content=\"Jeanette\" \/>\n\t<meta name=\"twitter:label2\" content=\"Tiempo de lectura\" \/>\n\t<meta name=\"twitter:data2\" content=\"2 minutos\" \/>\n<script type=\"application\/ld+json\" class=\"yoast-schema-graph\">{\"@context\":\"https:\\\/\\\/schema.org\",\"@graph\":[{\"@type\":\"Article\",\"@id\":\"https:\\\/\\\/www.eldiario.net\\\/portal\\\/2022\\\/09\\\/29\\\/audiencia-de-mamani-fue-suspendida-por-sexta-vez\\\/#article\",\"isPartOf\":{\"@id\":\"https:\\\/\\\/www.eldiario.net\\\/portal\\\/2022\\\/09\\\/29\\\/audiencia-de-mamani-fue-suspendida-por-sexta-vez\\\/\"},\"author\":{\"name\":\"Jeanette\",\"@id\":\"https:\\\/\\\/www.eldiario.net\\\/portal\\\/#\\\/schema\\\/person\\\/2c57cf2b7a7ae032e449e4c9b1019eac\"},\"headline\":\"Audiencia de Mamani fue suspendida por sexta vez\",\"datePublished\":\"2022-09-29T09:51:47+00:00\",\"mainEntityOfPage\":{\"@id\":\"https:\\\/\\\/www.eldiario.net\\\/portal\\\/2022\\\/09\\\/29\\\/audiencia-de-mamani-fue-suspendida-por-sexta-vez\\\/\"},\"wordCount\":243,\"publisher\":{\"@id\":\"https:\\\/\\\/www.eldiario.net\\\/portal\\\/#organization\"},\"image\":{\"@id\":\"https:\\\/\\\/www.eldiario.net\\\/portal\\\/2022\\\/09\\\/29\\\/audiencia-de-mamani-fue-suspendida-por-sexta-vez\\\/#primaryimage\"},\"thumbnailUrl\":\"\",\"articleSection\":[\"Sociedad - Seguridad\"],\"inLanguage\":\"es\"},{\"@type\":\"WebPage\",\"@id\":\"https:\\\/\\\/www.eldiario.net\\\/portal\\\/2022\\\/09\\\/29\\\/audiencia-de-mamani-fue-suspendida-por-sexta-vez\\\/\",\"url\":\"https:\\\/\\\/www.eldiario.net\\\/portal\\\/2022\\\/09\\\/29\\\/audiencia-de-mamani-fue-suspendida-por-sexta-vez\\\/\",\"name\":\"Audiencia de Mamani fue suspendida por sexta vez - El Diario - Bolivia\",\"isPartOf\":{\"@id\":\"https:\\\/\\\/www.eldiario.net\\\/portal\\\/#website\"},\"primaryImageOfPage\":{\"@id\":\"https:\\\/\\\/www.eldiario.net\\\/portal\\\/2022\\\/09\\\/29\\\/audiencia-de-mamani-fue-suspendida-por-sexta-vez\\\/#primaryimage\"},\"image\":{\"@id\":\"https:\\\/\\\/www.eldiario.net\\\/portal\\\/2022\\\/09\\\/29\\\/audiencia-de-mamani-fue-suspendida-por-sexta-vez\\\/#primaryimage\"},\"thumbnailUrl\":\"\",\"datePublished\":\"2022-09-29T09:51:47+00:00\",\"breadcrumb\":{\"@id\":\"https:\\\/\\\/www.eldiario.net\\\/portal\\\/2022\\\/09\\\/29\\\/audiencia-de-mamani-fue-suspendida-por-sexta-vez\\\/#breadcrumb\"},\"inLanguage\":\"es\",\"potentialAction\":[{\"@type\":\"ReadAction\",\"target\":[\"https:\\\/\\\/www.eldiario.net\\\/portal\\\/2022\\\/09\\\/29\\\/audiencia-de-mamani-fue-suspendida-por-sexta-vez\\\/\"]}]},{\"@type\":\"ImageObject\",\"inLanguage\":\"es\",\"@id\":\"https:\\\/\\\/www.eldiario.net\\\/portal\\\/2022\\\/09\\\/29\\\/audiencia-de-mamani-fue-suspendida-por-sexta-vez\\\/#primaryimage\",\"url\":\"\",\"contentUrl\":\"\"},{\"@type\":\"BreadcrumbList\",\"@id\":\"https:\\\/\\\/www.eldiario.net\\\/portal\\\/2022\\\/09\\\/29\\\/audiencia-de-mamani-fue-suspendida-por-sexta-vez\\\/#breadcrumb\",\"itemListElement\":[{\"@type\":\"ListItem\",\"position\":1,\"name\":\"Portada\",\"item\":\"https:\\\/\\\/www.eldiario.net\\\/portal\\\/\"},{\"@type\":\"ListItem\",\"position\":2,\"name\":\"Audiencia de Mamani fue suspendida por sexta vez\"}]},{\"@type\":\"WebSite\",\"@id\":\"https:\\\/\\\/www.eldiario.net\\\/portal\\\/#website\",\"url\":\"https:\\\/\\\/www.eldiario.net\\\/portal\\\/\",\"name\":\"El Diario - Decano de la prensa nacional\",\"description\":\"El Diario - Decano de la prensa nacional\",\"publisher\":{\"@id\":\"https:\\\/\\\/www.eldiario.net\\\/portal\\\/#organization\"},\"potentialAction\":[{\"@type\":\"SearchAction\",\"target\":{\"@type\":\"EntryPoint\",\"urlTemplate\":\"https:\\\/\\\/www.eldiario.net\\\/portal\\\/?s={search_term_string}\"},\"query-input\":{\"@type\":\"PropertyValueSpecification\",\"valueRequired\":true,\"valueName\":\"search_term_string\"}}],\"inLanguage\":\"es\"},{\"@type\":\"Organization\",\"@id\":\"https:\\\/\\\/www.eldiario.net\\\/portal\\\/#organization\",\"name\":\"El Diario - Decano de la prensa nacional\",\"url\":\"https:\\\/\\\/www.eldiario.net\\\/portal\\\/\",\"logo\":{\"@type\":\"ImageObject\",\"inLanguage\":\"es\",\"@id\":\"https:\\\/\\\/www.eldiario.net\\\/portal\\\/#\\\/schema\\\/logo\\\/image\\\/\",\"url\":\"https:\\\/\\\/www.eldiario.net\\\/portal\\\/wp-content\\\/uploads\\\/2023\\\/07\\\/logo_ED.jpg\",\"contentUrl\":\"https:\\\/\\\/www.eldiario.net\\\/portal\\\/wp-content\\\/uploads\\\/2023\\\/07\\\/logo_ED.jpg\",\"width\":272,\"height\":52,\"caption\":\"El Diario - Decano de la prensa nacional\"},\"image\":{\"@id\":\"https:\\\/\\\/www.eldiario.net\\\/portal\\\/#\\\/schema\\\/logo\\\/image\\\/\"},\"sameAs\":[\"https:\\\/\\\/www.facebook.com\\\/eldiario.bolivia\\\/\",\"https:\\\/\\\/x.com\\\/eldiario_net\"]},{\"@type\":\"Person\",\"@id\":\"https:\\\/\\\/www.eldiario.net\\\/portal\\\/#\\\/schema\\\/person\\\/2c57cf2b7a7ae032e449e4c9b1019eac\",\"name\":\"Jeanette\",\"image\":{\"@type\":\"ImageObject\",\"inLanguage\":\"es\",\"@id\":\"https:\\\/\\\/secure.gravatar.com\\\/avatar\\\/3ea2118a5f7dad2b7138b1187a6b7ee55f160b9968b66013c3a3ef39dd7e5798?s=96&d=mm&r=g\",\"url\":\"https:\\\/\\\/secure.gravatar.com\\\/avatar\\\/3ea2118a5f7dad2b7138b1187a6b7ee55f160b9968b66013c3a3ef39dd7e5798?s=96&d=mm&r=g\",\"contentUrl\":\"https:\\\/\\\/secure.gravatar.com\\\/avatar\\\/3ea2118a5f7dad2b7138b1187a6b7ee55f160b9968b66013c3a3ef39dd7e5798?s=96&d=mm&r=g\",\"caption\":\"Jeanette\"},\"sameAs\":[\"https:\\\/\\\/www.eldiario.net\\\/portal\"],\"url\":\"https:\\\/\\\/www.eldiario.net\\\/portal\\\/author\\\/jeanette\\\/\"}]}<\/script>\n<!-- \/ Yoast SEO plugin. -->","yoast_head_json":{"title":"Audiencia de Mamani fue suspendida por sexta vez - El Diario - Bolivia","robots":{"index":"index","follow":"follow","max-snippet":"max-snippet:-1","max-image-preview":"max-image-preview:large","max-video-preview":"max-video-preview:-1"},"canonical":"https:\/\/www.eldiario.net\/portal\/2022\/09\/29\/audiencia-de-mamani-fue-suspendida-por-sexta-vez\/","og_locale":"es_ES","og_type":"article","og_title":"Audiencia de Mamani fue suspendida por sexta vez - El Diario - Bolivia","og_description":"La audiencia de medidas cautelares en la que se debe decidir la situaci\u00f3n jur\u00eddica del gobernador de Potos\u00ed, Jhonny Mamani, por la adquisici\u00f3n presuntamente irregular de 41 ambulancias, se suspendi\u00f3 ayer por sexta vez y se reprogram\u00f3 para el pr\u00f3ximo 3 de octubre. El motivo de la suspensi\u00f3n fue porque uno de los imputados contrat\u00f3 [&hellip;]","og_url":"https:\/\/www.eldiario.net\/portal\/2022\/09\/29\/audiencia-de-mamani-fue-suspendida-por-sexta-vez\/","og_site_name":"El Diario - Bolivia","article_publisher":"https:\/\/www.facebook.com\/eldiario.bolivia\/","article_published_time":"2022-09-29T09:51:47+00:00","author":"Jeanette","twitter_card":"summary_large_image","twitter_creator":"@eldiario_net","twitter_site":"@eldiario_net","twitter_misc":{"Escrito por":"Jeanette","Tiempo de lectura":"2 minutos"},"schema":{"@context":"https:\/\/schema.org","@graph":[{"@type":"Article","@id":"https:\/\/www.eldiario.net\/portal\/2022\/09\/29\/audiencia-de-mamani-fue-suspendida-por-sexta-vez\/#article","isPartOf":{"@id":"https:\/\/www.eldiario.net\/portal\/2022\/09\/29\/audiencia-de-mamani-fue-suspendida-por-sexta-vez\/"},"author":{"name":"Jeanette","@id":"https:\/\/www.eldiario.net\/portal\/#\/schema\/person\/2c57cf2b7a7ae032e449e4c9b1019eac"},"headline":"Audiencia de Mamani fue suspendida por sexta vez","datePublished":"2022-09-29T09:51:47+00:00","mainEntityOfPage":{"@id":"https:\/\/www.eldiario.net\/portal\/2022\/09\/29\/audiencia-de-mamani-fue-suspendida-por-sexta-vez\/"},"wordCount":243,"publisher":{"@id":"https:\/\/www.eldiario.net\/portal\/#organization"},"image":{"@id":"https:\/\/www.eldiario.net\/portal\/2022\/09\/29\/audiencia-de-mamani-fue-suspendida-por-sexta-vez\/#primaryimage"},"thumbnailUrl":"","articleSection":["Sociedad - Seguridad"],"inLanguage":"es"},{"@type":"WebPage","@id":"https:\/\/www.eldiario.net\/portal\/2022\/09\/29\/audiencia-de-mamani-fue-suspendida-por-sexta-vez\/","url":"https:\/\/www.eldiario.net\/portal\/2022\/09\/29\/audiencia-de-mamani-fue-suspendida-por-sexta-vez\/","name":"Audiencia de Mamani fue suspendida por sexta vez - El Diario - Bolivia","isPartOf":{"@id":"https:\/\/www.eldiario.net\/portal\/#website"},"primaryImageOfPage":{"@id":"https:\/\/www.eldiario.net\/portal\/2022\/09\/29\/audiencia-de-mamani-fue-suspendida-por-sexta-vez\/#primaryimage"},"image":{"@id":"https:\/\/www.eldiario.net\/portal\/2022\/09\/29\/audiencia-de-mamani-fue-suspendida-por-sexta-vez\/#primaryimage"},"thumbnailUrl":"","datePublished":"2022-09-29T09:51:47+00:00","breadcrumb":{"@id":"https:\/\/www.eldiario.net\/portal\/2022\/09\/29\/audiencia-de-mamani-fue-suspendida-por-sexta-vez\/#breadcrumb"},"inLanguage":"es","potentialAction":[{"@type":"ReadAction","target":["https:\/\/www.eldiario.net\/portal\/2022\/09\/29\/audiencia-de-mamani-fue-suspendida-por-sexta-vez\/"]}]},{"@type":"ImageObject","inLanguage":"es","@id":"https:\/\/www.eldiario.net\/portal\/2022\/09\/29\/audiencia-de-mamani-fue-suspendida-por-sexta-vez\/#primaryimage","url":"","contentUrl":""},{"@type":"BreadcrumbList","@id":"https:\/\/www.eldiario.net\/portal\/2022\/09\/29\/audiencia-de-mamani-fue-suspendida-por-sexta-vez\/#breadcrumb","itemListElement":[{"@type":"ListItem","position":1,"name":"Portada","item":"https:\/\/www.eldiario.net\/portal\/"},{"@type":"ListItem","position":2,"name":"Audiencia de Mamani fue suspendida por sexta vez"}]},{"@type":"WebSite","@id":"https:\/\/www.eldiario.net\/portal\/#website","url":"https:\/\/www.eldiario.net\/portal\/","name":"El Diario - Decano de la prensa nacional","description":"El Diario - Decano de la prensa nacional","publisher":{"@id":"https:\/\/www.eldiario.net\/portal\/#organization"},"potentialAction":[{"@type":"SearchAction","target":{"@type":"EntryPoint","urlTemplate":"https:\/\/www.eldiario.net\/portal\/?s={search_term_string}"},"query-input":{"@type":"PropertyValueSpecification","valueRequired":true,"valueName":"search_term_string"}}],"inLanguage":"es"},{"@type":"Organization","@id":"https:\/\/www.eldiario.net\/portal\/#organization","name":"El Diario - Decano de la prensa nacional","url":"https:\/\/www.eldiario.net\/portal\/","logo":{"@type":"ImageObject","inLanguage":"es","@id":"https:\/\/www.eldiario.net\/portal\/#\/schema\/logo\/image\/","url":"https:\/\/www.eldiario.net\/portal\/wp-content\/uploads\/2023\/07\/logo_ED.jpg","contentUrl":"https:\/\/www.eldiario.net\/portal\/wp-content\/uploads\/2023\/07\/logo_ED.jpg","width":272,"height":52,"caption":"El Diario - Decano de la prensa nacional"},"image":{"@id":"https:\/\/www.eldiario.net\/portal\/#\/schema\/logo\/image\/"},"sameAs":["https:\/\/www.facebook.com\/eldiario.bolivia\/","https:\/\/x.com\/eldiario_net"]},{"@type":"Person","@id":"https:\/\/www.eldiario.net\/portal\/#\/schema\/person\/2c57cf2b7a7ae032e449e4c9b1019eac","name":"Jeanette","image":{"@type":"ImageObject","inLanguage":"es","@id":"https:\/\/secure.gravatar.com\/avatar\/3ea2118a5f7dad2b7138b1187a6b7ee55f160b9968b66013c3a3ef39dd7e5798?s=96&d=mm&r=g","url":"https:\/\/secure.gravatar.com\/avatar\/3ea2118a5f7dad2b7138b1187a6b7ee55f160b9968b66013c3a3ef39dd7e5798?s=96&d=mm&r=g","contentUrl":"https:\/\/secure.gravatar.com\/avatar\/3ea2118a5f7dad2b7138b1187a6b7ee55f160b9968b66013c3a3ef39dd7e5798?s=96&d=mm&r=g","caption":"Jeanette"},"sameAs":["https:\/\/www.eldiario.net\/portal"],"url":"https:\/\/www.eldiario.net\/portal\/author\/jeanette\/"}]}},"_links":{"self":[{"href":"https:\/\/www.eldiario.net\/portal\/wp-json\/wp\/v2\/posts\/113737","targetHints":{"allow":["GET"]}}],"collection":[{"href":"https:\/\/www.eldiario.net\/portal\/wp-json\/wp\/v2\/posts"}],"about":[{"href":"https:\/\/www.eldiario.net\/portal\/wp-json\/wp\/v2\/types\/post"}],"author":[{"embeddable":true,"href":"https:\/\/www.eldiario.net\/portal\/wp-json\/wp\/v2\/users\/1"}],"replies":[{"embeddable":true,"href":"https:\/\/www.eldiario.net\/portal\/wp-json\/wp\/v2\/comments?post=113737"}],"version-history":[{"count":0,"href":"https:\/\/www.eldiario.net\/portal\/wp-json\/wp\/v2\/posts\/113737\/revisions"}],"wp:attachment":[{"href":"https:\/\/www.eldiario.net\/portal\/wp-json\/wp\/v2\/media?parent=113737"}],"wp:term":[{"taxonomy":"category","embeddable":true,"href":"https:\/\/www.eldiario.net\/portal\/wp-json\/wp\/v2\/categories?post=113737"},{"taxonomy":"post_tag","embeddable":true,"href":"https:\/\/www.eldiario.net\/portal\/wp-json\/wp\/v2\/tags?post=113737"}],"curies":[{"name":"wp","href":"https:\/\/api.w.org\/{rel}","templated":true}]}}