{"id":112786,"date":"2022-09-24T06:18:02","date_gmt":"2022-09-24T10:18:02","guid":{"rendered":"https:\/\/www.eldiario.net\/portal\/?p=112786"},"modified":"2022-09-24T06:18:02","modified_gmt":"2022-09-24T10:18:02","slug":"vamos-a-dejar-todo-por-estos-colores","status":"publish","type":"post","link":"https:\/\/www.eldiario.net\/portal\/2022\/09\/24\/vamos-a-dejar-todo-por-estos-colores\/","title":{"rendered":"\u201cVamos a  dejar todo por  estos colores\u201d"},"content":{"rendered":"<p>Yoselyn Portales Peralta es una de las figuras m\u00e1s descollantes que tiene el plantel femenino de Always Ready. Con sus goles, Portales fue clave para que el \u201cmillonario\u201d logre el t\u00edtulo de la pasada Copa Sim\u00f3n Bol\u00edvar y anote su nombre en la Copa Libertadores 2022, torneo que iniciar\u00e1 el pr\u00f3ximo 13 de octubre.<br \/>\nPortales, que se uni\u00f3 al equipo de la Banda Roja a principios de a\u00f1o, se refiri\u00f3 al buen momento que atraviesa en el club \u201cmillonario\u201d del cual se convirti\u00f3 en un hincha m\u00e1s y dio su an\u00e1lisis del t\u00edtulo nacional que logr\u00f3 con su club el pasado 10 de septiembre.<br \/>\nLa delantera cruce\u00f1a tambi\u00e9n mencion\u00f3 lo que viene a partir de ahora y la ardua preparaci\u00f3n que encaran para la Libertadores, certamen que ya defini\u00f3 sus llaves toc\u00e1ndole al \u201cmillonario\u201d en el Grupo A junto a Corinthians (Brasil), Olimpia (Paraguay) y Deportivo Cali (Colombia). Portales promete entrega y afirm\u00f3 que defender\u00e1 a muerte los colores de Always Ready.<br \/>\nFEM: \u00bfQu\u00e9 balance hace del t\u00edtulo que obtuvo Always Ready en la pasada Copa Sim\u00f3n Bol\u00edvar?<br \/>\nYP: El balance es muy bueno porque es uno de los primeros clubes a nivel nacional que est\u00e1 agarrando fuerte la categor\u00eda femenina y estamos felices. Es el primer campe\u00f3n nacional en esta categor\u00eda para La Paz.<br \/>\nFEM: \u00bfCu\u00e1l cree que fue la clave para que Always Ready se quede con el t\u00edtulo?<br \/>\nYP: La clave fue el trabajo, la uni\u00f3n y la fuerza que se hizo desde la cabeza que es la directiva, el cuerpo t\u00e9cnico y las jugadoras.<br \/>\nFEM: \u00bfQue significa para usted haber sido pieza clave con tus goles y su juego en Always Ready?<br \/>\nYP: Mi funci\u00f3n como delantera siempre es aportar con goles y asistencias. Soy una de las jugadoras de m\u00e1s experiencia en el equipo y eso es un peso muy aparte. Creo que estoy dando la talla y no estoy defraudando, estoy agradecida con la directiva y cuerpo t\u00e9cnico que se fij\u00f3 en m\u00ed. Todo esto me pone feliz y me da muchas m\u00e1s ganas para seguir entrenando y para poder hacer un buen papel en la Copa Libertadores.<br \/>\nFEM: \u00bfEn lo personal como califica su participaci\u00f3n en Always Ready en su primer a\u00f1o vistiendo estos colores?<br \/>\nYP: Me gustan los retos por eso afront\u00e9 este reto y lo tom\u00e9 con mucha seriedad desde que llegu\u00e9 al club. Es un club grande y gracias a Dios estamos haciendo un gran papel a nivel departamental y nacional. Creo que antes no era muy hablado el club (femenino) y hoy est\u00e1 a nivel nacional en boca de todos. Eso me pone muy feliz para poder seguir trabajando y dejar en alto el nombre del club.<br \/>\nFEM: \u00bfCree que vive el mejor momento en su carrera deportiva en Always?<br \/>\nYP: El a\u00f1o pasado en Real Tomayapo tambi\u00e9n sent\u00ed un gran nivel porque salimos campeonas locales y nacionales, son puntos muy distintos, creo que estoy preparada para dar lo mejor de m\u00ed en cada momento. Siento que estoy en un buen momento de mi carrera.<br \/>\nFEM: \u00bfEs un sue\u00f1o que cumple jugando en Always?<br \/>\nYP: Es un club grande y cualquiera quisiera ir a un club grande. Desde el d\u00eda uno que vest\u00ed esta camiseta doy todo por estos colores. Siempre lo dije a nivel personal y grupal, siempre voy a darlo todo. Estos colores los defender\u00e9 a muerte vaya donde vaya as\u00ed que soy una hincha de Always Ready y \u2018La Banda Roja\u2019.<br \/>\nFEM: \u00bfSe viene la Copa Libertadores y est\u00e1n en el Grupo A qu\u00e9 expectativas tiene y tienen en lo grupal de cara a este torneo?<br \/>\nYP: Desde que llegamos de la Sim\u00f3n Bol\u00edvar tuvimos unos tres d\u00edas de descanso y ahora estamos entrenando duro todas las semanas. Tenemos torneo local de la AFLP los domingos y eso nos ayuda a estar en ritmo. Estamos prepar\u00e1ndonos para hacer el mejor papel que podamos en la Copa Libertadores representando a Bolivia.<br \/>\nFEM: \u00bfQu\u00e9 le dice y promete a la hinchada de Always Ready que estar\u00e1 expectante a la participaci\u00f3n del equipo en la Libertadores?<br \/>\nYP: Vamos a dejar todo por estos colores como siempre lo he hecho desde que llegu\u00e9 aqu\u00ed. Vamos a dejar todo por los colores porque no solo representamos a La Paz, sino a Bolivia. Dejaremos la piel en cancha por estos colores para nuestro pa\u00eds y bandera. Esperamos que nos apoyen porque siempre es bueno un mensaje de aliento.<br \/>\nFEM: \u00bfQu\u00e9 consejos dar\u00eda a las j\u00f3venes que como usted est\u00e1 haciendo, quieran dedicarse al f\u00fatbol femenino?<br \/>\nYP: El mayor consejo que les doy es que sigan adelante, habr\u00e1 trabas en el camino, pero si a uno le gusta tiene que dedicarse a ello no dejando el estudio de lado. Para todo hay tiempo, no hay excusas, las excusas solo son para los perdedores. No se den por vencidas.<\/p>\n<p>3 Ser\u00e1 la tercera Copa Libertadores que afrontar\u00e1<\/p>\n<p>Yoselyn Portales Peralta el pr\u00f3ximo 4 de octubre cumplir\u00e1 26 a\u00f1os de edad. Ella es una de las futbolistas de m\u00e1s experiencia en el equipo de Always Ready femenino.<br \/>\nLa central delantera pase\u00f3 su f\u00fatbol en la Crema y Universidad en Santa Cruz; luego pas\u00f3 a ser parte de Real Tomayapo de Tarija y este a\u00f1o fue fichada por el \u201cmillonario\u201d llegando a destacar y ser pieza clave para el t\u00edtulo que logr\u00f3 la Banda Roja en la Copa Sim\u00f3n Bol\u00edvar que le dio boleto a jugar Copa Libertadores el pr\u00f3ximo 13 de octubre en Quito, Ecuador.<br \/>\nPortales jugar\u00e1 en lo personal su tercera Libertadores y est\u00e1 lista para este nuevo reto en su carrera deportiva.<\/p>\n<p>LA DELANTERA Y SUS RETOS<\/p>\n<p>Yoselyn Portales vive un momento dulce en Always Ready. La delantera afirma que espera poder alg\u00fan d\u00eda llegar a jugar en el exterior. \u201cSiempre fue uno de mis mayores retos que a\u00fan me falta cumplir\u201d.<\/p>\n","protected":false},"excerpt":{"rendered":"<p>Yoselyn Portales Peralta es una de las figuras m\u00e1s descollantes que tiene el plantel femenino de Always Ready. Con sus goles, Portales fue clave para que el \u201cmillonario\u201d logre el t\u00edtulo de la pasada Copa Sim\u00f3n Bol\u00edvar y anote su nombre en la Copa Libertadores 2022, torneo que iniciar\u00e1 el pr\u00f3ximo 13 de octubre. Portales, [&hellip;]<\/p>\n","protected":false},"author":1,"featured_media":112787,"comment_status":"closed","ping_status":"closed","sticky":false,"template":"","format":"standard","meta":{"_acf_changed":false,"footnotes":""},"categories":[6],"tags":[],"class_list":["post-112786","post","type-post","status-publish","format-standard","has-post-thumbnail","category-deportes"],"acf":{"antetitulo":""},"yoast_head":"<!-- This site is optimized with the Yoast SEO plugin v28.3 - https:\/\/yoast.com\/product\/yoast-seo-wordpress\/ -->\n<title>\u201cVamos a dejar todo por estos colores\u201d - El Diario - Bolivia<\/title>\n<meta name=\"robots\" content=\"index, follow, max-snippet:-1, max-image-preview:large, max-video-preview:-1\" \/>\n<link rel=\"canonical\" href=\"https:\/\/www.eldiario.net\/portal\/2022\/09\/24\/vamos-a-dejar-todo-por-estos-colores\/\" \/>\n<meta property=\"og:locale\" content=\"es_ES\" \/>\n<meta property=\"og:type\" content=\"article\" \/>\n<meta property=\"og:title\" content=\"\u201cVamos a dejar todo por estos colores\u201d - El Diario - Bolivia\" \/>\n<meta property=\"og:description\" content=\"Yoselyn Portales Peralta es una de las figuras m\u00e1s descollantes que tiene el plantel femenino de Always Ready. Con sus goles, Portales fue clave para que el \u201cmillonario\u201d logre el t\u00edtulo de la pasada Copa Sim\u00f3n Bol\u00edvar y anote su nombre en la Copa Libertadores 2022, torneo que iniciar\u00e1 el pr\u00f3ximo 13 de octubre. Portales, [&hellip;]\" \/>\n<meta property=\"og:url\" content=\"https:\/\/www.eldiario.net\/portal\/2022\/09\/24\/vamos-a-dejar-todo-por-estos-colores\/\" \/>\n<meta property=\"og:site_name\" content=\"El Diario - Bolivia\" \/>\n<meta property=\"article:publisher\" content=\"https:\/\/www.facebook.com\/eldiario.bolivia\/\" \/>\n<meta property=\"article:published_time\" content=\"2022-09-24T10:18:02+00:00\" \/>\n<meta name=\"author\" content=\"Jeanette\" \/>\n<meta name=\"twitter:card\" content=\"summary_large_image\" \/>\n<meta name=\"twitter:creator\" content=\"@eldiario_net\" \/>\n<meta name=\"twitter:site\" content=\"@eldiario_net\" \/>\n<meta name=\"twitter:label1\" content=\"Escrito por\" \/>\n\t<meta name=\"twitter:data1\" content=\"Jeanette\" \/>\n\t<meta name=\"twitter:label2\" content=\"Tiempo de lectura\" \/>\n\t<meta name=\"twitter:data2\" content=\"5 minutos\" \/>\n<script type=\"application\/ld+json\" class=\"yoast-schema-graph\">{\"@context\":\"https:\\\/\\\/schema.org\",\"@graph\":[{\"@type\":\"Article\",\"@id\":\"https:\\\/\\\/www.eldiario.net\\\/portal\\\/2022\\\/09\\\/24\\\/vamos-a-dejar-todo-por-estos-colores\\\/#article\",\"isPartOf\":{\"@id\":\"https:\\\/\\\/www.eldiario.net\\\/portal\\\/2022\\\/09\\\/24\\\/vamos-a-dejar-todo-por-estos-colores\\\/\"},\"author\":{\"name\":\"Jeanette\",\"@id\":\"https:\\\/\\\/www.eldiario.net\\\/portal\\\/#\\\/schema\\\/person\\\/f46445640444750d7d753ccd04ae01b7\"},\"headline\":\"\u201cVamos a dejar todo por estos colores\u201d\",\"datePublished\":\"2022-09-24T10:18:02+00:00\",\"mainEntityOfPage\":{\"@id\":\"https:\\\/\\\/www.eldiario.net\\\/portal\\\/2022\\\/09\\\/24\\\/vamos-a-dejar-todo-por-estos-colores\\\/\"},\"wordCount\":1024,\"publisher\":{\"@id\":\"https:\\\/\\\/www.eldiario.net\\\/portal\\\/#organization\"},\"image\":{\"@id\":\"https:\\\/\\\/www.eldiario.net\\\/portal\\\/2022\\\/09\\\/24\\\/vamos-a-dejar-todo-por-estos-colores\\\/#primaryimage\"},\"thumbnailUrl\":\"\",\"articleSection\":[\"Deportes\"],\"inLanguage\":\"es\"},{\"@type\":\"WebPage\",\"@id\":\"https:\\\/\\\/www.eldiario.net\\\/portal\\\/2022\\\/09\\\/24\\\/vamos-a-dejar-todo-por-estos-colores\\\/\",\"url\":\"https:\\\/\\\/www.eldiario.net\\\/portal\\\/2022\\\/09\\\/24\\\/vamos-a-dejar-todo-por-estos-colores\\\/\",\"name\":\"\u201cVamos a dejar todo por estos colores\u201d - El Diario - Bolivia\",\"isPartOf\":{\"@id\":\"https:\\\/\\\/www.eldiario.net\\\/portal\\\/#website\"},\"primaryImageOfPage\":{\"@id\":\"https:\\\/\\\/www.eldiario.net\\\/portal\\\/2022\\\/09\\\/24\\\/vamos-a-dejar-todo-por-estos-colores\\\/#primaryimage\"},\"image\":{\"@id\":\"https:\\\/\\\/www.eldiario.net\\\/portal\\\/2022\\\/09\\\/24\\\/vamos-a-dejar-todo-por-estos-colores\\\/#primaryimage\"},\"thumbnailUrl\":\"\",\"datePublished\":\"2022-09-24T10:18:02+00:00\",\"breadcrumb\":{\"@id\":\"https:\\\/\\\/www.eldiario.net\\\/portal\\\/2022\\\/09\\\/24\\\/vamos-a-dejar-todo-por-estos-colores\\\/#breadcrumb\"},\"inLanguage\":\"es\",\"potentialAction\":[{\"@type\":\"ReadAction\",\"target\":[\"https:\\\/\\\/www.eldiario.net\\\/portal\\\/2022\\\/09\\\/24\\\/vamos-a-dejar-todo-por-estos-colores\\\/\"]}]},{\"@type\":\"ImageObject\",\"inLanguage\":\"es\",\"@id\":\"https:\\\/\\\/www.eldiario.net\\\/portal\\\/2022\\\/09\\\/24\\\/vamos-a-dejar-todo-por-estos-colores\\\/#primaryimage\",\"url\":\"\",\"contentUrl\":\"\"},{\"@type\":\"BreadcrumbList\",\"@id\":\"https:\\\/\\\/www.eldiario.net\\\/portal\\\/2022\\\/09\\\/24\\\/vamos-a-dejar-todo-por-estos-colores\\\/#breadcrumb\",\"itemListElement\":[{\"@type\":\"ListItem\",\"position\":1,\"name\":\"Portada\",\"item\":\"https:\\\/\\\/www.eldiario.net\\\/portal\\\/\"},{\"@type\":\"ListItem\",\"position\":2,\"name\":\"\u201cVamos a dejar todo por estos colores\u201d\"}]},{\"@type\":\"WebSite\",\"@id\":\"https:\\\/\\\/www.eldiario.net\\\/portal\\\/#website\",\"url\":\"https:\\\/\\\/www.eldiario.net\\\/portal\\\/\",\"name\":\"El Diario - Decano de la prensa nacional\",\"description\":\"El Diario - Decano de la prensa nacional\",\"publisher\":{\"@id\":\"https:\\\/\\\/www.eldiario.net\\\/portal\\\/#organization\"},\"potentialAction\":[{\"@type\":\"SearchAction\",\"target\":{\"@type\":\"EntryPoint\",\"urlTemplate\":\"https:\\\/\\\/www.eldiario.net\\\/portal\\\/?s={search_term_string}\"},\"query-input\":{\"@type\":\"PropertyValueSpecification\",\"valueRequired\":true,\"valueName\":\"search_term_string\"}}],\"inLanguage\":\"es\"},{\"@type\":\"Organization\",\"@id\":\"https:\\\/\\\/www.eldiario.net\\\/portal\\\/#organization\",\"name\":\"El Diario - Decano de la prensa nacional\",\"url\":\"https:\\\/\\\/www.eldiario.net\\\/portal\\\/\",\"logo\":{\"@type\":\"ImageObject\",\"inLanguage\":\"es\",\"@id\":\"https:\\\/\\\/www.eldiario.net\\\/portal\\\/#\\\/schema\\\/logo\\\/image\\\/\",\"url\":\"https:\\\/\\\/www.eldiario.net\\\/portal\\\/wp-content\\\/uploads\\\/2023\\\/07\\\/logo_ED.jpg\",\"contentUrl\":\"https:\\\/\\\/www.eldiario.net\\\/portal\\\/wp-content\\\/uploads\\\/2023\\\/07\\\/logo_ED.jpg\",\"width\":272,\"height\":52,\"caption\":\"El Diario - Decano de la prensa nacional\"},\"image\":{\"@id\":\"https:\\\/\\\/www.eldiario.net\\\/portal\\\/#\\\/schema\\\/logo\\\/image\\\/\"},\"sameAs\":[\"https:\\\/\\\/www.facebook.com\\\/eldiario.bolivia\\\/\",\"https:\\\/\\\/x.com\\\/eldiario_net\"]},{\"@type\":\"Person\",\"@id\":\"https:\\\/\\\/www.eldiario.net\\\/portal\\\/#\\\/schema\\\/person\\\/f46445640444750d7d753ccd04ae01b7\",\"name\":\"Jeanette\",\"image\":{\"@type\":\"ImageObject\",\"inLanguage\":\"es\",\"@id\":\"https:\\\/\\\/secure.gravatar.com\\\/avatar\\\/3ea2118a5f7dad2b7138b1187a6b7ee55f160b9968b66013c3a3ef39dd7e5798?s=96&d=mm&r=g\",\"url\":\"https:\\\/\\\/secure.gravatar.com\\\/avatar\\\/3ea2118a5f7dad2b7138b1187a6b7ee55f160b9968b66013c3a3ef39dd7e5798?s=96&d=mm&r=g\",\"contentUrl\":\"https:\\\/\\\/secure.gravatar.com\\\/avatar\\\/3ea2118a5f7dad2b7138b1187a6b7ee55f160b9968b66013c3a3ef39dd7e5798?s=96&d=mm&r=g\",\"caption\":\"Jeanette\"},\"sameAs\":[\"https:\\\/\\\/www.eldiario.net\\\/portal\"],\"url\":\"https:\\\/\\\/www.eldiario.net\\\/portal\\\/author\\\/jeanette\\\/\"}]}<\/script>\n<!-- \/ Yoast SEO plugin. -->","yoast_head_json":{"title":"\u201cVamos a dejar todo por estos colores\u201d - El Diario - Bolivia","robots":{"index":"index","follow":"follow","max-snippet":"max-snippet:-1","max-image-preview":"max-image-preview:large","max-video-preview":"max-video-preview:-1"},"canonical":"https:\/\/www.eldiario.net\/portal\/2022\/09\/24\/vamos-a-dejar-todo-por-estos-colores\/","og_locale":"es_ES","og_type":"article","og_title":"\u201cVamos a dejar todo por estos colores\u201d - El Diario - Bolivia","og_description":"Yoselyn Portales Peralta es una de las figuras m\u00e1s descollantes que tiene el plantel femenino de Always Ready. Con sus goles, Portales fue clave para que el \u201cmillonario\u201d logre el t\u00edtulo de la pasada Copa Sim\u00f3n Bol\u00edvar y anote su nombre en la Copa Libertadores 2022, torneo que iniciar\u00e1 el pr\u00f3ximo 13 de octubre. Portales, [&hellip;]","og_url":"https:\/\/www.eldiario.net\/portal\/2022\/09\/24\/vamos-a-dejar-todo-por-estos-colores\/","og_site_name":"El Diario - Bolivia","article_publisher":"https:\/\/www.facebook.com\/eldiario.bolivia\/","article_published_time":"2022-09-24T10:18:02+00:00","author":"Jeanette","twitter_card":"summary_large_image","twitter_creator":"@eldiario_net","twitter_site":"@eldiario_net","twitter_misc":{"Escrito por":"Jeanette","Tiempo de lectura":"5 minutos"},"schema":{"@context":"https:\/\/schema.org","@graph":[{"@type":"Article","@id":"https:\/\/www.eldiario.net\/portal\/2022\/09\/24\/vamos-a-dejar-todo-por-estos-colores\/#article","isPartOf":{"@id":"https:\/\/www.eldiario.net\/portal\/2022\/09\/24\/vamos-a-dejar-todo-por-estos-colores\/"},"author":{"name":"Jeanette","@id":"https:\/\/www.eldiario.net\/portal\/#\/schema\/person\/f46445640444750d7d753ccd04ae01b7"},"headline":"\u201cVamos a dejar todo por estos colores\u201d","datePublished":"2022-09-24T10:18:02+00:00","mainEntityOfPage":{"@id":"https:\/\/www.eldiario.net\/portal\/2022\/09\/24\/vamos-a-dejar-todo-por-estos-colores\/"},"wordCount":1024,"publisher":{"@id":"https:\/\/www.eldiario.net\/portal\/#organization"},"image":{"@id":"https:\/\/www.eldiario.net\/portal\/2022\/09\/24\/vamos-a-dejar-todo-por-estos-colores\/#primaryimage"},"thumbnailUrl":"","articleSection":["Deportes"],"inLanguage":"es"},{"@type":"WebPage","@id":"https:\/\/www.eldiario.net\/portal\/2022\/09\/24\/vamos-a-dejar-todo-por-estos-colores\/","url":"https:\/\/www.eldiario.net\/portal\/2022\/09\/24\/vamos-a-dejar-todo-por-estos-colores\/","name":"\u201cVamos a dejar todo por estos colores\u201d - El Diario - Bolivia","isPartOf":{"@id":"https:\/\/www.eldiario.net\/portal\/#website"},"primaryImageOfPage":{"@id":"https:\/\/www.eldiario.net\/portal\/2022\/09\/24\/vamos-a-dejar-todo-por-estos-colores\/#primaryimage"},"image":{"@id":"https:\/\/www.eldiario.net\/portal\/2022\/09\/24\/vamos-a-dejar-todo-por-estos-colores\/#primaryimage"},"thumbnailUrl":"","datePublished":"2022-09-24T10:18:02+00:00","breadcrumb":{"@id":"https:\/\/www.eldiario.net\/portal\/2022\/09\/24\/vamos-a-dejar-todo-por-estos-colores\/#breadcrumb"},"inLanguage":"es","potentialAction":[{"@type":"ReadAction","target":["https:\/\/www.eldiario.net\/portal\/2022\/09\/24\/vamos-a-dejar-todo-por-estos-colores\/"]}]},{"@type":"ImageObject","inLanguage":"es","@id":"https:\/\/www.eldiario.net\/portal\/2022\/09\/24\/vamos-a-dejar-todo-por-estos-colores\/#primaryimage","url":"","contentUrl":""},{"@type":"BreadcrumbList","@id":"https:\/\/www.eldiario.net\/portal\/2022\/09\/24\/vamos-a-dejar-todo-por-estos-colores\/#breadcrumb","itemListElement":[{"@type":"ListItem","position":1,"name":"Portada","item":"https:\/\/www.eldiario.net\/portal\/"},{"@type":"ListItem","position":2,"name":"\u201cVamos a dejar todo por estos colores\u201d"}]},{"@type":"WebSite","@id":"https:\/\/www.eldiario.net\/portal\/#website","url":"https:\/\/www.eldiario.net\/portal\/","name":"El Diario - Decano de la prensa nacional","description":"El Diario - Decano de la prensa nacional","publisher":{"@id":"https:\/\/www.eldiario.net\/portal\/#organization"},"potentialAction":[{"@type":"SearchAction","target":{"@type":"EntryPoint","urlTemplate":"https:\/\/www.eldiario.net\/portal\/?s={search_term_string}"},"query-input":{"@type":"PropertyValueSpecification","valueRequired":true,"valueName":"search_term_string"}}],"inLanguage":"es"},{"@type":"Organization","@id":"https:\/\/www.eldiario.net\/portal\/#organization","name":"El Diario - Decano de la prensa nacional","url":"https:\/\/www.eldiario.net\/portal\/","logo":{"@type":"ImageObject","inLanguage":"es","@id":"https:\/\/www.eldiario.net\/portal\/#\/schema\/logo\/image\/","url":"https:\/\/www.eldiario.net\/portal\/wp-content\/uploads\/2023\/07\/logo_ED.jpg","contentUrl":"https:\/\/www.eldiario.net\/portal\/wp-content\/uploads\/2023\/07\/logo_ED.jpg","width":272,"height":52,"caption":"El Diario - Decano de la prensa nacional"},"image":{"@id":"https:\/\/www.eldiario.net\/portal\/#\/schema\/logo\/image\/"},"sameAs":["https:\/\/www.facebook.com\/eldiario.bolivia\/","https:\/\/x.com\/eldiario_net"]},{"@type":"Person","@id":"https:\/\/www.eldiario.net\/portal\/#\/schema\/person\/f46445640444750d7d753ccd04ae01b7","name":"Jeanette","image":{"@type":"ImageObject","inLanguage":"es","@id":"https:\/\/secure.gravatar.com\/avatar\/3ea2118a5f7dad2b7138b1187a6b7ee55f160b9968b66013c3a3ef39dd7e5798?s=96&d=mm&r=g","url":"https:\/\/secure.gravatar.com\/avatar\/3ea2118a5f7dad2b7138b1187a6b7ee55f160b9968b66013c3a3ef39dd7e5798?s=96&d=mm&r=g","contentUrl":"https:\/\/secure.gravatar.com\/avatar\/3ea2118a5f7dad2b7138b1187a6b7ee55f160b9968b66013c3a3ef39dd7e5798?s=96&d=mm&r=g","caption":"Jeanette"},"sameAs":["https:\/\/www.eldiario.net\/portal"],"url":"https:\/\/www.eldiario.net\/portal\/author\/jeanette\/"}]}},"_links":{"self":[{"href":"https:\/\/www.eldiario.net\/portal\/wp-json\/wp\/v2\/posts\/112786","targetHints":{"allow":["GET"]}}],"collection":[{"href":"https:\/\/www.eldiario.net\/portal\/wp-json\/wp\/v2\/posts"}],"about":[{"href":"https:\/\/www.eldiario.net\/portal\/wp-json\/wp\/v2\/types\/post"}],"author":[{"embeddable":true,"href":"https:\/\/www.eldiario.net\/portal\/wp-json\/wp\/v2\/users\/1"}],"replies":[{"embeddable":true,"href":"https:\/\/www.eldiario.net\/portal\/wp-json\/wp\/v2\/comments?post=112786"}],"version-history":[{"count":0,"href":"https:\/\/www.eldiario.net\/portal\/wp-json\/wp\/v2\/posts\/112786\/revisions"}],"wp:attachment":[{"href":"https:\/\/www.eldiario.net\/portal\/wp-json\/wp\/v2\/media?parent=112786"}],"wp:term":[{"taxonomy":"category","embeddable":true,"href":"https:\/\/www.eldiario.net\/portal\/wp-json\/wp\/v2\/categories?post=112786"},{"taxonomy":"post_tag","embeddable":true,"href":"https:\/\/www.eldiario.net\/portal\/wp-json\/wp\/v2\/tags?post=112786"}],"curies":[{"name":"wp","href":"https:\/\/api.w.org\/{rel}","templated":true}]}}