{"id":112782,"date":"2022-09-24T06:16:43","date_gmt":"2022-09-24T10:16:43","guid":{"rendered":"https:\/\/www.eldiario.net\/portal\/?p=112782"},"modified":"2022-09-24T06:16:43","modified_gmt":"2022-09-24T10:16:43","slug":"bolivia-promete-no-achicarse-frente-a-los-campeones-de-africa","status":"publish","type":"post","link":"https:\/\/www.eldiario.net\/portal\/2022\/09\/24\/bolivia-promete-no-achicarse-frente-a-los-campeones-de-africa\/","title":{"rendered":"Bolivia promete no \u201cachicarse\u201d  frente a los campeones de \u00c1frica"},"content":{"rendered":"<p>La Selecci\u00f3n Boliviana de F\u00fatbol dirigida intenamente por Pablo Daniel Escobar cumplir\u00e1 hoy con un cotejo amistoso por fecha FIFA en el estadio La Source de la ciudad francesa de Orleans frente al campe\u00f3n africano, Senegal, en lance que despierta expectativa mundial por los antecedentes del rival, que est\u00e1 clasificado para el mundial Q\u00e1tar 2023.<br \/>\nEl plantel verde que realiz\u00f3 su \u00faltima pr\u00e1ctica en territorio franc\u00e9s ayer viernes es una inc\u00f3gnita para el periodismo de ese pa\u00eds, seg\u00fan se pudo entrever durante una conferencia de prensa ofrecida ayer por el entrenador boliviano y el guardavallas Carlos Lampe, quienes respondieron preguntas respecto a \u00bfqu\u00e9 se siente jugar con un equipo tan poderoso con Senegal y que cuenta en sus filas a estrellas del f\u00fatbol mundial?, consultas ante las cuales, los bolivianos fueron cautos en responder, connotando que el partido amistoso \u201cles genera m\u00e1s ganas de superarse\u201d, como un inicio del proceso para lograr la clasificaci\u00f3n a la siguiente Copa del Mundo.<br \/>\nPor otra parte, Pablo Escobar aclar\u00f3 que Bolivia, en el Continente Americano, tuvo roce con equipos poderosos como Brasil de Neymar o Argentina de Messi y por lo tanto, el choque contra Senegal no causar\u00e1 \u201ctrauma alguno\u201d.<br \/>\nAunque el esquema que presentar\u00e1 nuestro representativo no fue develado, la alineaci\u00f3n \u2013 en apariencia- no tendr\u00e1 muchas novedades que las ya conocidas. Es probable una l\u00ednea de cinco en el fondo con el apoyo de Ramiro Vaca por la derecha y Roberto Carlos Fern\u00e1ndez por la izquierda, con Fernando Saucedo y Leonel Justiniano en el medio adem\u00e1s de los delanteros Marcelo Martins por la izquierda y Jaume Cu\u00e9llar o Bruno Miranda, solitarios en el ataque.<\/p>\n<p>13 horas comienza el cotejo en Orleans y ser\u00e1 transmitido por se\u00f1al abierta de TV<\/p>\n<p><strong>GHILKA SANABRIA P.<\/strong><\/p>\n<p><a href=\"https:\/\/www.eldiario.net\/portal\/wp-content\/uploads\/2022\/09\/foto-tapa-Senegal.jpg\"><img loading=\"lazy\" decoding=\"async\" class=\"aligncenter size-medium wp-image-112784\" src=\"https:\/\/www.eldiario.net\/portal\/wp-content\/uploads\/2022\/09\/foto-tapa-Senegal-300x183.jpg\" alt=\"\" width=\"300\" height=\"183\" \/><\/a><\/p>\n","protected":false},"excerpt":{"rendered":"<p>La Selecci\u00f3n Boliviana de F\u00fatbol dirigida intenamente por Pablo Daniel Escobar cumplir\u00e1 hoy con un cotejo amistoso por fecha FIFA en el estadio La Source de la ciudad francesa de Orleans frente al campe\u00f3n africano, Senegal, en lance que despierta expectativa mundial por los antecedentes del rival, que est\u00e1 clasificado para el mundial Q\u00e1tar 2023. [&hellip;]<\/p>\n","protected":false},"author":1,"featured_media":112783,"comment_status":"closed","ping_status":"closed","sticky":false,"template":"","format":"standard","meta":{"_acf_changed":false,"footnotes":""},"categories":[6],"tags":[],"class_list":["post-112782","post","type-post","status-publish","format-standard","has-post-thumbnail","category-deportes"],"acf":{"antetitulo":""},"yoast_head":"<!-- This site is optimized with the Yoast SEO plugin v28.3 - https:\/\/yoast.com\/product\/yoast-seo-wordpress\/ -->\n<title>Bolivia promete no \u201cachicarse\u201d frente a los campeones de \u00c1frica - El Diario - Bolivia<\/title>\n<meta name=\"robots\" content=\"index, follow, max-snippet:-1, max-image-preview:large, max-video-preview:-1\" \/>\n<link rel=\"canonical\" href=\"https:\/\/www.eldiario.net\/portal\/2022\/09\/24\/bolivia-promete-no-achicarse-frente-a-los-campeones-de-africa\/\" \/>\n<meta property=\"og:locale\" content=\"es_ES\" \/>\n<meta property=\"og:type\" content=\"article\" \/>\n<meta property=\"og:title\" content=\"Bolivia promete no \u201cachicarse\u201d frente a los campeones de \u00c1frica - El Diario - Bolivia\" \/>\n<meta property=\"og:description\" content=\"La Selecci\u00f3n Boliviana de F\u00fatbol dirigida intenamente por Pablo Daniel Escobar cumplir\u00e1 hoy con un cotejo amistoso por fecha FIFA en el estadio La Source de la ciudad francesa de Orleans frente al campe\u00f3n africano, Senegal, en lance que despierta expectativa mundial por los antecedentes del rival, que est\u00e1 clasificado para el mundial Q\u00e1tar 2023. [&hellip;]\" \/>\n<meta property=\"og:url\" content=\"https:\/\/www.eldiario.net\/portal\/2022\/09\/24\/bolivia-promete-no-achicarse-frente-a-los-campeones-de-africa\/\" \/>\n<meta property=\"og:site_name\" content=\"El Diario - Bolivia\" \/>\n<meta property=\"article:publisher\" content=\"https:\/\/www.facebook.com\/eldiario.bolivia\/\" \/>\n<meta property=\"article:published_time\" content=\"2022-09-24T10:16:43+00:00\" \/>\n<meta name=\"author\" content=\"Jeanette\" \/>\n<meta name=\"twitter:card\" content=\"summary_large_image\" \/>\n<meta name=\"twitter:creator\" content=\"@eldiario_net\" \/>\n<meta name=\"twitter:site\" content=\"@eldiario_net\" \/>\n<meta name=\"twitter:label1\" content=\"Escrito por\" \/>\n\t<meta name=\"twitter:data1\" content=\"Jeanette\" \/>\n\t<meta name=\"twitter:label2\" content=\"Tiempo de lectura\" \/>\n\t<meta name=\"twitter:data2\" content=\"2 minutos\" \/>\n<script type=\"application\/ld+json\" class=\"yoast-schema-graph\">{\"@context\":\"https:\\\/\\\/schema.org\",\"@graph\":[{\"@type\":\"Article\",\"@id\":\"https:\\\/\\\/www.eldiario.net\\\/portal\\\/2022\\\/09\\\/24\\\/bolivia-promete-no-achicarse-frente-a-los-campeones-de-africa\\\/#article\",\"isPartOf\":{\"@id\":\"https:\\\/\\\/www.eldiario.net\\\/portal\\\/2022\\\/09\\\/24\\\/bolivia-promete-no-achicarse-frente-a-los-campeones-de-africa\\\/\"},\"author\":{\"name\":\"Jeanette\",\"@id\":\"https:\\\/\\\/www.eldiario.net\\\/portal\\\/#\\\/schema\\\/person\\\/f46445640444750d7d753ccd04ae01b7\"},\"headline\":\"Bolivia promete no \u201cachicarse\u201d frente a los campeones de \u00c1frica\",\"datePublished\":\"2022-09-24T10:16:43+00:00\",\"mainEntityOfPage\":{\"@id\":\"https:\\\/\\\/www.eldiario.net\\\/portal\\\/2022\\\/09\\\/24\\\/bolivia-promete-no-achicarse-frente-a-los-campeones-de-africa\\\/\"},\"wordCount\":316,\"publisher\":{\"@id\":\"https:\\\/\\\/www.eldiario.net\\\/portal\\\/#organization\"},\"image\":{\"@id\":\"https:\\\/\\\/www.eldiario.net\\\/portal\\\/2022\\\/09\\\/24\\\/bolivia-promete-no-achicarse-frente-a-los-campeones-de-africa\\\/#primaryimage\"},\"thumbnailUrl\":\"\",\"articleSection\":[\"Deportes\"],\"inLanguage\":\"es\"},{\"@type\":\"WebPage\",\"@id\":\"https:\\\/\\\/www.eldiario.net\\\/portal\\\/2022\\\/09\\\/24\\\/bolivia-promete-no-achicarse-frente-a-los-campeones-de-africa\\\/\",\"url\":\"https:\\\/\\\/www.eldiario.net\\\/portal\\\/2022\\\/09\\\/24\\\/bolivia-promete-no-achicarse-frente-a-los-campeones-de-africa\\\/\",\"name\":\"Bolivia promete no \u201cachicarse\u201d frente a los campeones de \u00c1frica - El Diario - Bolivia\",\"isPartOf\":{\"@id\":\"https:\\\/\\\/www.eldiario.net\\\/portal\\\/#website\"},\"primaryImageOfPage\":{\"@id\":\"https:\\\/\\\/www.eldiario.net\\\/portal\\\/2022\\\/09\\\/24\\\/bolivia-promete-no-achicarse-frente-a-los-campeones-de-africa\\\/#primaryimage\"},\"image\":{\"@id\":\"https:\\\/\\\/www.eldiario.net\\\/portal\\\/2022\\\/09\\\/24\\\/bolivia-promete-no-achicarse-frente-a-los-campeones-de-africa\\\/#primaryimage\"},\"thumbnailUrl\":\"\",\"datePublished\":\"2022-09-24T10:16:43+00:00\",\"breadcrumb\":{\"@id\":\"https:\\\/\\\/www.eldiario.net\\\/portal\\\/2022\\\/09\\\/24\\\/bolivia-promete-no-achicarse-frente-a-los-campeones-de-africa\\\/#breadcrumb\"},\"inLanguage\":\"es\",\"potentialAction\":[{\"@type\":\"ReadAction\",\"target\":[\"https:\\\/\\\/www.eldiario.net\\\/portal\\\/2022\\\/09\\\/24\\\/bolivia-promete-no-achicarse-frente-a-los-campeones-de-africa\\\/\"]}]},{\"@type\":\"ImageObject\",\"inLanguage\":\"es\",\"@id\":\"https:\\\/\\\/www.eldiario.net\\\/portal\\\/2022\\\/09\\\/24\\\/bolivia-promete-no-achicarse-frente-a-los-campeones-de-africa\\\/#primaryimage\",\"url\":\"\",\"contentUrl\":\"\"},{\"@type\":\"BreadcrumbList\",\"@id\":\"https:\\\/\\\/www.eldiario.net\\\/portal\\\/2022\\\/09\\\/24\\\/bolivia-promete-no-achicarse-frente-a-los-campeones-de-africa\\\/#breadcrumb\",\"itemListElement\":[{\"@type\":\"ListItem\",\"position\":1,\"name\":\"Portada\",\"item\":\"https:\\\/\\\/www.eldiario.net\\\/portal\\\/\"},{\"@type\":\"ListItem\",\"position\":2,\"name\":\"Bolivia promete no \u201cachicarse\u201d frente a los campeones de \u00c1frica\"}]},{\"@type\":\"WebSite\",\"@id\":\"https:\\\/\\\/www.eldiario.net\\\/portal\\\/#website\",\"url\":\"https:\\\/\\\/www.eldiario.net\\\/portal\\\/\",\"name\":\"El Diario - Decano de la prensa nacional\",\"description\":\"El Diario - Decano de la prensa nacional\",\"publisher\":{\"@id\":\"https:\\\/\\\/www.eldiario.net\\\/portal\\\/#organization\"},\"potentialAction\":[{\"@type\":\"SearchAction\",\"target\":{\"@type\":\"EntryPoint\",\"urlTemplate\":\"https:\\\/\\\/www.eldiario.net\\\/portal\\\/?s={search_term_string}\"},\"query-input\":{\"@type\":\"PropertyValueSpecification\",\"valueRequired\":true,\"valueName\":\"search_term_string\"}}],\"inLanguage\":\"es\"},{\"@type\":\"Organization\",\"@id\":\"https:\\\/\\\/www.eldiario.net\\\/portal\\\/#organization\",\"name\":\"El Diario - Decano de la prensa nacional\",\"url\":\"https:\\\/\\\/www.eldiario.net\\\/portal\\\/\",\"logo\":{\"@type\":\"ImageObject\",\"inLanguage\":\"es\",\"@id\":\"https:\\\/\\\/www.eldiario.net\\\/portal\\\/#\\\/schema\\\/logo\\\/image\\\/\",\"url\":\"https:\\\/\\\/www.eldiario.net\\\/portal\\\/wp-content\\\/uploads\\\/2023\\\/07\\\/logo_ED.jpg\",\"contentUrl\":\"https:\\\/\\\/www.eldiario.net\\\/portal\\\/wp-content\\\/uploads\\\/2023\\\/07\\\/logo_ED.jpg\",\"width\":272,\"height\":52,\"caption\":\"El Diario - Decano de la prensa nacional\"},\"image\":{\"@id\":\"https:\\\/\\\/www.eldiario.net\\\/portal\\\/#\\\/schema\\\/logo\\\/image\\\/\"},\"sameAs\":[\"https:\\\/\\\/www.facebook.com\\\/eldiario.bolivia\\\/\",\"https:\\\/\\\/x.com\\\/eldiario_net\"]},{\"@type\":\"Person\",\"@id\":\"https:\\\/\\\/www.eldiario.net\\\/portal\\\/#\\\/schema\\\/person\\\/f46445640444750d7d753ccd04ae01b7\",\"name\":\"Jeanette\",\"image\":{\"@type\":\"ImageObject\",\"inLanguage\":\"es\",\"@id\":\"https:\\\/\\\/secure.gravatar.com\\\/avatar\\\/3ea2118a5f7dad2b7138b1187a6b7ee55f160b9968b66013c3a3ef39dd7e5798?s=96&d=mm&r=g\",\"url\":\"https:\\\/\\\/secure.gravatar.com\\\/avatar\\\/3ea2118a5f7dad2b7138b1187a6b7ee55f160b9968b66013c3a3ef39dd7e5798?s=96&d=mm&r=g\",\"contentUrl\":\"https:\\\/\\\/secure.gravatar.com\\\/avatar\\\/3ea2118a5f7dad2b7138b1187a6b7ee55f160b9968b66013c3a3ef39dd7e5798?s=96&d=mm&r=g\",\"caption\":\"Jeanette\"},\"sameAs\":[\"https:\\\/\\\/www.eldiario.net\\\/portal\"],\"url\":\"https:\\\/\\\/www.eldiario.net\\\/portal\\\/author\\\/jeanette\\\/\"}]}<\/script>\n<!-- \/ Yoast SEO plugin. -->","yoast_head_json":{"title":"Bolivia promete no \u201cachicarse\u201d frente a los campeones de \u00c1frica - El Diario - Bolivia","robots":{"index":"index","follow":"follow","max-snippet":"max-snippet:-1","max-image-preview":"max-image-preview:large","max-video-preview":"max-video-preview:-1"},"canonical":"https:\/\/www.eldiario.net\/portal\/2022\/09\/24\/bolivia-promete-no-achicarse-frente-a-los-campeones-de-africa\/","og_locale":"es_ES","og_type":"article","og_title":"Bolivia promete no \u201cachicarse\u201d frente a los campeones de \u00c1frica - El Diario - Bolivia","og_description":"La Selecci\u00f3n Boliviana de F\u00fatbol dirigida intenamente por Pablo Daniel Escobar cumplir\u00e1 hoy con un cotejo amistoso por fecha FIFA en el estadio La Source de la ciudad francesa de Orleans frente al campe\u00f3n africano, Senegal, en lance que despierta expectativa mundial por los antecedentes del rival, que est\u00e1 clasificado para el mundial Q\u00e1tar 2023. [&hellip;]","og_url":"https:\/\/www.eldiario.net\/portal\/2022\/09\/24\/bolivia-promete-no-achicarse-frente-a-los-campeones-de-africa\/","og_site_name":"El Diario - Bolivia","article_publisher":"https:\/\/www.facebook.com\/eldiario.bolivia\/","article_published_time":"2022-09-24T10:16:43+00:00","author":"Jeanette","twitter_card":"summary_large_image","twitter_creator":"@eldiario_net","twitter_site":"@eldiario_net","twitter_misc":{"Escrito por":"Jeanette","Tiempo de lectura":"2 minutos"},"schema":{"@context":"https:\/\/schema.org","@graph":[{"@type":"Article","@id":"https:\/\/www.eldiario.net\/portal\/2022\/09\/24\/bolivia-promete-no-achicarse-frente-a-los-campeones-de-africa\/#article","isPartOf":{"@id":"https:\/\/www.eldiario.net\/portal\/2022\/09\/24\/bolivia-promete-no-achicarse-frente-a-los-campeones-de-africa\/"},"author":{"name":"Jeanette","@id":"https:\/\/www.eldiario.net\/portal\/#\/schema\/person\/f46445640444750d7d753ccd04ae01b7"},"headline":"Bolivia promete no \u201cachicarse\u201d frente a los campeones de \u00c1frica","datePublished":"2022-09-24T10:16:43+00:00","mainEntityOfPage":{"@id":"https:\/\/www.eldiario.net\/portal\/2022\/09\/24\/bolivia-promete-no-achicarse-frente-a-los-campeones-de-africa\/"},"wordCount":316,"publisher":{"@id":"https:\/\/www.eldiario.net\/portal\/#organization"},"image":{"@id":"https:\/\/www.eldiario.net\/portal\/2022\/09\/24\/bolivia-promete-no-achicarse-frente-a-los-campeones-de-africa\/#primaryimage"},"thumbnailUrl":"","articleSection":["Deportes"],"inLanguage":"es"},{"@type":"WebPage","@id":"https:\/\/www.eldiario.net\/portal\/2022\/09\/24\/bolivia-promete-no-achicarse-frente-a-los-campeones-de-africa\/","url":"https:\/\/www.eldiario.net\/portal\/2022\/09\/24\/bolivia-promete-no-achicarse-frente-a-los-campeones-de-africa\/","name":"Bolivia promete no \u201cachicarse\u201d frente a los campeones de \u00c1frica - El Diario - Bolivia","isPartOf":{"@id":"https:\/\/www.eldiario.net\/portal\/#website"},"primaryImageOfPage":{"@id":"https:\/\/www.eldiario.net\/portal\/2022\/09\/24\/bolivia-promete-no-achicarse-frente-a-los-campeones-de-africa\/#primaryimage"},"image":{"@id":"https:\/\/www.eldiario.net\/portal\/2022\/09\/24\/bolivia-promete-no-achicarse-frente-a-los-campeones-de-africa\/#primaryimage"},"thumbnailUrl":"","datePublished":"2022-09-24T10:16:43+00:00","breadcrumb":{"@id":"https:\/\/www.eldiario.net\/portal\/2022\/09\/24\/bolivia-promete-no-achicarse-frente-a-los-campeones-de-africa\/#breadcrumb"},"inLanguage":"es","potentialAction":[{"@type":"ReadAction","target":["https:\/\/www.eldiario.net\/portal\/2022\/09\/24\/bolivia-promete-no-achicarse-frente-a-los-campeones-de-africa\/"]}]},{"@type":"ImageObject","inLanguage":"es","@id":"https:\/\/www.eldiario.net\/portal\/2022\/09\/24\/bolivia-promete-no-achicarse-frente-a-los-campeones-de-africa\/#primaryimage","url":"","contentUrl":""},{"@type":"BreadcrumbList","@id":"https:\/\/www.eldiario.net\/portal\/2022\/09\/24\/bolivia-promete-no-achicarse-frente-a-los-campeones-de-africa\/#breadcrumb","itemListElement":[{"@type":"ListItem","position":1,"name":"Portada","item":"https:\/\/www.eldiario.net\/portal\/"},{"@type":"ListItem","position":2,"name":"Bolivia promete no \u201cachicarse\u201d frente a los campeones de \u00c1frica"}]},{"@type":"WebSite","@id":"https:\/\/www.eldiario.net\/portal\/#website","url":"https:\/\/www.eldiario.net\/portal\/","name":"El Diario - Decano de la prensa nacional","description":"El Diario - Decano de la prensa nacional","publisher":{"@id":"https:\/\/www.eldiario.net\/portal\/#organization"},"potentialAction":[{"@type":"SearchAction","target":{"@type":"EntryPoint","urlTemplate":"https:\/\/www.eldiario.net\/portal\/?s={search_term_string}"},"query-input":{"@type":"PropertyValueSpecification","valueRequired":true,"valueName":"search_term_string"}}],"inLanguage":"es"},{"@type":"Organization","@id":"https:\/\/www.eldiario.net\/portal\/#organization","name":"El Diario - Decano de la prensa nacional","url":"https:\/\/www.eldiario.net\/portal\/","logo":{"@type":"ImageObject","inLanguage":"es","@id":"https:\/\/www.eldiario.net\/portal\/#\/schema\/logo\/image\/","url":"https:\/\/www.eldiario.net\/portal\/wp-content\/uploads\/2023\/07\/logo_ED.jpg","contentUrl":"https:\/\/www.eldiario.net\/portal\/wp-content\/uploads\/2023\/07\/logo_ED.jpg","width":272,"height":52,"caption":"El Diario - Decano de la prensa nacional"},"image":{"@id":"https:\/\/www.eldiario.net\/portal\/#\/schema\/logo\/image\/"},"sameAs":["https:\/\/www.facebook.com\/eldiario.bolivia\/","https:\/\/x.com\/eldiario_net"]},{"@type":"Person","@id":"https:\/\/www.eldiario.net\/portal\/#\/schema\/person\/f46445640444750d7d753ccd04ae01b7","name":"Jeanette","image":{"@type":"ImageObject","inLanguage":"es","@id":"https:\/\/secure.gravatar.com\/avatar\/3ea2118a5f7dad2b7138b1187a6b7ee55f160b9968b66013c3a3ef39dd7e5798?s=96&d=mm&r=g","url":"https:\/\/secure.gravatar.com\/avatar\/3ea2118a5f7dad2b7138b1187a6b7ee55f160b9968b66013c3a3ef39dd7e5798?s=96&d=mm&r=g","contentUrl":"https:\/\/secure.gravatar.com\/avatar\/3ea2118a5f7dad2b7138b1187a6b7ee55f160b9968b66013c3a3ef39dd7e5798?s=96&d=mm&r=g","caption":"Jeanette"},"sameAs":["https:\/\/www.eldiario.net\/portal"],"url":"https:\/\/www.eldiario.net\/portal\/author\/jeanette\/"}]}},"_links":{"self":[{"href":"https:\/\/www.eldiario.net\/portal\/wp-json\/wp\/v2\/posts\/112782","targetHints":{"allow":["GET"]}}],"collection":[{"href":"https:\/\/www.eldiario.net\/portal\/wp-json\/wp\/v2\/posts"}],"about":[{"href":"https:\/\/www.eldiario.net\/portal\/wp-json\/wp\/v2\/types\/post"}],"author":[{"embeddable":true,"href":"https:\/\/www.eldiario.net\/portal\/wp-json\/wp\/v2\/users\/1"}],"replies":[{"embeddable":true,"href":"https:\/\/www.eldiario.net\/portal\/wp-json\/wp\/v2\/comments?post=112782"}],"version-history":[{"count":0,"href":"https:\/\/www.eldiario.net\/portal\/wp-json\/wp\/v2\/posts\/112782\/revisions"}],"wp:attachment":[{"href":"https:\/\/www.eldiario.net\/portal\/wp-json\/wp\/v2\/media?parent=112782"}],"wp:term":[{"taxonomy":"category","embeddable":true,"href":"https:\/\/www.eldiario.net\/portal\/wp-json\/wp\/v2\/categories?post=112782"},{"taxonomy":"post_tag","embeddable":true,"href":"https:\/\/www.eldiario.net\/portal\/wp-json\/wp\/v2\/tags?post=112782"}],"curies":[{"name":"wp","href":"https:\/\/api.w.org\/{rel}","templated":true}]}}