{"id":112676,"date":"2022-09-24T05:40:17","date_gmt":"2022-09-24T09:40:17","guid":{"rendered":"https:\/\/www.eldiario.net\/portal\/?p=112676"},"modified":"2022-09-24T05:40:17","modified_gmt":"2022-09-24T09:40:17","slug":"cuceb-piloto","status":"publish","type":"post","link":"https:\/\/www.eldiario.net\/portal\/2022\/09\/24\/cuceb-piloto\/","title":{"rendered":"Cuceb Piloto"},"content":{"rendered":"<p>Cada generaci\u00f3n tiene su voz y, Cuceb Piloto, en definitiva, es la voz una nueva generaci\u00f3n del rock mexicano. Adem\u00e1s de todo su trabajo en solitarios, fund\u00f3 una importante banda como es \u201cMir\u00f3\u201d y actualmente tiene una s\u00f3lida carrera como solista. En esta exclusiva para Cvltvral conocemos m\u00e1s de este gran artista de mano de Rodrigo Bernal&#8230; sean todos bienvenidos al show.<\/p>\n<p><strong>\u00bfCu\u00e1l fue el detonante que despert\u00f3 tu musicalidad?<\/strong><br \/>\nDesde chiquitito. Mi madre es s\u00faper mel\u00f3mana y escuchaba toda clase de discos todo el santo d\u00eda. Tambi\u00e9n hab\u00eda una estaci\u00f3n de radio llamada \u201cRadio Educaci\u00f3n\u201d, no s\u00e9 si escuchaba en otros pa\u00edses, y sonaba todas las ma\u00f1anas en mi casa. Me acuerdo mucho que una de las la locutoras de esa estaci\u00f3n se llamaba Mayte y a m\u00ed me encantaba escuchar la voz de esa mujer porque aparte de que ten\u00eda una voz muy dulce, pon\u00eda canciones muy padres. Luego, mientras iba pasando el d\u00eda, estando con mi madre, era estar escuchando desde Silvio Rodr\u00edguez hasta \u201cThe Doors\u201d, \u201c Queen\u201d.<\/p>\n<p><strong>\u00bfCu\u00e1ndo encontraste tu voz, c\u00f3mo la educaste y c\u00f3mo te sientes con ella?<\/strong><br \/>\nBueno, a partir de toda esta m\u00fasica empez\u00f3 a surgir obviamente, sin que yo lo supiera, como una semilla que se abri\u00f3 dentro de mi organismo y fue creciendo con much\u00edsimas ramas, esa voz en m\u00ed de cantar. Tambi\u00e9n ve\u00eda a mi madre estar cantando y entonces, conforme fue pasando el tiempo, todo eso yo lo ve\u00eda como una manera de expresar diferentes sensaciones\u2026 simplemente como un juego. Por otro lado, al reencontrarme con mi hermano y abrazarlo, era como si yo hubiera abrazado la m\u00fasica para siempre. \u00c9l ten\u00eda una manera de expresarse diferente y era m\u00fasico.<\/p>\n<p><strong>\u00bfC\u00f3mo encontraste tu voz y tu tono como cantante?<\/strong><br \/>\nA m\u00ed me toc\u00f3 de primera mano ir a escuchar \u201cAudioslave\u201d y escuche a Chris Cornell y empec\u00e9 a escuchar a estos iconos del \u201cGrunge\u201d, y ah\u00ed fue cuando dije que eso era lo m\u00edo. Me gustaba much\u00edsimo c\u00f3mo canta Axl Rose tambi\u00e9n, estas voces que expresaban de cierta manera un enojo, un dolor\u2026 eso me llam\u00f3 mucho la atenci\u00f3n y comenc\u00e9 a hacerme mi camino. Obviamente, al principio lo que hice fue imitarlos, y poco a poco fui encontrando la media entre lo que yo admiraba y entre lo que yo era.<\/p>\n<p><strong>\u00bfCu\u00e1les fueron tus primeros pasos en tu estudio formal musical?<\/strong><br \/>\nEn cuanto supe tocar cuatro acordes comenc\u00e9 a hacer una canci\u00f3n y esa canci\u00f3n se convirti\u00f3 en \u201cAf\u00e9rrate\u201d; fue la primera rola que escrib\u00ed y ligado a eso en todo mi proceso humano estaba harto de la escuela. No ten\u00eda ganas de seguir asistiendo a la secundaria y ya me escapaba una o dos veces a la semana a tocar. Entonces entr\u00e9 a una escuela que se llama \u201cSedart\u201d que es del \u201cImba\u201d de bellas artes, que era una prepa con artes. Logro entrar y lo primero que conozco es a alguien id\u00e9ntico a m\u00ed; que ten\u00eda las mismas aspiraciones como es \u201cPepe\u201d Muci\u00f1o que tambi\u00e9n es cantante y guitarrista y hace folclore; es uno de mis artistas favoritos tambi\u00e9n, es mi hombro en todas las batalla art\u00edsticas que he tenido.<\/p>\n<p><strong>\u201cMir\u00f3\u201d es una prometedora banda del llamado nuevo rock mexicano \u00bfC\u00f3mo fue su inicio?<\/strong><br \/>\nDami\u00e1n, baterista, y Alfie, primer bajista de \u201cMir\u00f3\u201d, tocaban con una banda que se llamaba \u201cBotas Negras\u201d con Claudio, el cantante de \u201cRadio Kaos\u201d y, de pronto, se separan y se quedan sin cantante y yo me separ\u00e9 de la banda con la que tocaba covers. De la nada, llegan Dami\u00e1n y Alfredo, dos m\u00fasicos que ya hab\u00eda escuchado tocar, que llevaban m\u00e1s tiempo tocando, entonces me acerco a ellos, empiezo a practicar cantar y tocar la guitarra junto con ellos y empieza a funcionar y darnos m\u00e1s dinero; empezamos a sentirnos c\u00f3modos<\/p>\n<p><strong>\u00bfC\u00f3mo se gest\u00f3 el primer \u00e1lbum y su encuentro con el reconocido productor EttorGrenci (el cual trabaj\u00f3 con Natalia Lafourcade hasta Alejandra Guzm\u00e1n, entre muchos)?<\/strong><br \/>\nEmpieza un juego medio maquiav\u00e9lico de empezar a llamar a varios productores que conoc\u00eda de la ciudad, le escribi\u00f3 a toda clase de productores y conocemos a Ettore Grenci que le encant\u00f3 el proyecto y se interes\u00f3 en trabajar con nosotros. Entonces nos metimos un a\u00f1o a un peque\u00f1o estudio que yo arm\u00e9 en mi casita, nos metimos un a\u00f1o a componer juntos, con un par de canciones que yo ten\u00eda que eran \u201cAf\u00e9rrate\u201d y \u201cSecretos\u201d que son del primer disco.<\/p>\n<p><strong>\u00bfCu\u00e1l fue su experiencia en grabar en el m\u00edtico \u201cSonic Ranch Studio\u201d en Texas y firmar con una disquera transnacional?<\/strong><br \/>\nYa cuando ten\u00edamos suficiente material, Ettore nos empieza a platicar; yo trabajo en este lugar que se llama \u201cSonic Ranch\u201d y era una locura, todo estaba pasando muy r\u00e1pido, y s\u00faper incre\u00edble y encontramos un buen amigo, Mauricio S\u00e1nchez, quien nos apoy\u00f3 con el primer dinero para irnos a grabar la primera parte de lo que ser\u00eda el primer disco de \u201cMir\u00f3\u201d. Entonces nos vamos a \u201cSonic Ranch\u201d a grabar con Ettore, y llegamos a un estudio incre\u00edble de estos de historia de Hollywood y empezamos a grabar. Para m\u00ed, as\u00ed como fue disfrutable, tambi\u00e9n fue abrumador, era much\u00edsima informaci\u00f3n, much\u00edsimo equipo incre\u00edble. Ettore ya ten\u00eda conexiones con disqueras y va, y le muestra nuestro material a los de EMI, y coincide que estaban buscando m\u00fasica para una serie, que en ese momento iban a sacar, hacen el \u201cscouting\u201d, escuchan el EP que hab\u00edamos grabado, y dicen est\u00e1 banda es perfecta para la banda sonora de la serie \u201cBienvenida realidad\u201d y de esa forma nos firma la disquera.<\/p>\n<p><strong>En la actualidad, desde la independencia tienes una prometedora carrera como solista, qu\u00e9 sientes al respecto?<\/strong><br \/>\nAhora siento que por la simple necesidad de crear arte. Es completamente diferente a tener que hacerlo a la forma independiente, ahora puedo meterme al estudio cuando sienta en el alma querer cantar una canci\u00f3n.<\/p>\n<p><strong>\u00bfUnas palabras para la gente de Bolivia?<\/strong><br \/>\nA toda la gente de Bolivia los invito con toda mi alma y mi coraz\u00f3n a que escuchen este nuevo proyecto que estoy lanzando, que ya lo pueden escuchar en todas las plataformas que se llama \u201cManicomio\u201d. Es un placer poderles regalar esta m\u00fasica que nace de lo profundo de mi alma y poderla compartir con ustedes. Les mando un abrazo fuert\u00edsimo y les digo que sigan leyendo much\u00edsimo y que no crean todo lo que en las redes sociales se habla o se dice. Siempre cuestionen cualquier cosa que les llegue de informaci\u00f3n; muchas veces no suele tener un fundamento en la realidad. Con mucha pasi\u00f3n les digo que se sigan abrazando a los medios impresos y tambi\u00e9n a los libros. Cito a Mike Tyson \u201cun cuarto sin un libro, es como un cuerpo sin alma\u201d.<\/p>\n","protected":false},"excerpt":{"rendered":"<p>Cada generaci\u00f3n tiene su voz y, Cuceb Piloto, en definitiva, es la voz una nueva generaci\u00f3n del rock mexicano. Adem\u00e1s de todo su trabajo en solitarios, fund\u00f3 una importante banda como es \u201cMir\u00f3\u201d y actualmente tiene una s\u00f3lida carrera como solista. En esta exclusiva para Cvltvral conocemos m\u00e1s de este gran artista de mano de [&hellip;]<\/p>\n","protected":false},"author":1,"featured_media":112677,"comment_status":"closed","ping_status":"closed","sticky":false,"template":"","format":"standard","meta":{"_acf_changed":false,"footnotes":""},"categories":[8],"tags":[],"class_list":["post-112676","post","type-post","status-publish","format-standard","has-post-thumbnail","category-cultural"],"acf":{"antetitulo":""},"yoast_head":"<!-- This site is optimized with the Yoast SEO plugin v28.3 - https:\/\/yoast.com\/product\/yoast-seo-wordpress\/ -->\n<title>Cuceb Piloto - El Diario - Bolivia<\/title>\n<meta name=\"robots\" content=\"index, follow, max-snippet:-1, max-image-preview:large, max-video-preview:-1\" \/>\n<link rel=\"canonical\" href=\"https:\/\/www.eldiario.net\/portal\/2022\/09\/24\/cuceb-piloto\/\" \/>\n<meta property=\"og:locale\" content=\"es_ES\" \/>\n<meta property=\"og:type\" content=\"article\" \/>\n<meta property=\"og:title\" content=\"Cuceb Piloto - El Diario - Bolivia\" \/>\n<meta property=\"og:description\" content=\"Cada generaci\u00f3n tiene su voz y, Cuceb Piloto, en definitiva, es la voz una nueva generaci\u00f3n del rock mexicano. Adem\u00e1s de todo su trabajo en solitarios, fund\u00f3 una importante banda como es \u201cMir\u00f3\u201d y actualmente tiene una s\u00f3lida carrera como solista. En esta exclusiva para Cvltvral conocemos m\u00e1s de este gran artista de mano de [&hellip;]\" \/>\n<meta property=\"og:url\" content=\"https:\/\/www.eldiario.net\/portal\/2022\/09\/24\/cuceb-piloto\/\" \/>\n<meta property=\"og:site_name\" content=\"El Diario - Bolivia\" \/>\n<meta property=\"article:publisher\" content=\"https:\/\/www.facebook.com\/eldiario.bolivia\/\" \/>\n<meta property=\"article:published_time\" content=\"2022-09-24T09:40:17+00:00\" \/>\n<meta property=\"og:image\" content=\"https:\/\/www.eldiario.net\/portal\/wp-content\/uploads\/2022\/09\/FB_IMG_1663846581608-scaled-1.jpg\" \/>\n\t<meta property=\"og:image:width\" content=\"2560\" \/>\n\t<meta property=\"og:image:height\" content=\"2560\" \/>\n\t<meta property=\"og:image:type\" content=\"image\/jpeg\" \/>\n<meta name=\"author\" content=\"Jeanette\" \/>\n<meta name=\"twitter:card\" content=\"summary_large_image\" \/>\n<meta name=\"twitter:creator\" content=\"@eldiario_net\" \/>\n<meta name=\"twitter:site\" content=\"@eldiario_net\" \/>\n<meta name=\"twitter:label1\" content=\"Escrito por\" \/>\n\t<meta name=\"twitter:data1\" content=\"Jeanette\" \/>\n\t<meta name=\"twitter:label2\" content=\"Tiempo de lectura\" \/>\n\t<meta name=\"twitter:data2\" content=\"6 minutos\" \/>\n<script type=\"application\/ld+json\" class=\"yoast-schema-graph\">{\"@context\":\"https:\\\/\\\/schema.org\",\"@graph\":[{\"@type\":\"Article\",\"@id\":\"https:\\\/\\\/www.eldiario.net\\\/portal\\\/2022\\\/09\\\/24\\\/cuceb-piloto\\\/#article\",\"isPartOf\":{\"@id\":\"https:\\\/\\\/www.eldiario.net\\\/portal\\\/2022\\\/09\\\/24\\\/cuceb-piloto\\\/\"},\"author\":{\"name\":\"Jeanette\",\"@id\":\"https:\\\/\\\/www.eldiario.net\\\/portal\\\/#\\\/schema\\\/person\\\/f46445640444750d7d753ccd04ae01b7\"},\"headline\":\"Cuceb Piloto\",\"datePublished\":\"2022-09-24T09:40:17+00:00\",\"mainEntityOfPage\":{\"@id\":\"https:\\\/\\\/www.eldiario.net\\\/portal\\\/2022\\\/09\\\/24\\\/cuceb-piloto\\\/\"},\"wordCount\":1212,\"publisher\":{\"@id\":\"https:\\\/\\\/www.eldiario.net\\\/portal\\\/#organization\"},\"image\":{\"@id\":\"https:\\\/\\\/www.eldiario.net\\\/portal\\\/2022\\\/09\\\/24\\\/cuceb-piloto\\\/#primaryimage\"},\"thumbnailUrl\":\"https:\\\/\\\/www.eldiario.net\\\/portal\\\/wp-content\\\/uploads\\\/2022\\\/09\\\/FB_IMG_1663846581608-scaled-1.jpg\",\"articleSection\":[\"Cultural\"],\"inLanguage\":\"es\"},{\"@type\":\"WebPage\",\"@id\":\"https:\\\/\\\/www.eldiario.net\\\/portal\\\/2022\\\/09\\\/24\\\/cuceb-piloto\\\/\",\"url\":\"https:\\\/\\\/www.eldiario.net\\\/portal\\\/2022\\\/09\\\/24\\\/cuceb-piloto\\\/\",\"name\":\"Cuceb Piloto - El Diario - Bolivia\",\"isPartOf\":{\"@id\":\"https:\\\/\\\/www.eldiario.net\\\/portal\\\/#website\"},\"primaryImageOfPage\":{\"@id\":\"https:\\\/\\\/www.eldiario.net\\\/portal\\\/2022\\\/09\\\/24\\\/cuceb-piloto\\\/#primaryimage\"},\"image\":{\"@id\":\"https:\\\/\\\/www.eldiario.net\\\/portal\\\/2022\\\/09\\\/24\\\/cuceb-piloto\\\/#primaryimage\"},\"thumbnailUrl\":\"https:\\\/\\\/www.eldiario.net\\\/portal\\\/wp-content\\\/uploads\\\/2022\\\/09\\\/FB_IMG_1663846581608-scaled-1.jpg\",\"datePublished\":\"2022-09-24T09:40:17+00:00\",\"breadcrumb\":{\"@id\":\"https:\\\/\\\/www.eldiario.net\\\/portal\\\/2022\\\/09\\\/24\\\/cuceb-piloto\\\/#breadcrumb\"},\"inLanguage\":\"es\",\"potentialAction\":[{\"@type\":\"ReadAction\",\"target\":[\"https:\\\/\\\/www.eldiario.net\\\/portal\\\/2022\\\/09\\\/24\\\/cuceb-piloto\\\/\"]}]},{\"@type\":\"ImageObject\",\"inLanguage\":\"es\",\"@id\":\"https:\\\/\\\/www.eldiario.net\\\/portal\\\/2022\\\/09\\\/24\\\/cuceb-piloto\\\/#primaryimage\",\"url\":\"https:\\\/\\\/www.eldiario.net\\\/portal\\\/wp-content\\\/uploads\\\/2022\\\/09\\\/FB_IMG_1663846581608-scaled-1.jpg\",\"contentUrl\":\"https:\\\/\\\/www.eldiario.net\\\/portal\\\/wp-content\\\/uploads\\\/2022\\\/09\\\/FB_IMG_1663846581608-scaled-1.jpg\",\"width\":2560,\"height\":2560},{\"@type\":\"BreadcrumbList\",\"@id\":\"https:\\\/\\\/www.eldiario.net\\\/portal\\\/2022\\\/09\\\/24\\\/cuceb-piloto\\\/#breadcrumb\",\"itemListElement\":[{\"@type\":\"ListItem\",\"position\":1,\"name\":\"Portada\",\"item\":\"https:\\\/\\\/www.eldiario.net\\\/portal\\\/\"},{\"@type\":\"ListItem\",\"position\":2,\"name\":\"Cuceb Piloto\"}]},{\"@type\":\"WebSite\",\"@id\":\"https:\\\/\\\/www.eldiario.net\\\/portal\\\/#website\",\"url\":\"https:\\\/\\\/www.eldiario.net\\\/portal\\\/\",\"name\":\"El Diario - Decano de la prensa nacional\",\"description\":\"El Diario - Decano de la prensa nacional\",\"publisher\":{\"@id\":\"https:\\\/\\\/www.eldiario.net\\\/portal\\\/#organization\"},\"potentialAction\":[{\"@type\":\"SearchAction\",\"target\":{\"@type\":\"EntryPoint\",\"urlTemplate\":\"https:\\\/\\\/www.eldiario.net\\\/portal\\\/?s={search_term_string}\"},\"query-input\":{\"@type\":\"PropertyValueSpecification\",\"valueRequired\":true,\"valueName\":\"search_term_string\"}}],\"inLanguage\":\"es\"},{\"@type\":\"Organization\",\"@id\":\"https:\\\/\\\/www.eldiario.net\\\/portal\\\/#organization\",\"name\":\"El Diario - Decano de la prensa nacional\",\"url\":\"https:\\\/\\\/www.eldiario.net\\\/portal\\\/\",\"logo\":{\"@type\":\"ImageObject\",\"inLanguage\":\"es\",\"@id\":\"https:\\\/\\\/www.eldiario.net\\\/portal\\\/#\\\/schema\\\/logo\\\/image\\\/\",\"url\":\"https:\\\/\\\/www.eldiario.net\\\/portal\\\/wp-content\\\/uploads\\\/2023\\\/07\\\/logo_ED.jpg\",\"contentUrl\":\"https:\\\/\\\/www.eldiario.net\\\/portal\\\/wp-content\\\/uploads\\\/2023\\\/07\\\/logo_ED.jpg\",\"width\":272,\"height\":52,\"caption\":\"El Diario - Decano de la prensa nacional\"},\"image\":{\"@id\":\"https:\\\/\\\/www.eldiario.net\\\/portal\\\/#\\\/schema\\\/logo\\\/image\\\/\"},\"sameAs\":[\"https:\\\/\\\/www.facebook.com\\\/eldiario.bolivia\\\/\",\"https:\\\/\\\/x.com\\\/eldiario_net\"]},{\"@type\":\"Person\",\"@id\":\"https:\\\/\\\/www.eldiario.net\\\/portal\\\/#\\\/schema\\\/person\\\/f46445640444750d7d753ccd04ae01b7\",\"name\":\"Jeanette\",\"image\":{\"@type\":\"ImageObject\",\"inLanguage\":\"es\",\"@id\":\"https:\\\/\\\/secure.gravatar.com\\\/avatar\\\/3ea2118a5f7dad2b7138b1187a6b7ee55f160b9968b66013c3a3ef39dd7e5798?s=96&d=mm&r=g\",\"url\":\"https:\\\/\\\/secure.gravatar.com\\\/avatar\\\/3ea2118a5f7dad2b7138b1187a6b7ee55f160b9968b66013c3a3ef39dd7e5798?s=96&d=mm&r=g\",\"contentUrl\":\"https:\\\/\\\/secure.gravatar.com\\\/avatar\\\/3ea2118a5f7dad2b7138b1187a6b7ee55f160b9968b66013c3a3ef39dd7e5798?s=96&d=mm&r=g\",\"caption\":\"Jeanette\"},\"sameAs\":[\"https:\\\/\\\/www.eldiario.net\\\/portal\"],\"url\":\"https:\\\/\\\/www.eldiario.net\\\/portal\\\/author\\\/jeanette\\\/\"}]}<\/script>\n<!-- \/ Yoast SEO plugin. -->","yoast_head_json":{"title":"Cuceb Piloto - El Diario - Bolivia","robots":{"index":"index","follow":"follow","max-snippet":"max-snippet:-1","max-image-preview":"max-image-preview:large","max-video-preview":"max-video-preview:-1"},"canonical":"https:\/\/www.eldiario.net\/portal\/2022\/09\/24\/cuceb-piloto\/","og_locale":"es_ES","og_type":"article","og_title":"Cuceb Piloto - El Diario - Bolivia","og_description":"Cada generaci\u00f3n tiene su voz y, Cuceb Piloto, en definitiva, es la voz una nueva generaci\u00f3n del rock mexicano. Adem\u00e1s de todo su trabajo en solitarios, fund\u00f3 una importante banda como es \u201cMir\u00f3\u201d y actualmente tiene una s\u00f3lida carrera como solista. En esta exclusiva para Cvltvral conocemos m\u00e1s de este gran artista de mano de [&hellip;]","og_url":"https:\/\/www.eldiario.net\/portal\/2022\/09\/24\/cuceb-piloto\/","og_site_name":"El Diario - Bolivia","article_publisher":"https:\/\/www.facebook.com\/eldiario.bolivia\/","article_published_time":"2022-09-24T09:40:17+00:00","og_image":[{"width":2560,"height":2560,"url":"https:\/\/www.eldiario.net\/portal\/wp-content\/uploads\/2022\/09\/FB_IMG_1663846581608-scaled-1.jpg","type":"image\/jpeg"}],"author":"Jeanette","twitter_card":"summary_large_image","twitter_creator":"@eldiario_net","twitter_site":"@eldiario_net","twitter_misc":{"Escrito por":"Jeanette","Tiempo de lectura":"6 minutos"},"schema":{"@context":"https:\/\/schema.org","@graph":[{"@type":"Article","@id":"https:\/\/www.eldiario.net\/portal\/2022\/09\/24\/cuceb-piloto\/#article","isPartOf":{"@id":"https:\/\/www.eldiario.net\/portal\/2022\/09\/24\/cuceb-piloto\/"},"author":{"name":"Jeanette","@id":"https:\/\/www.eldiario.net\/portal\/#\/schema\/person\/f46445640444750d7d753ccd04ae01b7"},"headline":"Cuceb Piloto","datePublished":"2022-09-24T09:40:17+00:00","mainEntityOfPage":{"@id":"https:\/\/www.eldiario.net\/portal\/2022\/09\/24\/cuceb-piloto\/"},"wordCount":1212,"publisher":{"@id":"https:\/\/www.eldiario.net\/portal\/#organization"},"image":{"@id":"https:\/\/www.eldiario.net\/portal\/2022\/09\/24\/cuceb-piloto\/#primaryimage"},"thumbnailUrl":"https:\/\/www.eldiario.net\/portal\/wp-content\/uploads\/2022\/09\/FB_IMG_1663846581608-scaled-1.jpg","articleSection":["Cultural"],"inLanguage":"es"},{"@type":"WebPage","@id":"https:\/\/www.eldiario.net\/portal\/2022\/09\/24\/cuceb-piloto\/","url":"https:\/\/www.eldiario.net\/portal\/2022\/09\/24\/cuceb-piloto\/","name":"Cuceb Piloto - El Diario - Bolivia","isPartOf":{"@id":"https:\/\/www.eldiario.net\/portal\/#website"},"primaryImageOfPage":{"@id":"https:\/\/www.eldiario.net\/portal\/2022\/09\/24\/cuceb-piloto\/#primaryimage"},"image":{"@id":"https:\/\/www.eldiario.net\/portal\/2022\/09\/24\/cuceb-piloto\/#primaryimage"},"thumbnailUrl":"https:\/\/www.eldiario.net\/portal\/wp-content\/uploads\/2022\/09\/FB_IMG_1663846581608-scaled-1.jpg","datePublished":"2022-09-24T09:40:17+00:00","breadcrumb":{"@id":"https:\/\/www.eldiario.net\/portal\/2022\/09\/24\/cuceb-piloto\/#breadcrumb"},"inLanguage":"es","potentialAction":[{"@type":"ReadAction","target":["https:\/\/www.eldiario.net\/portal\/2022\/09\/24\/cuceb-piloto\/"]}]},{"@type":"ImageObject","inLanguage":"es","@id":"https:\/\/www.eldiario.net\/portal\/2022\/09\/24\/cuceb-piloto\/#primaryimage","url":"https:\/\/www.eldiario.net\/portal\/wp-content\/uploads\/2022\/09\/FB_IMG_1663846581608-scaled-1.jpg","contentUrl":"https:\/\/www.eldiario.net\/portal\/wp-content\/uploads\/2022\/09\/FB_IMG_1663846581608-scaled-1.jpg","width":2560,"height":2560},{"@type":"BreadcrumbList","@id":"https:\/\/www.eldiario.net\/portal\/2022\/09\/24\/cuceb-piloto\/#breadcrumb","itemListElement":[{"@type":"ListItem","position":1,"name":"Portada","item":"https:\/\/www.eldiario.net\/portal\/"},{"@type":"ListItem","position":2,"name":"Cuceb Piloto"}]},{"@type":"WebSite","@id":"https:\/\/www.eldiario.net\/portal\/#website","url":"https:\/\/www.eldiario.net\/portal\/","name":"El Diario - Decano de la prensa nacional","description":"El Diario - Decano de la prensa nacional","publisher":{"@id":"https:\/\/www.eldiario.net\/portal\/#organization"},"potentialAction":[{"@type":"SearchAction","target":{"@type":"EntryPoint","urlTemplate":"https:\/\/www.eldiario.net\/portal\/?s={search_term_string}"},"query-input":{"@type":"PropertyValueSpecification","valueRequired":true,"valueName":"search_term_string"}}],"inLanguage":"es"},{"@type":"Organization","@id":"https:\/\/www.eldiario.net\/portal\/#organization","name":"El Diario - Decano de la prensa nacional","url":"https:\/\/www.eldiario.net\/portal\/","logo":{"@type":"ImageObject","inLanguage":"es","@id":"https:\/\/www.eldiario.net\/portal\/#\/schema\/logo\/image\/","url":"https:\/\/www.eldiario.net\/portal\/wp-content\/uploads\/2023\/07\/logo_ED.jpg","contentUrl":"https:\/\/www.eldiario.net\/portal\/wp-content\/uploads\/2023\/07\/logo_ED.jpg","width":272,"height":52,"caption":"El Diario - Decano de la prensa nacional"},"image":{"@id":"https:\/\/www.eldiario.net\/portal\/#\/schema\/logo\/image\/"},"sameAs":["https:\/\/www.facebook.com\/eldiario.bolivia\/","https:\/\/x.com\/eldiario_net"]},{"@type":"Person","@id":"https:\/\/www.eldiario.net\/portal\/#\/schema\/person\/f46445640444750d7d753ccd04ae01b7","name":"Jeanette","image":{"@type":"ImageObject","inLanguage":"es","@id":"https:\/\/secure.gravatar.com\/avatar\/3ea2118a5f7dad2b7138b1187a6b7ee55f160b9968b66013c3a3ef39dd7e5798?s=96&d=mm&r=g","url":"https:\/\/secure.gravatar.com\/avatar\/3ea2118a5f7dad2b7138b1187a6b7ee55f160b9968b66013c3a3ef39dd7e5798?s=96&d=mm&r=g","contentUrl":"https:\/\/secure.gravatar.com\/avatar\/3ea2118a5f7dad2b7138b1187a6b7ee55f160b9968b66013c3a3ef39dd7e5798?s=96&d=mm&r=g","caption":"Jeanette"},"sameAs":["https:\/\/www.eldiario.net\/portal"],"url":"https:\/\/www.eldiario.net\/portal\/author\/jeanette\/"}]}},"_links":{"self":[{"href":"https:\/\/www.eldiario.net\/portal\/wp-json\/wp\/v2\/posts\/112676","targetHints":{"allow":["GET"]}}],"collection":[{"href":"https:\/\/www.eldiario.net\/portal\/wp-json\/wp\/v2\/posts"}],"about":[{"href":"https:\/\/www.eldiario.net\/portal\/wp-json\/wp\/v2\/types\/post"}],"author":[{"embeddable":true,"href":"https:\/\/www.eldiario.net\/portal\/wp-json\/wp\/v2\/users\/1"}],"replies":[{"embeddable":true,"href":"https:\/\/www.eldiario.net\/portal\/wp-json\/wp\/v2\/comments?post=112676"}],"version-history":[{"count":0,"href":"https:\/\/www.eldiario.net\/portal\/wp-json\/wp\/v2\/posts\/112676\/revisions"}],"wp:featuredmedia":[{"embeddable":true,"href":"https:\/\/www.eldiario.net\/portal\/wp-json\/wp\/v2\/media\/112677"}],"wp:attachment":[{"href":"https:\/\/www.eldiario.net\/portal\/wp-json\/wp\/v2\/media?parent=112676"}],"wp:term":[{"taxonomy":"category","embeddable":true,"href":"https:\/\/www.eldiario.net\/portal\/wp-json\/wp\/v2\/categories?post=112676"},{"taxonomy":"post_tag","embeddable":true,"href":"https:\/\/www.eldiario.net\/portal\/wp-json\/wp\/v2\/tags?post=112676"}],"curies":[{"name":"wp","href":"https:\/\/api.w.org\/{rel}","templated":true}]}}