{"id":112673,"date":"2022-09-24T05:38:30","date_gmt":"2022-09-24T09:38:30","guid":{"rendered":"https:\/\/www.eldiario.net\/portal\/?p=112673"},"modified":"2022-09-24T05:38:30","modified_gmt":"2022-09-24T09:38:30","slug":"carmina-burana-llega-a-la-paz","status":"publish","type":"post","link":"https:\/\/www.eldiario.net\/portal\/2022\/09\/24\/carmina-burana-llega-a-la-paz\/","title":{"rendered":"Carmina Burana llega a La Paz"},"content":{"rendered":"<p>La Orquesta Sinf\u00f3nica Chuquiago Marka ofrecer\u00e1 dos presentaciones de \u201cCarmina Burana\u201d en la ciudad de La Paz, con una apuesta esc\u00e9nica novedosa, a cargo del maestro Christian Asturizaga, director de la Orquesta Sinf\u00f3nica Chuquiago, y la participaci\u00f3n de grandes solistas nacionales como Jos\u00e9 Luis Duarte, Gyovano Salas, Giovanna Monta\u00f1o y Jorge N\u00fa\u00f1ez. Adem\u00e1s de los ensambles corales invitados, bajo la direcci\u00f3n de Ren\u00e1n Callecusi y coro de ni\u00f1os, bajo la direcci\u00f3n de Tatiana Fern\u00e1ndez.<br \/>\nLos conciertos se realizar\u00e1n el viernes 30 de septiembre, en el Auditorio Illimani del Campo Ferial Chuquiago Marka, a horas 20:00, y el d\u00eda domingo 2 de octubre, en el Teatro 16 de Julio, a horas 19:00.<br \/>\nSobre la obra<br \/>\nCarmina Burana es una cantata esc\u00e9nica del siglo XX, compuesta por el alem\u00e1n Carl Orff entre 1935 y 1936, y cuyo fragmento m\u00e1s conocido es \u201cO Fortuna\u201d. Se trata de una de las piezas musicales cl\u00e1sicas m\u00e1s interpretadas por las orquestas profesionales en todo el mundo.<br \/>\nAunque los expertos desconocen el origen exacto, Carmina Burana se puede describir como una colecci\u00f3n de canciones escritas durante los siglos XII y XIII por monjes retirados o antiguos estudiantes, quienes abandonaron las \u00f3rdenes religiosas denominadas Goliardos. Ellos viajaban de lugar en lugar gan\u00e1ndose la vida cantando canciones con temas profanos, a veces burlescos y, en muchas ocasiones, bastante subidas de tono.<br \/>\nCarl Orff, compositor alem\u00e1n, fue un pionero de la m\u00fasica minimalista muchos a\u00f1os antes de que tal t\u00e9rmino fuera acu\u00f1ado. Salt\u00f3 a la fama cuando dio a conocer con su recreaci\u00f3n en clave moderna de estos poemas medievales. Us\u00f3 como fuente textual para esta obra algunos de los manuscritos antiguos hallados en el monasterio benedictino de Beuren, en Baviera. Los textos mismos, escritos b\u00e1sicamente en lat\u00edn y sazonados aqu\u00ed y all\u00e1 con fragmentos de franc\u00e9s y alem\u00e1n antiguos, celebran principalmente la naturaleza, la m\u00fasica, el vino, la comida y el amor carnal. Es decir, canciones profanas para ser interpretadas por cantantes y coro con acompa\u00f1amiento de instrumentos e im\u00e1genes.<br \/>\nUna de las muchas muestras que hay de la fascinaci\u00f3n que sigue causando Carmina Burana, a\u00fan en los \u00e1mbitos menos esperados, es la existencia de un CD que contiene una versi\u00f3n rockera de la obra, realizada originalmente en 1983 por Ray Manzarek, quien fuera tecladista del formidable grupo The Doors, en la que participan algunos miembros del Ensamble Philip Glass. Por otro lado, tambi\u00e9n es interesante el hecho de que en a\u00f1os recientes han proliferado grabaciones de las versiones \u201coriginales\u201d (es decir, con estilo e instrumentaci\u00f3n medievales) de las canciones del monasterio benedictino de Beuren.<br \/>\nDirecci\u00f3n General<br \/>\nChristian Asturizaga, violinista y director boliviano. Actualmente es director titular de la Orquesta Sinf\u00f3nica Chuquiago Marka y Concertino de la Orquesta Sinf\u00f3nica Nacional de Bolivia, instituci\u00f3n de la que fue director de 2015 a 2017. Su experiencia art\u00edstica lo lleva a presentarse en los principales escenarios nacionales e inicia su trayectoria internacional desde temprana edad en varios proyectos orquestales de convocatoria internacional.<\/p>\n","protected":false},"excerpt":{"rendered":"<p>La Orquesta Sinf\u00f3nica Chuquiago Marka ofrecer\u00e1 dos presentaciones de \u201cCarmina Burana\u201d en la ciudad de La Paz, con una apuesta esc\u00e9nica novedosa, a cargo del maestro Christian Asturizaga, director de la Orquesta Sinf\u00f3nica Chuquiago, y la participaci\u00f3n de grandes solistas nacionales como Jos\u00e9 Luis Duarte, Gyovano Salas, Giovanna Monta\u00f1o y Jorge N\u00fa\u00f1ez. Adem\u00e1s de los [&hellip;]<\/p>\n","protected":false},"author":1,"featured_media":112674,"comment_status":"closed","ping_status":"closed","sticky":false,"template":"","format":"standard","meta":{"_acf_changed":false,"footnotes":""},"categories":[8],"tags":[],"class_list":["post-112673","post","type-post","status-publish","format-standard","has-post-thumbnail","category-cultural"],"acf":{"antetitulo":""},"yoast_head":"<!-- This site is optimized with the Yoast SEO plugin v28.3 - https:\/\/yoast.com\/product\/yoast-seo-wordpress\/ -->\n<title>Carmina Burana llega a La Paz - El Diario - Bolivia<\/title>\n<meta name=\"robots\" content=\"index, follow, max-snippet:-1, max-image-preview:large, max-video-preview:-1\" \/>\n<link rel=\"canonical\" href=\"https:\/\/www.eldiario.net\/portal\/2022\/09\/24\/carmina-burana-llega-a-la-paz\/\" \/>\n<meta property=\"og:locale\" content=\"es_ES\" \/>\n<meta property=\"og:type\" content=\"article\" \/>\n<meta property=\"og:title\" content=\"Carmina Burana llega a La Paz - El Diario - Bolivia\" \/>\n<meta property=\"og:description\" content=\"La Orquesta Sinf\u00f3nica Chuquiago Marka ofrecer\u00e1 dos presentaciones de \u201cCarmina Burana\u201d en la ciudad de La Paz, con una apuesta esc\u00e9nica novedosa, a cargo del maestro Christian Asturizaga, director de la Orquesta Sinf\u00f3nica Chuquiago, y la participaci\u00f3n de grandes solistas nacionales como Jos\u00e9 Luis Duarte, Gyovano Salas, Giovanna Monta\u00f1o y Jorge N\u00fa\u00f1ez. Adem\u00e1s de los [&hellip;]\" \/>\n<meta property=\"og:url\" content=\"https:\/\/www.eldiario.net\/portal\/2022\/09\/24\/carmina-burana-llega-a-la-paz\/\" \/>\n<meta property=\"og:site_name\" content=\"El Diario - Bolivia\" \/>\n<meta property=\"article:publisher\" content=\"https:\/\/www.facebook.com\/eldiario.bolivia\/\" \/>\n<meta property=\"article:published_time\" content=\"2022-09-24T09:38:30+00:00\" \/>\n<meta name=\"author\" content=\"Jeanette\" \/>\n<meta name=\"twitter:card\" content=\"summary_large_image\" \/>\n<meta name=\"twitter:creator\" content=\"@eldiario_net\" \/>\n<meta name=\"twitter:site\" content=\"@eldiario_net\" \/>\n<meta name=\"twitter:label1\" content=\"Escrito por\" \/>\n\t<meta name=\"twitter:data1\" content=\"Jeanette\" \/>\n\t<meta name=\"twitter:label2\" content=\"Tiempo de lectura\" \/>\n\t<meta name=\"twitter:data2\" content=\"3 minutos\" \/>\n<script type=\"application\/ld+json\" class=\"yoast-schema-graph\">{\"@context\":\"https:\\\/\\\/schema.org\",\"@graph\":[{\"@type\":\"Article\",\"@id\":\"https:\\\/\\\/www.eldiario.net\\\/portal\\\/2022\\\/09\\\/24\\\/carmina-burana-llega-a-la-paz\\\/#article\",\"isPartOf\":{\"@id\":\"https:\\\/\\\/www.eldiario.net\\\/portal\\\/2022\\\/09\\\/24\\\/carmina-burana-llega-a-la-paz\\\/\"},\"author\":{\"name\":\"Jeanette\",\"@id\":\"https:\\\/\\\/www.eldiario.net\\\/portal\\\/#\\\/schema\\\/person\\\/f46445640444750d7d753ccd04ae01b7\"},\"headline\":\"Carmina Burana llega a La Paz\",\"datePublished\":\"2022-09-24T09:38:30+00:00\",\"mainEntityOfPage\":{\"@id\":\"https:\\\/\\\/www.eldiario.net\\\/portal\\\/2022\\\/09\\\/24\\\/carmina-burana-llega-a-la-paz\\\/\"},\"wordCount\":531,\"publisher\":{\"@id\":\"https:\\\/\\\/www.eldiario.net\\\/portal\\\/#organization\"},\"image\":{\"@id\":\"https:\\\/\\\/www.eldiario.net\\\/portal\\\/2022\\\/09\\\/24\\\/carmina-burana-llega-a-la-paz\\\/#primaryimage\"},\"thumbnailUrl\":\"\",\"articleSection\":[\"Cultural\"],\"inLanguage\":\"es\"},{\"@type\":\"WebPage\",\"@id\":\"https:\\\/\\\/www.eldiario.net\\\/portal\\\/2022\\\/09\\\/24\\\/carmina-burana-llega-a-la-paz\\\/\",\"url\":\"https:\\\/\\\/www.eldiario.net\\\/portal\\\/2022\\\/09\\\/24\\\/carmina-burana-llega-a-la-paz\\\/\",\"name\":\"Carmina Burana llega a La Paz - El Diario - Bolivia\",\"isPartOf\":{\"@id\":\"https:\\\/\\\/www.eldiario.net\\\/portal\\\/#website\"},\"primaryImageOfPage\":{\"@id\":\"https:\\\/\\\/www.eldiario.net\\\/portal\\\/2022\\\/09\\\/24\\\/carmina-burana-llega-a-la-paz\\\/#primaryimage\"},\"image\":{\"@id\":\"https:\\\/\\\/www.eldiario.net\\\/portal\\\/2022\\\/09\\\/24\\\/carmina-burana-llega-a-la-paz\\\/#primaryimage\"},\"thumbnailUrl\":\"\",\"datePublished\":\"2022-09-24T09:38:30+00:00\",\"breadcrumb\":{\"@id\":\"https:\\\/\\\/www.eldiario.net\\\/portal\\\/2022\\\/09\\\/24\\\/carmina-burana-llega-a-la-paz\\\/#breadcrumb\"},\"inLanguage\":\"es\",\"potentialAction\":[{\"@type\":\"ReadAction\",\"target\":[\"https:\\\/\\\/www.eldiario.net\\\/portal\\\/2022\\\/09\\\/24\\\/carmina-burana-llega-a-la-paz\\\/\"]}]},{\"@type\":\"ImageObject\",\"inLanguage\":\"es\",\"@id\":\"https:\\\/\\\/www.eldiario.net\\\/portal\\\/2022\\\/09\\\/24\\\/carmina-burana-llega-a-la-paz\\\/#primaryimage\",\"url\":\"\",\"contentUrl\":\"\"},{\"@type\":\"BreadcrumbList\",\"@id\":\"https:\\\/\\\/www.eldiario.net\\\/portal\\\/2022\\\/09\\\/24\\\/carmina-burana-llega-a-la-paz\\\/#breadcrumb\",\"itemListElement\":[{\"@type\":\"ListItem\",\"position\":1,\"name\":\"Portada\",\"item\":\"https:\\\/\\\/www.eldiario.net\\\/portal\\\/\"},{\"@type\":\"ListItem\",\"position\":2,\"name\":\"Carmina Burana llega a La Paz\"}]},{\"@type\":\"WebSite\",\"@id\":\"https:\\\/\\\/www.eldiario.net\\\/portal\\\/#website\",\"url\":\"https:\\\/\\\/www.eldiario.net\\\/portal\\\/\",\"name\":\"El Diario - Decano de la prensa nacional\",\"description\":\"El Diario - Decano de la prensa nacional\",\"publisher\":{\"@id\":\"https:\\\/\\\/www.eldiario.net\\\/portal\\\/#organization\"},\"potentialAction\":[{\"@type\":\"SearchAction\",\"target\":{\"@type\":\"EntryPoint\",\"urlTemplate\":\"https:\\\/\\\/www.eldiario.net\\\/portal\\\/?s={search_term_string}\"},\"query-input\":{\"@type\":\"PropertyValueSpecification\",\"valueRequired\":true,\"valueName\":\"search_term_string\"}}],\"inLanguage\":\"es\"},{\"@type\":\"Organization\",\"@id\":\"https:\\\/\\\/www.eldiario.net\\\/portal\\\/#organization\",\"name\":\"El Diario - Decano de la prensa nacional\",\"url\":\"https:\\\/\\\/www.eldiario.net\\\/portal\\\/\",\"logo\":{\"@type\":\"ImageObject\",\"inLanguage\":\"es\",\"@id\":\"https:\\\/\\\/www.eldiario.net\\\/portal\\\/#\\\/schema\\\/logo\\\/image\\\/\",\"url\":\"https:\\\/\\\/www.eldiario.net\\\/portal\\\/wp-content\\\/uploads\\\/2023\\\/07\\\/logo_ED.jpg\",\"contentUrl\":\"https:\\\/\\\/www.eldiario.net\\\/portal\\\/wp-content\\\/uploads\\\/2023\\\/07\\\/logo_ED.jpg\",\"width\":272,\"height\":52,\"caption\":\"El Diario - Decano de la prensa nacional\"},\"image\":{\"@id\":\"https:\\\/\\\/www.eldiario.net\\\/portal\\\/#\\\/schema\\\/logo\\\/image\\\/\"},\"sameAs\":[\"https:\\\/\\\/www.facebook.com\\\/eldiario.bolivia\\\/\",\"https:\\\/\\\/x.com\\\/eldiario_net\"]},{\"@type\":\"Person\",\"@id\":\"https:\\\/\\\/www.eldiario.net\\\/portal\\\/#\\\/schema\\\/person\\\/f46445640444750d7d753ccd04ae01b7\",\"name\":\"Jeanette\",\"image\":{\"@type\":\"ImageObject\",\"inLanguage\":\"es\",\"@id\":\"https:\\\/\\\/secure.gravatar.com\\\/avatar\\\/3ea2118a5f7dad2b7138b1187a6b7ee55f160b9968b66013c3a3ef39dd7e5798?s=96&d=mm&r=g\",\"url\":\"https:\\\/\\\/secure.gravatar.com\\\/avatar\\\/3ea2118a5f7dad2b7138b1187a6b7ee55f160b9968b66013c3a3ef39dd7e5798?s=96&d=mm&r=g\",\"contentUrl\":\"https:\\\/\\\/secure.gravatar.com\\\/avatar\\\/3ea2118a5f7dad2b7138b1187a6b7ee55f160b9968b66013c3a3ef39dd7e5798?s=96&d=mm&r=g\",\"caption\":\"Jeanette\"},\"sameAs\":[\"https:\\\/\\\/www.eldiario.net\\\/portal\"],\"url\":\"https:\\\/\\\/www.eldiario.net\\\/portal\\\/author\\\/jeanette\\\/\"}]}<\/script>\n<!-- \/ Yoast SEO plugin. -->","yoast_head_json":{"title":"Carmina Burana llega a La Paz - El Diario - Bolivia","robots":{"index":"index","follow":"follow","max-snippet":"max-snippet:-1","max-image-preview":"max-image-preview:large","max-video-preview":"max-video-preview:-1"},"canonical":"https:\/\/www.eldiario.net\/portal\/2022\/09\/24\/carmina-burana-llega-a-la-paz\/","og_locale":"es_ES","og_type":"article","og_title":"Carmina Burana llega a La Paz - El Diario - Bolivia","og_description":"La Orquesta Sinf\u00f3nica Chuquiago Marka ofrecer\u00e1 dos presentaciones de \u201cCarmina Burana\u201d en la ciudad de La Paz, con una apuesta esc\u00e9nica novedosa, a cargo del maestro Christian Asturizaga, director de la Orquesta Sinf\u00f3nica Chuquiago, y la participaci\u00f3n de grandes solistas nacionales como Jos\u00e9 Luis Duarte, Gyovano Salas, Giovanna Monta\u00f1o y Jorge N\u00fa\u00f1ez. Adem\u00e1s de los [&hellip;]","og_url":"https:\/\/www.eldiario.net\/portal\/2022\/09\/24\/carmina-burana-llega-a-la-paz\/","og_site_name":"El Diario - Bolivia","article_publisher":"https:\/\/www.facebook.com\/eldiario.bolivia\/","article_published_time":"2022-09-24T09:38:30+00:00","author":"Jeanette","twitter_card":"summary_large_image","twitter_creator":"@eldiario_net","twitter_site":"@eldiario_net","twitter_misc":{"Escrito por":"Jeanette","Tiempo de lectura":"3 minutos"},"schema":{"@context":"https:\/\/schema.org","@graph":[{"@type":"Article","@id":"https:\/\/www.eldiario.net\/portal\/2022\/09\/24\/carmina-burana-llega-a-la-paz\/#article","isPartOf":{"@id":"https:\/\/www.eldiario.net\/portal\/2022\/09\/24\/carmina-burana-llega-a-la-paz\/"},"author":{"name":"Jeanette","@id":"https:\/\/www.eldiario.net\/portal\/#\/schema\/person\/f46445640444750d7d753ccd04ae01b7"},"headline":"Carmina Burana llega a La Paz","datePublished":"2022-09-24T09:38:30+00:00","mainEntityOfPage":{"@id":"https:\/\/www.eldiario.net\/portal\/2022\/09\/24\/carmina-burana-llega-a-la-paz\/"},"wordCount":531,"publisher":{"@id":"https:\/\/www.eldiario.net\/portal\/#organization"},"image":{"@id":"https:\/\/www.eldiario.net\/portal\/2022\/09\/24\/carmina-burana-llega-a-la-paz\/#primaryimage"},"thumbnailUrl":"","articleSection":["Cultural"],"inLanguage":"es"},{"@type":"WebPage","@id":"https:\/\/www.eldiario.net\/portal\/2022\/09\/24\/carmina-burana-llega-a-la-paz\/","url":"https:\/\/www.eldiario.net\/portal\/2022\/09\/24\/carmina-burana-llega-a-la-paz\/","name":"Carmina Burana llega a La Paz - El Diario - Bolivia","isPartOf":{"@id":"https:\/\/www.eldiario.net\/portal\/#website"},"primaryImageOfPage":{"@id":"https:\/\/www.eldiario.net\/portal\/2022\/09\/24\/carmina-burana-llega-a-la-paz\/#primaryimage"},"image":{"@id":"https:\/\/www.eldiario.net\/portal\/2022\/09\/24\/carmina-burana-llega-a-la-paz\/#primaryimage"},"thumbnailUrl":"","datePublished":"2022-09-24T09:38:30+00:00","breadcrumb":{"@id":"https:\/\/www.eldiario.net\/portal\/2022\/09\/24\/carmina-burana-llega-a-la-paz\/#breadcrumb"},"inLanguage":"es","potentialAction":[{"@type":"ReadAction","target":["https:\/\/www.eldiario.net\/portal\/2022\/09\/24\/carmina-burana-llega-a-la-paz\/"]}]},{"@type":"ImageObject","inLanguage":"es","@id":"https:\/\/www.eldiario.net\/portal\/2022\/09\/24\/carmina-burana-llega-a-la-paz\/#primaryimage","url":"","contentUrl":""},{"@type":"BreadcrumbList","@id":"https:\/\/www.eldiario.net\/portal\/2022\/09\/24\/carmina-burana-llega-a-la-paz\/#breadcrumb","itemListElement":[{"@type":"ListItem","position":1,"name":"Portada","item":"https:\/\/www.eldiario.net\/portal\/"},{"@type":"ListItem","position":2,"name":"Carmina Burana llega a La Paz"}]},{"@type":"WebSite","@id":"https:\/\/www.eldiario.net\/portal\/#website","url":"https:\/\/www.eldiario.net\/portal\/","name":"El Diario - Decano de la prensa nacional","description":"El Diario - Decano de la prensa nacional","publisher":{"@id":"https:\/\/www.eldiario.net\/portal\/#organization"},"potentialAction":[{"@type":"SearchAction","target":{"@type":"EntryPoint","urlTemplate":"https:\/\/www.eldiario.net\/portal\/?s={search_term_string}"},"query-input":{"@type":"PropertyValueSpecification","valueRequired":true,"valueName":"search_term_string"}}],"inLanguage":"es"},{"@type":"Organization","@id":"https:\/\/www.eldiario.net\/portal\/#organization","name":"El Diario - Decano de la prensa nacional","url":"https:\/\/www.eldiario.net\/portal\/","logo":{"@type":"ImageObject","inLanguage":"es","@id":"https:\/\/www.eldiario.net\/portal\/#\/schema\/logo\/image\/","url":"https:\/\/www.eldiario.net\/portal\/wp-content\/uploads\/2023\/07\/logo_ED.jpg","contentUrl":"https:\/\/www.eldiario.net\/portal\/wp-content\/uploads\/2023\/07\/logo_ED.jpg","width":272,"height":52,"caption":"El Diario - Decano de la prensa nacional"},"image":{"@id":"https:\/\/www.eldiario.net\/portal\/#\/schema\/logo\/image\/"},"sameAs":["https:\/\/www.facebook.com\/eldiario.bolivia\/","https:\/\/x.com\/eldiario_net"]},{"@type":"Person","@id":"https:\/\/www.eldiario.net\/portal\/#\/schema\/person\/f46445640444750d7d753ccd04ae01b7","name":"Jeanette","image":{"@type":"ImageObject","inLanguage":"es","@id":"https:\/\/secure.gravatar.com\/avatar\/3ea2118a5f7dad2b7138b1187a6b7ee55f160b9968b66013c3a3ef39dd7e5798?s=96&d=mm&r=g","url":"https:\/\/secure.gravatar.com\/avatar\/3ea2118a5f7dad2b7138b1187a6b7ee55f160b9968b66013c3a3ef39dd7e5798?s=96&d=mm&r=g","contentUrl":"https:\/\/secure.gravatar.com\/avatar\/3ea2118a5f7dad2b7138b1187a6b7ee55f160b9968b66013c3a3ef39dd7e5798?s=96&d=mm&r=g","caption":"Jeanette"},"sameAs":["https:\/\/www.eldiario.net\/portal"],"url":"https:\/\/www.eldiario.net\/portal\/author\/jeanette\/"}]}},"_links":{"self":[{"href":"https:\/\/www.eldiario.net\/portal\/wp-json\/wp\/v2\/posts\/112673","targetHints":{"allow":["GET"]}}],"collection":[{"href":"https:\/\/www.eldiario.net\/portal\/wp-json\/wp\/v2\/posts"}],"about":[{"href":"https:\/\/www.eldiario.net\/portal\/wp-json\/wp\/v2\/types\/post"}],"author":[{"embeddable":true,"href":"https:\/\/www.eldiario.net\/portal\/wp-json\/wp\/v2\/users\/1"}],"replies":[{"embeddable":true,"href":"https:\/\/www.eldiario.net\/portal\/wp-json\/wp\/v2\/comments?post=112673"}],"version-history":[{"count":0,"href":"https:\/\/www.eldiario.net\/portal\/wp-json\/wp\/v2\/posts\/112673\/revisions"}],"wp:attachment":[{"href":"https:\/\/www.eldiario.net\/portal\/wp-json\/wp\/v2\/media?parent=112673"}],"wp:term":[{"taxonomy":"category","embeddable":true,"href":"https:\/\/www.eldiario.net\/portal\/wp-json\/wp\/v2\/categories?post=112673"},{"taxonomy":"post_tag","embeddable":true,"href":"https:\/\/www.eldiario.net\/portal\/wp-json\/wp\/v2\/tags?post=112673"}],"curies":[{"name":"wp","href":"https:\/\/api.w.org\/{rel}","templated":true}]}}