{"id":112670,"date":"2022-09-24T05:37:29","date_gmt":"2022-09-24T09:37:29","guid":{"rendered":"https:\/\/www.eldiario.net\/portal\/?p=112670"},"modified":"2022-09-24T05:37:29","modified_gmt":"2022-09-24T09:37:29","slug":"horoscopo-wm-270","status":"publish","type":"post","link":"https:\/\/www.eldiario.net\/portal\/2022\/09\/24\/horoscopo-wm-270\/","title":{"rendered":"Hor\u00f3scopo WM"},"content":{"rendered":"<p>A nuestros lectores:\u00a0Betty B. Mercado, sobrina y colaboradora del fallecido astr\u00f3logo Walter Mercado, contin\u00faa su legado escribiendo los hor\u00f3scopos.<br \/>\nAries<br \/>\n(20 de marzo &#8211;\u00a018 de abril)<br \/>\nValoriza m\u00e1s los atributos espirituales que los materiales. Busca la verdadera esencia en cada relaci\u00f3n. Confronta tus miedos y ansiedades para que puedas ejercer dominio sobre los mismos. Sigue fielmente los mandatos de tu coraz\u00f3n en cuanto a una persona que hace poco conociste. N\u00fameros de suerte: 45, 8, 30.<br \/>\nTauro<br \/>\n(19 de abril &#8211; 19\u00a0de mayo)<br \/>\nDale a cada cosa su lugar y comienza hoy mismo a desarrollar ese proyecto que tienes en mente y que promete ser pr\u00f3spero y gratificante tanto econ\u00f3micamente como personal. Ahora te sobra lo que antes te fue negado. \u00c1brete a los milagros y recibir\u00e1s en abundancia. N\u00fameros de suerte: 19, 4, 36.<br \/>\nG\u00e9minis<br \/>\n(20 de mayo &#8211; 19\u00a0de junio)<br \/>\nS\u00e1cale provecho a esas excelentes cualidades que Dios ha puesto en ti. Clarifica tus metas y objetivos para que puedas llevarlos a la realidad, de la manera que exactamente deseas. No desperdicies tus talentos y permite que otros se beneficien. Coloca a un lado los convencionalismos y pinta tu vida de brillantes colores. N\u00fameros de suerte: 27, 5, 49.<br \/>\nC\u00e1ncer<br \/>\n(20 de junio &#8211;\u00a021 de julio)<br \/>\nNo te sientas mal si tienes que decir no. Piensa primero en las consecuencias de hacer algo que realmente no deseas. Comienza a verse la luz en relaci\u00f3n a un problema econ\u00f3mico que te ha estado afectando. Entierra ese sentimiento de pena que tienes hacia esa persona ya que el mismo te est\u00e1 perjudicando. N\u00fameros de suerte: 3, 44, 12.<br \/>\nLeo<br \/>\n(22 de julio &#8211;\u00a021 de agosto)<br \/>\nEs importante que hoy escuches consejos, pero m\u00e1s importante a\u00fan, es que los pongas en pr\u00e1ctica. No comprometas el dinero que tienes. Gasta el mismo seg\u00fan tus necesidades. Aseg\u00farate de cumplir primero con tus obligaciones antes de planificar o invertir en algo que no es necesario en tu vida. N\u00fameros de suerte: 2, 35, 32.<br \/>\nVirgo<br \/>\n(22 de agosto &#8211;\u00a021 de sept.)<br \/>\nTu palabra se imanta de poder y lo que comuniques lograr\u00e1 llegar sin problema alguno, directo al coraz\u00f3n de otras personas. Res\u00e9rvate toda cr\u00edtica o comentario negativo para que no hieras susceptibilidades. Perdona toda ofensa cometida en nombre del amor. Aconseja, orienta, ense\u00f1a, haz buen uso de tus talentos. N\u00fameros de suerte: 8, 20, 9.<br \/>\nLibra<br \/>\n(22 de sept. &#8211;\u00a022 de oct.)<br \/>\nSalte de la rutina diaria e invierte tus energ\u00edas en algo creativo, algo que se salga fuera de lo com\u00fan y que tu pareja tambi\u00e9n pueda disfrutar. T\u00fa sueles ser muy original y de seguro con poco esfuerzo tendr\u00e1s \u00e9xito en lo que te propongas. Aventura y diversi\u00f3n est\u00e1n en agenda para ti. N\u00fameros de suerte: 17, 4, 46.<br \/>\nEscorpi\u00f3n<br \/>\n(23 de oct. &#8211; 20 de nov.)<br \/>\n\u00c1ngeles de luz te protegen. Algo se aleja de tu vida para tu bien. Progr\u00e1mate al \u00e9xito y sigue adelante con tus planes. Lo que parec\u00eda estar a la deriva, toma su rumbo y esta vez en la direcci\u00f3n correcta. Estar\u00e1s m\u00e1s agresivo para luchar y defender lo tuyo especialmente lo que est\u00e9 relacionado con inversiones o negocios. N\u00fameros de suerte: 10, 45, 32.<br \/>\nSagitario<br \/>\n(21 de nov. &#8211;\u00a020 de dic.)<br \/>\nNo dejes las cosas para \u00faltimo momento ya que la prisa ser\u00e1 tu peor enemigo. Busca la informaci\u00f3n necesaria antes de lanzarte a aventurar el terreno que no conoces. Ten mucho cuidado al viajar. Toma las precauciones necesarias para que no tengas retrasos de \u00faltima hora que te hagan perder tu valioso tiempo. N\u00fameros de suerte: 5, 36, 17.<br \/>\nCapricornio<br \/>\n(21 de dic. &#8211;\u00a018 de ene.)<br \/>\nProponte descansar de todo y de todos. Crea tu propio para\u00edso terrenal, tu remanso de paz. Ub\u00edcate en tu centro y recarga tus bater\u00edas f\u00edsicas y emocionales. Lee, inf\u00f3rmate sobre temas espirituales o de metaf\u00edsica que te ayudar\u00e1n en tu evoluci\u00f3n espiritual. Olvida las tensiones, rel\u00e1jate y disfruta de todo lo que hagas. N\u00fameros de suerte: 33, 40, 12.<br \/>\nAcuario<br \/>\n(19 de ene. &#8211;\u00a017 de feb.)<br \/>\nVive a tono con la realidad. Proponte guardar para el futuro. Tu estabilidad econ\u00f3mica juega un papel importante en tu vida. Estar\u00e1s un tanto ambicioso, pero tendr\u00e1s que ajustarte ya que todo exceso te sacar\u00e1 fuera de balance. No descartes tomarte alguno que otro riesgo, pero utiliza sabiamente lo que tienes ahora. N\u00fameros de suerte: 20, 36, 2.<br \/>\nPiscis<br \/>\n(18 de feb. &#8211; 19\u00a0de marzo)<br \/>\nHaz de todo hoy, pero con moderaci\u00f3n. S\u00e9 prudente, especialmente con tu dinero. Mucho cuidado con excederte en gastos ya que las tiendas contin\u00faan atray\u00e9ndote como un im\u00e1n. Ejerce mayor control sobre las tarjetas de cr\u00e9dito. Demu\u00e9strate a ti mismo que puedes. N\u00fameros de suerte: 14, 9, 17.<\/p>\n","protected":false},"excerpt":{"rendered":"<p>A nuestros lectores:\u00a0Betty B. Mercado, sobrina y colaboradora del fallecido astr\u00f3logo Walter Mercado, contin\u00faa su legado escribiendo los hor\u00f3scopos. Aries (20 de marzo &#8211;\u00a018 de abril) Valoriza m\u00e1s los atributos espirituales que los materiales. Busca la verdadera esencia en cada relaci\u00f3n. Confronta tus miedos y ansiedades para que puedas ejercer dominio sobre los mismos. Sigue [&hellip;]<\/p>\n","protected":false},"author":1,"featured_media":112671,"comment_status":"closed","ping_status":"closed","sticky":false,"template":"","format":"standard","meta":{"_acf_changed":false,"footnotes":""},"categories":[8],"tags":[],"class_list":["post-112670","post","type-post","status-publish","format-standard","has-post-thumbnail","category-cultural"],"acf":{"antetitulo":""},"yoast_head":"<!-- This site is optimized with the Yoast SEO plugin v28.3 - https:\/\/yoast.com\/product\/yoast-seo-wordpress\/ -->\n<title>Hor\u00f3scopo WM - El Diario - Bolivia<\/title>\n<meta name=\"robots\" content=\"index, follow, max-snippet:-1, max-image-preview:large, max-video-preview:-1\" \/>\n<link rel=\"canonical\" href=\"https:\/\/www.eldiario.net\/portal\/2022\/09\/24\/horoscopo-wm-270\/\" \/>\n<meta property=\"og:locale\" content=\"es_ES\" \/>\n<meta property=\"og:type\" content=\"article\" \/>\n<meta property=\"og:title\" content=\"Hor\u00f3scopo WM - El Diario - Bolivia\" \/>\n<meta property=\"og:description\" content=\"A nuestros lectores:\u00a0Betty B. Mercado, sobrina y colaboradora del fallecido astr\u00f3logo Walter Mercado, contin\u00faa su legado escribiendo los hor\u00f3scopos. Aries (20 de marzo &#8211;\u00a018 de abril) Valoriza m\u00e1s los atributos espirituales que los materiales. Busca la verdadera esencia en cada relaci\u00f3n. Confronta tus miedos y ansiedades para que puedas ejercer dominio sobre los mismos. Sigue [&hellip;]\" \/>\n<meta property=\"og:url\" content=\"https:\/\/www.eldiario.net\/portal\/2022\/09\/24\/horoscopo-wm-270\/\" \/>\n<meta property=\"og:site_name\" content=\"El Diario - Bolivia\" \/>\n<meta property=\"article:publisher\" content=\"https:\/\/www.facebook.com\/eldiario.bolivia\/\" \/>\n<meta property=\"article:published_time\" content=\"2022-09-24T09:37:29+00:00\" \/>\n<meta property=\"og:image\" content=\"https:\/\/www.eldiario.net\/portal\/wp-content\/uploads\/2022\/09\/logo-libra.jpg\" \/>\n\t<meta property=\"og:image:width\" content=\"1200\" \/>\n\t<meta property=\"og:image:height\" content=\"675\" \/>\n\t<meta property=\"og:image:type\" content=\"image\/jpeg\" \/>\n<meta name=\"author\" content=\"Jeanette\" \/>\n<meta name=\"twitter:card\" content=\"summary_large_image\" \/>\n<meta name=\"twitter:creator\" content=\"@eldiario_net\" \/>\n<meta name=\"twitter:site\" content=\"@eldiario_net\" \/>\n<meta name=\"twitter:label1\" content=\"Escrito por\" \/>\n\t<meta name=\"twitter:data1\" content=\"Jeanette\" \/>\n\t<meta name=\"twitter:label2\" content=\"Tiempo de lectura\" \/>\n\t<meta name=\"twitter:data2\" content=\"4 minutos\" \/>\n<script type=\"application\/ld+json\" class=\"yoast-schema-graph\">{\"@context\":\"https:\\\/\\\/schema.org\",\"@graph\":[{\"@type\":\"Article\",\"@id\":\"https:\\\/\\\/www.eldiario.net\\\/portal\\\/2022\\\/09\\\/24\\\/horoscopo-wm-270\\\/#article\",\"isPartOf\":{\"@id\":\"https:\\\/\\\/www.eldiario.net\\\/portal\\\/2022\\\/09\\\/24\\\/horoscopo-wm-270\\\/\"},\"author\":{\"name\":\"Jeanette\",\"@id\":\"https:\\\/\\\/www.eldiario.net\\\/portal\\\/#\\\/schema\\\/person\\\/f46445640444750d7d753ccd04ae01b7\"},\"headline\":\"Hor\u00f3scopo WM\",\"datePublished\":\"2022-09-24T09:37:29+00:00\",\"mainEntityOfPage\":{\"@id\":\"https:\\\/\\\/www.eldiario.net\\\/portal\\\/2022\\\/09\\\/24\\\/horoscopo-wm-270\\\/\"},\"wordCount\":803,\"publisher\":{\"@id\":\"https:\\\/\\\/www.eldiario.net\\\/portal\\\/#organization\"},\"image\":{\"@id\":\"https:\\\/\\\/www.eldiario.net\\\/portal\\\/2022\\\/09\\\/24\\\/horoscopo-wm-270\\\/#primaryimage\"},\"thumbnailUrl\":\"https:\\\/\\\/www.eldiario.net\\\/portal\\\/wp-content\\\/uploads\\\/2022\\\/09\\\/logo-libra.jpg\",\"articleSection\":[\"Cultural\"],\"inLanguage\":\"es\"},{\"@type\":\"WebPage\",\"@id\":\"https:\\\/\\\/www.eldiario.net\\\/portal\\\/2022\\\/09\\\/24\\\/horoscopo-wm-270\\\/\",\"url\":\"https:\\\/\\\/www.eldiario.net\\\/portal\\\/2022\\\/09\\\/24\\\/horoscopo-wm-270\\\/\",\"name\":\"Hor\u00f3scopo WM - El Diario - Bolivia\",\"isPartOf\":{\"@id\":\"https:\\\/\\\/www.eldiario.net\\\/portal\\\/#website\"},\"primaryImageOfPage\":{\"@id\":\"https:\\\/\\\/www.eldiario.net\\\/portal\\\/2022\\\/09\\\/24\\\/horoscopo-wm-270\\\/#primaryimage\"},\"image\":{\"@id\":\"https:\\\/\\\/www.eldiario.net\\\/portal\\\/2022\\\/09\\\/24\\\/horoscopo-wm-270\\\/#primaryimage\"},\"thumbnailUrl\":\"https:\\\/\\\/www.eldiario.net\\\/portal\\\/wp-content\\\/uploads\\\/2022\\\/09\\\/logo-libra.jpg\",\"datePublished\":\"2022-09-24T09:37:29+00:00\",\"breadcrumb\":{\"@id\":\"https:\\\/\\\/www.eldiario.net\\\/portal\\\/2022\\\/09\\\/24\\\/horoscopo-wm-270\\\/#breadcrumb\"},\"inLanguage\":\"es\",\"potentialAction\":[{\"@type\":\"ReadAction\",\"target\":[\"https:\\\/\\\/www.eldiario.net\\\/portal\\\/2022\\\/09\\\/24\\\/horoscopo-wm-270\\\/\"]}]},{\"@type\":\"ImageObject\",\"inLanguage\":\"es\",\"@id\":\"https:\\\/\\\/www.eldiario.net\\\/portal\\\/2022\\\/09\\\/24\\\/horoscopo-wm-270\\\/#primaryimage\",\"url\":\"https:\\\/\\\/www.eldiario.net\\\/portal\\\/wp-content\\\/uploads\\\/2022\\\/09\\\/logo-libra.jpg\",\"contentUrl\":\"https:\\\/\\\/www.eldiario.net\\\/portal\\\/wp-content\\\/uploads\\\/2022\\\/09\\\/logo-libra.jpg\",\"width\":1200,\"height\":675},{\"@type\":\"BreadcrumbList\",\"@id\":\"https:\\\/\\\/www.eldiario.net\\\/portal\\\/2022\\\/09\\\/24\\\/horoscopo-wm-270\\\/#breadcrumb\",\"itemListElement\":[{\"@type\":\"ListItem\",\"position\":1,\"name\":\"Portada\",\"item\":\"https:\\\/\\\/www.eldiario.net\\\/portal\\\/\"},{\"@type\":\"ListItem\",\"position\":2,\"name\":\"Hor\u00f3scopo WM\"}]},{\"@type\":\"WebSite\",\"@id\":\"https:\\\/\\\/www.eldiario.net\\\/portal\\\/#website\",\"url\":\"https:\\\/\\\/www.eldiario.net\\\/portal\\\/\",\"name\":\"El Diario - Decano de la prensa nacional\",\"description\":\"El Diario - Decano de la prensa nacional\",\"publisher\":{\"@id\":\"https:\\\/\\\/www.eldiario.net\\\/portal\\\/#organization\"},\"potentialAction\":[{\"@type\":\"SearchAction\",\"target\":{\"@type\":\"EntryPoint\",\"urlTemplate\":\"https:\\\/\\\/www.eldiario.net\\\/portal\\\/?s={search_term_string}\"},\"query-input\":{\"@type\":\"PropertyValueSpecification\",\"valueRequired\":true,\"valueName\":\"search_term_string\"}}],\"inLanguage\":\"es\"},{\"@type\":\"Organization\",\"@id\":\"https:\\\/\\\/www.eldiario.net\\\/portal\\\/#organization\",\"name\":\"El Diario - Decano de la prensa nacional\",\"url\":\"https:\\\/\\\/www.eldiario.net\\\/portal\\\/\",\"logo\":{\"@type\":\"ImageObject\",\"inLanguage\":\"es\",\"@id\":\"https:\\\/\\\/www.eldiario.net\\\/portal\\\/#\\\/schema\\\/logo\\\/image\\\/\",\"url\":\"https:\\\/\\\/www.eldiario.net\\\/portal\\\/wp-content\\\/uploads\\\/2023\\\/07\\\/logo_ED.jpg\",\"contentUrl\":\"https:\\\/\\\/www.eldiario.net\\\/portal\\\/wp-content\\\/uploads\\\/2023\\\/07\\\/logo_ED.jpg\",\"width\":272,\"height\":52,\"caption\":\"El Diario - Decano de la prensa nacional\"},\"image\":{\"@id\":\"https:\\\/\\\/www.eldiario.net\\\/portal\\\/#\\\/schema\\\/logo\\\/image\\\/\"},\"sameAs\":[\"https:\\\/\\\/www.facebook.com\\\/eldiario.bolivia\\\/\",\"https:\\\/\\\/x.com\\\/eldiario_net\"]},{\"@type\":\"Person\",\"@id\":\"https:\\\/\\\/www.eldiario.net\\\/portal\\\/#\\\/schema\\\/person\\\/f46445640444750d7d753ccd04ae01b7\",\"name\":\"Jeanette\",\"image\":{\"@type\":\"ImageObject\",\"inLanguage\":\"es\",\"@id\":\"https:\\\/\\\/secure.gravatar.com\\\/avatar\\\/3ea2118a5f7dad2b7138b1187a6b7ee55f160b9968b66013c3a3ef39dd7e5798?s=96&d=mm&r=g\",\"url\":\"https:\\\/\\\/secure.gravatar.com\\\/avatar\\\/3ea2118a5f7dad2b7138b1187a6b7ee55f160b9968b66013c3a3ef39dd7e5798?s=96&d=mm&r=g\",\"contentUrl\":\"https:\\\/\\\/secure.gravatar.com\\\/avatar\\\/3ea2118a5f7dad2b7138b1187a6b7ee55f160b9968b66013c3a3ef39dd7e5798?s=96&d=mm&r=g\",\"caption\":\"Jeanette\"},\"sameAs\":[\"https:\\\/\\\/www.eldiario.net\\\/portal\"],\"url\":\"https:\\\/\\\/www.eldiario.net\\\/portal\\\/author\\\/jeanette\\\/\"}]}<\/script>\n<!-- \/ Yoast SEO plugin. -->","yoast_head_json":{"title":"Hor\u00f3scopo WM - El Diario - Bolivia","robots":{"index":"index","follow":"follow","max-snippet":"max-snippet:-1","max-image-preview":"max-image-preview:large","max-video-preview":"max-video-preview:-1"},"canonical":"https:\/\/www.eldiario.net\/portal\/2022\/09\/24\/horoscopo-wm-270\/","og_locale":"es_ES","og_type":"article","og_title":"Hor\u00f3scopo WM - El Diario - Bolivia","og_description":"A nuestros lectores:\u00a0Betty B. Mercado, sobrina y colaboradora del fallecido astr\u00f3logo Walter Mercado, contin\u00faa su legado escribiendo los hor\u00f3scopos. Aries (20 de marzo &#8211;\u00a018 de abril) Valoriza m\u00e1s los atributos espirituales que los materiales. Busca la verdadera esencia en cada relaci\u00f3n. Confronta tus miedos y ansiedades para que puedas ejercer dominio sobre los mismos. Sigue [&hellip;]","og_url":"https:\/\/www.eldiario.net\/portal\/2022\/09\/24\/horoscopo-wm-270\/","og_site_name":"El Diario - Bolivia","article_publisher":"https:\/\/www.facebook.com\/eldiario.bolivia\/","article_published_time":"2022-09-24T09:37:29+00:00","og_image":[{"width":1200,"height":675,"url":"https:\/\/www.eldiario.net\/portal\/wp-content\/uploads\/2022\/09\/logo-libra.jpg","type":"image\/jpeg"}],"author":"Jeanette","twitter_card":"summary_large_image","twitter_creator":"@eldiario_net","twitter_site":"@eldiario_net","twitter_misc":{"Escrito por":"Jeanette","Tiempo de lectura":"4 minutos"},"schema":{"@context":"https:\/\/schema.org","@graph":[{"@type":"Article","@id":"https:\/\/www.eldiario.net\/portal\/2022\/09\/24\/horoscopo-wm-270\/#article","isPartOf":{"@id":"https:\/\/www.eldiario.net\/portal\/2022\/09\/24\/horoscopo-wm-270\/"},"author":{"name":"Jeanette","@id":"https:\/\/www.eldiario.net\/portal\/#\/schema\/person\/f46445640444750d7d753ccd04ae01b7"},"headline":"Hor\u00f3scopo WM","datePublished":"2022-09-24T09:37:29+00:00","mainEntityOfPage":{"@id":"https:\/\/www.eldiario.net\/portal\/2022\/09\/24\/horoscopo-wm-270\/"},"wordCount":803,"publisher":{"@id":"https:\/\/www.eldiario.net\/portal\/#organization"},"image":{"@id":"https:\/\/www.eldiario.net\/portal\/2022\/09\/24\/horoscopo-wm-270\/#primaryimage"},"thumbnailUrl":"https:\/\/www.eldiario.net\/portal\/wp-content\/uploads\/2022\/09\/logo-libra.jpg","articleSection":["Cultural"],"inLanguage":"es"},{"@type":"WebPage","@id":"https:\/\/www.eldiario.net\/portal\/2022\/09\/24\/horoscopo-wm-270\/","url":"https:\/\/www.eldiario.net\/portal\/2022\/09\/24\/horoscopo-wm-270\/","name":"Hor\u00f3scopo WM - El Diario - Bolivia","isPartOf":{"@id":"https:\/\/www.eldiario.net\/portal\/#website"},"primaryImageOfPage":{"@id":"https:\/\/www.eldiario.net\/portal\/2022\/09\/24\/horoscopo-wm-270\/#primaryimage"},"image":{"@id":"https:\/\/www.eldiario.net\/portal\/2022\/09\/24\/horoscopo-wm-270\/#primaryimage"},"thumbnailUrl":"https:\/\/www.eldiario.net\/portal\/wp-content\/uploads\/2022\/09\/logo-libra.jpg","datePublished":"2022-09-24T09:37:29+00:00","breadcrumb":{"@id":"https:\/\/www.eldiario.net\/portal\/2022\/09\/24\/horoscopo-wm-270\/#breadcrumb"},"inLanguage":"es","potentialAction":[{"@type":"ReadAction","target":["https:\/\/www.eldiario.net\/portal\/2022\/09\/24\/horoscopo-wm-270\/"]}]},{"@type":"ImageObject","inLanguage":"es","@id":"https:\/\/www.eldiario.net\/portal\/2022\/09\/24\/horoscopo-wm-270\/#primaryimage","url":"https:\/\/www.eldiario.net\/portal\/wp-content\/uploads\/2022\/09\/logo-libra.jpg","contentUrl":"https:\/\/www.eldiario.net\/portal\/wp-content\/uploads\/2022\/09\/logo-libra.jpg","width":1200,"height":675},{"@type":"BreadcrumbList","@id":"https:\/\/www.eldiario.net\/portal\/2022\/09\/24\/horoscopo-wm-270\/#breadcrumb","itemListElement":[{"@type":"ListItem","position":1,"name":"Portada","item":"https:\/\/www.eldiario.net\/portal\/"},{"@type":"ListItem","position":2,"name":"Hor\u00f3scopo WM"}]},{"@type":"WebSite","@id":"https:\/\/www.eldiario.net\/portal\/#website","url":"https:\/\/www.eldiario.net\/portal\/","name":"El Diario - Decano de la prensa nacional","description":"El Diario - Decano de la prensa nacional","publisher":{"@id":"https:\/\/www.eldiario.net\/portal\/#organization"},"potentialAction":[{"@type":"SearchAction","target":{"@type":"EntryPoint","urlTemplate":"https:\/\/www.eldiario.net\/portal\/?s={search_term_string}"},"query-input":{"@type":"PropertyValueSpecification","valueRequired":true,"valueName":"search_term_string"}}],"inLanguage":"es"},{"@type":"Organization","@id":"https:\/\/www.eldiario.net\/portal\/#organization","name":"El Diario - Decano de la prensa nacional","url":"https:\/\/www.eldiario.net\/portal\/","logo":{"@type":"ImageObject","inLanguage":"es","@id":"https:\/\/www.eldiario.net\/portal\/#\/schema\/logo\/image\/","url":"https:\/\/www.eldiario.net\/portal\/wp-content\/uploads\/2023\/07\/logo_ED.jpg","contentUrl":"https:\/\/www.eldiario.net\/portal\/wp-content\/uploads\/2023\/07\/logo_ED.jpg","width":272,"height":52,"caption":"El Diario - Decano de la prensa nacional"},"image":{"@id":"https:\/\/www.eldiario.net\/portal\/#\/schema\/logo\/image\/"},"sameAs":["https:\/\/www.facebook.com\/eldiario.bolivia\/","https:\/\/x.com\/eldiario_net"]},{"@type":"Person","@id":"https:\/\/www.eldiario.net\/portal\/#\/schema\/person\/f46445640444750d7d753ccd04ae01b7","name":"Jeanette","image":{"@type":"ImageObject","inLanguage":"es","@id":"https:\/\/secure.gravatar.com\/avatar\/3ea2118a5f7dad2b7138b1187a6b7ee55f160b9968b66013c3a3ef39dd7e5798?s=96&d=mm&r=g","url":"https:\/\/secure.gravatar.com\/avatar\/3ea2118a5f7dad2b7138b1187a6b7ee55f160b9968b66013c3a3ef39dd7e5798?s=96&d=mm&r=g","contentUrl":"https:\/\/secure.gravatar.com\/avatar\/3ea2118a5f7dad2b7138b1187a6b7ee55f160b9968b66013c3a3ef39dd7e5798?s=96&d=mm&r=g","caption":"Jeanette"},"sameAs":["https:\/\/www.eldiario.net\/portal"],"url":"https:\/\/www.eldiario.net\/portal\/author\/jeanette\/"}]}},"_links":{"self":[{"href":"https:\/\/www.eldiario.net\/portal\/wp-json\/wp\/v2\/posts\/112670","targetHints":{"allow":["GET"]}}],"collection":[{"href":"https:\/\/www.eldiario.net\/portal\/wp-json\/wp\/v2\/posts"}],"about":[{"href":"https:\/\/www.eldiario.net\/portal\/wp-json\/wp\/v2\/types\/post"}],"author":[{"embeddable":true,"href":"https:\/\/www.eldiario.net\/portal\/wp-json\/wp\/v2\/users\/1"}],"replies":[{"embeddable":true,"href":"https:\/\/www.eldiario.net\/portal\/wp-json\/wp\/v2\/comments?post=112670"}],"version-history":[{"count":0,"href":"https:\/\/www.eldiario.net\/portal\/wp-json\/wp\/v2\/posts\/112670\/revisions"}],"wp:featuredmedia":[{"embeddable":true,"href":"https:\/\/www.eldiario.net\/portal\/wp-json\/wp\/v2\/media\/112671"}],"wp:attachment":[{"href":"https:\/\/www.eldiario.net\/portal\/wp-json\/wp\/v2\/media?parent=112670"}],"wp:term":[{"taxonomy":"category","embeddable":true,"href":"https:\/\/www.eldiario.net\/portal\/wp-json\/wp\/v2\/categories?post=112670"},{"taxonomy":"post_tag","embeddable":true,"href":"https:\/\/www.eldiario.net\/portal\/wp-json\/wp\/v2\/tags?post=112670"}],"curies":[{"name":"wp","href":"https:\/\/api.w.org\/{rel}","templated":true}]}}