{"id":112666,"date":"2022-09-24T05:34:54","date_gmt":"2022-09-24T09:34:54","guid":{"rendered":"https:\/\/www.eldiario.net\/portal\/?p=112666"},"modified":"2022-09-24T05:34:54","modified_gmt":"2022-09-24T09:34:54","slug":"tras-informe-de-la-onu-piden-un-tribunal-para-juzgar-a-rusos","status":"publish","type":"post","link":"https:\/\/www.eldiario.net\/portal\/2022\/09\/24\/tras-informe-de-la-onu-piden-un-tribunal-para-juzgar-a-rusos\/","title":{"rendered":"Tras informe de la ONU piden  un tribunal para juzgar a rusos"},"content":{"rendered":"<p>La delegaci\u00f3n de Ucrania ante el Consejo de Derechos Humanos de la ONU pidi\u00f3 ayer la creaci\u00f3n de un \u201ctribunal con jurisdicci\u00f3n espec\u00edfica\u201d sobre la agresi\u00f3n rusa a su pa\u00eds, luego de que una misi\u00f3n de Naciones Unidas concluyera que se han cometido cr\u00edmenes de guerra durante la invasi\u00f3n.<br \/>\n\u201cSi estos actos de agresi\u00f3n por parte de un miembro permanente del Consejo de Seguridad de la ONU no son respondidos, nos hundiremos en un oscuro mundo de impunidad y permisividad\u201d, afirm\u00f3 el embajador extraordinario ucraniano, Anton Korinevich, quien asegur\u00f3 que las atrocidades rusas \u201cno se hab\u00edan visto en Europa desde hace d\u00e9cadas\u201d.<br \/>\nEl diplom\u00e1tico compar\u00f3 la brutalidad de los cr\u00edmenes del r\u00e9gimen de Putin en Ucrania con los cometidos en conflictos como los de la antigua Yugoslavia, Ruanda y la Rep\u00fablica Democr\u00e1tica del Congo, y pidi\u00f3 a la misi\u00f3n de la ONU que siga trabajando para garantizar que, como en esas guerras, \u201cno haya impunidad para los perpetradores\u201d.<br \/>\nAsimismo, el informe presentado ayer por la misi\u00f3n independiente de investigaci\u00f3n creada por el Consejo de Derechos Humanos \u201ces un importante hito en el camino hacia la rendici\u00f3n de cuentas de los cr\u00edmenes de Rusia contra el pueblo ucraniano\u201d, destac\u00f3 el diplom\u00e1tico en videoconferencia desde Kiev.<br \/>\nLos cr\u00edmenes investigados por la misi\u00f3n de tres expertos en las \u00e1reas de Kiev, Kharkiv, Chernihov y Sumi \u201cson parte de la sistem\u00e1tica t\u00e1ctica rusa de terror contra el pueblo de Ucrania\u201d, destac\u00f3 Korinevich, quien pidi\u00f3 a Naciones Unidas que investigue otros posibles cr\u00edmenes de guerra del ej\u00e9rcito de la Federaci\u00f3n Rusa.<br \/>\nEn este sentido, cit\u00f3 el asesinato de decenas de miles de personas en Mari\u00fapol, los mortales ataques con proyectiles a ciudades como Odesa, Vinnitsia, Kremenchuk y Kramatorsk, o \u201cla completa destrucci\u00f3n de la faz de la tierra\u201d de localidades como Severodonetsk, Advivka o Lisichansk.<br \/>\n\u201cEsperamos que se haga justicia por el asesinato de casi 400 ni\u00f1os ucranianos con cohetes y tanques de Rusia, o por los miles de ciudadanos que se han perdido en las c\u00e1maras de tortura rusas\u201d, declar\u00f3 ante el Consejo de la ONU.<br \/>\nEL PEDIDO DE ZELENSKY<br \/>\nEl presidente ucraniano, Volod\u00edmir Zelensky, hab\u00eda pedido la creaci\u00f3n de un \u201ctribunal especial para castigar los cr\u00edmenes rusos\u201d e inst\u00f3 a los l\u00edderes mundiales a despojar a Rusia de su voto en las instituciones internacionales y de su derecho a veto en el Consejo de Seguridad de la ONU, afirmando que los agresores deben ser castigados y aislados.<br \/>\nEn su mensaje para la Asamblea General de la ONU, el mandatario llam\u00f3 al establecimiento de un tribunal especial contra Rusia \u201cpor el crimen de la agresi\u00f3n contra nuestro Estado\u201d, as\u00ed como asegurar la rendici\u00f3n de cuentas. \u201cMosc\u00fa debe pagar\u201d, declar\u00f3, y pidi\u00f3 un fondo para compensar los da\u00f1os que han sufrido los ucranianos durante la invasi\u00f3n.<br \/>\nLa Asamblea General de la ONU transmiti\u00f3 el esperado discurso de Zelensky por video horas despu\u00e9s de que el presidente ruso, Vlad\u00edmir Putin, anunciara una movilizaci\u00f3n parcial de reservistas para impulsar su guerra contra Ucrania. Aunque Zelensky a\u00fan no se hab\u00eda referido al acontecimiento, dijo que sus fuerzas \u201cpueden devolver la bandera ucraniana\u201d a todo el territorio invadido por Rusia. \u201cPodemos hacerlo con la fuerza de las armas. Pero necesitamos tiempo\u201d.<br \/>\nTambi\u00e9n exigi\u00f3 un castigo para Rusia que incluya la prohibici\u00f3n de que vote en los organismos internacionales y ejerza su veto en el Consejo de Seguridad. \u201cMientras el agresor sea parte de la toma de decisiones en las organizaciones internacionales, debe ser aislado de ellas\u201d, dijo Zelensky.<br \/>\n\u201cSe ha cometido un crimen contra Ucrania y exigimos un castigo justo\u201d, dijo Zelensky en el mensaje por video con el que este a\u00f1o intervino en las reuniones de los l\u00edderes internacionales en Naciones Unidas. (Infobae).<\/p>\n","protected":false},"excerpt":{"rendered":"<p>La delegaci\u00f3n de Ucrania ante el Consejo de Derechos Humanos de la ONU pidi\u00f3 ayer la creaci\u00f3n de un \u201ctribunal con jurisdicci\u00f3n espec\u00edfica\u201d sobre la agresi\u00f3n rusa a su pa\u00eds, luego de que una misi\u00f3n de Naciones Unidas concluyera que se han cometido cr\u00edmenes de guerra durante la invasi\u00f3n. \u201cSi estos actos de agresi\u00f3n por [&hellip;]<\/p>\n","protected":false},"author":1,"featured_media":112667,"comment_status":"closed","ping_status":"closed","sticky":false,"template":"","format":"standard","meta":{"_acf_changed":false,"footnotes":""},"categories":[3],"tags":[],"class_list":["post-112666","post","type-post","status-publish","format-standard","has-post-thumbnail","category-internacional"],"acf":{"antetitulo":""},"yoast_head":"<!-- This site is optimized with the Yoast SEO plugin v28.3 - https:\/\/yoast.com\/product\/yoast-seo-wordpress\/ -->\n<title>Tras informe de la ONU piden un tribunal para juzgar a rusos - El Diario - Bolivia<\/title>\n<meta name=\"robots\" content=\"index, follow, max-snippet:-1, max-image-preview:large, max-video-preview:-1\" \/>\n<link rel=\"canonical\" href=\"https:\/\/www.eldiario.net\/portal\/2022\/09\/24\/tras-informe-de-la-onu-piden-un-tribunal-para-juzgar-a-rusos\/\" \/>\n<meta property=\"og:locale\" content=\"es_ES\" \/>\n<meta property=\"og:type\" content=\"article\" \/>\n<meta property=\"og:title\" content=\"Tras informe de la ONU piden un tribunal para juzgar a rusos - El Diario - Bolivia\" \/>\n<meta property=\"og:description\" content=\"La delegaci\u00f3n de Ucrania ante el Consejo de Derechos Humanos de la ONU pidi\u00f3 ayer la creaci\u00f3n de un \u201ctribunal con jurisdicci\u00f3n espec\u00edfica\u201d sobre la agresi\u00f3n rusa a su pa\u00eds, luego de que una misi\u00f3n de Naciones Unidas concluyera que se han cometido cr\u00edmenes de guerra durante la invasi\u00f3n. \u201cSi estos actos de agresi\u00f3n por [&hellip;]\" \/>\n<meta property=\"og:url\" content=\"https:\/\/www.eldiario.net\/portal\/2022\/09\/24\/tras-informe-de-la-onu-piden-un-tribunal-para-juzgar-a-rusos\/\" \/>\n<meta property=\"og:site_name\" content=\"El Diario - Bolivia\" \/>\n<meta property=\"article:publisher\" content=\"https:\/\/www.facebook.com\/eldiario.bolivia\/\" \/>\n<meta property=\"article:published_time\" content=\"2022-09-24T09:34:54+00:00\" \/>\n<meta name=\"author\" content=\"Jeanette\" \/>\n<meta name=\"twitter:card\" content=\"summary_large_image\" \/>\n<meta name=\"twitter:creator\" content=\"@eldiario_net\" \/>\n<meta name=\"twitter:site\" content=\"@eldiario_net\" \/>\n<meta name=\"twitter:label1\" content=\"Escrito por\" \/>\n\t<meta name=\"twitter:data1\" content=\"Jeanette\" \/>\n\t<meta name=\"twitter:label2\" content=\"Tiempo de lectura\" \/>\n\t<meta name=\"twitter:data2\" content=\"3 minutos\" \/>\n<script type=\"application\/ld+json\" class=\"yoast-schema-graph\">{\"@context\":\"https:\\\/\\\/schema.org\",\"@graph\":[{\"@type\":\"Article\",\"@id\":\"https:\\\/\\\/www.eldiario.net\\\/portal\\\/2022\\\/09\\\/24\\\/tras-informe-de-la-onu-piden-un-tribunal-para-juzgar-a-rusos\\\/#article\",\"isPartOf\":{\"@id\":\"https:\\\/\\\/www.eldiario.net\\\/portal\\\/2022\\\/09\\\/24\\\/tras-informe-de-la-onu-piden-un-tribunal-para-juzgar-a-rusos\\\/\"},\"author\":{\"name\":\"Jeanette\",\"@id\":\"https:\\\/\\\/www.eldiario.net\\\/portal\\\/#\\\/schema\\\/person\\\/f46445640444750d7d753ccd04ae01b7\"},\"headline\":\"Tras informe de la ONU piden un tribunal para juzgar a rusos\",\"datePublished\":\"2022-09-24T09:34:54+00:00\",\"mainEntityOfPage\":{\"@id\":\"https:\\\/\\\/www.eldiario.net\\\/portal\\\/2022\\\/09\\\/24\\\/tras-informe-de-la-onu-piden-un-tribunal-para-juzgar-a-rusos\\\/\"},\"wordCount\":678,\"publisher\":{\"@id\":\"https:\\\/\\\/www.eldiario.net\\\/portal\\\/#organization\"},\"image\":{\"@id\":\"https:\\\/\\\/www.eldiario.net\\\/portal\\\/2022\\\/09\\\/24\\\/tras-informe-de-la-onu-piden-un-tribunal-para-juzgar-a-rusos\\\/#primaryimage\"},\"thumbnailUrl\":\"\",\"articleSection\":[\"Internacional\"],\"inLanguage\":\"es\"},{\"@type\":\"WebPage\",\"@id\":\"https:\\\/\\\/www.eldiario.net\\\/portal\\\/2022\\\/09\\\/24\\\/tras-informe-de-la-onu-piden-un-tribunal-para-juzgar-a-rusos\\\/\",\"url\":\"https:\\\/\\\/www.eldiario.net\\\/portal\\\/2022\\\/09\\\/24\\\/tras-informe-de-la-onu-piden-un-tribunal-para-juzgar-a-rusos\\\/\",\"name\":\"Tras informe de la ONU piden un tribunal para juzgar a rusos - El Diario - Bolivia\",\"isPartOf\":{\"@id\":\"https:\\\/\\\/www.eldiario.net\\\/portal\\\/#website\"},\"primaryImageOfPage\":{\"@id\":\"https:\\\/\\\/www.eldiario.net\\\/portal\\\/2022\\\/09\\\/24\\\/tras-informe-de-la-onu-piden-un-tribunal-para-juzgar-a-rusos\\\/#primaryimage\"},\"image\":{\"@id\":\"https:\\\/\\\/www.eldiario.net\\\/portal\\\/2022\\\/09\\\/24\\\/tras-informe-de-la-onu-piden-un-tribunal-para-juzgar-a-rusos\\\/#primaryimage\"},\"thumbnailUrl\":\"\",\"datePublished\":\"2022-09-24T09:34:54+00:00\",\"breadcrumb\":{\"@id\":\"https:\\\/\\\/www.eldiario.net\\\/portal\\\/2022\\\/09\\\/24\\\/tras-informe-de-la-onu-piden-un-tribunal-para-juzgar-a-rusos\\\/#breadcrumb\"},\"inLanguage\":\"es\",\"potentialAction\":[{\"@type\":\"ReadAction\",\"target\":[\"https:\\\/\\\/www.eldiario.net\\\/portal\\\/2022\\\/09\\\/24\\\/tras-informe-de-la-onu-piden-un-tribunal-para-juzgar-a-rusos\\\/\"]}]},{\"@type\":\"ImageObject\",\"inLanguage\":\"es\",\"@id\":\"https:\\\/\\\/www.eldiario.net\\\/portal\\\/2022\\\/09\\\/24\\\/tras-informe-de-la-onu-piden-un-tribunal-para-juzgar-a-rusos\\\/#primaryimage\",\"url\":\"\",\"contentUrl\":\"\"},{\"@type\":\"BreadcrumbList\",\"@id\":\"https:\\\/\\\/www.eldiario.net\\\/portal\\\/2022\\\/09\\\/24\\\/tras-informe-de-la-onu-piden-un-tribunal-para-juzgar-a-rusos\\\/#breadcrumb\",\"itemListElement\":[{\"@type\":\"ListItem\",\"position\":1,\"name\":\"Portada\",\"item\":\"https:\\\/\\\/www.eldiario.net\\\/portal\\\/\"},{\"@type\":\"ListItem\",\"position\":2,\"name\":\"Tras informe de la ONU piden un tribunal para juzgar a rusos\"}]},{\"@type\":\"WebSite\",\"@id\":\"https:\\\/\\\/www.eldiario.net\\\/portal\\\/#website\",\"url\":\"https:\\\/\\\/www.eldiario.net\\\/portal\\\/\",\"name\":\"El Diario - Decano de la prensa nacional\",\"description\":\"El Diario - Decano de la prensa nacional\",\"publisher\":{\"@id\":\"https:\\\/\\\/www.eldiario.net\\\/portal\\\/#organization\"},\"potentialAction\":[{\"@type\":\"SearchAction\",\"target\":{\"@type\":\"EntryPoint\",\"urlTemplate\":\"https:\\\/\\\/www.eldiario.net\\\/portal\\\/?s={search_term_string}\"},\"query-input\":{\"@type\":\"PropertyValueSpecification\",\"valueRequired\":true,\"valueName\":\"search_term_string\"}}],\"inLanguage\":\"es\"},{\"@type\":\"Organization\",\"@id\":\"https:\\\/\\\/www.eldiario.net\\\/portal\\\/#organization\",\"name\":\"El Diario - Decano de la prensa nacional\",\"url\":\"https:\\\/\\\/www.eldiario.net\\\/portal\\\/\",\"logo\":{\"@type\":\"ImageObject\",\"inLanguage\":\"es\",\"@id\":\"https:\\\/\\\/www.eldiario.net\\\/portal\\\/#\\\/schema\\\/logo\\\/image\\\/\",\"url\":\"https:\\\/\\\/www.eldiario.net\\\/portal\\\/wp-content\\\/uploads\\\/2023\\\/07\\\/logo_ED.jpg\",\"contentUrl\":\"https:\\\/\\\/www.eldiario.net\\\/portal\\\/wp-content\\\/uploads\\\/2023\\\/07\\\/logo_ED.jpg\",\"width\":272,\"height\":52,\"caption\":\"El Diario - Decano de la prensa nacional\"},\"image\":{\"@id\":\"https:\\\/\\\/www.eldiario.net\\\/portal\\\/#\\\/schema\\\/logo\\\/image\\\/\"},\"sameAs\":[\"https:\\\/\\\/www.facebook.com\\\/eldiario.bolivia\\\/\",\"https:\\\/\\\/x.com\\\/eldiario_net\"]},{\"@type\":\"Person\",\"@id\":\"https:\\\/\\\/www.eldiario.net\\\/portal\\\/#\\\/schema\\\/person\\\/f46445640444750d7d753ccd04ae01b7\",\"name\":\"Jeanette\",\"image\":{\"@type\":\"ImageObject\",\"inLanguage\":\"es\",\"@id\":\"https:\\\/\\\/secure.gravatar.com\\\/avatar\\\/3ea2118a5f7dad2b7138b1187a6b7ee55f160b9968b66013c3a3ef39dd7e5798?s=96&d=mm&r=g\",\"url\":\"https:\\\/\\\/secure.gravatar.com\\\/avatar\\\/3ea2118a5f7dad2b7138b1187a6b7ee55f160b9968b66013c3a3ef39dd7e5798?s=96&d=mm&r=g\",\"contentUrl\":\"https:\\\/\\\/secure.gravatar.com\\\/avatar\\\/3ea2118a5f7dad2b7138b1187a6b7ee55f160b9968b66013c3a3ef39dd7e5798?s=96&d=mm&r=g\",\"caption\":\"Jeanette\"},\"sameAs\":[\"https:\\\/\\\/www.eldiario.net\\\/portal\"],\"url\":\"https:\\\/\\\/www.eldiario.net\\\/portal\\\/author\\\/jeanette\\\/\"}]}<\/script>\n<!-- \/ Yoast SEO plugin. -->","yoast_head_json":{"title":"Tras informe de la ONU piden un tribunal para juzgar a rusos - El Diario - Bolivia","robots":{"index":"index","follow":"follow","max-snippet":"max-snippet:-1","max-image-preview":"max-image-preview:large","max-video-preview":"max-video-preview:-1"},"canonical":"https:\/\/www.eldiario.net\/portal\/2022\/09\/24\/tras-informe-de-la-onu-piden-un-tribunal-para-juzgar-a-rusos\/","og_locale":"es_ES","og_type":"article","og_title":"Tras informe de la ONU piden un tribunal para juzgar a rusos - El Diario - Bolivia","og_description":"La delegaci\u00f3n de Ucrania ante el Consejo de Derechos Humanos de la ONU pidi\u00f3 ayer la creaci\u00f3n de un \u201ctribunal con jurisdicci\u00f3n espec\u00edfica\u201d sobre la agresi\u00f3n rusa a su pa\u00eds, luego de que una misi\u00f3n de Naciones Unidas concluyera que se han cometido cr\u00edmenes de guerra durante la invasi\u00f3n. \u201cSi estos actos de agresi\u00f3n por [&hellip;]","og_url":"https:\/\/www.eldiario.net\/portal\/2022\/09\/24\/tras-informe-de-la-onu-piden-un-tribunal-para-juzgar-a-rusos\/","og_site_name":"El Diario - Bolivia","article_publisher":"https:\/\/www.facebook.com\/eldiario.bolivia\/","article_published_time":"2022-09-24T09:34:54+00:00","author":"Jeanette","twitter_card":"summary_large_image","twitter_creator":"@eldiario_net","twitter_site":"@eldiario_net","twitter_misc":{"Escrito por":"Jeanette","Tiempo de lectura":"3 minutos"},"schema":{"@context":"https:\/\/schema.org","@graph":[{"@type":"Article","@id":"https:\/\/www.eldiario.net\/portal\/2022\/09\/24\/tras-informe-de-la-onu-piden-un-tribunal-para-juzgar-a-rusos\/#article","isPartOf":{"@id":"https:\/\/www.eldiario.net\/portal\/2022\/09\/24\/tras-informe-de-la-onu-piden-un-tribunal-para-juzgar-a-rusos\/"},"author":{"name":"Jeanette","@id":"https:\/\/www.eldiario.net\/portal\/#\/schema\/person\/f46445640444750d7d753ccd04ae01b7"},"headline":"Tras informe de la ONU piden un tribunal para juzgar a rusos","datePublished":"2022-09-24T09:34:54+00:00","mainEntityOfPage":{"@id":"https:\/\/www.eldiario.net\/portal\/2022\/09\/24\/tras-informe-de-la-onu-piden-un-tribunal-para-juzgar-a-rusos\/"},"wordCount":678,"publisher":{"@id":"https:\/\/www.eldiario.net\/portal\/#organization"},"image":{"@id":"https:\/\/www.eldiario.net\/portal\/2022\/09\/24\/tras-informe-de-la-onu-piden-un-tribunal-para-juzgar-a-rusos\/#primaryimage"},"thumbnailUrl":"","articleSection":["Internacional"],"inLanguage":"es"},{"@type":"WebPage","@id":"https:\/\/www.eldiario.net\/portal\/2022\/09\/24\/tras-informe-de-la-onu-piden-un-tribunal-para-juzgar-a-rusos\/","url":"https:\/\/www.eldiario.net\/portal\/2022\/09\/24\/tras-informe-de-la-onu-piden-un-tribunal-para-juzgar-a-rusos\/","name":"Tras informe de la ONU piden un tribunal para juzgar a rusos - El Diario - Bolivia","isPartOf":{"@id":"https:\/\/www.eldiario.net\/portal\/#website"},"primaryImageOfPage":{"@id":"https:\/\/www.eldiario.net\/portal\/2022\/09\/24\/tras-informe-de-la-onu-piden-un-tribunal-para-juzgar-a-rusos\/#primaryimage"},"image":{"@id":"https:\/\/www.eldiario.net\/portal\/2022\/09\/24\/tras-informe-de-la-onu-piden-un-tribunal-para-juzgar-a-rusos\/#primaryimage"},"thumbnailUrl":"","datePublished":"2022-09-24T09:34:54+00:00","breadcrumb":{"@id":"https:\/\/www.eldiario.net\/portal\/2022\/09\/24\/tras-informe-de-la-onu-piden-un-tribunal-para-juzgar-a-rusos\/#breadcrumb"},"inLanguage":"es","potentialAction":[{"@type":"ReadAction","target":["https:\/\/www.eldiario.net\/portal\/2022\/09\/24\/tras-informe-de-la-onu-piden-un-tribunal-para-juzgar-a-rusos\/"]}]},{"@type":"ImageObject","inLanguage":"es","@id":"https:\/\/www.eldiario.net\/portal\/2022\/09\/24\/tras-informe-de-la-onu-piden-un-tribunal-para-juzgar-a-rusos\/#primaryimage","url":"","contentUrl":""},{"@type":"BreadcrumbList","@id":"https:\/\/www.eldiario.net\/portal\/2022\/09\/24\/tras-informe-de-la-onu-piden-un-tribunal-para-juzgar-a-rusos\/#breadcrumb","itemListElement":[{"@type":"ListItem","position":1,"name":"Portada","item":"https:\/\/www.eldiario.net\/portal\/"},{"@type":"ListItem","position":2,"name":"Tras informe de la ONU piden un tribunal para juzgar a rusos"}]},{"@type":"WebSite","@id":"https:\/\/www.eldiario.net\/portal\/#website","url":"https:\/\/www.eldiario.net\/portal\/","name":"El Diario - Decano de la prensa nacional","description":"El Diario - Decano de la prensa nacional","publisher":{"@id":"https:\/\/www.eldiario.net\/portal\/#organization"},"potentialAction":[{"@type":"SearchAction","target":{"@type":"EntryPoint","urlTemplate":"https:\/\/www.eldiario.net\/portal\/?s={search_term_string}"},"query-input":{"@type":"PropertyValueSpecification","valueRequired":true,"valueName":"search_term_string"}}],"inLanguage":"es"},{"@type":"Organization","@id":"https:\/\/www.eldiario.net\/portal\/#organization","name":"El Diario - Decano de la prensa nacional","url":"https:\/\/www.eldiario.net\/portal\/","logo":{"@type":"ImageObject","inLanguage":"es","@id":"https:\/\/www.eldiario.net\/portal\/#\/schema\/logo\/image\/","url":"https:\/\/www.eldiario.net\/portal\/wp-content\/uploads\/2023\/07\/logo_ED.jpg","contentUrl":"https:\/\/www.eldiario.net\/portal\/wp-content\/uploads\/2023\/07\/logo_ED.jpg","width":272,"height":52,"caption":"El Diario - Decano de la prensa nacional"},"image":{"@id":"https:\/\/www.eldiario.net\/portal\/#\/schema\/logo\/image\/"},"sameAs":["https:\/\/www.facebook.com\/eldiario.bolivia\/","https:\/\/x.com\/eldiario_net"]},{"@type":"Person","@id":"https:\/\/www.eldiario.net\/portal\/#\/schema\/person\/f46445640444750d7d753ccd04ae01b7","name":"Jeanette","image":{"@type":"ImageObject","inLanguage":"es","@id":"https:\/\/secure.gravatar.com\/avatar\/3ea2118a5f7dad2b7138b1187a6b7ee55f160b9968b66013c3a3ef39dd7e5798?s=96&d=mm&r=g","url":"https:\/\/secure.gravatar.com\/avatar\/3ea2118a5f7dad2b7138b1187a6b7ee55f160b9968b66013c3a3ef39dd7e5798?s=96&d=mm&r=g","contentUrl":"https:\/\/secure.gravatar.com\/avatar\/3ea2118a5f7dad2b7138b1187a6b7ee55f160b9968b66013c3a3ef39dd7e5798?s=96&d=mm&r=g","caption":"Jeanette"},"sameAs":["https:\/\/www.eldiario.net\/portal"],"url":"https:\/\/www.eldiario.net\/portal\/author\/jeanette\/"}]}},"_links":{"self":[{"href":"https:\/\/www.eldiario.net\/portal\/wp-json\/wp\/v2\/posts\/112666","targetHints":{"allow":["GET"]}}],"collection":[{"href":"https:\/\/www.eldiario.net\/portal\/wp-json\/wp\/v2\/posts"}],"about":[{"href":"https:\/\/www.eldiario.net\/portal\/wp-json\/wp\/v2\/types\/post"}],"author":[{"embeddable":true,"href":"https:\/\/www.eldiario.net\/portal\/wp-json\/wp\/v2\/users\/1"}],"replies":[{"embeddable":true,"href":"https:\/\/www.eldiario.net\/portal\/wp-json\/wp\/v2\/comments?post=112666"}],"version-history":[{"count":0,"href":"https:\/\/www.eldiario.net\/portal\/wp-json\/wp\/v2\/posts\/112666\/revisions"}],"wp:attachment":[{"href":"https:\/\/www.eldiario.net\/portal\/wp-json\/wp\/v2\/media?parent=112666"}],"wp:term":[{"taxonomy":"category","embeddable":true,"href":"https:\/\/www.eldiario.net\/portal\/wp-json\/wp\/v2\/categories?post=112666"},{"taxonomy":"post_tag","embeddable":true,"href":"https:\/\/www.eldiario.net\/portal\/wp-json\/wp\/v2\/tags?post=112666"}],"curies":[{"name":"wp","href":"https:\/\/api.w.org\/{rel}","templated":true}]}}