{"id":112663,"date":"2022-09-24T05:33:56","date_gmt":"2022-09-24T09:33:56","guid":{"rendered":"https:\/\/www.eldiario.net\/portal\/?p=112663"},"modified":"2022-09-24T05:33:56","modified_gmt":"2022-09-24T09:33:56","slug":"anuncian-liberacion-de-territorios-en-donetsk","status":"publish","type":"post","link":"https:\/\/www.eldiario.net\/portal\/2022\/09\/24\/anuncian-liberacion-de-territorios-en-donetsk\/","title":{"rendered":"Anuncian liberaci\u00f3n de  territorios en Donetsk"},"content":{"rendered":"<p>El ej\u00e9rcito ucraniano anunci\u00f3 ayer haber liberado de la invasi\u00f3n rusa, una localidad en Donetsk, en el este del pa\u00eds, en momentos en que las autoridades prorrusas de las regiones ocupadas organizan referendos de anexi\u00f3n a Rusia.<br \/>\n\u00abEl Ej\u00e9rcito ucraniano recuper\u00f3 Yatskivka\u00bb, anunci\u00f3 a la televisi\u00f3n Oleksii Gromov, un responsable del Estado Mayor militar ucraniano. La toma de esta localidad en la orilla oriental del rio Oskil parece confirmar la continuaci\u00f3n de una contraofensiva que ya permiti\u00f3 a Ucrania liberar varios miles de kil\u00f3metros cuadrados en la regi\u00f3n vecina de Kharkiv.<br \/>\nLas autoridades fieles a Mosc\u00fa en las regiones ocupadas de Ucrania iniciaron ayer referendos de anexi\u00f3n a Rusia, considerados ilegales por Kiev y sus aliados occidentales que no reconocer\u00e1n sus resultados.<br \/>\nLas votaciones celebradas en las regiones orientales de Donetsk y Lugansk y en las meridionales de Jers\u00f3n y Zaporizhzhia empezaron a las 5:00 hora local, indicaron las agencias de noticias rusas, y durar\u00e1n cinco d\u00edas.<br \/>\nEstos referendos a\u00f1aden tensi\u00f3n a una semana marcada por la movilizaci\u00f3n de 300.000 reservistas anunciada por el presidente ruso Vladimir Putin, que tambi\u00e9n amenaz\u00f3 con emplear su arsenal nuclear para proteger su territorio.<br \/>\nUna hipot\u00e9tica integraci\u00f3n a Rusia de estas cuatro regiones, que los observadores dan por sentada, implicar\u00eda que Mosc\u00fa, siguiendo su doctrina, podr\u00eda usar sus armas at\u00f3micas para defenderlas de la contraofensiva lanzada por Ucrania en el este y el sur del pa\u00eds.<br \/>\n\u00abNo podemos dejar al presidente Putin que se salga con la suya\u00bb, dijo en una reuni\u00f3n del Consejo de Seguridad de la ONU el secretario de Estado estadounidense, Antony Blinken, acusando a Putin de\u00bbechar le\u00f1a al fuego\u00bb.<br \/>\nLos referendos recuerdan lo ocurrido en 2014 en la pen\u00ednsula de Crimea, anexada a Rusia despu\u00e9s de un voto considerado fraudulento por las capitales occidentales.<br \/>\nEn la ONU, el ministro de Relaciones Exteriores de Rusia, Sergu\u00e9i Lavrov, rechaz\u00f3 las acusaciones y culp\u00f3 de la situaci\u00f3n al \u00abEstado totalitario nazi\u00bb de Kiev.<br \/>\nEn las regiones orientales de Donetsk y Lugansk, reconocidas como naciones independientes por Mosc\u00fa justo antes de la invasi\u00f3n, los residentes deber\u00e1n responder si respaldan \u00abla entrada a Rusia\u00bb, seg\u00fan la agencia TASS. (Infobae).<\/p>\n","protected":false},"excerpt":{"rendered":"<p>El ej\u00e9rcito ucraniano anunci\u00f3 ayer haber liberado de la invasi\u00f3n rusa, una localidad en Donetsk, en el este del pa\u00eds, en momentos en que las autoridades prorrusas de las regiones ocupadas organizan referendos de anexi\u00f3n a Rusia. \u00abEl Ej\u00e9rcito ucraniano recuper\u00f3 Yatskivka\u00bb, anunci\u00f3 a la televisi\u00f3n Oleksii Gromov, un responsable del Estado Mayor militar ucraniano. [&hellip;]<\/p>\n","protected":false},"author":1,"featured_media":112664,"comment_status":"closed","ping_status":"closed","sticky":false,"template":"","format":"standard","meta":{"_acf_changed":false,"footnotes":""},"categories":[3],"tags":[],"class_list":["post-112663","post","type-post","status-publish","format-standard","has-post-thumbnail","category-internacional"],"acf":{"antetitulo":""},"yoast_head":"<!-- This site is optimized with the Yoast SEO plugin v28.3 - https:\/\/yoast.com\/product\/yoast-seo-wordpress\/ -->\n<title>Anuncian liberaci\u00f3n de territorios en Donetsk - El Diario - Bolivia<\/title>\n<meta name=\"robots\" content=\"index, follow, max-snippet:-1, max-image-preview:large, max-video-preview:-1\" \/>\n<link rel=\"canonical\" href=\"https:\/\/www.eldiario.net\/portal\/2022\/09\/24\/anuncian-liberacion-de-territorios-en-donetsk\/\" \/>\n<meta property=\"og:locale\" content=\"es_ES\" \/>\n<meta property=\"og:type\" content=\"article\" \/>\n<meta property=\"og:title\" content=\"Anuncian liberaci\u00f3n de territorios en Donetsk - El Diario - Bolivia\" \/>\n<meta property=\"og:description\" content=\"El ej\u00e9rcito ucraniano anunci\u00f3 ayer haber liberado de la invasi\u00f3n rusa, una localidad en Donetsk, en el este del pa\u00eds, en momentos en que las autoridades prorrusas de las regiones ocupadas organizan referendos de anexi\u00f3n a Rusia. \u00abEl Ej\u00e9rcito ucraniano recuper\u00f3 Yatskivka\u00bb, anunci\u00f3 a la televisi\u00f3n Oleksii Gromov, un responsable del Estado Mayor militar ucraniano. [&hellip;]\" \/>\n<meta property=\"og:url\" content=\"https:\/\/www.eldiario.net\/portal\/2022\/09\/24\/anuncian-liberacion-de-territorios-en-donetsk\/\" \/>\n<meta property=\"og:site_name\" content=\"El Diario - Bolivia\" \/>\n<meta property=\"article:publisher\" content=\"https:\/\/www.facebook.com\/eldiario.bolivia\/\" \/>\n<meta property=\"article:published_time\" content=\"2022-09-24T09:33:56+00:00\" \/>\n<meta name=\"author\" content=\"Jeanette\" \/>\n<meta name=\"twitter:card\" content=\"summary_large_image\" \/>\n<meta name=\"twitter:creator\" content=\"@eldiario_net\" \/>\n<meta name=\"twitter:site\" content=\"@eldiario_net\" \/>\n<meta name=\"twitter:label1\" content=\"Escrito por\" \/>\n\t<meta name=\"twitter:data1\" content=\"Jeanette\" \/>\n\t<meta name=\"twitter:label2\" content=\"Tiempo de lectura\" \/>\n\t<meta name=\"twitter:data2\" content=\"2 minutos\" \/>\n<script type=\"application\/ld+json\" class=\"yoast-schema-graph\">{\"@context\":\"https:\\\/\\\/schema.org\",\"@graph\":[{\"@type\":\"Article\",\"@id\":\"https:\\\/\\\/www.eldiario.net\\\/portal\\\/2022\\\/09\\\/24\\\/anuncian-liberacion-de-territorios-en-donetsk\\\/#article\",\"isPartOf\":{\"@id\":\"https:\\\/\\\/www.eldiario.net\\\/portal\\\/2022\\\/09\\\/24\\\/anuncian-liberacion-de-territorios-en-donetsk\\\/\"},\"author\":{\"name\":\"Jeanette\",\"@id\":\"https:\\\/\\\/www.eldiario.net\\\/portal\\\/#\\\/schema\\\/person\\\/f46445640444750d7d753ccd04ae01b7\"},\"headline\":\"Anuncian liberaci\u00f3n de territorios en Donetsk\",\"datePublished\":\"2022-09-24T09:33:56+00:00\",\"mainEntityOfPage\":{\"@id\":\"https:\\\/\\\/www.eldiario.net\\\/portal\\\/2022\\\/09\\\/24\\\/anuncian-liberacion-de-territorios-en-donetsk\\\/\"},\"wordCount\":392,\"publisher\":{\"@id\":\"https:\\\/\\\/www.eldiario.net\\\/portal\\\/#organization\"},\"image\":{\"@id\":\"https:\\\/\\\/www.eldiario.net\\\/portal\\\/2022\\\/09\\\/24\\\/anuncian-liberacion-de-territorios-en-donetsk\\\/#primaryimage\"},\"thumbnailUrl\":\"\",\"articleSection\":[\"Internacional\"],\"inLanguage\":\"es\"},{\"@type\":\"WebPage\",\"@id\":\"https:\\\/\\\/www.eldiario.net\\\/portal\\\/2022\\\/09\\\/24\\\/anuncian-liberacion-de-territorios-en-donetsk\\\/\",\"url\":\"https:\\\/\\\/www.eldiario.net\\\/portal\\\/2022\\\/09\\\/24\\\/anuncian-liberacion-de-territorios-en-donetsk\\\/\",\"name\":\"Anuncian liberaci\u00f3n de territorios en Donetsk - El Diario - Bolivia\",\"isPartOf\":{\"@id\":\"https:\\\/\\\/www.eldiario.net\\\/portal\\\/#website\"},\"primaryImageOfPage\":{\"@id\":\"https:\\\/\\\/www.eldiario.net\\\/portal\\\/2022\\\/09\\\/24\\\/anuncian-liberacion-de-territorios-en-donetsk\\\/#primaryimage\"},\"image\":{\"@id\":\"https:\\\/\\\/www.eldiario.net\\\/portal\\\/2022\\\/09\\\/24\\\/anuncian-liberacion-de-territorios-en-donetsk\\\/#primaryimage\"},\"thumbnailUrl\":\"\",\"datePublished\":\"2022-09-24T09:33:56+00:00\",\"breadcrumb\":{\"@id\":\"https:\\\/\\\/www.eldiario.net\\\/portal\\\/2022\\\/09\\\/24\\\/anuncian-liberacion-de-territorios-en-donetsk\\\/#breadcrumb\"},\"inLanguage\":\"es\",\"potentialAction\":[{\"@type\":\"ReadAction\",\"target\":[\"https:\\\/\\\/www.eldiario.net\\\/portal\\\/2022\\\/09\\\/24\\\/anuncian-liberacion-de-territorios-en-donetsk\\\/\"]}]},{\"@type\":\"ImageObject\",\"inLanguage\":\"es\",\"@id\":\"https:\\\/\\\/www.eldiario.net\\\/portal\\\/2022\\\/09\\\/24\\\/anuncian-liberacion-de-territorios-en-donetsk\\\/#primaryimage\",\"url\":\"\",\"contentUrl\":\"\"},{\"@type\":\"BreadcrumbList\",\"@id\":\"https:\\\/\\\/www.eldiario.net\\\/portal\\\/2022\\\/09\\\/24\\\/anuncian-liberacion-de-territorios-en-donetsk\\\/#breadcrumb\",\"itemListElement\":[{\"@type\":\"ListItem\",\"position\":1,\"name\":\"Portada\",\"item\":\"https:\\\/\\\/www.eldiario.net\\\/portal\\\/\"},{\"@type\":\"ListItem\",\"position\":2,\"name\":\"Anuncian liberaci\u00f3n de territorios en Donetsk\"}]},{\"@type\":\"WebSite\",\"@id\":\"https:\\\/\\\/www.eldiario.net\\\/portal\\\/#website\",\"url\":\"https:\\\/\\\/www.eldiario.net\\\/portal\\\/\",\"name\":\"El Diario - Decano de la prensa nacional\",\"description\":\"El Diario - Decano de la prensa nacional\",\"publisher\":{\"@id\":\"https:\\\/\\\/www.eldiario.net\\\/portal\\\/#organization\"},\"potentialAction\":[{\"@type\":\"SearchAction\",\"target\":{\"@type\":\"EntryPoint\",\"urlTemplate\":\"https:\\\/\\\/www.eldiario.net\\\/portal\\\/?s={search_term_string}\"},\"query-input\":{\"@type\":\"PropertyValueSpecification\",\"valueRequired\":true,\"valueName\":\"search_term_string\"}}],\"inLanguage\":\"es\"},{\"@type\":\"Organization\",\"@id\":\"https:\\\/\\\/www.eldiario.net\\\/portal\\\/#organization\",\"name\":\"El Diario - Decano de la prensa nacional\",\"url\":\"https:\\\/\\\/www.eldiario.net\\\/portal\\\/\",\"logo\":{\"@type\":\"ImageObject\",\"inLanguage\":\"es\",\"@id\":\"https:\\\/\\\/www.eldiario.net\\\/portal\\\/#\\\/schema\\\/logo\\\/image\\\/\",\"url\":\"https:\\\/\\\/www.eldiario.net\\\/portal\\\/wp-content\\\/uploads\\\/2023\\\/07\\\/logo_ED.jpg\",\"contentUrl\":\"https:\\\/\\\/www.eldiario.net\\\/portal\\\/wp-content\\\/uploads\\\/2023\\\/07\\\/logo_ED.jpg\",\"width\":272,\"height\":52,\"caption\":\"El Diario - Decano de la prensa nacional\"},\"image\":{\"@id\":\"https:\\\/\\\/www.eldiario.net\\\/portal\\\/#\\\/schema\\\/logo\\\/image\\\/\"},\"sameAs\":[\"https:\\\/\\\/www.facebook.com\\\/eldiario.bolivia\\\/\",\"https:\\\/\\\/x.com\\\/eldiario_net\"]},{\"@type\":\"Person\",\"@id\":\"https:\\\/\\\/www.eldiario.net\\\/portal\\\/#\\\/schema\\\/person\\\/f46445640444750d7d753ccd04ae01b7\",\"name\":\"Jeanette\",\"image\":{\"@type\":\"ImageObject\",\"inLanguage\":\"es\",\"@id\":\"https:\\\/\\\/secure.gravatar.com\\\/avatar\\\/3ea2118a5f7dad2b7138b1187a6b7ee55f160b9968b66013c3a3ef39dd7e5798?s=96&d=mm&r=g\",\"url\":\"https:\\\/\\\/secure.gravatar.com\\\/avatar\\\/3ea2118a5f7dad2b7138b1187a6b7ee55f160b9968b66013c3a3ef39dd7e5798?s=96&d=mm&r=g\",\"contentUrl\":\"https:\\\/\\\/secure.gravatar.com\\\/avatar\\\/3ea2118a5f7dad2b7138b1187a6b7ee55f160b9968b66013c3a3ef39dd7e5798?s=96&d=mm&r=g\",\"caption\":\"Jeanette\"},\"sameAs\":[\"https:\\\/\\\/www.eldiario.net\\\/portal\"],\"url\":\"https:\\\/\\\/www.eldiario.net\\\/portal\\\/author\\\/jeanette\\\/\"}]}<\/script>\n<!-- \/ Yoast SEO plugin. -->","yoast_head_json":{"title":"Anuncian liberaci\u00f3n de territorios en Donetsk - El Diario - Bolivia","robots":{"index":"index","follow":"follow","max-snippet":"max-snippet:-1","max-image-preview":"max-image-preview:large","max-video-preview":"max-video-preview:-1"},"canonical":"https:\/\/www.eldiario.net\/portal\/2022\/09\/24\/anuncian-liberacion-de-territorios-en-donetsk\/","og_locale":"es_ES","og_type":"article","og_title":"Anuncian liberaci\u00f3n de territorios en Donetsk - El Diario - Bolivia","og_description":"El ej\u00e9rcito ucraniano anunci\u00f3 ayer haber liberado de la invasi\u00f3n rusa, una localidad en Donetsk, en el este del pa\u00eds, en momentos en que las autoridades prorrusas de las regiones ocupadas organizan referendos de anexi\u00f3n a Rusia. \u00abEl Ej\u00e9rcito ucraniano recuper\u00f3 Yatskivka\u00bb, anunci\u00f3 a la televisi\u00f3n Oleksii Gromov, un responsable del Estado Mayor militar ucraniano. [&hellip;]","og_url":"https:\/\/www.eldiario.net\/portal\/2022\/09\/24\/anuncian-liberacion-de-territorios-en-donetsk\/","og_site_name":"El Diario - Bolivia","article_publisher":"https:\/\/www.facebook.com\/eldiario.bolivia\/","article_published_time":"2022-09-24T09:33:56+00:00","author":"Jeanette","twitter_card":"summary_large_image","twitter_creator":"@eldiario_net","twitter_site":"@eldiario_net","twitter_misc":{"Escrito por":"Jeanette","Tiempo de lectura":"2 minutos"},"schema":{"@context":"https:\/\/schema.org","@graph":[{"@type":"Article","@id":"https:\/\/www.eldiario.net\/portal\/2022\/09\/24\/anuncian-liberacion-de-territorios-en-donetsk\/#article","isPartOf":{"@id":"https:\/\/www.eldiario.net\/portal\/2022\/09\/24\/anuncian-liberacion-de-territorios-en-donetsk\/"},"author":{"name":"Jeanette","@id":"https:\/\/www.eldiario.net\/portal\/#\/schema\/person\/f46445640444750d7d753ccd04ae01b7"},"headline":"Anuncian liberaci\u00f3n de territorios en Donetsk","datePublished":"2022-09-24T09:33:56+00:00","mainEntityOfPage":{"@id":"https:\/\/www.eldiario.net\/portal\/2022\/09\/24\/anuncian-liberacion-de-territorios-en-donetsk\/"},"wordCount":392,"publisher":{"@id":"https:\/\/www.eldiario.net\/portal\/#organization"},"image":{"@id":"https:\/\/www.eldiario.net\/portal\/2022\/09\/24\/anuncian-liberacion-de-territorios-en-donetsk\/#primaryimage"},"thumbnailUrl":"","articleSection":["Internacional"],"inLanguage":"es"},{"@type":"WebPage","@id":"https:\/\/www.eldiario.net\/portal\/2022\/09\/24\/anuncian-liberacion-de-territorios-en-donetsk\/","url":"https:\/\/www.eldiario.net\/portal\/2022\/09\/24\/anuncian-liberacion-de-territorios-en-donetsk\/","name":"Anuncian liberaci\u00f3n de territorios en Donetsk - El Diario - Bolivia","isPartOf":{"@id":"https:\/\/www.eldiario.net\/portal\/#website"},"primaryImageOfPage":{"@id":"https:\/\/www.eldiario.net\/portal\/2022\/09\/24\/anuncian-liberacion-de-territorios-en-donetsk\/#primaryimage"},"image":{"@id":"https:\/\/www.eldiario.net\/portal\/2022\/09\/24\/anuncian-liberacion-de-territorios-en-donetsk\/#primaryimage"},"thumbnailUrl":"","datePublished":"2022-09-24T09:33:56+00:00","breadcrumb":{"@id":"https:\/\/www.eldiario.net\/portal\/2022\/09\/24\/anuncian-liberacion-de-territorios-en-donetsk\/#breadcrumb"},"inLanguage":"es","potentialAction":[{"@type":"ReadAction","target":["https:\/\/www.eldiario.net\/portal\/2022\/09\/24\/anuncian-liberacion-de-territorios-en-donetsk\/"]}]},{"@type":"ImageObject","inLanguage":"es","@id":"https:\/\/www.eldiario.net\/portal\/2022\/09\/24\/anuncian-liberacion-de-territorios-en-donetsk\/#primaryimage","url":"","contentUrl":""},{"@type":"BreadcrumbList","@id":"https:\/\/www.eldiario.net\/portal\/2022\/09\/24\/anuncian-liberacion-de-territorios-en-donetsk\/#breadcrumb","itemListElement":[{"@type":"ListItem","position":1,"name":"Portada","item":"https:\/\/www.eldiario.net\/portal\/"},{"@type":"ListItem","position":2,"name":"Anuncian liberaci\u00f3n de territorios en Donetsk"}]},{"@type":"WebSite","@id":"https:\/\/www.eldiario.net\/portal\/#website","url":"https:\/\/www.eldiario.net\/portal\/","name":"El Diario - Decano de la prensa nacional","description":"El Diario - Decano de la prensa nacional","publisher":{"@id":"https:\/\/www.eldiario.net\/portal\/#organization"},"potentialAction":[{"@type":"SearchAction","target":{"@type":"EntryPoint","urlTemplate":"https:\/\/www.eldiario.net\/portal\/?s={search_term_string}"},"query-input":{"@type":"PropertyValueSpecification","valueRequired":true,"valueName":"search_term_string"}}],"inLanguage":"es"},{"@type":"Organization","@id":"https:\/\/www.eldiario.net\/portal\/#organization","name":"El Diario - Decano de la prensa nacional","url":"https:\/\/www.eldiario.net\/portal\/","logo":{"@type":"ImageObject","inLanguage":"es","@id":"https:\/\/www.eldiario.net\/portal\/#\/schema\/logo\/image\/","url":"https:\/\/www.eldiario.net\/portal\/wp-content\/uploads\/2023\/07\/logo_ED.jpg","contentUrl":"https:\/\/www.eldiario.net\/portal\/wp-content\/uploads\/2023\/07\/logo_ED.jpg","width":272,"height":52,"caption":"El Diario - Decano de la prensa nacional"},"image":{"@id":"https:\/\/www.eldiario.net\/portal\/#\/schema\/logo\/image\/"},"sameAs":["https:\/\/www.facebook.com\/eldiario.bolivia\/","https:\/\/x.com\/eldiario_net"]},{"@type":"Person","@id":"https:\/\/www.eldiario.net\/portal\/#\/schema\/person\/f46445640444750d7d753ccd04ae01b7","name":"Jeanette","image":{"@type":"ImageObject","inLanguage":"es","@id":"https:\/\/secure.gravatar.com\/avatar\/3ea2118a5f7dad2b7138b1187a6b7ee55f160b9968b66013c3a3ef39dd7e5798?s=96&d=mm&r=g","url":"https:\/\/secure.gravatar.com\/avatar\/3ea2118a5f7dad2b7138b1187a6b7ee55f160b9968b66013c3a3ef39dd7e5798?s=96&d=mm&r=g","contentUrl":"https:\/\/secure.gravatar.com\/avatar\/3ea2118a5f7dad2b7138b1187a6b7ee55f160b9968b66013c3a3ef39dd7e5798?s=96&d=mm&r=g","caption":"Jeanette"},"sameAs":["https:\/\/www.eldiario.net\/portal"],"url":"https:\/\/www.eldiario.net\/portal\/author\/jeanette\/"}]}},"_links":{"self":[{"href":"https:\/\/www.eldiario.net\/portal\/wp-json\/wp\/v2\/posts\/112663","targetHints":{"allow":["GET"]}}],"collection":[{"href":"https:\/\/www.eldiario.net\/portal\/wp-json\/wp\/v2\/posts"}],"about":[{"href":"https:\/\/www.eldiario.net\/portal\/wp-json\/wp\/v2\/types\/post"}],"author":[{"embeddable":true,"href":"https:\/\/www.eldiario.net\/portal\/wp-json\/wp\/v2\/users\/1"}],"replies":[{"embeddable":true,"href":"https:\/\/www.eldiario.net\/portal\/wp-json\/wp\/v2\/comments?post=112663"}],"version-history":[{"count":0,"href":"https:\/\/www.eldiario.net\/portal\/wp-json\/wp\/v2\/posts\/112663\/revisions"}],"wp:attachment":[{"href":"https:\/\/www.eldiario.net\/portal\/wp-json\/wp\/v2\/media?parent=112663"}],"wp:term":[{"taxonomy":"category","embeddable":true,"href":"https:\/\/www.eldiario.net\/portal\/wp-json\/wp\/v2\/categories?post=112663"},{"taxonomy":"post_tag","embeddable":true,"href":"https:\/\/www.eldiario.net\/portal\/wp-json\/wp\/v2\/tags?post=112663"}],"curies":[{"name":"wp","href":"https:\/\/api.w.org\/{rel}","templated":true}]}}