{"id":112660,"date":"2022-09-24T05:32:33","date_gmt":"2022-09-24T09:32:33","guid":{"rendered":"https:\/\/www.eldiario.net\/portal\/?p=112660"},"modified":"2022-09-24T05:32:33","modified_gmt":"2022-09-24T09:32:33","slug":"comienza-referendo-de-integracion-a-rusia-en-las-regiones-separatistas","status":"publish","type":"post","link":"https:\/\/www.eldiario.net\/portal\/2022\/09\/24\/comienza-referendo-de-integracion-a-rusia-en-las-regiones-separatistas\/","title":{"rendered":"Comienza referendo de integraci\u00f3n  a Rusia en las regiones separatistas"},"content":{"rendered":"<p>Las autoridades fieles a Mosc\u00fa en las regiones ocupadas de Ucrania iniciaron ayer referendos de anexi\u00f3n a Rusia, considerados ilegales por Kiev y sus aliados occidentales que no reconocer\u00e1n sus resultados.<br \/>\nLas votaciones celebradas en las regiones orientales de Donetsk y Lugansk y en las meridionales de Jers\u00f3n y Zaporizhzhia empezaron a las 5:00 hora local y durar\u00e1n cinco d\u00edas.<br \/>\nEstos referendos a\u00f1aden tensi\u00f3n a una semana marcada por la movilizaci\u00f3n de 300.000 reservistas anunciada por el presidente ruso Vladimir Putin, que tambi\u00e9n amenaz\u00f3 con emplear su arsenal nuclear para proteger su territorio.<br \/>\nUna hipot\u00e9tica integraci\u00f3n a Rusia de estas cuatro regiones, que los observadores dan por sentada, implicar\u00eda que Mosc\u00fa, siguiendo su doctrina, podr\u00eda usar sus armas at\u00f3micas para defenderlas de la contraofensiva lanzada por Ucrania en el este y el sur del pa\u00eds.<br \/>\n\u201cNo podemos dejar al presidente Putin que se salga con la suya\u201d, dijo en una reuni\u00f3n del Consejo de Seguridad de la ONU el secretario de Estado estadounidense, Antony Blinken, acus\u00e1ndole de echar le\u00f1a al fuego.<br \/>\n\u201cEl orden internacional que aqu\u00ed tratamos de salvar est\u00e1 siendo destrozado ante nuestros ojos\u201d, a\u00f1adi\u00f3.<br \/>\nLos referendos recuerdan lo ocurrido en 2014 en la pen\u00ednsula de Crimea, anexada a Rusia despu\u00e9s de un voto considerado fraudulento por las capitales occidentales.<br \/>\nEn la ONU, el ministro de Relaciones Exteriores de Rusia, Sergu\u00e9i Lavrov, rechaz\u00f3 las acusaciones y culp\u00f3 de la situaci\u00f3n al \u201cEstado totalitario nazi\u201d de Kiev.<br \/>\nEn las regiones orientales de Donetsk y Lugansk, reconocidas como naciones independientes por Mosc\u00fa justo antes de la invasi\u00f3n, los residentes deber\u00e1n responder si respaldan la entrada a Rusia.<br \/>\nEn Jers\u00f3n y Zaporizhzhia, en el sur, las papeletas incluyen la pregunta: \u201c\u00bfEst\u00e1s a favor de la secesi\u00f3n de Ucrania, la formaci\u00f3n de un Estado independiente y su uni\u00f3n a la Federaci\u00f3n Rusa como miembro de la Federaci\u00f3n Rusa?\u201d.<br \/>\nEl proceso ser\u00e1 particular. Las autoridades recoger\u00e1n votos puerta por puerta los primeros cuatro d\u00edas de referendo y solo el \u00faltimo d\u00eda, el martes, se abrir\u00e1n los colegios electorales.<br \/>\nLeonid Pasechnik, l\u00edder de la autoproclamada rep\u00fablica de Lugansk, dijo que esperaba esta votaci\u00f3n desde 2014, cuando empez\u00f3 la rebeli\u00f3n de prorrusos en esta regi\u00f3n y la vecina Donetsk.<br \/>\nEl presidente ucraniano Volodimir Zelensky calific\u00f3 los referendos de \u201cfarsa\u201d y agradeci\u00f3 a sus aliados occidentales que condenaran \u201cotra mentira rusa\u201d.<br \/>\nUna hipot\u00e9tica anexi\u00f3n supondr\u00eda una escalada mayor en el conflicto, especialmente despu\u00e9s de que Putin dijera que proteger\u00eda el territorio ruso con todos los medios.<br \/>\nEl ex presidente y actual n\u00famero dos del Consejo de Seguridad del pa\u00eds, Dmitri Medvedev, se\u00f1al\u00f3 que esto implicaba el uso de armas nucleares estrat\u00e9gicas.<br \/>\nAl mismo tiempo, Rusia empez\u00f3 la movilizaci\u00f3n de sus reservistas anunciada por Putin despu\u00e9s de importantes reveses este mes ante la contraofensiva lanzada por Ucrania.<br \/>\nEl ej\u00e9rcito ruso indic\u00f3 que al menos 10.000 personas se presentaron como voluntarias en las 24 horas posteriores al anuncio, que tambi\u00e9n provoc\u00f3 manifestaciones en varias ciudades saldadas con m\u00e1s de 1.300 detenciones.<br \/>\nLos vuelos a las naciones vecinas, especialmente las antiguas rep\u00fablicas sovi\u00e9ticas que ofrecen entrada sin visado a los rusos, est\u00e1n casi completos y con los precios disparados. (Infobae).<\/p>\n","protected":false},"excerpt":{"rendered":"<p>Las autoridades fieles a Mosc\u00fa en las regiones ocupadas de Ucrania iniciaron ayer referendos de anexi\u00f3n a Rusia, considerados ilegales por Kiev y sus aliados occidentales que no reconocer\u00e1n sus resultados. Las votaciones celebradas en las regiones orientales de Donetsk y Lugansk y en las meridionales de Jers\u00f3n y Zaporizhzhia empezaron a las 5:00 hora [&hellip;]<\/p>\n","protected":false},"author":1,"featured_media":112661,"comment_status":"closed","ping_status":"closed","sticky":false,"template":"","format":"standard","meta":{"_acf_changed":false,"footnotes":""},"categories":[3],"tags":[],"class_list":["post-112660","post","type-post","status-publish","format-standard","has-post-thumbnail","category-internacional"],"acf":{"antetitulo":""},"yoast_head":"<!-- This site is optimized with the Yoast SEO plugin v28.3 - https:\/\/yoast.com\/product\/yoast-seo-wordpress\/ -->\n<title>Comienza referendo de integraci\u00f3n a Rusia en las regiones separatistas - El Diario - Bolivia<\/title>\n<meta name=\"robots\" content=\"index, follow, max-snippet:-1, max-image-preview:large, max-video-preview:-1\" \/>\n<link rel=\"canonical\" href=\"https:\/\/www.eldiario.net\/portal\/2022\/09\/24\/comienza-referendo-de-integracion-a-rusia-en-las-regiones-separatistas\/\" \/>\n<meta property=\"og:locale\" content=\"es_ES\" \/>\n<meta property=\"og:type\" content=\"article\" \/>\n<meta property=\"og:title\" content=\"Comienza referendo de integraci\u00f3n a Rusia en las regiones separatistas - El Diario - Bolivia\" \/>\n<meta property=\"og:description\" content=\"Las autoridades fieles a Mosc\u00fa en las regiones ocupadas de Ucrania iniciaron ayer referendos de anexi\u00f3n a Rusia, considerados ilegales por Kiev y sus aliados occidentales que no reconocer\u00e1n sus resultados. Las votaciones celebradas en las regiones orientales de Donetsk y Lugansk y en las meridionales de Jers\u00f3n y Zaporizhzhia empezaron a las 5:00 hora [&hellip;]\" \/>\n<meta property=\"og:url\" content=\"https:\/\/www.eldiario.net\/portal\/2022\/09\/24\/comienza-referendo-de-integracion-a-rusia-en-las-regiones-separatistas\/\" \/>\n<meta property=\"og:site_name\" content=\"El Diario - Bolivia\" \/>\n<meta property=\"article:publisher\" content=\"https:\/\/www.facebook.com\/eldiario.bolivia\/\" \/>\n<meta property=\"article:published_time\" content=\"2022-09-24T09:32:33+00:00\" \/>\n<meta name=\"author\" content=\"Jeanette\" \/>\n<meta name=\"twitter:card\" content=\"summary_large_image\" \/>\n<meta name=\"twitter:creator\" content=\"@eldiario_net\" \/>\n<meta name=\"twitter:site\" content=\"@eldiario_net\" \/>\n<meta name=\"twitter:label1\" content=\"Escrito por\" \/>\n\t<meta name=\"twitter:data1\" content=\"Jeanette\" \/>\n\t<meta name=\"twitter:label2\" content=\"Tiempo de lectura\" \/>\n\t<meta name=\"twitter:data2\" content=\"3 minutos\" \/>\n<script type=\"application\/ld+json\" class=\"yoast-schema-graph\">{\"@context\":\"https:\\\/\\\/schema.org\",\"@graph\":[{\"@type\":\"Article\",\"@id\":\"https:\\\/\\\/www.eldiario.net\\\/portal\\\/2022\\\/09\\\/24\\\/comienza-referendo-de-integracion-a-rusia-en-las-regiones-separatistas\\\/#article\",\"isPartOf\":{\"@id\":\"https:\\\/\\\/www.eldiario.net\\\/portal\\\/2022\\\/09\\\/24\\\/comienza-referendo-de-integracion-a-rusia-en-las-regiones-separatistas\\\/\"},\"author\":{\"name\":\"Jeanette\",\"@id\":\"https:\\\/\\\/www.eldiario.net\\\/portal\\\/#\\\/schema\\\/person\\\/f46445640444750d7d753ccd04ae01b7\"},\"headline\":\"Comienza referendo de integraci\u00f3n a Rusia en las regiones separatistas\",\"datePublished\":\"2022-09-24T09:32:33+00:00\",\"mainEntityOfPage\":{\"@id\":\"https:\\\/\\\/www.eldiario.net\\\/portal\\\/2022\\\/09\\\/24\\\/comienza-referendo-de-integracion-a-rusia-en-las-regiones-separatistas\\\/\"},\"wordCount\":582,\"publisher\":{\"@id\":\"https:\\\/\\\/www.eldiario.net\\\/portal\\\/#organization\"},\"image\":{\"@id\":\"https:\\\/\\\/www.eldiario.net\\\/portal\\\/2022\\\/09\\\/24\\\/comienza-referendo-de-integracion-a-rusia-en-las-regiones-separatistas\\\/#primaryimage\"},\"thumbnailUrl\":\"\",\"articleSection\":[\"Internacional\"],\"inLanguage\":\"es\"},{\"@type\":\"WebPage\",\"@id\":\"https:\\\/\\\/www.eldiario.net\\\/portal\\\/2022\\\/09\\\/24\\\/comienza-referendo-de-integracion-a-rusia-en-las-regiones-separatistas\\\/\",\"url\":\"https:\\\/\\\/www.eldiario.net\\\/portal\\\/2022\\\/09\\\/24\\\/comienza-referendo-de-integracion-a-rusia-en-las-regiones-separatistas\\\/\",\"name\":\"Comienza referendo de integraci\u00f3n a Rusia en las regiones separatistas - El Diario - Bolivia\",\"isPartOf\":{\"@id\":\"https:\\\/\\\/www.eldiario.net\\\/portal\\\/#website\"},\"primaryImageOfPage\":{\"@id\":\"https:\\\/\\\/www.eldiario.net\\\/portal\\\/2022\\\/09\\\/24\\\/comienza-referendo-de-integracion-a-rusia-en-las-regiones-separatistas\\\/#primaryimage\"},\"image\":{\"@id\":\"https:\\\/\\\/www.eldiario.net\\\/portal\\\/2022\\\/09\\\/24\\\/comienza-referendo-de-integracion-a-rusia-en-las-regiones-separatistas\\\/#primaryimage\"},\"thumbnailUrl\":\"\",\"datePublished\":\"2022-09-24T09:32:33+00:00\",\"breadcrumb\":{\"@id\":\"https:\\\/\\\/www.eldiario.net\\\/portal\\\/2022\\\/09\\\/24\\\/comienza-referendo-de-integracion-a-rusia-en-las-regiones-separatistas\\\/#breadcrumb\"},\"inLanguage\":\"es\",\"potentialAction\":[{\"@type\":\"ReadAction\",\"target\":[\"https:\\\/\\\/www.eldiario.net\\\/portal\\\/2022\\\/09\\\/24\\\/comienza-referendo-de-integracion-a-rusia-en-las-regiones-separatistas\\\/\"]}]},{\"@type\":\"ImageObject\",\"inLanguage\":\"es\",\"@id\":\"https:\\\/\\\/www.eldiario.net\\\/portal\\\/2022\\\/09\\\/24\\\/comienza-referendo-de-integracion-a-rusia-en-las-regiones-separatistas\\\/#primaryimage\",\"url\":\"\",\"contentUrl\":\"\"},{\"@type\":\"BreadcrumbList\",\"@id\":\"https:\\\/\\\/www.eldiario.net\\\/portal\\\/2022\\\/09\\\/24\\\/comienza-referendo-de-integracion-a-rusia-en-las-regiones-separatistas\\\/#breadcrumb\",\"itemListElement\":[{\"@type\":\"ListItem\",\"position\":1,\"name\":\"Portada\",\"item\":\"https:\\\/\\\/www.eldiario.net\\\/portal\\\/\"},{\"@type\":\"ListItem\",\"position\":2,\"name\":\"Comienza referendo de integraci\u00f3n a Rusia en las regiones separatistas\"}]},{\"@type\":\"WebSite\",\"@id\":\"https:\\\/\\\/www.eldiario.net\\\/portal\\\/#website\",\"url\":\"https:\\\/\\\/www.eldiario.net\\\/portal\\\/\",\"name\":\"El Diario - Decano de la prensa nacional\",\"description\":\"El Diario - Decano de la prensa nacional\",\"publisher\":{\"@id\":\"https:\\\/\\\/www.eldiario.net\\\/portal\\\/#organization\"},\"potentialAction\":[{\"@type\":\"SearchAction\",\"target\":{\"@type\":\"EntryPoint\",\"urlTemplate\":\"https:\\\/\\\/www.eldiario.net\\\/portal\\\/?s={search_term_string}\"},\"query-input\":{\"@type\":\"PropertyValueSpecification\",\"valueRequired\":true,\"valueName\":\"search_term_string\"}}],\"inLanguage\":\"es\"},{\"@type\":\"Organization\",\"@id\":\"https:\\\/\\\/www.eldiario.net\\\/portal\\\/#organization\",\"name\":\"El Diario - Decano de la prensa nacional\",\"url\":\"https:\\\/\\\/www.eldiario.net\\\/portal\\\/\",\"logo\":{\"@type\":\"ImageObject\",\"inLanguage\":\"es\",\"@id\":\"https:\\\/\\\/www.eldiario.net\\\/portal\\\/#\\\/schema\\\/logo\\\/image\\\/\",\"url\":\"https:\\\/\\\/www.eldiario.net\\\/portal\\\/wp-content\\\/uploads\\\/2023\\\/07\\\/logo_ED.jpg\",\"contentUrl\":\"https:\\\/\\\/www.eldiario.net\\\/portal\\\/wp-content\\\/uploads\\\/2023\\\/07\\\/logo_ED.jpg\",\"width\":272,\"height\":52,\"caption\":\"El Diario - Decano de la prensa nacional\"},\"image\":{\"@id\":\"https:\\\/\\\/www.eldiario.net\\\/portal\\\/#\\\/schema\\\/logo\\\/image\\\/\"},\"sameAs\":[\"https:\\\/\\\/www.facebook.com\\\/eldiario.bolivia\\\/\",\"https:\\\/\\\/x.com\\\/eldiario_net\"]},{\"@type\":\"Person\",\"@id\":\"https:\\\/\\\/www.eldiario.net\\\/portal\\\/#\\\/schema\\\/person\\\/f46445640444750d7d753ccd04ae01b7\",\"name\":\"Jeanette\",\"image\":{\"@type\":\"ImageObject\",\"inLanguage\":\"es\",\"@id\":\"https:\\\/\\\/secure.gravatar.com\\\/avatar\\\/3ea2118a5f7dad2b7138b1187a6b7ee55f160b9968b66013c3a3ef39dd7e5798?s=96&d=mm&r=g\",\"url\":\"https:\\\/\\\/secure.gravatar.com\\\/avatar\\\/3ea2118a5f7dad2b7138b1187a6b7ee55f160b9968b66013c3a3ef39dd7e5798?s=96&d=mm&r=g\",\"contentUrl\":\"https:\\\/\\\/secure.gravatar.com\\\/avatar\\\/3ea2118a5f7dad2b7138b1187a6b7ee55f160b9968b66013c3a3ef39dd7e5798?s=96&d=mm&r=g\",\"caption\":\"Jeanette\"},\"sameAs\":[\"https:\\\/\\\/www.eldiario.net\\\/portal\"],\"url\":\"https:\\\/\\\/www.eldiario.net\\\/portal\\\/author\\\/jeanette\\\/\"}]}<\/script>\n<!-- \/ Yoast SEO plugin. -->","yoast_head_json":{"title":"Comienza referendo de integraci\u00f3n a Rusia en las regiones separatistas - El Diario - Bolivia","robots":{"index":"index","follow":"follow","max-snippet":"max-snippet:-1","max-image-preview":"max-image-preview:large","max-video-preview":"max-video-preview:-1"},"canonical":"https:\/\/www.eldiario.net\/portal\/2022\/09\/24\/comienza-referendo-de-integracion-a-rusia-en-las-regiones-separatistas\/","og_locale":"es_ES","og_type":"article","og_title":"Comienza referendo de integraci\u00f3n a Rusia en las regiones separatistas - El Diario - Bolivia","og_description":"Las autoridades fieles a Mosc\u00fa en las regiones ocupadas de Ucrania iniciaron ayer referendos de anexi\u00f3n a Rusia, considerados ilegales por Kiev y sus aliados occidentales que no reconocer\u00e1n sus resultados. Las votaciones celebradas en las regiones orientales de Donetsk y Lugansk y en las meridionales de Jers\u00f3n y Zaporizhzhia empezaron a las 5:00 hora [&hellip;]","og_url":"https:\/\/www.eldiario.net\/portal\/2022\/09\/24\/comienza-referendo-de-integracion-a-rusia-en-las-regiones-separatistas\/","og_site_name":"El Diario - Bolivia","article_publisher":"https:\/\/www.facebook.com\/eldiario.bolivia\/","article_published_time":"2022-09-24T09:32:33+00:00","author":"Jeanette","twitter_card":"summary_large_image","twitter_creator":"@eldiario_net","twitter_site":"@eldiario_net","twitter_misc":{"Escrito por":"Jeanette","Tiempo de lectura":"3 minutos"},"schema":{"@context":"https:\/\/schema.org","@graph":[{"@type":"Article","@id":"https:\/\/www.eldiario.net\/portal\/2022\/09\/24\/comienza-referendo-de-integracion-a-rusia-en-las-regiones-separatistas\/#article","isPartOf":{"@id":"https:\/\/www.eldiario.net\/portal\/2022\/09\/24\/comienza-referendo-de-integracion-a-rusia-en-las-regiones-separatistas\/"},"author":{"name":"Jeanette","@id":"https:\/\/www.eldiario.net\/portal\/#\/schema\/person\/f46445640444750d7d753ccd04ae01b7"},"headline":"Comienza referendo de integraci\u00f3n a Rusia en las regiones separatistas","datePublished":"2022-09-24T09:32:33+00:00","mainEntityOfPage":{"@id":"https:\/\/www.eldiario.net\/portal\/2022\/09\/24\/comienza-referendo-de-integracion-a-rusia-en-las-regiones-separatistas\/"},"wordCount":582,"publisher":{"@id":"https:\/\/www.eldiario.net\/portal\/#organization"},"image":{"@id":"https:\/\/www.eldiario.net\/portal\/2022\/09\/24\/comienza-referendo-de-integracion-a-rusia-en-las-regiones-separatistas\/#primaryimage"},"thumbnailUrl":"","articleSection":["Internacional"],"inLanguage":"es"},{"@type":"WebPage","@id":"https:\/\/www.eldiario.net\/portal\/2022\/09\/24\/comienza-referendo-de-integracion-a-rusia-en-las-regiones-separatistas\/","url":"https:\/\/www.eldiario.net\/portal\/2022\/09\/24\/comienza-referendo-de-integracion-a-rusia-en-las-regiones-separatistas\/","name":"Comienza referendo de integraci\u00f3n a Rusia en las regiones separatistas - El Diario - Bolivia","isPartOf":{"@id":"https:\/\/www.eldiario.net\/portal\/#website"},"primaryImageOfPage":{"@id":"https:\/\/www.eldiario.net\/portal\/2022\/09\/24\/comienza-referendo-de-integracion-a-rusia-en-las-regiones-separatistas\/#primaryimage"},"image":{"@id":"https:\/\/www.eldiario.net\/portal\/2022\/09\/24\/comienza-referendo-de-integracion-a-rusia-en-las-regiones-separatistas\/#primaryimage"},"thumbnailUrl":"","datePublished":"2022-09-24T09:32:33+00:00","breadcrumb":{"@id":"https:\/\/www.eldiario.net\/portal\/2022\/09\/24\/comienza-referendo-de-integracion-a-rusia-en-las-regiones-separatistas\/#breadcrumb"},"inLanguage":"es","potentialAction":[{"@type":"ReadAction","target":["https:\/\/www.eldiario.net\/portal\/2022\/09\/24\/comienza-referendo-de-integracion-a-rusia-en-las-regiones-separatistas\/"]}]},{"@type":"ImageObject","inLanguage":"es","@id":"https:\/\/www.eldiario.net\/portal\/2022\/09\/24\/comienza-referendo-de-integracion-a-rusia-en-las-regiones-separatistas\/#primaryimage","url":"","contentUrl":""},{"@type":"BreadcrumbList","@id":"https:\/\/www.eldiario.net\/portal\/2022\/09\/24\/comienza-referendo-de-integracion-a-rusia-en-las-regiones-separatistas\/#breadcrumb","itemListElement":[{"@type":"ListItem","position":1,"name":"Portada","item":"https:\/\/www.eldiario.net\/portal\/"},{"@type":"ListItem","position":2,"name":"Comienza referendo de integraci\u00f3n a Rusia en las regiones separatistas"}]},{"@type":"WebSite","@id":"https:\/\/www.eldiario.net\/portal\/#website","url":"https:\/\/www.eldiario.net\/portal\/","name":"El Diario - Decano de la prensa nacional","description":"El Diario - Decano de la prensa nacional","publisher":{"@id":"https:\/\/www.eldiario.net\/portal\/#organization"},"potentialAction":[{"@type":"SearchAction","target":{"@type":"EntryPoint","urlTemplate":"https:\/\/www.eldiario.net\/portal\/?s={search_term_string}"},"query-input":{"@type":"PropertyValueSpecification","valueRequired":true,"valueName":"search_term_string"}}],"inLanguage":"es"},{"@type":"Organization","@id":"https:\/\/www.eldiario.net\/portal\/#organization","name":"El Diario - Decano de la prensa nacional","url":"https:\/\/www.eldiario.net\/portal\/","logo":{"@type":"ImageObject","inLanguage":"es","@id":"https:\/\/www.eldiario.net\/portal\/#\/schema\/logo\/image\/","url":"https:\/\/www.eldiario.net\/portal\/wp-content\/uploads\/2023\/07\/logo_ED.jpg","contentUrl":"https:\/\/www.eldiario.net\/portal\/wp-content\/uploads\/2023\/07\/logo_ED.jpg","width":272,"height":52,"caption":"El Diario - Decano de la prensa nacional"},"image":{"@id":"https:\/\/www.eldiario.net\/portal\/#\/schema\/logo\/image\/"},"sameAs":["https:\/\/www.facebook.com\/eldiario.bolivia\/","https:\/\/x.com\/eldiario_net"]},{"@type":"Person","@id":"https:\/\/www.eldiario.net\/portal\/#\/schema\/person\/f46445640444750d7d753ccd04ae01b7","name":"Jeanette","image":{"@type":"ImageObject","inLanguage":"es","@id":"https:\/\/secure.gravatar.com\/avatar\/3ea2118a5f7dad2b7138b1187a6b7ee55f160b9968b66013c3a3ef39dd7e5798?s=96&d=mm&r=g","url":"https:\/\/secure.gravatar.com\/avatar\/3ea2118a5f7dad2b7138b1187a6b7ee55f160b9968b66013c3a3ef39dd7e5798?s=96&d=mm&r=g","contentUrl":"https:\/\/secure.gravatar.com\/avatar\/3ea2118a5f7dad2b7138b1187a6b7ee55f160b9968b66013c3a3ef39dd7e5798?s=96&d=mm&r=g","caption":"Jeanette"},"sameAs":["https:\/\/www.eldiario.net\/portal"],"url":"https:\/\/www.eldiario.net\/portal\/author\/jeanette\/"}]}},"_links":{"self":[{"href":"https:\/\/www.eldiario.net\/portal\/wp-json\/wp\/v2\/posts\/112660","targetHints":{"allow":["GET"]}}],"collection":[{"href":"https:\/\/www.eldiario.net\/portal\/wp-json\/wp\/v2\/posts"}],"about":[{"href":"https:\/\/www.eldiario.net\/portal\/wp-json\/wp\/v2\/types\/post"}],"author":[{"embeddable":true,"href":"https:\/\/www.eldiario.net\/portal\/wp-json\/wp\/v2\/users\/1"}],"replies":[{"embeddable":true,"href":"https:\/\/www.eldiario.net\/portal\/wp-json\/wp\/v2\/comments?post=112660"}],"version-history":[{"count":0,"href":"https:\/\/www.eldiario.net\/portal\/wp-json\/wp\/v2\/posts\/112660\/revisions"}],"wp:attachment":[{"href":"https:\/\/www.eldiario.net\/portal\/wp-json\/wp\/v2\/media?parent=112660"}],"wp:term":[{"taxonomy":"category","embeddable":true,"href":"https:\/\/www.eldiario.net\/portal\/wp-json\/wp\/v2\/categories?post=112660"},{"taxonomy":"post_tag","embeddable":true,"href":"https:\/\/www.eldiario.net\/portal\/wp-json\/wp\/v2\/tags?post=112660"}],"curies":[{"name":"wp","href":"https:\/\/api.w.org\/{rel}","templated":true}]}}