{"id":112658,"date":"2022-09-24T05:31:31","date_gmt":"2022-09-24T09:31:31","guid":{"rendered":"https:\/\/www.eldiario.net\/portal\/?p=112658"},"modified":"2022-09-24T05:31:31","modified_gmt":"2022-09-24T09:31:31","slug":"sip-condena-bloqueo-de-cnn-en-espanol-en-nicaragua","status":"publish","type":"post","link":"https:\/\/www.eldiario.net\/portal\/2022\/09\/24\/sip-condena-bloqueo-de-cnn-en-espanol-en-nicaragua\/","title":{"rendered":"SIP condena bloqueo de CNN  en Espa\u00f1ol en Nicaragua"},"content":{"rendered":"<p>La Sociedad Interamericana de Prensa (SIP) conden\u00f3 el bloqueo en Nicaragua de la se\u00f1al por cable del canal de noticias CNN en Espa\u00f1ol. (Agencias).<br \/>\nLa organizaci\u00f3n consider\u00f3 la medida \u201cotro ejemplo grotesco de censura y persecuci\u00f3n\u201d a medios internacionales, despu\u00e9s de que elimin\u00f3 \u201cal periodismo independiente nicarag\u00fcense\u201d.<br \/>\nLa se\u00f1al de la cadena estadounidense fue sacada del aire el 21 de septiembre en la noche. CNN anunci\u00f3 que continuar\u00e1 el servicio a trav\u00e9s de su portal y canal en Youtube, y que no tuvo respuesta tras contactar a las compa\u00f1\u00edas privadas internacionales operadoras de cable.<br \/>\nEl presidente de la SIP, Jorge Canahuati, expres\u00f3: \u201cEstamos ante otro ejemplo grotesco de censura y persecuci\u00f3n del periodismo independiente en Nicaragua\u201d. Canahuati, presidente ejecutivo de Grupo Opsa, de Honduras, a\u00f1adi\u00f3 que \u201cel r\u00e9gimen contin\u00faa con su proceso de aislamiento, esta vez al atacar a medios internacionales despu\u00e9s de que elimin\u00f3 al periodismo independiente nicarag\u00fcense\u201d.<br \/>\nEn la pr\u00f3xima asamblea en Madrid, del 27 al 30 de octubre, la SIP abordar\u00e1 el papel que juegan las empresas privadas de telecomunicaciones que se ven obligadas por los gobiernos autoritarios a bloquear se\u00f1ales y p\u00e1ginas webs de medios nacionales e internacionales.(Agencias)<br \/>\nEl presidente de la Comisi\u00f3n de Libertad de Prensa e Informaci\u00f3n, Carlos Jornet, consider\u00f3 \u201cevidente que el r\u00e9gimen escudri\u00f1a y contin\u00faa cerrando el cerco a los espacios de comunicaci\u00f3n que quedan y a los que logran penetrar en el pa\u00eds\u201d. Jornet, director period\u00edstico de La Voz del Interior, a\u00f1adi\u00f3 que \u201cse trata de una grave violaci\u00f3n de los derechos fundamentales a las libertades de expresi\u00f3n y de prensa\u201d.<br \/>\nLa arremetida contra la cadena internacional se suma a los ataques que ha venido padeciendo la prensa en el pa\u00eds, tales como la cancelaci\u00f3n desde 2007 de 54 medios, entre radios, canales, impresos y digitales; la confiscaci\u00f3n y robo de La Prensa, Confidencial y 100% Noticias; el exilio<br \/>\nforzado de 140 periodistas y las condenas contra los periodistas Miguel Mora, Miguel Mendoza y Jaime Arellano, y de los directivos de La Prensa: Cristiana Chamorro Barrios, Pedro Joaqu\u00edn Chamorro Barrios y Juan Lorenzo Holmann, vicepresidente regional de la SIP en Nicaragua. As\u00ed tambi\u00e9n la clausura de unas 1.800 organizaciones no gubernamentales, entre otras acciones.<br \/>\nLos directivos de la SIP reiteraron su respaldo a las acciones contempladas en la Declaraci\u00f3n sobre Nicaragua, destinadas a impulsar el restablecimiento de la libertad, la democracia y las garant\u00edas del Estado de derecho en el pa\u00eds.<\/p>\n","protected":false},"excerpt":{"rendered":"<p>La Sociedad Interamericana de Prensa (SIP) conden\u00f3 el bloqueo en Nicaragua de la se\u00f1al por cable del canal de noticias CNN en Espa\u00f1ol. (Agencias). La organizaci\u00f3n consider\u00f3 la medida \u201cotro ejemplo grotesco de censura y persecuci\u00f3n\u201d a medios internacionales, despu\u00e9s de que elimin\u00f3 \u201cal periodismo independiente nicarag\u00fcense\u201d. La se\u00f1al de la cadena estadounidense fue sacada [&hellip;]<\/p>\n","protected":false},"author":1,"featured_media":112669,"comment_status":"closed","ping_status":"closed","sticky":false,"template":"","format":"standard","meta":{"_acf_changed":false,"footnotes":""},"categories":[3],"tags":[],"class_list":["post-112658","post","type-post","status-publish","format-standard","has-post-thumbnail","category-internacional"],"acf":{"antetitulo":""},"yoast_head":"<!-- This site is optimized with the Yoast SEO plugin v28.3 - https:\/\/yoast.com\/product\/yoast-seo-wordpress\/ -->\n<title>SIP condena bloqueo de CNN en Espa\u00f1ol en Nicaragua - El Diario - Bolivia<\/title>\n<meta name=\"robots\" content=\"index, follow, max-snippet:-1, max-image-preview:large, max-video-preview:-1\" \/>\n<link rel=\"canonical\" href=\"https:\/\/www.eldiario.net\/portal\/2022\/09\/24\/sip-condena-bloqueo-de-cnn-en-espanol-en-nicaragua\/\" \/>\n<meta property=\"og:locale\" content=\"es_ES\" \/>\n<meta property=\"og:type\" content=\"article\" \/>\n<meta property=\"og:title\" content=\"SIP condena bloqueo de CNN en Espa\u00f1ol en Nicaragua - El Diario - Bolivia\" \/>\n<meta property=\"og:description\" content=\"La Sociedad Interamericana de Prensa (SIP) conden\u00f3 el bloqueo en Nicaragua de la se\u00f1al por cable del canal de noticias CNN en Espa\u00f1ol. (Agencias). La organizaci\u00f3n consider\u00f3 la medida \u201cotro ejemplo grotesco de censura y persecuci\u00f3n\u201d a medios internacionales, despu\u00e9s de que elimin\u00f3 \u201cal periodismo independiente nicarag\u00fcense\u201d. La se\u00f1al de la cadena estadounidense fue sacada [&hellip;]\" \/>\n<meta property=\"og:url\" content=\"https:\/\/www.eldiario.net\/portal\/2022\/09\/24\/sip-condena-bloqueo-de-cnn-en-espanol-en-nicaragua\/\" \/>\n<meta property=\"og:site_name\" content=\"El Diario - Bolivia\" \/>\n<meta property=\"article:publisher\" content=\"https:\/\/www.facebook.com\/eldiario.bolivia\/\" \/>\n<meta property=\"article:published_time\" content=\"2022-09-24T09:31:31+00:00\" \/>\n<meta name=\"author\" content=\"Jeanette\" \/>\n<meta name=\"twitter:card\" content=\"summary_large_image\" \/>\n<meta name=\"twitter:creator\" content=\"@eldiario_net\" \/>\n<meta name=\"twitter:site\" content=\"@eldiario_net\" \/>\n<meta name=\"twitter:label1\" content=\"Escrito por\" \/>\n\t<meta name=\"twitter:data1\" content=\"Jeanette\" \/>\n\t<meta name=\"twitter:label2\" content=\"Tiempo de lectura\" \/>\n\t<meta name=\"twitter:data2\" content=\"2 minutos\" \/>\n<script type=\"application\/ld+json\" class=\"yoast-schema-graph\">{\"@context\":\"https:\\\/\\\/schema.org\",\"@graph\":[{\"@type\":\"Article\",\"@id\":\"https:\\\/\\\/www.eldiario.net\\\/portal\\\/2022\\\/09\\\/24\\\/sip-condena-bloqueo-de-cnn-en-espanol-en-nicaragua\\\/#article\",\"isPartOf\":{\"@id\":\"https:\\\/\\\/www.eldiario.net\\\/portal\\\/2022\\\/09\\\/24\\\/sip-condena-bloqueo-de-cnn-en-espanol-en-nicaragua\\\/\"},\"author\":{\"name\":\"Jeanette\",\"@id\":\"https:\\\/\\\/www.eldiario.net\\\/portal\\\/#\\\/schema\\\/person\\\/f46445640444750d7d753ccd04ae01b7\"},\"headline\":\"SIP condena bloqueo de CNN en Espa\u00f1ol en Nicaragua\",\"datePublished\":\"2022-09-24T09:31:31+00:00\",\"mainEntityOfPage\":{\"@id\":\"https:\\\/\\\/www.eldiario.net\\\/portal\\\/2022\\\/09\\\/24\\\/sip-condena-bloqueo-de-cnn-en-espanol-en-nicaragua\\\/\"},\"wordCount\":440,\"publisher\":{\"@id\":\"https:\\\/\\\/www.eldiario.net\\\/portal\\\/#organization\"},\"image\":{\"@id\":\"https:\\\/\\\/www.eldiario.net\\\/portal\\\/2022\\\/09\\\/24\\\/sip-condena-bloqueo-de-cnn-en-espanol-en-nicaragua\\\/#primaryimage\"},\"thumbnailUrl\":\"\",\"articleSection\":[\"Internacional\"],\"inLanguage\":\"es\"},{\"@type\":\"WebPage\",\"@id\":\"https:\\\/\\\/www.eldiario.net\\\/portal\\\/2022\\\/09\\\/24\\\/sip-condena-bloqueo-de-cnn-en-espanol-en-nicaragua\\\/\",\"url\":\"https:\\\/\\\/www.eldiario.net\\\/portal\\\/2022\\\/09\\\/24\\\/sip-condena-bloqueo-de-cnn-en-espanol-en-nicaragua\\\/\",\"name\":\"SIP condena bloqueo de CNN en Espa\u00f1ol en Nicaragua - El Diario - Bolivia\",\"isPartOf\":{\"@id\":\"https:\\\/\\\/www.eldiario.net\\\/portal\\\/#website\"},\"primaryImageOfPage\":{\"@id\":\"https:\\\/\\\/www.eldiario.net\\\/portal\\\/2022\\\/09\\\/24\\\/sip-condena-bloqueo-de-cnn-en-espanol-en-nicaragua\\\/#primaryimage\"},\"image\":{\"@id\":\"https:\\\/\\\/www.eldiario.net\\\/portal\\\/2022\\\/09\\\/24\\\/sip-condena-bloqueo-de-cnn-en-espanol-en-nicaragua\\\/#primaryimage\"},\"thumbnailUrl\":\"\",\"datePublished\":\"2022-09-24T09:31:31+00:00\",\"breadcrumb\":{\"@id\":\"https:\\\/\\\/www.eldiario.net\\\/portal\\\/2022\\\/09\\\/24\\\/sip-condena-bloqueo-de-cnn-en-espanol-en-nicaragua\\\/#breadcrumb\"},\"inLanguage\":\"es\",\"potentialAction\":[{\"@type\":\"ReadAction\",\"target\":[\"https:\\\/\\\/www.eldiario.net\\\/portal\\\/2022\\\/09\\\/24\\\/sip-condena-bloqueo-de-cnn-en-espanol-en-nicaragua\\\/\"]}]},{\"@type\":\"ImageObject\",\"inLanguage\":\"es\",\"@id\":\"https:\\\/\\\/www.eldiario.net\\\/portal\\\/2022\\\/09\\\/24\\\/sip-condena-bloqueo-de-cnn-en-espanol-en-nicaragua\\\/#primaryimage\",\"url\":\"\",\"contentUrl\":\"\"},{\"@type\":\"BreadcrumbList\",\"@id\":\"https:\\\/\\\/www.eldiario.net\\\/portal\\\/2022\\\/09\\\/24\\\/sip-condena-bloqueo-de-cnn-en-espanol-en-nicaragua\\\/#breadcrumb\",\"itemListElement\":[{\"@type\":\"ListItem\",\"position\":1,\"name\":\"Portada\",\"item\":\"https:\\\/\\\/www.eldiario.net\\\/portal\\\/\"},{\"@type\":\"ListItem\",\"position\":2,\"name\":\"SIP condena bloqueo de CNN en Espa\u00f1ol en Nicaragua\"}]},{\"@type\":\"WebSite\",\"@id\":\"https:\\\/\\\/www.eldiario.net\\\/portal\\\/#website\",\"url\":\"https:\\\/\\\/www.eldiario.net\\\/portal\\\/\",\"name\":\"El Diario - Decano de la prensa nacional\",\"description\":\"El Diario - Decano de la prensa nacional\",\"publisher\":{\"@id\":\"https:\\\/\\\/www.eldiario.net\\\/portal\\\/#organization\"},\"potentialAction\":[{\"@type\":\"SearchAction\",\"target\":{\"@type\":\"EntryPoint\",\"urlTemplate\":\"https:\\\/\\\/www.eldiario.net\\\/portal\\\/?s={search_term_string}\"},\"query-input\":{\"@type\":\"PropertyValueSpecification\",\"valueRequired\":true,\"valueName\":\"search_term_string\"}}],\"inLanguage\":\"es\"},{\"@type\":\"Organization\",\"@id\":\"https:\\\/\\\/www.eldiario.net\\\/portal\\\/#organization\",\"name\":\"El Diario - Decano de la prensa nacional\",\"url\":\"https:\\\/\\\/www.eldiario.net\\\/portal\\\/\",\"logo\":{\"@type\":\"ImageObject\",\"inLanguage\":\"es\",\"@id\":\"https:\\\/\\\/www.eldiario.net\\\/portal\\\/#\\\/schema\\\/logo\\\/image\\\/\",\"url\":\"https:\\\/\\\/www.eldiario.net\\\/portal\\\/wp-content\\\/uploads\\\/2023\\\/07\\\/logo_ED.jpg\",\"contentUrl\":\"https:\\\/\\\/www.eldiario.net\\\/portal\\\/wp-content\\\/uploads\\\/2023\\\/07\\\/logo_ED.jpg\",\"width\":272,\"height\":52,\"caption\":\"El Diario - Decano de la prensa nacional\"},\"image\":{\"@id\":\"https:\\\/\\\/www.eldiario.net\\\/portal\\\/#\\\/schema\\\/logo\\\/image\\\/\"},\"sameAs\":[\"https:\\\/\\\/www.facebook.com\\\/eldiario.bolivia\\\/\",\"https:\\\/\\\/x.com\\\/eldiario_net\"]},{\"@type\":\"Person\",\"@id\":\"https:\\\/\\\/www.eldiario.net\\\/portal\\\/#\\\/schema\\\/person\\\/f46445640444750d7d753ccd04ae01b7\",\"name\":\"Jeanette\",\"image\":{\"@type\":\"ImageObject\",\"inLanguage\":\"es\",\"@id\":\"https:\\\/\\\/secure.gravatar.com\\\/avatar\\\/3ea2118a5f7dad2b7138b1187a6b7ee55f160b9968b66013c3a3ef39dd7e5798?s=96&d=mm&r=g\",\"url\":\"https:\\\/\\\/secure.gravatar.com\\\/avatar\\\/3ea2118a5f7dad2b7138b1187a6b7ee55f160b9968b66013c3a3ef39dd7e5798?s=96&d=mm&r=g\",\"contentUrl\":\"https:\\\/\\\/secure.gravatar.com\\\/avatar\\\/3ea2118a5f7dad2b7138b1187a6b7ee55f160b9968b66013c3a3ef39dd7e5798?s=96&d=mm&r=g\",\"caption\":\"Jeanette\"},\"sameAs\":[\"https:\\\/\\\/www.eldiario.net\\\/portal\"],\"url\":\"https:\\\/\\\/www.eldiario.net\\\/portal\\\/author\\\/jeanette\\\/\"}]}<\/script>\n<!-- \/ Yoast SEO plugin. -->","yoast_head_json":{"title":"SIP condena bloqueo de CNN en Espa\u00f1ol en Nicaragua - El Diario - Bolivia","robots":{"index":"index","follow":"follow","max-snippet":"max-snippet:-1","max-image-preview":"max-image-preview:large","max-video-preview":"max-video-preview:-1"},"canonical":"https:\/\/www.eldiario.net\/portal\/2022\/09\/24\/sip-condena-bloqueo-de-cnn-en-espanol-en-nicaragua\/","og_locale":"es_ES","og_type":"article","og_title":"SIP condena bloqueo de CNN en Espa\u00f1ol en Nicaragua - El Diario - Bolivia","og_description":"La Sociedad Interamericana de Prensa (SIP) conden\u00f3 el bloqueo en Nicaragua de la se\u00f1al por cable del canal de noticias CNN en Espa\u00f1ol. (Agencias). La organizaci\u00f3n consider\u00f3 la medida \u201cotro ejemplo grotesco de censura y persecuci\u00f3n\u201d a medios internacionales, despu\u00e9s de que elimin\u00f3 \u201cal periodismo independiente nicarag\u00fcense\u201d. La se\u00f1al de la cadena estadounidense fue sacada [&hellip;]","og_url":"https:\/\/www.eldiario.net\/portal\/2022\/09\/24\/sip-condena-bloqueo-de-cnn-en-espanol-en-nicaragua\/","og_site_name":"El Diario - Bolivia","article_publisher":"https:\/\/www.facebook.com\/eldiario.bolivia\/","article_published_time":"2022-09-24T09:31:31+00:00","author":"Jeanette","twitter_card":"summary_large_image","twitter_creator":"@eldiario_net","twitter_site":"@eldiario_net","twitter_misc":{"Escrito por":"Jeanette","Tiempo de lectura":"2 minutos"},"schema":{"@context":"https:\/\/schema.org","@graph":[{"@type":"Article","@id":"https:\/\/www.eldiario.net\/portal\/2022\/09\/24\/sip-condena-bloqueo-de-cnn-en-espanol-en-nicaragua\/#article","isPartOf":{"@id":"https:\/\/www.eldiario.net\/portal\/2022\/09\/24\/sip-condena-bloqueo-de-cnn-en-espanol-en-nicaragua\/"},"author":{"name":"Jeanette","@id":"https:\/\/www.eldiario.net\/portal\/#\/schema\/person\/f46445640444750d7d753ccd04ae01b7"},"headline":"SIP condena bloqueo de CNN en Espa\u00f1ol en Nicaragua","datePublished":"2022-09-24T09:31:31+00:00","mainEntityOfPage":{"@id":"https:\/\/www.eldiario.net\/portal\/2022\/09\/24\/sip-condena-bloqueo-de-cnn-en-espanol-en-nicaragua\/"},"wordCount":440,"publisher":{"@id":"https:\/\/www.eldiario.net\/portal\/#organization"},"image":{"@id":"https:\/\/www.eldiario.net\/portal\/2022\/09\/24\/sip-condena-bloqueo-de-cnn-en-espanol-en-nicaragua\/#primaryimage"},"thumbnailUrl":"","articleSection":["Internacional"],"inLanguage":"es"},{"@type":"WebPage","@id":"https:\/\/www.eldiario.net\/portal\/2022\/09\/24\/sip-condena-bloqueo-de-cnn-en-espanol-en-nicaragua\/","url":"https:\/\/www.eldiario.net\/portal\/2022\/09\/24\/sip-condena-bloqueo-de-cnn-en-espanol-en-nicaragua\/","name":"SIP condena bloqueo de CNN en Espa\u00f1ol en Nicaragua - El Diario - Bolivia","isPartOf":{"@id":"https:\/\/www.eldiario.net\/portal\/#website"},"primaryImageOfPage":{"@id":"https:\/\/www.eldiario.net\/portal\/2022\/09\/24\/sip-condena-bloqueo-de-cnn-en-espanol-en-nicaragua\/#primaryimage"},"image":{"@id":"https:\/\/www.eldiario.net\/portal\/2022\/09\/24\/sip-condena-bloqueo-de-cnn-en-espanol-en-nicaragua\/#primaryimage"},"thumbnailUrl":"","datePublished":"2022-09-24T09:31:31+00:00","breadcrumb":{"@id":"https:\/\/www.eldiario.net\/portal\/2022\/09\/24\/sip-condena-bloqueo-de-cnn-en-espanol-en-nicaragua\/#breadcrumb"},"inLanguage":"es","potentialAction":[{"@type":"ReadAction","target":["https:\/\/www.eldiario.net\/portal\/2022\/09\/24\/sip-condena-bloqueo-de-cnn-en-espanol-en-nicaragua\/"]}]},{"@type":"ImageObject","inLanguage":"es","@id":"https:\/\/www.eldiario.net\/portal\/2022\/09\/24\/sip-condena-bloqueo-de-cnn-en-espanol-en-nicaragua\/#primaryimage","url":"","contentUrl":""},{"@type":"BreadcrumbList","@id":"https:\/\/www.eldiario.net\/portal\/2022\/09\/24\/sip-condena-bloqueo-de-cnn-en-espanol-en-nicaragua\/#breadcrumb","itemListElement":[{"@type":"ListItem","position":1,"name":"Portada","item":"https:\/\/www.eldiario.net\/portal\/"},{"@type":"ListItem","position":2,"name":"SIP condena bloqueo de CNN en Espa\u00f1ol en Nicaragua"}]},{"@type":"WebSite","@id":"https:\/\/www.eldiario.net\/portal\/#website","url":"https:\/\/www.eldiario.net\/portal\/","name":"El Diario - Decano de la prensa nacional","description":"El Diario - Decano de la prensa nacional","publisher":{"@id":"https:\/\/www.eldiario.net\/portal\/#organization"},"potentialAction":[{"@type":"SearchAction","target":{"@type":"EntryPoint","urlTemplate":"https:\/\/www.eldiario.net\/portal\/?s={search_term_string}"},"query-input":{"@type":"PropertyValueSpecification","valueRequired":true,"valueName":"search_term_string"}}],"inLanguage":"es"},{"@type":"Organization","@id":"https:\/\/www.eldiario.net\/portal\/#organization","name":"El Diario - Decano de la prensa nacional","url":"https:\/\/www.eldiario.net\/portal\/","logo":{"@type":"ImageObject","inLanguage":"es","@id":"https:\/\/www.eldiario.net\/portal\/#\/schema\/logo\/image\/","url":"https:\/\/www.eldiario.net\/portal\/wp-content\/uploads\/2023\/07\/logo_ED.jpg","contentUrl":"https:\/\/www.eldiario.net\/portal\/wp-content\/uploads\/2023\/07\/logo_ED.jpg","width":272,"height":52,"caption":"El Diario - Decano de la prensa nacional"},"image":{"@id":"https:\/\/www.eldiario.net\/portal\/#\/schema\/logo\/image\/"},"sameAs":["https:\/\/www.facebook.com\/eldiario.bolivia\/","https:\/\/x.com\/eldiario_net"]},{"@type":"Person","@id":"https:\/\/www.eldiario.net\/portal\/#\/schema\/person\/f46445640444750d7d753ccd04ae01b7","name":"Jeanette","image":{"@type":"ImageObject","inLanguage":"es","@id":"https:\/\/secure.gravatar.com\/avatar\/3ea2118a5f7dad2b7138b1187a6b7ee55f160b9968b66013c3a3ef39dd7e5798?s=96&d=mm&r=g","url":"https:\/\/secure.gravatar.com\/avatar\/3ea2118a5f7dad2b7138b1187a6b7ee55f160b9968b66013c3a3ef39dd7e5798?s=96&d=mm&r=g","contentUrl":"https:\/\/secure.gravatar.com\/avatar\/3ea2118a5f7dad2b7138b1187a6b7ee55f160b9968b66013c3a3ef39dd7e5798?s=96&d=mm&r=g","caption":"Jeanette"},"sameAs":["https:\/\/www.eldiario.net\/portal"],"url":"https:\/\/www.eldiario.net\/portal\/author\/jeanette\/"}]}},"_links":{"self":[{"href":"https:\/\/www.eldiario.net\/portal\/wp-json\/wp\/v2\/posts\/112658","targetHints":{"allow":["GET"]}}],"collection":[{"href":"https:\/\/www.eldiario.net\/portal\/wp-json\/wp\/v2\/posts"}],"about":[{"href":"https:\/\/www.eldiario.net\/portal\/wp-json\/wp\/v2\/types\/post"}],"author":[{"embeddable":true,"href":"https:\/\/www.eldiario.net\/portal\/wp-json\/wp\/v2\/users\/1"}],"replies":[{"embeddable":true,"href":"https:\/\/www.eldiario.net\/portal\/wp-json\/wp\/v2\/comments?post=112658"}],"version-history":[{"count":0,"href":"https:\/\/www.eldiario.net\/portal\/wp-json\/wp\/v2\/posts\/112658\/revisions"}],"wp:attachment":[{"href":"https:\/\/www.eldiario.net\/portal\/wp-json\/wp\/v2\/media?parent=112658"}],"wp:term":[{"taxonomy":"category","embeddable":true,"href":"https:\/\/www.eldiario.net\/portal\/wp-json\/wp\/v2\/categories?post=112658"},{"taxonomy":"post_tag","embeddable":true,"href":"https:\/\/www.eldiario.net\/portal\/wp-json\/wp\/v2\/tags?post=112658"}],"curies":[{"name":"wp","href":"https:\/\/api.w.org\/{rel}","templated":true}]}}