{"id":112655,"date":"2022-09-24T05:29:52","date_gmt":"2022-09-24T09:29:52","guid":{"rendered":"https:\/\/www.eldiario.net\/portal\/?p=112655"},"modified":"2022-09-24T05:29:52","modified_gmt":"2022-09-24T09:29:52","slug":"division-por-fecha-del-censo-marca-la-efemeride-crucena","status":"publish","type":"post","link":"https:\/\/www.eldiario.net\/portal\/2022\/09\/24\/division-por-fecha-del-censo-marca-la-efemeride-crucena\/","title":{"rendered":"Divisi\u00f3n por fecha del censo  marca la efem\u00e9ride cruce\u00f1a"},"content":{"rendered":"<p>La divisi\u00f3n entre autoridades cruce\u00f1as por la fecha en la que se debe realizar el Censo Nacional de Poblaci\u00f3n y Vivienda marca este 2022 la conmemoraci\u00f3n de los 212 a\u00f1os de la gesta libertaria de Santa Cruz.<br \/>\nLa postergaci\u00f3n del censo que deb\u00eda realizarse en noviembre de este a\u00f1o deriv\u00f3 en el surgimiento de dos corrientes. Una, liderada por el Comit\u00e9 Interinstitucional Impulsor del Censo, que exige que esta labor se lleve a cabo en el primer semestre de 2023; y otra, impulsada por el gobierno del presidente Luis Arce, que sugiere que el censo se realice en 2024. El alcalde de Santa Cruz de la Sierra, Jhonny Fern\u00e1ndez, apoy\u00f3 en primera instancia la segunda postura, luego dijo que quiere censo, pero tambi\u00e9n trabajo, por lo que rechaz\u00f3 movilizaciones.<br \/>\nEsta divisi\u00f3n ya tuvo sus primeras se\u00f1ales a fines de julio, cuando Fern\u00e1ndez se desmarc\u00f3 de la cumbre cruce\u00f1a impulsada por el comit\u00e9 interinstitucional que iba a determinar medidas de presi\u00f3n, como un paro, para exigir al Gobierno que el censo se realice en 2023. El burgomaestre expres\u00f3 su rechazo a movilizaciones que perjudiquen el desarrollo econ\u00f3mico.<br \/>\nAhora, por esta divisi\u00f3n la efem\u00e9ride cruce\u00f1a tuvo dos actos. Uno, en el que particip\u00f3 el gobernador Fernando Camacho y, otro, al que asisti\u00f3 Fern\u00e1ndez, acompa\u00f1ado del Presidente. En ambos eventos, los discursos no estuvieron al margen de la actividad censal.<br \/>\nPor ejemplo, el lunes, Camacho particip\u00f3 de la Sesi\u00f3n de Honor de la Asamblea Legislativa Departamental. A este acto no fue invitado Arce. Luego de recordar una serie de movilizaciones y conquistas cruce\u00f1as, advirti\u00f3 que su regi\u00f3n ahora se encuentra \u201cen una nueva lucha por el Censo Nacional de Poblaci\u00f3n y Vivienda y, para ello, necesitamos estar unidos m\u00e1s que nunca\u201d.<br \/>\nSin identificar al Alcalde de Santa Cruz de la Sierra, Camacho afirm\u00f3 que en las luchas por reivindicaciones, \u201csiempre ha sido as\u00ed, aunque con algunas excepciones.\u2008Pero los cruce\u00f1os nos hemos vuelto expertos en detectar a los traidores, como algunas autoridades que son serviles al centralismo\u201d.<br \/>\nEn este encuentro, los asamble\u00edstas departamentales del MAS fueron blanco de insultos por apoyar que el censo se lleve a cabo en 2024. \u201cTraidores\u201d, \u201cqu\u00e9 cruce\u00f1o vas a ser vos\u201d y \u201cde d\u00f3nde sos cruce\u00f1o\u201d, fueron algunos gritos que se escucharon.<br \/>\nEn otro acto por la efem\u00e9ride cruce\u00f1a, ayer jueves se desarroll\u00f3 la sesi\u00f3n de honor del Concejo Municipal de Santa Cruz de la Sierra, evento que sirvi\u00f3 para que Fern\u00e1ndez y Arce sellen una alianza, a trav\u00e9s anuncios de obras conjuntas para la capital oriental.<br \/>\nEn ese acto, se declar\u00f3 Hijo Ilustre de la Ciudad a Julio Kempff, quien en su discurso aprovech\u00f3 para referirse al censo.<br \/>\n\u201cCreo que, si hacemos un poco de esfuerzo y cedemos un poco, de un lado y de otro, este censo (se puede lograr que) se anticipe un poco. Santa Cruz lo necesita, el pa\u00eds lo necesita, es para el bien de todos. Presidente, reflexione con sus ministros y demos un paso constructivo para que no sigamos en huelgas, en paros, en marchas, en cabildos que al final es un desgaste tremendo para todos los cruce\u00f1os y bolivianos\u201d.<br \/>\nPosteriormente, en su discurso, Fern\u00e1ndez se\u00f1al\u00f3 que todos gritan que el censo se realice r\u00e1pidamente, pero advirti\u00f3 que esa acci\u00f3n se la hace trabajando. En su caso, asegur\u00f3 que ya tiene lista la cartograf\u00eda urbana validada por el Instituto Nacional de Estad\u00edstica (INE), un instrumento importante para la actividad censal.<br \/>\n\u201cDejemos todos los c\u00e1lculos pol\u00edticos, las peleas y todo lo que dec\u00eda nuestro hijo ilustre, como paros, huelgas y todo lo dem\u00e1s, y dediqu\u00e9monos a trabajar en lo t\u00e9cnico, avancemos. De repente lo que estamos diciendo 2024 no es, pero comencemos a trabajar, eso es lo que tenemos que hacer, no perjudicarnos m\u00e1s, ya ha sufrido mucho la gente\u201d.<br \/>\nArce, a su turno, se\u00f1al\u00f3 que hay peque\u00f1os grupos vinculados a intereses mezquinos que quieren enfrentarnos en la regi\u00f3n. \u201cQuieren poner un freno a nuestra reconstrucci\u00f3n econ\u00f3mica que con tanto esfuerzo estamos logrando, quieren aislar a Santa Cruz de Bolivia\u201d.<br \/>\nActualmente, el comit\u00e9 interinstitucional tiene pendiente la realizaci\u00f3n de un cabildo, a fines de este mes, para definir una nueva medida, despu\u00e9s de dos paros, para exigir al Gobierno el censo en 2023. Fern\u00e1ndez no estar\u00e1 en ese encuentro, pues el concejo aprob\u00f3 un viaje de la autoridad edil. (Santa Cruz, Br\u00fajula Digital).<\/p>\n","protected":false},"excerpt":{"rendered":"<p>La divisi\u00f3n entre autoridades cruce\u00f1as por la fecha en la que se debe realizar el Censo Nacional de Poblaci\u00f3n y Vivienda marca este 2022 la conmemoraci\u00f3n de los 212 a\u00f1os de la gesta libertaria de Santa Cruz. La postergaci\u00f3n del censo que deb\u00eda realizarse en noviembre de este a\u00f1o deriv\u00f3 en el surgimiento de dos [&hellip;]<\/p>\n","protected":false},"author":1,"featured_media":112656,"comment_status":"closed","ping_status":"closed","sticky":false,"template":"","format":"standard","meta":{"_acf_changed":false,"footnotes":""},"categories":[12],"tags":[],"class_list":["post-112655","post","type-post","status-publish","format-standard","has-post-thumbnail","category-nacional"],"acf":{"antetitulo":""},"yoast_head":"<!-- This site is optimized with the Yoast SEO plugin v28.3 - https:\/\/yoast.com\/product\/yoast-seo-wordpress\/ -->\n<title>Divisi\u00f3n por fecha del censo marca la efem\u00e9ride cruce\u00f1a - El Diario - Bolivia<\/title>\n<meta name=\"robots\" content=\"index, follow, max-snippet:-1, max-image-preview:large, max-video-preview:-1\" \/>\n<link rel=\"canonical\" href=\"https:\/\/www.eldiario.net\/portal\/2022\/09\/24\/division-por-fecha-del-censo-marca-la-efemeride-crucena\/\" \/>\n<meta property=\"og:locale\" content=\"es_ES\" \/>\n<meta property=\"og:type\" content=\"article\" \/>\n<meta property=\"og:title\" content=\"Divisi\u00f3n por fecha del censo marca la efem\u00e9ride cruce\u00f1a - El Diario - Bolivia\" \/>\n<meta property=\"og:description\" content=\"La divisi\u00f3n entre autoridades cruce\u00f1as por la fecha en la que se debe realizar el Censo Nacional de Poblaci\u00f3n y Vivienda marca este 2022 la conmemoraci\u00f3n de los 212 a\u00f1os de la gesta libertaria de Santa Cruz. La postergaci\u00f3n del censo que deb\u00eda realizarse en noviembre de este a\u00f1o deriv\u00f3 en el surgimiento de dos [&hellip;]\" \/>\n<meta property=\"og:url\" content=\"https:\/\/www.eldiario.net\/portal\/2022\/09\/24\/division-por-fecha-del-censo-marca-la-efemeride-crucena\/\" \/>\n<meta property=\"og:site_name\" content=\"El Diario - Bolivia\" \/>\n<meta property=\"article:publisher\" content=\"https:\/\/www.facebook.com\/eldiario.bolivia\/\" \/>\n<meta property=\"article:published_time\" content=\"2022-09-24T09:29:52+00:00\" \/>\n<meta property=\"og:image\" content=\"https:\/\/www.eldiario.net\/portal\/wp-content\/uploads\/2022\/09\/10-NAL-11.jpg\" \/>\n\t<meta property=\"og:image:width\" content=\"800\" \/>\n\t<meta property=\"og:image:height\" content=\"450\" \/>\n\t<meta property=\"og:image:type\" content=\"image\/jpeg\" \/>\n<meta name=\"author\" content=\"Jeanette\" \/>\n<meta name=\"twitter:card\" content=\"summary_large_image\" \/>\n<meta name=\"twitter:creator\" content=\"@eldiario_net\" \/>\n<meta name=\"twitter:site\" content=\"@eldiario_net\" \/>\n<meta name=\"twitter:label1\" content=\"Escrito por\" \/>\n\t<meta name=\"twitter:data1\" content=\"Jeanette\" \/>\n\t<meta name=\"twitter:label2\" content=\"Tiempo de lectura\" \/>\n\t<meta name=\"twitter:data2\" content=\"4 minutos\" \/>\n<script type=\"application\/ld+json\" class=\"yoast-schema-graph\">{\"@context\":\"https:\\\/\\\/schema.org\",\"@graph\":[{\"@type\":\"Article\",\"@id\":\"https:\\\/\\\/www.eldiario.net\\\/portal\\\/2022\\\/09\\\/24\\\/division-por-fecha-del-censo-marca-la-efemeride-crucena\\\/#article\",\"isPartOf\":{\"@id\":\"https:\\\/\\\/www.eldiario.net\\\/portal\\\/2022\\\/09\\\/24\\\/division-por-fecha-del-censo-marca-la-efemeride-crucena\\\/\"},\"author\":{\"name\":\"Jeanette\",\"@id\":\"https:\\\/\\\/www.eldiario.net\\\/portal\\\/#\\\/schema\\\/person\\\/f46445640444750d7d753ccd04ae01b7\"},\"headline\":\"Divisi\u00f3n por fecha del censo marca la efem\u00e9ride cruce\u00f1a\",\"datePublished\":\"2022-09-24T09:29:52+00:00\",\"mainEntityOfPage\":{\"@id\":\"https:\\\/\\\/www.eldiario.net\\\/portal\\\/2022\\\/09\\\/24\\\/division-por-fecha-del-censo-marca-la-efemeride-crucena\\\/\"},\"wordCount\":785,\"publisher\":{\"@id\":\"https:\\\/\\\/www.eldiario.net\\\/portal\\\/#organization\"},\"image\":{\"@id\":\"https:\\\/\\\/www.eldiario.net\\\/portal\\\/2022\\\/09\\\/24\\\/division-por-fecha-del-censo-marca-la-efemeride-crucena\\\/#primaryimage\"},\"thumbnailUrl\":\"https:\\\/\\\/www.eldiario.net\\\/portal\\\/wp-content\\\/uploads\\\/2022\\\/09\\\/10-NAL-11.jpg\",\"articleSection\":[\"Nacional\"],\"inLanguage\":\"es\"},{\"@type\":\"WebPage\",\"@id\":\"https:\\\/\\\/www.eldiario.net\\\/portal\\\/2022\\\/09\\\/24\\\/division-por-fecha-del-censo-marca-la-efemeride-crucena\\\/\",\"url\":\"https:\\\/\\\/www.eldiario.net\\\/portal\\\/2022\\\/09\\\/24\\\/division-por-fecha-del-censo-marca-la-efemeride-crucena\\\/\",\"name\":\"Divisi\u00f3n por fecha del censo marca la efem\u00e9ride cruce\u00f1a - El Diario - Bolivia\",\"isPartOf\":{\"@id\":\"https:\\\/\\\/www.eldiario.net\\\/portal\\\/#website\"},\"primaryImageOfPage\":{\"@id\":\"https:\\\/\\\/www.eldiario.net\\\/portal\\\/2022\\\/09\\\/24\\\/division-por-fecha-del-censo-marca-la-efemeride-crucena\\\/#primaryimage\"},\"image\":{\"@id\":\"https:\\\/\\\/www.eldiario.net\\\/portal\\\/2022\\\/09\\\/24\\\/division-por-fecha-del-censo-marca-la-efemeride-crucena\\\/#primaryimage\"},\"thumbnailUrl\":\"https:\\\/\\\/www.eldiario.net\\\/portal\\\/wp-content\\\/uploads\\\/2022\\\/09\\\/10-NAL-11.jpg\",\"datePublished\":\"2022-09-24T09:29:52+00:00\",\"breadcrumb\":{\"@id\":\"https:\\\/\\\/www.eldiario.net\\\/portal\\\/2022\\\/09\\\/24\\\/division-por-fecha-del-censo-marca-la-efemeride-crucena\\\/#breadcrumb\"},\"inLanguage\":\"es\",\"potentialAction\":[{\"@type\":\"ReadAction\",\"target\":[\"https:\\\/\\\/www.eldiario.net\\\/portal\\\/2022\\\/09\\\/24\\\/division-por-fecha-del-censo-marca-la-efemeride-crucena\\\/\"]}]},{\"@type\":\"ImageObject\",\"inLanguage\":\"es\",\"@id\":\"https:\\\/\\\/www.eldiario.net\\\/portal\\\/2022\\\/09\\\/24\\\/division-por-fecha-del-censo-marca-la-efemeride-crucena\\\/#primaryimage\",\"url\":\"https:\\\/\\\/www.eldiario.net\\\/portal\\\/wp-content\\\/uploads\\\/2022\\\/09\\\/10-NAL-11.jpg\",\"contentUrl\":\"https:\\\/\\\/www.eldiario.net\\\/portal\\\/wp-content\\\/uploads\\\/2022\\\/09\\\/10-NAL-11.jpg\",\"width\":800,\"height\":450,\"caption\":\"Ciudad de Santa Cruz de la Sierra.\"},{\"@type\":\"BreadcrumbList\",\"@id\":\"https:\\\/\\\/www.eldiario.net\\\/portal\\\/2022\\\/09\\\/24\\\/division-por-fecha-del-censo-marca-la-efemeride-crucena\\\/#breadcrumb\",\"itemListElement\":[{\"@type\":\"ListItem\",\"position\":1,\"name\":\"Portada\",\"item\":\"https:\\\/\\\/www.eldiario.net\\\/portal\\\/\"},{\"@type\":\"ListItem\",\"position\":2,\"name\":\"Divisi\u00f3n por fecha del censo marca la efem\u00e9ride cruce\u00f1a\"}]},{\"@type\":\"WebSite\",\"@id\":\"https:\\\/\\\/www.eldiario.net\\\/portal\\\/#website\",\"url\":\"https:\\\/\\\/www.eldiario.net\\\/portal\\\/\",\"name\":\"El Diario - Decano de la prensa nacional\",\"description\":\"El Diario - Decano de la prensa nacional\",\"publisher\":{\"@id\":\"https:\\\/\\\/www.eldiario.net\\\/portal\\\/#organization\"},\"potentialAction\":[{\"@type\":\"SearchAction\",\"target\":{\"@type\":\"EntryPoint\",\"urlTemplate\":\"https:\\\/\\\/www.eldiario.net\\\/portal\\\/?s={search_term_string}\"},\"query-input\":{\"@type\":\"PropertyValueSpecification\",\"valueRequired\":true,\"valueName\":\"search_term_string\"}}],\"inLanguage\":\"es\"},{\"@type\":\"Organization\",\"@id\":\"https:\\\/\\\/www.eldiario.net\\\/portal\\\/#organization\",\"name\":\"El Diario - Decano de la prensa nacional\",\"url\":\"https:\\\/\\\/www.eldiario.net\\\/portal\\\/\",\"logo\":{\"@type\":\"ImageObject\",\"inLanguage\":\"es\",\"@id\":\"https:\\\/\\\/www.eldiario.net\\\/portal\\\/#\\\/schema\\\/logo\\\/image\\\/\",\"url\":\"https:\\\/\\\/www.eldiario.net\\\/portal\\\/wp-content\\\/uploads\\\/2023\\\/07\\\/logo_ED.jpg\",\"contentUrl\":\"https:\\\/\\\/www.eldiario.net\\\/portal\\\/wp-content\\\/uploads\\\/2023\\\/07\\\/logo_ED.jpg\",\"width\":272,\"height\":52,\"caption\":\"El Diario - Decano de la prensa nacional\"},\"image\":{\"@id\":\"https:\\\/\\\/www.eldiario.net\\\/portal\\\/#\\\/schema\\\/logo\\\/image\\\/\"},\"sameAs\":[\"https:\\\/\\\/www.facebook.com\\\/eldiario.bolivia\\\/\",\"https:\\\/\\\/x.com\\\/eldiario_net\"]},{\"@type\":\"Person\",\"@id\":\"https:\\\/\\\/www.eldiario.net\\\/portal\\\/#\\\/schema\\\/person\\\/f46445640444750d7d753ccd04ae01b7\",\"name\":\"Jeanette\",\"image\":{\"@type\":\"ImageObject\",\"inLanguage\":\"es\",\"@id\":\"https:\\\/\\\/secure.gravatar.com\\\/avatar\\\/3ea2118a5f7dad2b7138b1187a6b7ee55f160b9968b66013c3a3ef39dd7e5798?s=96&d=mm&r=g\",\"url\":\"https:\\\/\\\/secure.gravatar.com\\\/avatar\\\/3ea2118a5f7dad2b7138b1187a6b7ee55f160b9968b66013c3a3ef39dd7e5798?s=96&d=mm&r=g\",\"contentUrl\":\"https:\\\/\\\/secure.gravatar.com\\\/avatar\\\/3ea2118a5f7dad2b7138b1187a6b7ee55f160b9968b66013c3a3ef39dd7e5798?s=96&d=mm&r=g\",\"caption\":\"Jeanette\"},\"sameAs\":[\"https:\\\/\\\/www.eldiario.net\\\/portal\"],\"url\":\"https:\\\/\\\/www.eldiario.net\\\/portal\\\/author\\\/jeanette\\\/\"}]}<\/script>\n<!-- \/ Yoast SEO plugin. -->","yoast_head_json":{"title":"Divisi\u00f3n por fecha del censo marca la efem\u00e9ride cruce\u00f1a - El Diario - Bolivia","robots":{"index":"index","follow":"follow","max-snippet":"max-snippet:-1","max-image-preview":"max-image-preview:large","max-video-preview":"max-video-preview:-1"},"canonical":"https:\/\/www.eldiario.net\/portal\/2022\/09\/24\/division-por-fecha-del-censo-marca-la-efemeride-crucena\/","og_locale":"es_ES","og_type":"article","og_title":"Divisi\u00f3n por fecha del censo marca la efem\u00e9ride cruce\u00f1a - El Diario - Bolivia","og_description":"La divisi\u00f3n entre autoridades cruce\u00f1as por la fecha en la que se debe realizar el Censo Nacional de Poblaci\u00f3n y Vivienda marca este 2022 la conmemoraci\u00f3n de los 212 a\u00f1os de la gesta libertaria de Santa Cruz. La postergaci\u00f3n del censo que deb\u00eda realizarse en noviembre de este a\u00f1o deriv\u00f3 en el surgimiento de dos [&hellip;]","og_url":"https:\/\/www.eldiario.net\/portal\/2022\/09\/24\/division-por-fecha-del-censo-marca-la-efemeride-crucena\/","og_site_name":"El Diario - Bolivia","article_publisher":"https:\/\/www.facebook.com\/eldiario.bolivia\/","article_published_time":"2022-09-24T09:29:52+00:00","og_image":[{"width":800,"height":450,"url":"https:\/\/www.eldiario.net\/portal\/wp-content\/uploads\/2022\/09\/10-NAL-11.jpg","type":"image\/jpeg"}],"author":"Jeanette","twitter_card":"summary_large_image","twitter_creator":"@eldiario_net","twitter_site":"@eldiario_net","twitter_misc":{"Escrito por":"Jeanette","Tiempo de lectura":"4 minutos"},"schema":{"@context":"https:\/\/schema.org","@graph":[{"@type":"Article","@id":"https:\/\/www.eldiario.net\/portal\/2022\/09\/24\/division-por-fecha-del-censo-marca-la-efemeride-crucena\/#article","isPartOf":{"@id":"https:\/\/www.eldiario.net\/portal\/2022\/09\/24\/division-por-fecha-del-censo-marca-la-efemeride-crucena\/"},"author":{"name":"Jeanette","@id":"https:\/\/www.eldiario.net\/portal\/#\/schema\/person\/f46445640444750d7d753ccd04ae01b7"},"headline":"Divisi\u00f3n por fecha del censo marca la efem\u00e9ride cruce\u00f1a","datePublished":"2022-09-24T09:29:52+00:00","mainEntityOfPage":{"@id":"https:\/\/www.eldiario.net\/portal\/2022\/09\/24\/division-por-fecha-del-censo-marca-la-efemeride-crucena\/"},"wordCount":785,"publisher":{"@id":"https:\/\/www.eldiario.net\/portal\/#organization"},"image":{"@id":"https:\/\/www.eldiario.net\/portal\/2022\/09\/24\/division-por-fecha-del-censo-marca-la-efemeride-crucena\/#primaryimage"},"thumbnailUrl":"https:\/\/www.eldiario.net\/portal\/wp-content\/uploads\/2022\/09\/10-NAL-11.jpg","articleSection":["Nacional"],"inLanguage":"es"},{"@type":"WebPage","@id":"https:\/\/www.eldiario.net\/portal\/2022\/09\/24\/division-por-fecha-del-censo-marca-la-efemeride-crucena\/","url":"https:\/\/www.eldiario.net\/portal\/2022\/09\/24\/division-por-fecha-del-censo-marca-la-efemeride-crucena\/","name":"Divisi\u00f3n por fecha del censo marca la efem\u00e9ride cruce\u00f1a - El Diario - Bolivia","isPartOf":{"@id":"https:\/\/www.eldiario.net\/portal\/#website"},"primaryImageOfPage":{"@id":"https:\/\/www.eldiario.net\/portal\/2022\/09\/24\/division-por-fecha-del-censo-marca-la-efemeride-crucena\/#primaryimage"},"image":{"@id":"https:\/\/www.eldiario.net\/portal\/2022\/09\/24\/division-por-fecha-del-censo-marca-la-efemeride-crucena\/#primaryimage"},"thumbnailUrl":"https:\/\/www.eldiario.net\/portal\/wp-content\/uploads\/2022\/09\/10-NAL-11.jpg","datePublished":"2022-09-24T09:29:52+00:00","breadcrumb":{"@id":"https:\/\/www.eldiario.net\/portal\/2022\/09\/24\/division-por-fecha-del-censo-marca-la-efemeride-crucena\/#breadcrumb"},"inLanguage":"es","potentialAction":[{"@type":"ReadAction","target":["https:\/\/www.eldiario.net\/portal\/2022\/09\/24\/division-por-fecha-del-censo-marca-la-efemeride-crucena\/"]}]},{"@type":"ImageObject","inLanguage":"es","@id":"https:\/\/www.eldiario.net\/portal\/2022\/09\/24\/division-por-fecha-del-censo-marca-la-efemeride-crucena\/#primaryimage","url":"https:\/\/www.eldiario.net\/portal\/wp-content\/uploads\/2022\/09\/10-NAL-11.jpg","contentUrl":"https:\/\/www.eldiario.net\/portal\/wp-content\/uploads\/2022\/09\/10-NAL-11.jpg","width":800,"height":450,"caption":"Ciudad de Santa Cruz de la Sierra."},{"@type":"BreadcrumbList","@id":"https:\/\/www.eldiario.net\/portal\/2022\/09\/24\/division-por-fecha-del-censo-marca-la-efemeride-crucena\/#breadcrumb","itemListElement":[{"@type":"ListItem","position":1,"name":"Portada","item":"https:\/\/www.eldiario.net\/portal\/"},{"@type":"ListItem","position":2,"name":"Divisi\u00f3n por fecha del censo marca la efem\u00e9ride cruce\u00f1a"}]},{"@type":"WebSite","@id":"https:\/\/www.eldiario.net\/portal\/#website","url":"https:\/\/www.eldiario.net\/portal\/","name":"El Diario - Decano de la prensa nacional","description":"El Diario - Decano de la prensa nacional","publisher":{"@id":"https:\/\/www.eldiario.net\/portal\/#organization"},"potentialAction":[{"@type":"SearchAction","target":{"@type":"EntryPoint","urlTemplate":"https:\/\/www.eldiario.net\/portal\/?s={search_term_string}"},"query-input":{"@type":"PropertyValueSpecification","valueRequired":true,"valueName":"search_term_string"}}],"inLanguage":"es"},{"@type":"Organization","@id":"https:\/\/www.eldiario.net\/portal\/#organization","name":"El Diario - Decano de la prensa nacional","url":"https:\/\/www.eldiario.net\/portal\/","logo":{"@type":"ImageObject","inLanguage":"es","@id":"https:\/\/www.eldiario.net\/portal\/#\/schema\/logo\/image\/","url":"https:\/\/www.eldiario.net\/portal\/wp-content\/uploads\/2023\/07\/logo_ED.jpg","contentUrl":"https:\/\/www.eldiario.net\/portal\/wp-content\/uploads\/2023\/07\/logo_ED.jpg","width":272,"height":52,"caption":"El Diario - Decano de la prensa nacional"},"image":{"@id":"https:\/\/www.eldiario.net\/portal\/#\/schema\/logo\/image\/"},"sameAs":["https:\/\/www.facebook.com\/eldiario.bolivia\/","https:\/\/x.com\/eldiario_net"]},{"@type":"Person","@id":"https:\/\/www.eldiario.net\/portal\/#\/schema\/person\/f46445640444750d7d753ccd04ae01b7","name":"Jeanette","image":{"@type":"ImageObject","inLanguage":"es","@id":"https:\/\/secure.gravatar.com\/avatar\/3ea2118a5f7dad2b7138b1187a6b7ee55f160b9968b66013c3a3ef39dd7e5798?s=96&d=mm&r=g","url":"https:\/\/secure.gravatar.com\/avatar\/3ea2118a5f7dad2b7138b1187a6b7ee55f160b9968b66013c3a3ef39dd7e5798?s=96&d=mm&r=g","contentUrl":"https:\/\/secure.gravatar.com\/avatar\/3ea2118a5f7dad2b7138b1187a6b7ee55f160b9968b66013c3a3ef39dd7e5798?s=96&d=mm&r=g","caption":"Jeanette"},"sameAs":["https:\/\/www.eldiario.net\/portal"],"url":"https:\/\/www.eldiario.net\/portal\/author\/jeanette\/"}]}},"_links":{"self":[{"href":"https:\/\/www.eldiario.net\/portal\/wp-json\/wp\/v2\/posts\/112655","targetHints":{"allow":["GET"]}}],"collection":[{"href":"https:\/\/www.eldiario.net\/portal\/wp-json\/wp\/v2\/posts"}],"about":[{"href":"https:\/\/www.eldiario.net\/portal\/wp-json\/wp\/v2\/types\/post"}],"author":[{"embeddable":true,"href":"https:\/\/www.eldiario.net\/portal\/wp-json\/wp\/v2\/users\/1"}],"replies":[{"embeddable":true,"href":"https:\/\/www.eldiario.net\/portal\/wp-json\/wp\/v2\/comments?post=112655"}],"version-history":[{"count":0,"href":"https:\/\/www.eldiario.net\/portal\/wp-json\/wp\/v2\/posts\/112655\/revisions"}],"wp:featuredmedia":[{"embeddable":true,"href":"https:\/\/www.eldiario.net\/portal\/wp-json\/wp\/v2\/media\/112656"}],"wp:attachment":[{"href":"https:\/\/www.eldiario.net\/portal\/wp-json\/wp\/v2\/media?parent=112655"}],"wp:term":[{"taxonomy":"category","embeddable":true,"href":"https:\/\/www.eldiario.net\/portal\/wp-json\/wp\/v2\/categories?post=112655"},{"taxonomy":"post_tag","embeddable":true,"href":"https:\/\/www.eldiario.net\/portal\/wp-json\/wp\/v2\/tags?post=112655"}],"curies":[{"name":"wp","href":"https:\/\/api.w.org\/{rel}","templated":true}]}}