{"id":112650,"date":"2022-09-24T05:27:33","date_gmt":"2022-09-24T09:27:33","guid":{"rendered":"https:\/\/www.eldiario.net\/portal\/?p=112650"},"modified":"2022-09-24T05:27:33","modified_gmt":"2022-09-24T09:27:33","slug":"arrestan-a-chofer-por-conducir-minibus-sobre-rieles-del-tren-metropolitano","status":"publish","type":"post","link":"https:\/\/www.eldiario.net\/portal\/2022\/09\/24\/arrestan-a-chofer-por-conducir-minibus-sobre-rieles-del-tren-metropolitano\/","title":{"rendered":"Arrestan a chofer por conducir minib\u00fas  sobre rieles del Tren Metropolitano"},"content":{"rendered":"<p>Un minib\u00fas que presta servicio entre Quillacollo y Vinto utiliz\u00f3 el camino de los rieles de la l\u00ednea Verde del Tren Metropolitano en Cochabamba, quedando dos de sus llantas \u201ccolgando\u201d provocando que quede atrapado. El chofer fue arrestado.<br \/>\nSe conoce adem\u00e1s que el veh\u00edculo se encontraba con pasajeros al momento del hecho, por lo que tuvieron que bajarse para que este pueda estabilizarse.<br \/>\nEl incidente se suscit\u00f3 el jueves, sin embargo, se logr\u00f3 identificar al conductor responsable, quien se present\u00f3 ayer a dependencias de Tr\u00e1nsito en Quillacollo.<br \/>\nEn su defensa el hombre asegur\u00f3 que antes de la construcci\u00f3n de este tramo, varios veh\u00edculos del transporte p\u00fablico usaban esta ruta para ir hacia Vinto, sin embargo, ahora no cuentan con v\u00edas alternas. (Cochabamba, Unitel).<\/p>\n","protected":false},"excerpt":{"rendered":"<p>Un minib\u00fas que presta servicio entre Quillacollo y Vinto utiliz\u00f3 el camino de los rieles de la l\u00ednea Verde del Tren Metropolitano en Cochabamba, quedando dos de sus llantas \u201ccolgando\u201d provocando que quede atrapado. El chofer fue arrestado. Se conoce adem\u00e1s que el veh\u00edculo se encontraba con pasajeros al momento del hecho, por lo que [&hellip;]<\/p>\n","protected":false},"author":1,"featured_media":0,"comment_status":"closed","ping_status":"closed","sticky":false,"template":"","format":"standard","meta":{"_acf_changed":false,"footnotes":""},"categories":[12],"tags":[],"class_list":["post-112650","post","type-post","status-publish","format-standard","category-nacional"],"acf":{"antetitulo":""},"yoast_head":"<!-- This site is optimized with the Yoast SEO plugin v28.3 - https:\/\/yoast.com\/product\/yoast-seo-wordpress\/ -->\n<title>Arrestan a chofer por conducir minib\u00fas sobre rieles del Tren Metropolitano - El Diario - Bolivia<\/title>\n<meta name=\"robots\" content=\"index, follow, max-snippet:-1, max-image-preview:large, max-video-preview:-1\" \/>\n<link rel=\"canonical\" href=\"https:\/\/www.eldiario.net\/portal\/2022\/09\/24\/arrestan-a-chofer-por-conducir-minibus-sobre-rieles-del-tren-metropolitano\/\" \/>\n<meta property=\"og:locale\" content=\"es_ES\" \/>\n<meta property=\"og:type\" content=\"article\" \/>\n<meta property=\"og:title\" content=\"Arrestan a chofer por conducir minib\u00fas sobre rieles del Tren Metropolitano - El Diario - Bolivia\" \/>\n<meta property=\"og:description\" content=\"Un minib\u00fas que presta servicio entre Quillacollo y Vinto utiliz\u00f3 el camino de los rieles de la l\u00ednea Verde del Tren Metropolitano en Cochabamba, quedando dos de sus llantas \u201ccolgando\u201d provocando que quede atrapado. El chofer fue arrestado. Se conoce adem\u00e1s que el veh\u00edculo se encontraba con pasajeros al momento del hecho, por lo que [&hellip;]\" \/>\n<meta property=\"og:url\" content=\"https:\/\/www.eldiario.net\/portal\/2022\/09\/24\/arrestan-a-chofer-por-conducir-minibus-sobre-rieles-del-tren-metropolitano\/\" \/>\n<meta property=\"og:site_name\" content=\"El Diario - Bolivia\" \/>\n<meta property=\"article:publisher\" content=\"https:\/\/www.facebook.com\/eldiario.bolivia\/\" \/>\n<meta property=\"article:published_time\" content=\"2022-09-24T09:27:33+00:00\" \/>\n<meta name=\"author\" content=\"Jeanette\" \/>\n<meta name=\"twitter:card\" content=\"summary_large_image\" \/>\n<meta name=\"twitter:creator\" content=\"@eldiario_net\" \/>\n<meta name=\"twitter:site\" content=\"@eldiario_net\" \/>\n<meta name=\"twitter:label1\" content=\"Escrito por\" \/>\n\t<meta name=\"twitter:data1\" content=\"Jeanette\" \/>\n\t<meta name=\"twitter:label2\" content=\"Tiempo de lectura\" \/>\n\t<meta name=\"twitter:data2\" content=\"1 minuto\" \/>\n<script type=\"application\/ld+json\" class=\"yoast-schema-graph\">{\"@context\":\"https:\\\/\\\/schema.org\",\"@graph\":[{\"@type\":\"Article\",\"@id\":\"https:\\\/\\\/www.eldiario.net\\\/portal\\\/2022\\\/09\\\/24\\\/arrestan-a-chofer-por-conducir-minibus-sobre-rieles-del-tren-metropolitano\\\/#article\",\"isPartOf\":{\"@id\":\"https:\\\/\\\/www.eldiario.net\\\/portal\\\/2022\\\/09\\\/24\\\/arrestan-a-chofer-por-conducir-minibus-sobre-rieles-del-tren-metropolitano\\\/\"},\"author\":{\"name\":\"Jeanette\",\"@id\":\"https:\\\/\\\/www.eldiario.net\\\/portal\\\/#\\\/schema\\\/person\\\/f46445640444750d7d753ccd04ae01b7\"},\"headline\":\"Arrestan a chofer por conducir minib\u00fas sobre rieles del Tren Metropolitano\",\"datePublished\":\"2022-09-24T09:27:33+00:00\",\"mainEntityOfPage\":{\"@id\":\"https:\\\/\\\/www.eldiario.net\\\/portal\\\/2022\\\/09\\\/24\\\/arrestan-a-chofer-por-conducir-minibus-sobre-rieles-del-tren-metropolitano\\\/\"},\"wordCount\":144,\"publisher\":{\"@id\":\"https:\\\/\\\/www.eldiario.net\\\/portal\\\/#organization\"},\"articleSection\":[\"Nacional\"],\"inLanguage\":\"es\"},{\"@type\":\"WebPage\",\"@id\":\"https:\\\/\\\/www.eldiario.net\\\/portal\\\/2022\\\/09\\\/24\\\/arrestan-a-chofer-por-conducir-minibus-sobre-rieles-del-tren-metropolitano\\\/\",\"url\":\"https:\\\/\\\/www.eldiario.net\\\/portal\\\/2022\\\/09\\\/24\\\/arrestan-a-chofer-por-conducir-minibus-sobre-rieles-del-tren-metropolitano\\\/\",\"name\":\"Arrestan a chofer por conducir minib\u00fas sobre rieles del Tren Metropolitano - El Diario - Bolivia\",\"isPartOf\":{\"@id\":\"https:\\\/\\\/www.eldiario.net\\\/portal\\\/#website\"},\"datePublished\":\"2022-09-24T09:27:33+00:00\",\"breadcrumb\":{\"@id\":\"https:\\\/\\\/www.eldiario.net\\\/portal\\\/2022\\\/09\\\/24\\\/arrestan-a-chofer-por-conducir-minibus-sobre-rieles-del-tren-metropolitano\\\/#breadcrumb\"},\"inLanguage\":\"es\",\"potentialAction\":[{\"@type\":\"ReadAction\",\"target\":[\"https:\\\/\\\/www.eldiario.net\\\/portal\\\/2022\\\/09\\\/24\\\/arrestan-a-chofer-por-conducir-minibus-sobre-rieles-del-tren-metropolitano\\\/\"]}]},{\"@type\":\"BreadcrumbList\",\"@id\":\"https:\\\/\\\/www.eldiario.net\\\/portal\\\/2022\\\/09\\\/24\\\/arrestan-a-chofer-por-conducir-minibus-sobre-rieles-del-tren-metropolitano\\\/#breadcrumb\",\"itemListElement\":[{\"@type\":\"ListItem\",\"position\":1,\"name\":\"Portada\",\"item\":\"https:\\\/\\\/www.eldiario.net\\\/portal\\\/\"},{\"@type\":\"ListItem\",\"position\":2,\"name\":\"Arrestan a chofer por conducir minib\u00fas sobre rieles del Tren Metropolitano\"}]},{\"@type\":\"WebSite\",\"@id\":\"https:\\\/\\\/www.eldiario.net\\\/portal\\\/#website\",\"url\":\"https:\\\/\\\/www.eldiario.net\\\/portal\\\/\",\"name\":\"El Diario - Decano de la prensa nacional\",\"description\":\"El Diario - Decano de la prensa nacional\",\"publisher\":{\"@id\":\"https:\\\/\\\/www.eldiario.net\\\/portal\\\/#organization\"},\"potentialAction\":[{\"@type\":\"SearchAction\",\"target\":{\"@type\":\"EntryPoint\",\"urlTemplate\":\"https:\\\/\\\/www.eldiario.net\\\/portal\\\/?s={search_term_string}\"},\"query-input\":{\"@type\":\"PropertyValueSpecification\",\"valueRequired\":true,\"valueName\":\"search_term_string\"}}],\"inLanguage\":\"es\"},{\"@type\":\"Organization\",\"@id\":\"https:\\\/\\\/www.eldiario.net\\\/portal\\\/#organization\",\"name\":\"El Diario - Decano de la prensa nacional\",\"url\":\"https:\\\/\\\/www.eldiario.net\\\/portal\\\/\",\"logo\":{\"@type\":\"ImageObject\",\"inLanguage\":\"es\",\"@id\":\"https:\\\/\\\/www.eldiario.net\\\/portal\\\/#\\\/schema\\\/logo\\\/image\\\/\",\"url\":\"https:\\\/\\\/www.eldiario.net\\\/portal\\\/wp-content\\\/uploads\\\/2023\\\/07\\\/logo_ED.jpg\",\"contentUrl\":\"https:\\\/\\\/www.eldiario.net\\\/portal\\\/wp-content\\\/uploads\\\/2023\\\/07\\\/logo_ED.jpg\",\"width\":272,\"height\":52,\"caption\":\"El Diario - Decano de la prensa nacional\"},\"image\":{\"@id\":\"https:\\\/\\\/www.eldiario.net\\\/portal\\\/#\\\/schema\\\/logo\\\/image\\\/\"},\"sameAs\":[\"https:\\\/\\\/www.facebook.com\\\/eldiario.bolivia\\\/\",\"https:\\\/\\\/x.com\\\/eldiario_net\"]},{\"@type\":\"Person\",\"@id\":\"https:\\\/\\\/www.eldiario.net\\\/portal\\\/#\\\/schema\\\/person\\\/f46445640444750d7d753ccd04ae01b7\",\"name\":\"Jeanette\",\"image\":{\"@type\":\"ImageObject\",\"inLanguage\":\"es\",\"@id\":\"https:\\\/\\\/secure.gravatar.com\\\/avatar\\\/3ea2118a5f7dad2b7138b1187a6b7ee55f160b9968b66013c3a3ef39dd7e5798?s=96&d=mm&r=g\",\"url\":\"https:\\\/\\\/secure.gravatar.com\\\/avatar\\\/3ea2118a5f7dad2b7138b1187a6b7ee55f160b9968b66013c3a3ef39dd7e5798?s=96&d=mm&r=g\",\"contentUrl\":\"https:\\\/\\\/secure.gravatar.com\\\/avatar\\\/3ea2118a5f7dad2b7138b1187a6b7ee55f160b9968b66013c3a3ef39dd7e5798?s=96&d=mm&r=g\",\"caption\":\"Jeanette\"},\"sameAs\":[\"https:\\\/\\\/www.eldiario.net\\\/portal\"],\"url\":\"https:\\\/\\\/www.eldiario.net\\\/portal\\\/author\\\/jeanette\\\/\"}]}<\/script>\n<!-- \/ Yoast SEO plugin. -->","yoast_head_json":{"title":"Arrestan a chofer por conducir minib\u00fas sobre rieles del Tren Metropolitano - El Diario - Bolivia","robots":{"index":"index","follow":"follow","max-snippet":"max-snippet:-1","max-image-preview":"max-image-preview:large","max-video-preview":"max-video-preview:-1"},"canonical":"https:\/\/www.eldiario.net\/portal\/2022\/09\/24\/arrestan-a-chofer-por-conducir-minibus-sobre-rieles-del-tren-metropolitano\/","og_locale":"es_ES","og_type":"article","og_title":"Arrestan a chofer por conducir minib\u00fas sobre rieles del Tren Metropolitano - El Diario - Bolivia","og_description":"Un minib\u00fas que presta servicio entre Quillacollo y Vinto utiliz\u00f3 el camino de los rieles de la l\u00ednea Verde del Tren Metropolitano en Cochabamba, quedando dos de sus llantas \u201ccolgando\u201d provocando que quede atrapado. El chofer fue arrestado. Se conoce adem\u00e1s que el veh\u00edculo se encontraba con pasajeros al momento del hecho, por lo que [&hellip;]","og_url":"https:\/\/www.eldiario.net\/portal\/2022\/09\/24\/arrestan-a-chofer-por-conducir-minibus-sobre-rieles-del-tren-metropolitano\/","og_site_name":"El Diario - Bolivia","article_publisher":"https:\/\/www.facebook.com\/eldiario.bolivia\/","article_published_time":"2022-09-24T09:27:33+00:00","author":"Jeanette","twitter_card":"summary_large_image","twitter_creator":"@eldiario_net","twitter_site":"@eldiario_net","twitter_misc":{"Escrito por":"Jeanette","Tiempo de lectura":"1 minuto"},"schema":{"@context":"https:\/\/schema.org","@graph":[{"@type":"Article","@id":"https:\/\/www.eldiario.net\/portal\/2022\/09\/24\/arrestan-a-chofer-por-conducir-minibus-sobre-rieles-del-tren-metropolitano\/#article","isPartOf":{"@id":"https:\/\/www.eldiario.net\/portal\/2022\/09\/24\/arrestan-a-chofer-por-conducir-minibus-sobre-rieles-del-tren-metropolitano\/"},"author":{"name":"Jeanette","@id":"https:\/\/www.eldiario.net\/portal\/#\/schema\/person\/f46445640444750d7d753ccd04ae01b7"},"headline":"Arrestan a chofer por conducir minib\u00fas sobre rieles del Tren Metropolitano","datePublished":"2022-09-24T09:27:33+00:00","mainEntityOfPage":{"@id":"https:\/\/www.eldiario.net\/portal\/2022\/09\/24\/arrestan-a-chofer-por-conducir-minibus-sobre-rieles-del-tren-metropolitano\/"},"wordCount":144,"publisher":{"@id":"https:\/\/www.eldiario.net\/portal\/#organization"},"articleSection":["Nacional"],"inLanguage":"es"},{"@type":"WebPage","@id":"https:\/\/www.eldiario.net\/portal\/2022\/09\/24\/arrestan-a-chofer-por-conducir-minibus-sobre-rieles-del-tren-metropolitano\/","url":"https:\/\/www.eldiario.net\/portal\/2022\/09\/24\/arrestan-a-chofer-por-conducir-minibus-sobre-rieles-del-tren-metropolitano\/","name":"Arrestan a chofer por conducir minib\u00fas sobre rieles del Tren Metropolitano - El Diario - Bolivia","isPartOf":{"@id":"https:\/\/www.eldiario.net\/portal\/#website"},"datePublished":"2022-09-24T09:27:33+00:00","breadcrumb":{"@id":"https:\/\/www.eldiario.net\/portal\/2022\/09\/24\/arrestan-a-chofer-por-conducir-minibus-sobre-rieles-del-tren-metropolitano\/#breadcrumb"},"inLanguage":"es","potentialAction":[{"@type":"ReadAction","target":["https:\/\/www.eldiario.net\/portal\/2022\/09\/24\/arrestan-a-chofer-por-conducir-minibus-sobre-rieles-del-tren-metropolitano\/"]}]},{"@type":"BreadcrumbList","@id":"https:\/\/www.eldiario.net\/portal\/2022\/09\/24\/arrestan-a-chofer-por-conducir-minibus-sobre-rieles-del-tren-metropolitano\/#breadcrumb","itemListElement":[{"@type":"ListItem","position":1,"name":"Portada","item":"https:\/\/www.eldiario.net\/portal\/"},{"@type":"ListItem","position":2,"name":"Arrestan a chofer por conducir minib\u00fas sobre rieles del Tren Metropolitano"}]},{"@type":"WebSite","@id":"https:\/\/www.eldiario.net\/portal\/#website","url":"https:\/\/www.eldiario.net\/portal\/","name":"El Diario - Decano de la prensa nacional","description":"El Diario - Decano de la prensa nacional","publisher":{"@id":"https:\/\/www.eldiario.net\/portal\/#organization"},"potentialAction":[{"@type":"SearchAction","target":{"@type":"EntryPoint","urlTemplate":"https:\/\/www.eldiario.net\/portal\/?s={search_term_string}"},"query-input":{"@type":"PropertyValueSpecification","valueRequired":true,"valueName":"search_term_string"}}],"inLanguage":"es"},{"@type":"Organization","@id":"https:\/\/www.eldiario.net\/portal\/#organization","name":"El Diario - Decano de la prensa nacional","url":"https:\/\/www.eldiario.net\/portal\/","logo":{"@type":"ImageObject","inLanguage":"es","@id":"https:\/\/www.eldiario.net\/portal\/#\/schema\/logo\/image\/","url":"https:\/\/www.eldiario.net\/portal\/wp-content\/uploads\/2023\/07\/logo_ED.jpg","contentUrl":"https:\/\/www.eldiario.net\/portal\/wp-content\/uploads\/2023\/07\/logo_ED.jpg","width":272,"height":52,"caption":"El Diario - Decano de la prensa nacional"},"image":{"@id":"https:\/\/www.eldiario.net\/portal\/#\/schema\/logo\/image\/"},"sameAs":["https:\/\/www.facebook.com\/eldiario.bolivia\/","https:\/\/x.com\/eldiario_net"]},{"@type":"Person","@id":"https:\/\/www.eldiario.net\/portal\/#\/schema\/person\/f46445640444750d7d753ccd04ae01b7","name":"Jeanette","image":{"@type":"ImageObject","inLanguage":"es","@id":"https:\/\/secure.gravatar.com\/avatar\/3ea2118a5f7dad2b7138b1187a6b7ee55f160b9968b66013c3a3ef39dd7e5798?s=96&d=mm&r=g","url":"https:\/\/secure.gravatar.com\/avatar\/3ea2118a5f7dad2b7138b1187a6b7ee55f160b9968b66013c3a3ef39dd7e5798?s=96&d=mm&r=g","contentUrl":"https:\/\/secure.gravatar.com\/avatar\/3ea2118a5f7dad2b7138b1187a6b7ee55f160b9968b66013c3a3ef39dd7e5798?s=96&d=mm&r=g","caption":"Jeanette"},"sameAs":["https:\/\/www.eldiario.net\/portal"],"url":"https:\/\/www.eldiario.net\/portal\/author\/jeanette\/"}]}},"_links":{"self":[{"href":"https:\/\/www.eldiario.net\/portal\/wp-json\/wp\/v2\/posts\/112650","targetHints":{"allow":["GET"]}}],"collection":[{"href":"https:\/\/www.eldiario.net\/portal\/wp-json\/wp\/v2\/posts"}],"about":[{"href":"https:\/\/www.eldiario.net\/portal\/wp-json\/wp\/v2\/types\/post"}],"author":[{"embeddable":true,"href":"https:\/\/www.eldiario.net\/portal\/wp-json\/wp\/v2\/users\/1"}],"replies":[{"embeddable":true,"href":"https:\/\/www.eldiario.net\/portal\/wp-json\/wp\/v2\/comments?post=112650"}],"version-history":[{"count":0,"href":"https:\/\/www.eldiario.net\/portal\/wp-json\/wp\/v2\/posts\/112650\/revisions"}],"wp:attachment":[{"href":"https:\/\/www.eldiario.net\/portal\/wp-json\/wp\/v2\/media?parent=112650"}],"wp:term":[{"taxonomy":"category","embeddable":true,"href":"https:\/\/www.eldiario.net\/portal\/wp-json\/wp\/v2\/categories?post=112650"},{"taxonomy":"post_tag","embeddable":true,"href":"https:\/\/www.eldiario.net\/portal\/wp-json\/wp\/v2\/tags?post=112650"}],"curies":[{"name":"wp","href":"https:\/\/api.w.org\/{rel}","templated":true}]}}