{"id":112647,"date":"2022-09-24T05:27:04","date_gmt":"2022-09-24T09:27:04","guid":{"rendered":"https:\/\/www.eldiario.net\/portal\/?p=112647"},"modified":"2022-09-24T05:27:04","modified_gmt":"2022-09-24T09:27:04","slug":"llaman-a-manifestarse-contra-la-movilizacion-ordenada-por-putin","status":"publish","type":"post","link":"https:\/\/www.eldiario.net\/portal\/2022\/09\/24\/llaman-a-manifestarse-contra-la-movilizacion-ordenada-por-putin\/","title":{"rendered":"Llaman a manifestarse contra la  movilizaci\u00f3n ordenada por Putin"},"content":{"rendered":"<p>El presidente ucraniano, Volod\u00edmir Zelensky, inst\u00f3 ayer a los rusos a protestar contra la movilizaci\u00f3n de reservistas anunciada por el Kremlin o a rendirse ante las fuerzas de Kiev.<br \/>\n\u201c55.000 soldados rusos han muerto en esta guerra en seis meses. \u00bfQuieren m\u00e1s? \u00bfNo? Entonces, \u00a1protesten! \u00a1Luchen! \u00a1Huyan! O r\u00edndanse\u201d al ej\u00e9rcito ucraniano, dijo en ruso en un mensaje en v\u00eddeo.<br \/>\nSeg\u00fan Zelensky, las autoridades rusas se estaban preparando para movilizar \u201chasta un mill\u00f3n de hombres\u201d.<br \/>\nOficialmente, Mosc\u00fa anunci\u00f3, en la v\u00edspera, la movilizaci\u00f3n de 300.000 reservistas.<br \/>\nM\u00e1s de 1.300 personas fueron detenidas en toda Rusia durante las protestas contra la movilizaci\u00f3n, seg\u00fan la ONG OVD-Info.<br \/>\nEl anuncio de la movilizaci\u00f3n tambi\u00e9n provoc\u00f3 una afluencia de rusos que quer\u00edan abandonar el pa\u00eds, con colas en las fronteras terrestres con varios pa\u00edses.<br \/>\nLos ministros de Exteriores de la Uni\u00f3n Europea acordaron preparar nuevas sanciones contra Rusia, que se concretar\u00e1n tan pronto como sea posible, seg\u00fan anunci\u00f3 el jefe de la diplomacia comunitaria, Josep Borrell.<br \/>\nSeg\u00fan adelant\u00f3 Borrell, este nuevo paquete de sanciones afectar\u00e1 a nuevos sectores de la econom\u00eda rusa, incluido el tecnol\u00f3gico, e incluir\u00e1 a nuevos individuos, pero a\u00fan no se ha cerrado.<br \/>\nLos ministros de Exteriores, reunidos de urgencia en Nueva York, se comprometieron adem\u00e1s a seguir facilitando armamento a Kiev durante el tiempo que haga falta en una declaraci\u00f3n adoptada por consenso.<br \/>\nLa cita fue convocada como parte de la Asamblea General de la ONU, despu\u00e9s de que el presidente ruso, Vladimir Putin, decretase la movilizaci\u00f3n parcial de 300.000 reservistas y amenazase con usar todo su arsenal, incluido el nuclear.<br \/>\n\u201cEst\u00e1 claro que Putin est\u00e1 tratando de destruir Ucrania, est\u00e1 tratando de destruir todo el pa\u00eds por distintos medios\u201d, se\u00f1al\u00f3 Borrell en una rueda de prensa al t\u00e9rmino del encuentro.<br \/>\nEl diplom\u00e1tico espa\u00f1ol consider\u00f3 que los \u00faltimos movimientos de Mosc\u00fa buscan minar el apoyo que Ucrania est\u00e1 recibiendo de sus aliados y amenazan la paz y la seguridad internacional \u201ca una escala sin precedentes\u201d.<br \/>\n\u201cPero esto no va a romper nuestra unidad para respaldar a Ucrania ni nuestro amplio apoyo a la capacidad de Ucrania para defender su integridad territorial y soberan\u00eda el tiempo que haga falta\u201d, insisti\u00f3.<br \/>\nSobre las nuevas sanciones, Borrell explic\u00f3 que lo que se cerr\u00f3 fue un acuerdo pol\u00edtico, dado el car\u00e1cter informal de la reuni\u00f3n, y que ser\u00e1n necesarias decisiones formales para concretarlas y hacerlas efectivas.<br \/>\nEn la declaraci\u00f3n que aprobaron los ministros europeos de Exteriores condenaron adem\u00e1s los planes para organizar referendos de anexi\u00f3n a Rusia en zonas ocupadas de Ucrania y dejaron claro que nunca reconocer\u00e1n sus resultados.<br \/>\n\u201cLa UE se mantiene firme en su apoyo a la independencia, soberan\u00eda e integridad territorial de Ucrania, y exige que Rusia retire de forma inmediata, completa e incondicional todas sus tropas y equipamiento militar de todo el territorio de Ucrania dentro de sus fronteras internacionalmente reconocidas\u201d, concluye el documento. (Infobae).<\/p>\n","protected":false},"excerpt":{"rendered":"<p>El presidente ucraniano, Volod\u00edmir Zelensky, inst\u00f3 ayer a los rusos a protestar contra la movilizaci\u00f3n de reservistas anunciada por el Kremlin o a rendirse ante las fuerzas de Kiev. \u201c55.000 soldados rusos han muerto en esta guerra en seis meses. \u00bfQuieren m\u00e1s? \u00bfNo? Entonces, \u00a1protesten! \u00a1Luchen! \u00a1Huyan! O r\u00edndanse\u201d al ej\u00e9rcito ucraniano, dijo en ruso [&hellip;]<\/p>\n","protected":false},"author":1,"featured_media":112648,"comment_status":"closed","ping_status":"closed","sticky":false,"template":"","format":"standard","meta":{"_acf_changed":false,"footnotes":""},"categories":[3],"tags":[],"class_list":["post-112647","post","type-post","status-publish","format-standard","has-post-thumbnail","category-internacional"],"acf":{"antetitulo":""},"yoast_head":"<!-- This site is optimized with the Yoast SEO plugin v28.3 - https:\/\/yoast.com\/product\/yoast-seo-wordpress\/ -->\n<title>Llaman a manifestarse contra la movilizaci\u00f3n ordenada por Putin - El Diario - Bolivia<\/title>\n<meta name=\"robots\" content=\"index, follow, max-snippet:-1, max-image-preview:large, max-video-preview:-1\" \/>\n<link rel=\"canonical\" href=\"https:\/\/www.eldiario.net\/portal\/2022\/09\/24\/llaman-a-manifestarse-contra-la-movilizacion-ordenada-por-putin\/\" \/>\n<meta property=\"og:locale\" content=\"es_ES\" \/>\n<meta property=\"og:type\" content=\"article\" \/>\n<meta property=\"og:title\" content=\"Llaman a manifestarse contra la movilizaci\u00f3n ordenada por Putin - El Diario - Bolivia\" \/>\n<meta property=\"og:description\" content=\"El presidente ucraniano, Volod\u00edmir Zelensky, inst\u00f3 ayer a los rusos a protestar contra la movilizaci\u00f3n de reservistas anunciada por el Kremlin o a rendirse ante las fuerzas de Kiev. \u201c55.000 soldados rusos han muerto en esta guerra en seis meses. \u00bfQuieren m\u00e1s? \u00bfNo? Entonces, \u00a1protesten! \u00a1Luchen! \u00a1Huyan! O r\u00edndanse\u201d al ej\u00e9rcito ucraniano, dijo en ruso [&hellip;]\" \/>\n<meta property=\"og:url\" content=\"https:\/\/www.eldiario.net\/portal\/2022\/09\/24\/llaman-a-manifestarse-contra-la-movilizacion-ordenada-por-putin\/\" \/>\n<meta property=\"og:site_name\" content=\"El Diario - Bolivia\" \/>\n<meta property=\"article:publisher\" content=\"https:\/\/www.facebook.com\/eldiario.bolivia\/\" \/>\n<meta property=\"article:published_time\" content=\"2022-09-24T09:27:04+00:00\" \/>\n<meta name=\"author\" content=\"Jeanette\" \/>\n<meta name=\"twitter:card\" content=\"summary_large_image\" \/>\n<meta name=\"twitter:creator\" content=\"@eldiario_net\" \/>\n<meta name=\"twitter:site\" content=\"@eldiario_net\" \/>\n<meta name=\"twitter:label1\" content=\"Escrito por\" \/>\n\t<meta name=\"twitter:data1\" content=\"Jeanette\" \/>\n\t<meta name=\"twitter:label2\" content=\"Tiempo de lectura\" \/>\n\t<meta name=\"twitter:data2\" content=\"3 minutos\" \/>\n<script type=\"application\/ld+json\" class=\"yoast-schema-graph\">{\"@context\":\"https:\\\/\\\/schema.org\",\"@graph\":[{\"@type\":\"Article\",\"@id\":\"https:\\\/\\\/www.eldiario.net\\\/portal\\\/2022\\\/09\\\/24\\\/llaman-a-manifestarse-contra-la-movilizacion-ordenada-por-putin\\\/#article\",\"isPartOf\":{\"@id\":\"https:\\\/\\\/www.eldiario.net\\\/portal\\\/2022\\\/09\\\/24\\\/llaman-a-manifestarse-contra-la-movilizacion-ordenada-por-putin\\\/\"},\"author\":{\"name\":\"Jeanette\",\"@id\":\"https:\\\/\\\/www.eldiario.net\\\/portal\\\/#\\\/schema\\\/person\\\/f46445640444750d7d753ccd04ae01b7\"},\"headline\":\"Llaman a manifestarse contra la movilizaci\u00f3n ordenada por Putin\",\"datePublished\":\"2022-09-24T09:27:04+00:00\",\"mainEntityOfPage\":{\"@id\":\"https:\\\/\\\/www.eldiario.net\\\/portal\\\/2022\\\/09\\\/24\\\/llaman-a-manifestarse-contra-la-movilizacion-ordenada-por-putin\\\/\"},\"wordCount\":526,\"publisher\":{\"@id\":\"https:\\\/\\\/www.eldiario.net\\\/portal\\\/#organization\"},\"image\":{\"@id\":\"https:\\\/\\\/www.eldiario.net\\\/portal\\\/2022\\\/09\\\/24\\\/llaman-a-manifestarse-contra-la-movilizacion-ordenada-por-putin\\\/#primaryimage\"},\"thumbnailUrl\":\"\",\"articleSection\":[\"Internacional\"],\"inLanguage\":\"es\"},{\"@type\":\"WebPage\",\"@id\":\"https:\\\/\\\/www.eldiario.net\\\/portal\\\/2022\\\/09\\\/24\\\/llaman-a-manifestarse-contra-la-movilizacion-ordenada-por-putin\\\/\",\"url\":\"https:\\\/\\\/www.eldiario.net\\\/portal\\\/2022\\\/09\\\/24\\\/llaman-a-manifestarse-contra-la-movilizacion-ordenada-por-putin\\\/\",\"name\":\"Llaman a manifestarse contra la movilizaci\u00f3n ordenada por Putin - El Diario - Bolivia\",\"isPartOf\":{\"@id\":\"https:\\\/\\\/www.eldiario.net\\\/portal\\\/#website\"},\"primaryImageOfPage\":{\"@id\":\"https:\\\/\\\/www.eldiario.net\\\/portal\\\/2022\\\/09\\\/24\\\/llaman-a-manifestarse-contra-la-movilizacion-ordenada-por-putin\\\/#primaryimage\"},\"image\":{\"@id\":\"https:\\\/\\\/www.eldiario.net\\\/portal\\\/2022\\\/09\\\/24\\\/llaman-a-manifestarse-contra-la-movilizacion-ordenada-por-putin\\\/#primaryimage\"},\"thumbnailUrl\":\"\",\"datePublished\":\"2022-09-24T09:27:04+00:00\",\"breadcrumb\":{\"@id\":\"https:\\\/\\\/www.eldiario.net\\\/portal\\\/2022\\\/09\\\/24\\\/llaman-a-manifestarse-contra-la-movilizacion-ordenada-por-putin\\\/#breadcrumb\"},\"inLanguage\":\"es\",\"potentialAction\":[{\"@type\":\"ReadAction\",\"target\":[\"https:\\\/\\\/www.eldiario.net\\\/portal\\\/2022\\\/09\\\/24\\\/llaman-a-manifestarse-contra-la-movilizacion-ordenada-por-putin\\\/\"]}]},{\"@type\":\"ImageObject\",\"inLanguage\":\"es\",\"@id\":\"https:\\\/\\\/www.eldiario.net\\\/portal\\\/2022\\\/09\\\/24\\\/llaman-a-manifestarse-contra-la-movilizacion-ordenada-por-putin\\\/#primaryimage\",\"url\":\"\",\"contentUrl\":\"\"},{\"@type\":\"BreadcrumbList\",\"@id\":\"https:\\\/\\\/www.eldiario.net\\\/portal\\\/2022\\\/09\\\/24\\\/llaman-a-manifestarse-contra-la-movilizacion-ordenada-por-putin\\\/#breadcrumb\",\"itemListElement\":[{\"@type\":\"ListItem\",\"position\":1,\"name\":\"Portada\",\"item\":\"https:\\\/\\\/www.eldiario.net\\\/portal\\\/\"},{\"@type\":\"ListItem\",\"position\":2,\"name\":\"Llaman a manifestarse contra la movilizaci\u00f3n ordenada por Putin\"}]},{\"@type\":\"WebSite\",\"@id\":\"https:\\\/\\\/www.eldiario.net\\\/portal\\\/#website\",\"url\":\"https:\\\/\\\/www.eldiario.net\\\/portal\\\/\",\"name\":\"El Diario - Decano de la prensa nacional\",\"description\":\"El Diario - Decano de la prensa nacional\",\"publisher\":{\"@id\":\"https:\\\/\\\/www.eldiario.net\\\/portal\\\/#organization\"},\"potentialAction\":[{\"@type\":\"SearchAction\",\"target\":{\"@type\":\"EntryPoint\",\"urlTemplate\":\"https:\\\/\\\/www.eldiario.net\\\/portal\\\/?s={search_term_string}\"},\"query-input\":{\"@type\":\"PropertyValueSpecification\",\"valueRequired\":true,\"valueName\":\"search_term_string\"}}],\"inLanguage\":\"es\"},{\"@type\":\"Organization\",\"@id\":\"https:\\\/\\\/www.eldiario.net\\\/portal\\\/#organization\",\"name\":\"El Diario - Decano de la prensa nacional\",\"url\":\"https:\\\/\\\/www.eldiario.net\\\/portal\\\/\",\"logo\":{\"@type\":\"ImageObject\",\"inLanguage\":\"es\",\"@id\":\"https:\\\/\\\/www.eldiario.net\\\/portal\\\/#\\\/schema\\\/logo\\\/image\\\/\",\"url\":\"https:\\\/\\\/www.eldiario.net\\\/portal\\\/wp-content\\\/uploads\\\/2023\\\/07\\\/logo_ED.jpg\",\"contentUrl\":\"https:\\\/\\\/www.eldiario.net\\\/portal\\\/wp-content\\\/uploads\\\/2023\\\/07\\\/logo_ED.jpg\",\"width\":272,\"height\":52,\"caption\":\"El Diario - Decano de la prensa nacional\"},\"image\":{\"@id\":\"https:\\\/\\\/www.eldiario.net\\\/portal\\\/#\\\/schema\\\/logo\\\/image\\\/\"},\"sameAs\":[\"https:\\\/\\\/www.facebook.com\\\/eldiario.bolivia\\\/\",\"https:\\\/\\\/x.com\\\/eldiario_net\"]},{\"@type\":\"Person\",\"@id\":\"https:\\\/\\\/www.eldiario.net\\\/portal\\\/#\\\/schema\\\/person\\\/f46445640444750d7d753ccd04ae01b7\",\"name\":\"Jeanette\",\"image\":{\"@type\":\"ImageObject\",\"inLanguage\":\"es\",\"@id\":\"https:\\\/\\\/secure.gravatar.com\\\/avatar\\\/3ea2118a5f7dad2b7138b1187a6b7ee55f160b9968b66013c3a3ef39dd7e5798?s=96&d=mm&r=g\",\"url\":\"https:\\\/\\\/secure.gravatar.com\\\/avatar\\\/3ea2118a5f7dad2b7138b1187a6b7ee55f160b9968b66013c3a3ef39dd7e5798?s=96&d=mm&r=g\",\"contentUrl\":\"https:\\\/\\\/secure.gravatar.com\\\/avatar\\\/3ea2118a5f7dad2b7138b1187a6b7ee55f160b9968b66013c3a3ef39dd7e5798?s=96&d=mm&r=g\",\"caption\":\"Jeanette\"},\"sameAs\":[\"https:\\\/\\\/www.eldiario.net\\\/portal\"],\"url\":\"https:\\\/\\\/www.eldiario.net\\\/portal\\\/author\\\/jeanette\\\/\"}]}<\/script>\n<!-- \/ Yoast SEO plugin. -->","yoast_head_json":{"title":"Llaman a manifestarse contra la movilizaci\u00f3n ordenada por Putin - El Diario - Bolivia","robots":{"index":"index","follow":"follow","max-snippet":"max-snippet:-1","max-image-preview":"max-image-preview:large","max-video-preview":"max-video-preview:-1"},"canonical":"https:\/\/www.eldiario.net\/portal\/2022\/09\/24\/llaman-a-manifestarse-contra-la-movilizacion-ordenada-por-putin\/","og_locale":"es_ES","og_type":"article","og_title":"Llaman a manifestarse contra la movilizaci\u00f3n ordenada por Putin - El Diario - Bolivia","og_description":"El presidente ucraniano, Volod\u00edmir Zelensky, inst\u00f3 ayer a los rusos a protestar contra la movilizaci\u00f3n de reservistas anunciada por el Kremlin o a rendirse ante las fuerzas de Kiev. \u201c55.000 soldados rusos han muerto en esta guerra en seis meses. \u00bfQuieren m\u00e1s? \u00bfNo? Entonces, \u00a1protesten! \u00a1Luchen! \u00a1Huyan! O r\u00edndanse\u201d al ej\u00e9rcito ucraniano, dijo en ruso [&hellip;]","og_url":"https:\/\/www.eldiario.net\/portal\/2022\/09\/24\/llaman-a-manifestarse-contra-la-movilizacion-ordenada-por-putin\/","og_site_name":"El Diario - Bolivia","article_publisher":"https:\/\/www.facebook.com\/eldiario.bolivia\/","article_published_time":"2022-09-24T09:27:04+00:00","author":"Jeanette","twitter_card":"summary_large_image","twitter_creator":"@eldiario_net","twitter_site":"@eldiario_net","twitter_misc":{"Escrito por":"Jeanette","Tiempo de lectura":"3 minutos"},"schema":{"@context":"https:\/\/schema.org","@graph":[{"@type":"Article","@id":"https:\/\/www.eldiario.net\/portal\/2022\/09\/24\/llaman-a-manifestarse-contra-la-movilizacion-ordenada-por-putin\/#article","isPartOf":{"@id":"https:\/\/www.eldiario.net\/portal\/2022\/09\/24\/llaman-a-manifestarse-contra-la-movilizacion-ordenada-por-putin\/"},"author":{"name":"Jeanette","@id":"https:\/\/www.eldiario.net\/portal\/#\/schema\/person\/f46445640444750d7d753ccd04ae01b7"},"headline":"Llaman a manifestarse contra la movilizaci\u00f3n ordenada por Putin","datePublished":"2022-09-24T09:27:04+00:00","mainEntityOfPage":{"@id":"https:\/\/www.eldiario.net\/portal\/2022\/09\/24\/llaman-a-manifestarse-contra-la-movilizacion-ordenada-por-putin\/"},"wordCount":526,"publisher":{"@id":"https:\/\/www.eldiario.net\/portal\/#organization"},"image":{"@id":"https:\/\/www.eldiario.net\/portal\/2022\/09\/24\/llaman-a-manifestarse-contra-la-movilizacion-ordenada-por-putin\/#primaryimage"},"thumbnailUrl":"","articleSection":["Internacional"],"inLanguage":"es"},{"@type":"WebPage","@id":"https:\/\/www.eldiario.net\/portal\/2022\/09\/24\/llaman-a-manifestarse-contra-la-movilizacion-ordenada-por-putin\/","url":"https:\/\/www.eldiario.net\/portal\/2022\/09\/24\/llaman-a-manifestarse-contra-la-movilizacion-ordenada-por-putin\/","name":"Llaman a manifestarse contra la movilizaci\u00f3n ordenada por Putin - El Diario - Bolivia","isPartOf":{"@id":"https:\/\/www.eldiario.net\/portal\/#website"},"primaryImageOfPage":{"@id":"https:\/\/www.eldiario.net\/portal\/2022\/09\/24\/llaman-a-manifestarse-contra-la-movilizacion-ordenada-por-putin\/#primaryimage"},"image":{"@id":"https:\/\/www.eldiario.net\/portal\/2022\/09\/24\/llaman-a-manifestarse-contra-la-movilizacion-ordenada-por-putin\/#primaryimage"},"thumbnailUrl":"","datePublished":"2022-09-24T09:27:04+00:00","breadcrumb":{"@id":"https:\/\/www.eldiario.net\/portal\/2022\/09\/24\/llaman-a-manifestarse-contra-la-movilizacion-ordenada-por-putin\/#breadcrumb"},"inLanguage":"es","potentialAction":[{"@type":"ReadAction","target":["https:\/\/www.eldiario.net\/portal\/2022\/09\/24\/llaman-a-manifestarse-contra-la-movilizacion-ordenada-por-putin\/"]}]},{"@type":"ImageObject","inLanguage":"es","@id":"https:\/\/www.eldiario.net\/portal\/2022\/09\/24\/llaman-a-manifestarse-contra-la-movilizacion-ordenada-por-putin\/#primaryimage","url":"","contentUrl":""},{"@type":"BreadcrumbList","@id":"https:\/\/www.eldiario.net\/portal\/2022\/09\/24\/llaman-a-manifestarse-contra-la-movilizacion-ordenada-por-putin\/#breadcrumb","itemListElement":[{"@type":"ListItem","position":1,"name":"Portada","item":"https:\/\/www.eldiario.net\/portal\/"},{"@type":"ListItem","position":2,"name":"Llaman a manifestarse contra la movilizaci\u00f3n ordenada por Putin"}]},{"@type":"WebSite","@id":"https:\/\/www.eldiario.net\/portal\/#website","url":"https:\/\/www.eldiario.net\/portal\/","name":"El Diario - Decano de la prensa nacional","description":"El Diario - Decano de la prensa nacional","publisher":{"@id":"https:\/\/www.eldiario.net\/portal\/#organization"},"potentialAction":[{"@type":"SearchAction","target":{"@type":"EntryPoint","urlTemplate":"https:\/\/www.eldiario.net\/portal\/?s={search_term_string}"},"query-input":{"@type":"PropertyValueSpecification","valueRequired":true,"valueName":"search_term_string"}}],"inLanguage":"es"},{"@type":"Organization","@id":"https:\/\/www.eldiario.net\/portal\/#organization","name":"El Diario - Decano de la prensa nacional","url":"https:\/\/www.eldiario.net\/portal\/","logo":{"@type":"ImageObject","inLanguage":"es","@id":"https:\/\/www.eldiario.net\/portal\/#\/schema\/logo\/image\/","url":"https:\/\/www.eldiario.net\/portal\/wp-content\/uploads\/2023\/07\/logo_ED.jpg","contentUrl":"https:\/\/www.eldiario.net\/portal\/wp-content\/uploads\/2023\/07\/logo_ED.jpg","width":272,"height":52,"caption":"El Diario - Decano de la prensa nacional"},"image":{"@id":"https:\/\/www.eldiario.net\/portal\/#\/schema\/logo\/image\/"},"sameAs":["https:\/\/www.facebook.com\/eldiario.bolivia\/","https:\/\/x.com\/eldiario_net"]},{"@type":"Person","@id":"https:\/\/www.eldiario.net\/portal\/#\/schema\/person\/f46445640444750d7d753ccd04ae01b7","name":"Jeanette","image":{"@type":"ImageObject","inLanguage":"es","@id":"https:\/\/secure.gravatar.com\/avatar\/3ea2118a5f7dad2b7138b1187a6b7ee55f160b9968b66013c3a3ef39dd7e5798?s=96&d=mm&r=g","url":"https:\/\/secure.gravatar.com\/avatar\/3ea2118a5f7dad2b7138b1187a6b7ee55f160b9968b66013c3a3ef39dd7e5798?s=96&d=mm&r=g","contentUrl":"https:\/\/secure.gravatar.com\/avatar\/3ea2118a5f7dad2b7138b1187a6b7ee55f160b9968b66013c3a3ef39dd7e5798?s=96&d=mm&r=g","caption":"Jeanette"},"sameAs":["https:\/\/www.eldiario.net\/portal"],"url":"https:\/\/www.eldiario.net\/portal\/author\/jeanette\/"}]}},"_links":{"self":[{"href":"https:\/\/www.eldiario.net\/portal\/wp-json\/wp\/v2\/posts\/112647","targetHints":{"allow":["GET"]}}],"collection":[{"href":"https:\/\/www.eldiario.net\/portal\/wp-json\/wp\/v2\/posts"}],"about":[{"href":"https:\/\/www.eldiario.net\/portal\/wp-json\/wp\/v2\/types\/post"}],"author":[{"embeddable":true,"href":"https:\/\/www.eldiario.net\/portal\/wp-json\/wp\/v2\/users\/1"}],"replies":[{"embeddable":true,"href":"https:\/\/www.eldiario.net\/portal\/wp-json\/wp\/v2\/comments?post=112647"}],"version-history":[{"count":0,"href":"https:\/\/www.eldiario.net\/portal\/wp-json\/wp\/v2\/posts\/112647\/revisions"}],"wp:attachment":[{"href":"https:\/\/www.eldiario.net\/portal\/wp-json\/wp\/v2\/media?parent=112647"}],"wp:term":[{"taxonomy":"category","embeddable":true,"href":"https:\/\/www.eldiario.net\/portal\/wp-json\/wp\/v2\/categories?post=112647"},{"taxonomy":"post_tag","embeddable":true,"href":"https:\/\/www.eldiario.net\/portal\/wp-json\/wp\/v2\/tags?post=112647"}],"curies":[{"name":"wp","href":"https:\/\/api.w.org\/{rel}","templated":true}]}}