{"id":112643,"date":"2022-09-24T05:25:39","date_gmt":"2022-09-24T09:25:39","guid":{"rendered":"https:\/\/www.eldiario.net\/portal\/?p=112643"},"modified":"2022-09-24T05:25:39","modified_gmt":"2022-09-24T09:25:39","slug":"haiti-paralizado-por-protestas-y-situacion-humanitaria-empeora","status":"publish","type":"post","link":"https:\/\/www.eldiario.net\/portal\/2022\/09\/24\/haiti-paralizado-por-protestas-y-situacion-humanitaria-empeora\/","title":{"rendered":"Hait\u00ed paralizado por protestas y  situaci\u00f3n humanitaria empeora"},"content":{"rendered":"<p>La ola de protestas iniciada hace unas semanas deja al pa\u00eds paralizado y ha provocado un empeoramiento de la ya de por s\u00ed grave situaci\u00f3n humanitaria, seg\u00fan la ONU, que detecta t\u00edmidos esfuerzos para volver a la normalidad en estos \u00faltimos d\u00edas.<br \/>\nLa inseguridad y el aumento del costo de vida suben bajo este malestar social, agudizado por la retirada de los subsidios al combustible decretada por el primer ministro, Ariel Henry, que tom\u00f3 las riendas del pa\u00eds m\u00e1s pobre del hemisferio occidental tras el asesinato en julio de 2021 del entonces presidente, Jovenel Moise.<br \/>\nLas bandas armadas se han expandido significativamente, especialmente en la zona metropolitana de Puerto Pr\u00edncipe, seg\u00fan un informe de la Oficina de Naciones Unidas para la Coordinaci\u00f3n de Asuntos Humanitarios (OCHA) que alerta de una restricci\u00f3n a la movilidad en un pa\u00eds de casi 5 millones de personas, donde el 43 por ciento de la poblaci\u00f3n, necesitan ayuda humanitaria.<br \/>\n\u201cTodo el pa\u00eds permanece paralizado por bloqueos de carreteras y manifestaciones espont\u00e1neas\u201d, advierte la OCHA, en un texto en el que se hace eco del cierre de negocios y los ataques a propiedades p\u00fablicas y privadas, incluido el saqueo de almacenes del Programa Mundial de Alimentos (PMA).<br \/>\nLas autoridades han constatado esta semana una aparente relajaci\u00f3n de las movilizaciones, pero la inseguridad persiste, como lo demuestra un asalto perpetrado ayer contra una c\u00e1rcel de mujeres en la ciudad de Cabaret, situada a las afueras de Puerto Pr\u00edncipe.<br \/>\nEl director de Admnistraci\u00f3n Penitenciaria, Pierre Ren\u00e9 Fran\u00e7ois, ha confirmado enfrentamientos entre los asaltantes y las fuerzas de seguridad. Varios polic\u00edas han recibido disparos en este ataque, explic\u00f3. Las autoridades asumen que ha existido una fuga masiva de esta prisi\u00f3n. (Europa Press).<\/p>\n","protected":false},"excerpt":{"rendered":"<p>La ola de protestas iniciada hace unas semanas deja al pa\u00eds paralizado y ha provocado un empeoramiento de la ya de por s\u00ed grave situaci\u00f3n humanitaria, seg\u00fan la ONU, que detecta t\u00edmidos esfuerzos para volver a la normalidad en estos \u00faltimos d\u00edas. La inseguridad y el aumento del costo de vida suben bajo este malestar [&hellip;]<\/p>\n","protected":false},"author":1,"featured_media":112644,"comment_status":"closed","ping_status":"closed","sticky":false,"template":"","format":"standard","meta":{"_acf_changed":false,"footnotes":""},"categories":[3],"tags":[],"class_list":["post-112643","post","type-post","status-publish","format-standard","has-post-thumbnail","category-internacional"],"acf":{"antetitulo":""},"yoast_head":"<!-- This site is optimized with the Yoast SEO plugin v28.3 - https:\/\/yoast.com\/product\/yoast-seo-wordpress\/ -->\n<title>Hait\u00ed paralizado por protestas y situaci\u00f3n humanitaria empeora - El Diario - Bolivia<\/title>\n<meta name=\"robots\" content=\"index, follow, max-snippet:-1, max-image-preview:large, max-video-preview:-1\" \/>\n<link rel=\"canonical\" href=\"https:\/\/www.eldiario.net\/portal\/2022\/09\/24\/haiti-paralizado-por-protestas-y-situacion-humanitaria-empeora\/\" \/>\n<meta property=\"og:locale\" content=\"es_ES\" \/>\n<meta property=\"og:type\" content=\"article\" \/>\n<meta property=\"og:title\" content=\"Hait\u00ed paralizado por protestas y situaci\u00f3n humanitaria empeora - El Diario - Bolivia\" \/>\n<meta property=\"og:description\" content=\"La ola de protestas iniciada hace unas semanas deja al pa\u00eds paralizado y ha provocado un empeoramiento de la ya de por s\u00ed grave situaci\u00f3n humanitaria, seg\u00fan la ONU, que detecta t\u00edmidos esfuerzos para volver a la normalidad en estos \u00faltimos d\u00edas. La inseguridad y el aumento del costo de vida suben bajo este malestar [&hellip;]\" \/>\n<meta property=\"og:url\" content=\"https:\/\/www.eldiario.net\/portal\/2022\/09\/24\/haiti-paralizado-por-protestas-y-situacion-humanitaria-empeora\/\" \/>\n<meta property=\"og:site_name\" content=\"El Diario - Bolivia\" \/>\n<meta property=\"article:publisher\" content=\"https:\/\/www.facebook.com\/eldiario.bolivia\/\" \/>\n<meta property=\"article:published_time\" content=\"2022-09-24T09:25:39+00:00\" \/>\n<meta name=\"author\" content=\"Jeanette\" \/>\n<meta name=\"twitter:card\" content=\"summary_large_image\" \/>\n<meta name=\"twitter:creator\" content=\"@eldiario_net\" \/>\n<meta name=\"twitter:site\" content=\"@eldiario_net\" \/>\n<meta name=\"twitter:label1\" content=\"Escrito por\" \/>\n\t<meta name=\"twitter:data1\" content=\"Jeanette\" \/>\n\t<meta name=\"twitter:label2\" content=\"Tiempo de lectura\" \/>\n\t<meta name=\"twitter:data2\" content=\"2 minutos\" \/>\n<script type=\"application\/ld+json\" class=\"yoast-schema-graph\">{\"@context\":\"https:\\\/\\\/schema.org\",\"@graph\":[{\"@type\":\"Article\",\"@id\":\"https:\\\/\\\/www.eldiario.net\\\/portal\\\/2022\\\/09\\\/24\\\/haiti-paralizado-por-protestas-y-situacion-humanitaria-empeora\\\/#article\",\"isPartOf\":{\"@id\":\"https:\\\/\\\/www.eldiario.net\\\/portal\\\/2022\\\/09\\\/24\\\/haiti-paralizado-por-protestas-y-situacion-humanitaria-empeora\\\/\"},\"author\":{\"name\":\"Jeanette\",\"@id\":\"https:\\\/\\\/www.eldiario.net\\\/portal\\\/#\\\/schema\\\/person\\\/f46445640444750d7d753ccd04ae01b7\"},\"headline\":\"Hait\u00ed paralizado por protestas y situaci\u00f3n humanitaria empeora\",\"datePublished\":\"2022-09-24T09:25:39+00:00\",\"mainEntityOfPage\":{\"@id\":\"https:\\\/\\\/www.eldiario.net\\\/portal\\\/2022\\\/09\\\/24\\\/haiti-paralizado-por-protestas-y-situacion-humanitaria-empeora\\\/\"},\"wordCount\":312,\"publisher\":{\"@id\":\"https:\\\/\\\/www.eldiario.net\\\/portal\\\/#organization\"},\"image\":{\"@id\":\"https:\\\/\\\/www.eldiario.net\\\/portal\\\/2022\\\/09\\\/24\\\/haiti-paralizado-por-protestas-y-situacion-humanitaria-empeora\\\/#primaryimage\"},\"thumbnailUrl\":\"\",\"articleSection\":[\"Internacional\"],\"inLanguage\":\"es\"},{\"@type\":\"WebPage\",\"@id\":\"https:\\\/\\\/www.eldiario.net\\\/portal\\\/2022\\\/09\\\/24\\\/haiti-paralizado-por-protestas-y-situacion-humanitaria-empeora\\\/\",\"url\":\"https:\\\/\\\/www.eldiario.net\\\/portal\\\/2022\\\/09\\\/24\\\/haiti-paralizado-por-protestas-y-situacion-humanitaria-empeora\\\/\",\"name\":\"Hait\u00ed paralizado por protestas y situaci\u00f3n humanitaria empeora - El Diario - Bolivia\",\"isPartOf\":{\"@id\":\"https:\\\/\\\/www.eldiario.net\\\/portal\\\/#website\"},\"primaryImageOfPage\":{\"@id\":\"https:\\\/\\\/www.eldiario.net\\\/portal\\\/2022\\\/09\\\/24\\\/haiti-paralizado-por-protestas-y-situacion-humanitaria-empeora\\\/#primaryimage\"},\"image\":{\"@id\":\"https:\\\/\\\/www.eldiario.net\\\/portal\\\/2022\\\/09\\\/24\\\/haiti-paralizado-por-protestas-y-situacion-humanitaria-empeora\\\/#primaryimage\"},\"thumbnailUrl\":\"\",\"datePublished\":\"2022-09-24T09:25:39+00:00\",\"breadcrumb\":{\"@id\":\"https:\\\/\\\/www.eldiario.net\\\/portal\\\/2022\\\/09\\\/24\\\/haiti-paralizado-por-protestas-y-situacion-humanitaria-empeora\\\/#breadcrumb\"},\"inLanguage\":\"es\",\"potentialAction\":[{\"@type\":\"ReadAction\",\"target\":[\"https:\\\/\\\/www.eldiario.net\\\/portal\\\/2022\\\/09\\\/24\\\/haiti-paralizado-por-protestas-y-situacion-humanitaria-empeora\\\/\"]}]},{\"@type\":\"ImageObject\",\"inLanguage\":\"es\",\"@id\":\"https:\\\/\\\/www.eldiario.net\\\/portal\\\/2022\\\/09\\\/24\\\/haiti-paralizado-por-protestas-y-situacion-humanitaria-empeora\\\/#primaryimage\",\"url\":\"\",\"contentUrl\":\"\"},{\"@type\":\"BreadcrumbList\",\"@id\":\"https:\\\/\\\/www.eldiario.net\\\/portal\\\/2022\\\/09\\\/24\\\/haiti-paralizado-por-protestas-y-situacion-humanitaria-empeora\\\/#breadcrumb\",\"itemListElement\":[{\"@type\":\"ListItem\",\"position\":1,\"name\":\"Portada\",\"item\":\"https:\\\/\\\/www.eldiario.net\\\/portal\\\/\"},{\"@type\":\"ListItem\",\"position\":2,\"name\":\"Hait\u00ed paralizado por protestas y situaci\u00f3n humanitaria empeora\"}]},{\"@type\":\"WebSite\",\"@id\":\"https:\\\/\\\/www.eldiario.net\\\/portal\\\/#website\",\"url\":\"https:\\\/\\\/www.eldiario.net\\\/portal\\\/\",\"name\":\"El Diario - Decano de la prensa nacional\",\"description\":\"El Diario - Decano de la prensa nacional\",\"publisher\":{\"@id\":\"https:\\\/\\\/www.eldiario.net\\\/portal\\\/#organization\"},\"potentialAction\":[{\"@type\":\"SearchAction\",\"target\":{\"@type\":\"EntryPoint\",\"urlTemplate\":\"https:\\\/\\\/www.eldiario.net\\\/portal\\\/?s={search_term_string}\"},\"query-input\":{\"@type\":\"PropertyValueSpecification\",\"valueRequired\":true,\"valueName\":\"search_term_string\"}}],\"inLanguage\":\"es\"},{\"@type\":\"Organization\",\"@id\":\"https:\\\/\\\/www.eldiario.net\\\/portal\\\/#organization\",\"name\":\"El Diario - Decano de la prensa nacional\",\"url\":\"https:\\\/\\\/www.eldiario.net\\\/portal\\\/\",\"logo\":{\"@type\":\"ImageObject\",\"inLanguage\":\"es\",\"@id\":\"https:\\\/\\\/www.eldiario.net\\\/portal\\\/#\\\/schema\\\/logo\\\/image\\\/\",\"url\":\"https:\\\/\\\/www.eldiario.net\\\/portal\\\/wp-content\\\/uploads\\\/2023\\\/07\\\/logo_ED.jpg\",\"contentUrl\":\"https:\\\/\\\/www.eldiario.net\\\/portal\\\/wp-content\\\/uploads\\\/2023\\\/07\\\/logo_ED.jpg\",\"width\":272,\"height\":52,\"caption\":\"El Diario - Decano de la prensa nacional\"},\"image\":{\"@id\":\"https:\\\/\\\/www.eldiario.net\\\/portal\\\/#\\\/schema\\\/logo\\\/image\\\/\"},\"sameAs\":[\"https:\\\/\\\/www.facebook.com\\\/eldiario.bolivia\\\/\",\"https:\\\/\\\/x.com\\\/eldiario_net\"]},{\"@type\":\"Person\",\"@id\":\"https:\\\/\\\/www.eldiario.net\\\/portal\\\/#\\\/schema\\\/person\\\/f46445640444750d7d753ccd04ae01b7\",\"name\":\"Jeanette\",\"image\":{\"@type\":\"ImageObject\",\"inLanguage\":\"es\",\"@id\":\"https:\\\/\\\/secure.gravatar.com\\\/avatar\\\/3ea2118a5f7dad2b7138b1187a6b7ee55f160b9968b66013c3a3ef39dd7e5798?s=96&d=mm&r=g\",\"url\":\"https:\\\/\\\/secure.gravatar.com\\\/avatar\\\/3ea2118a5f7dad2b7138b1187a6b7ee55f160b9968b66013c3a3ef39dd7e5798?s=96&d=mm&r=g\",\"contentUrl\":\"https:\\\/\\\/secure.gravatar.com\\\/avatar\\\/3ea2118a5f7dad2b7138b1187a6b7ee55f160b9968b66013c3a3ef39dd7e5798?s=96&d=mm&r=g\",\"caption\":\"Jeanette\"},\"sameAs\":[\"https:\\\/\\\/www.eldiario.net\\\/portal\"],\"url\":\"https:\\\/\\\/www.eldiario.net\\\/portal\\\/author\\\/jeanette\\\/\"}]}<\/script>\n<!-- \/ Yoast SEO plugin. -->","yoast_head_json":{"title":"Hait\u00ed paralizado por protestas y situaci\u00f3n humanitaria empeora - El Diario - Bolivia","robots":{"index":"index","follow":"follow","max-snippet":"max-snippet:-1","max-image-preview":"max-image-preview:large","max-video-preview":"max-video-preview:-1"},"canonical":"https:\/\/www.eldiario.net\/portal\/2022\/09\/24\/haiti-paralizado-por-protestas-y-situacion-humanitaria-empeora\/","og_locale":"es_ES","og_type":"article","og_title":"Hait\u00ed paralizado por protestas y situaci\u00f3n humanitaria empeora - El Diario - Bolivia","og_description":"La ola de protestas iniciada hace unas semanas deja al pa\u00eds paralizado y ha provocado un empeoramiento de la ya de por s\u00ed grave situaci\u00f3n humanitaria, seg\u00fan la ONU, que detecta t\u00edmidos esfuerzos para volver a la normalidad en estos \u00faltimos d\u00edas. La inseguridad y el aumento del costo de vida suben bajo este malestar [&hellip;]","og_url":"https:\/\/www.eldiario.net\/portal\/2022\/09\/24\/haiti-paralizado-por-protestas-y-situacion-humanitaria-empeora\/","og_site_name":"El Diario - Bolivia","article_publisher":"https:\/\/www.facebook.com\/eldiario.bolivia\/","article_published_time":"2022-09-24T09:25:39+00:00","author":"Jeanette","twitter_card":"summary_large_image","twitter_creator":"@eldiario_net","twitter_site":"@eldiario_net","twitter_misc":{"Escrito por":"Jeanette","Tiempo de lectura":"2 minutos"},"schema":{"@context":"https:\/\/schema.org","@graph":[{"@type":"Article","@id":"https:\/\/www.eldiario.net\/portal\/2022\/09\/24\/haiti-paralizado-por-protestas-y-situacion-humanitaria-empeora\/#article","isPartOf":{"@id":"https:\/\/www.eldiario.net\/portal\/2022\/09\/24\/haiti-paralizado-por-protestas-y-situacion-humanitaria-empeora\/"},"author":{"name":"Jeanette","@id":"https:\/\/www.eldiario.net\/portal\/#\/schema\/person\/f46445640444750d7d753ccd04ae01b7"},"headline":"Hait\u00ed paralizado por protestas y situaci\u00f3n humanitaria empeora","datePublished":"2022-09-24T09:25:39+00:00","mainEntityOfPage":{"@id":"https:\/\/www.eldiario.net\/portal\/2022\/09\/24\/haiti-paralizado-por-protestas-y-situacion-humanitaria-empeora\/"},"wordCount":312,"publisher":{"@id":"https:\/\/www.eldiario.net\/portal\/#organization"},"image":{"@id":"https:\/\/www.eldiario.net\/portal\/2022\/09\/24\/haiti-paralizado-por-protestas-y-situacion-humanitaria-empeora\/#primaryimage"},"thumbnailUrl":"","articleSection":["Internacional"],"inLanguage":"es"},{"@type":"WebPage","@id":"https:\/\/www.eldiario.net\/portal\/2022\/09\/24\/haiti-paralizado-por-protestas-y-situacion-humanitaria-empeora\/","url":"https:\/\/www.eldiario.net\/portal\/2022\/09\/24\/haiti-paralizado-por-protestas-y-situacion-humanitaria-empeora\/","name":"Hait\u00ed paralizado por protestas y situaci\u00f3n humanitaria empeora - El Diario - Bolivia","isPartOf":{"@id":"https:\/\/www.eldiario.net\/portal\/#website"},"primaryImageOfPage":{"@id":"https:\/\/www.eldiario.net\/portal\/2022\/09\/24\/haiti-paralizado-por-protestas-y-situacion-humanitaria-empeora\/#primaryimage"},"image":{"@id":"https:\/\/www.eldiario.net\/portal\/2022\/09\/24\/haiti-paralizado-por-protestas-y-situacion-humanitaria-empeora\/#primaryimage"},"thumbnailUrl":"","datePublished":"2022-09-24T09:25:39+00:00","breadcrumb":{"@id":"https:\/\/www.eldiario.net\/portal\/2022\/09\/24\/haiti-paralizado-por-protestas-y-situacion-humanitaria-empeora\/#breadcrumb"},"inLanguage":"es","potentialAction":[{"@type":"ReadAction","target":["https:\/\/www.eldiario.net\/portal\/2022\/09\/24\/haiti-paralizado-por-protestas-y-situacion-humanitaria-empeora\/"]}]},{"@type":"ImageObject","inLanguage":"es","@id":"https:\/\/www.eldiario.net\/portal\/2022\/09\/24\/haiti-paralizado-por-protestas-y-situacion-humanitaria-empeora\/#primaryimage","url":"","contentUrl":""},{"@type":"BreadcrumbList","@id":"https:\/\/www.eldiario.net\/portal\/2022\/09\/24\/haiti-paralizado-por-protestas-y-situacion-humanitaria-empeora\/#breadcrumb","itemListElement":[{"@type":"ListItem","position":1,"name":"Portada","item":"https:\/\/www.eldiario.net\/portal\/"},{"@type":"ListItem","position":2,"name":"Hait\u00ed paralizado por protestas y situaci\u00f3n humanitaria empeora"}]},{"@type":"WebSite","@id":"https:\/\/www.eldiario.net\/portal\/#website","url":"https:\/\/www.eldiario.net\/portal\/","name":"El Diario - Decano de la prensa nacional","description":"El Diario - Decano de la prensa nacional","publisher":{"@id":"https:\/\/www.eldiario.net\/portal\/#organization"},"potentialAction":[{"@type":"SearchAction","target":{"@type":"EntryPoint","urlTemplate":"https:\/\/www.eldiario.net\/portal\/?s={search_term_string}"},"query-input":{"@type":"PropertyValueSpecification","valueRequired":true,"valueName":"search_term_string"}}],"inLanguage":"es"},{"@type":"Organization","@id":"https:\/\/www.eldiario.net\/portal\/#organization","name":"El Diario - Decano de la prensa nacional","url":"https:\/\/www.eldiario.net\/portal\/","logo":{"@type":"ImageObject","inLanguage":"es","@id":"https:\/\/www.eldiario.net\/portal\/#\/schema\/logo\/image\/","url":"https:\/\/www.eldiario.net\/portal\/wp-content\/uploads\/2023\/07\/logo_ED.jpg","contentUrl":"https:\/\/www.eldiario.net\/portal\/wp-content\/uploads\/2023\/07\/logo_ED.jpg","width":272,"height":52,"caption":"El Diario - Decano de la prensa nacional"},"image":{"@id":"https:\/\/www.eldiario.net\/portal\/#\/schema\/logo\/image\/"},"sameAs":["https:\/\/www.facebook.com\/eldiario.bolivia\/","https:\/\/x.com\/eldiario_net"]},{"@type":"Person","@id":"https:\/\/www.eldiario.net\/portal\/#\/schema\/person\/f46445640444750d7d753ccd04ae01b7","name":"Jeanette","image":{"@type":"ImageObject","inLanguage":"es","@id":"https:\/\/secure.gravatar.com\/avatar\/3ea2118a5f7dad2b7138b1187a6b7ee55f160b9968b66013c3a3ef39dd7e5798?s=96&d=mm&r=g","url":"https:\/\/secure.gravatar.com\/avatar\/3ea2118a5f7dad2b7138b1187a6b7ee55f160b9968b66013c3a3ef39dd7e5798?s=96&d=mm&r=g","contentUrl":"https:\/\/secure.gravatar.com\/avatar\/3ea2118a5f7dad2b7138b1187a6b7ee55f160b9968b66013c3a3ef39dd7e5798?s=96&d=mm&r=g","caption":"Jeanette"},"sameAs":["https:\/\/www.eldiario.net\/portal"],"url":"https:\/\/www.eldiario.net\/portal\/author\/jeanette\/"}]}},"_links":{"self":[{"href":"https:\/\/www.eldiario.net\/portal\/wp-json\/wp\/v2\/posts\/112643","targetHints":{"allow":["GET"]}}],"collection":[{"href":"https:\/\/www.eldiario.net\/portal\/wp-json\/wp\/v2\/posts"}],"about":[{"href":"https:\/\/www.eldiario.net\/portal\/wp-json\/wp\/v2\/types\/post"}],"author":[{"embeddable":true,"href":"https:\/\/www.eldiario.net\/portal\/wp-json\/wp\/v2\/users\/1"}],"replies":[{"embeddable":true,"href":"https:\/\/www.eldiario.net\/portal\/wp-json\/wp\/v2\/comments?post=112643"}],"version-history":[{"count":0,"href":"https:\/\/www.eldiario.net\/portal\/wp-json\/wp\/v2\/posts\/112643\/revisions"}],"wp:attachment":[{"href":"https:\/\/www.eldiario.net\/portal\/wp-json\/wp\/v2\/media?parent=112643"}],"wp:term":[{"taxonomy":"category","embeddable":true,"href":"https:\/\/www.eldiario.net\/portal\/wp-json\/wp\/v2\/categories?post=112643"},{"taxonomy":"post_tag","embeddable":true,"href":"https:\/\/www.eldiario.net\/portal\/wp-json\/wp\/v2\/tags?post=112643"}],"curies":[{"name":"wp","href":"https:\/\/api.w.org\/{rel}","templated":true}]}}