{"id":112641,"date":"2022-09-24T05:24:31","date_gmt":"2022-09-24T09:24:31","guid":{"rendered":"https:\/\/www.eldiario.net\/portal\/?p=112641"},"modified":"2022-09-24T05:24:31","modified_gmt":"2022-09-24T09:24:31","slug":"eleva-a-once-el-numero-de-decesos-por-brote-de-ebola","status":"publish","type":"post","link":"https:\/\/www.eldiario.net\/portal\/2022\/09\/24\/eleva-a-once-el-numero-de-decesos-por-brote-de-ebola\/","title":{"rendered":"Eleva a once el n\u00famero de   decesos por brote de \u00e9bola"},"content":{"rendered":"<p>El Ministerio de Sanidad de Uganda ha elevado ayer a once la cifra provisional de fallecidos por el brote de \u00e9bola registrado en el distrito de Mubende, en el centro del pa\u00eds, y ha exhortado a la poblaci\u00f3n a permanecer alerta y avisar a las autoridades ante la aparici\u00f3n de cualquier posible s\u00edntoma.<br \/>\nEl Gobierno ha confirmado la presencia del \u00e9bola en al menos once pacientes, pero asume que los resultados a\u00fan pendientes arrojar\u00e1n un balance m\u00e1s amplio. De hecho, en su \u00faltimo informe, ya se ha confirmado que el brote ha cobrado once vidas, teniendo en cuenta tambi\u00e9n otros casos probables.<br \/>\nDe estas once v\u00edctimas, s\u00f3lo tres fallecieron en instalaciones m\u00e9dicas controladas, por lo que las autoridades se afanan por localizar a los potenciales contactos de los enfermos. En total, tiene ya una lista de 58 personas susceptibles de haber contra\u00eddo el virus.<br \/>\nAl menos cuatro personas que presentaban s\u00edntomas de \u00e9bola han escapado del centro m\u00e9dico en el que estaban ingresados en la localidad de Mubende, d\u00edas despu\u00e9s de que las autoridades declararan un brote por la muerte de una persona que dio positivo por el virus.<br \/>\nLa comisionada del distrito de Madudu, Rosemary Byabashaija, ha indicado que estas cuatro personas presentaban s\u00edntomas pero decidieron huir, mientras que otras tres se han negado a ser trasladadas al hospital.<br \/>\nAs\u00ed, ha desvelado que estas dos personas se negaron al traslado \u00abguste o no\u00bb a las autoridades. \u00abMoriremos aqu\u00ed\u00bb, han trasladado a las autoridades, seg\u00fan Byabashaija, quien ha lamentado que \u00abla gente no cree en la enfermedad o ignora la enfermedad\u00bb.<br \/>\n\u00abHemos decidido continuar con las labores de sensibilizaci\u00f3n y hemos creado un equipo a nivel de subcondado con l\u00edderes locales (&#8230;) al considerar que la poblaci\u00f3n conf\u00eda en sus l\u00edderes\u00bb, explic\u00f3, tal y como ha recogido el diario ugand\u00e9s \u2039Daily Monitor\u203a.(Europa Press).<\/p>\n","protected":false},"excerpt":{"rendered":"<p>El Ministerio de Sanidad de Uganda ha elevado ayer a once la cifra provisional de fallecidos por el brote de \u00e9bola registrado en el distrito de Mubende, en el centro del pa\u00eds, y ha exhortado a la poblaci\u00f3n a permanecer alerta y avisar a las autoridades ante la aparici\u00f3n de cualquier posible s\u00edntoma. El Gobierno [&hellip;]<\/p>\n","protected":false},"author":1,"featured_media":0,"comment_status":"closed","ping_status":"closed","sticky":false,"template":"","format":"standard","meta":{"_acf_changed":false,"footnotes":""},"categories":[3],"tags":[],"class_list":["post-112641","post","type-post","status-publish","format-standard","category-internacional"],"acf":{"antetitulo":""},"yoast_head":"<!-- This site is optimized with the Yoast SEO plugin v28.3 - https:\/\/yoast.com\/product\/yoast-seo-wordpress\/ -->\n<title>Eleva a once el n\u00famero de  decesos por brote de \u00e9bola - El Diario - Bolivia<\/title>\n<meta name=\"robots\" content=\"index, follow, max-snippet:-1, max-image-preview:large, max-video-preview:-1\" \/>\n<link rel=\"canonical\" href=\"https:\/\/www.eldiario.net\/portal\/2022\/09\/24\/eleva-a-once-el-numero-de-decesos-por-brote-de-ebola\/\" \/>\n<meta property=\"og:locale\" content=\"es_ES\" \/>\n<meta property=\"og:type\" content=\"article\" \/>\n<meta property=\"og:title\" content=\"Eleva a once el n\u00famero de  decesos por brote de \u00e9bola - El Diario - Bolivia\" \/>\n<meta property=\"og:description\" content=\"El Ministerio de Sanidad de Uganda ha elevado ayer a once la cifra provisional de fallecidos por el brote de \u00e9bola registrado en el distrito de Mubende, en el centro del pa\u00eds, y ha exhortado a la poblaci\u00f3n a permanecer alerta y avisar a las autoridades ante la aparici\u00f3n de cualquier posible s\u00edntoma. El Gobierno [&hellip;]\" \/>\n<meta property=\"og:url\" content=\"https:\/\/www.eldiario.net\/portal\/2022\/09\/24\/eleva-a-once-el-numero-de-decesos-por-brote-de-ebola\/\" \/>\n<meta property=\"og:site_name\" content=\"El Diario - Bolivia\" \/>\n<meta property=\"article:publisher\" content=\"https:\/\/www.facebook.com\/eldiario.bolivia\/\" \/>\n<meta property=\"article:published_time\" content=\"2022-09-24T09:24:31+00:00\" \/>\n<meta name=\"author\" content=\"Jeanette\" \/>\n<meta name=\"twitter:card\" content=\"summary_large_image\" \/>\n<meta name=\"twitter:creator\" content=\"@eldiario_net\" \/>\n<meta name=\"twitter:site\" content=\"@eldiario_net\" \/>\n<meta name=\"twitter:label1\" content=\"Escrito por\" \/>\n\t<meta name=\"twitter:data1\" content=\"Jeanette\" \/>\n\t<meta name=\"twitter:label2\" content=\"Tiempo de lectura\" \/>\n\t<meta name=\"twitter:data2\" content=\"2 minutos\" \/>\n<script type=\"application\/ld+json\" class=\"yoast-schema-graph\">{\"@context\":\"https:\\\/\\\/schema.org\",\"@graph\":[{\"@type\":\"Article\",\"@id\":\"https:\\\/\\\/www.eldiario.net\\\/portal\\\/2022\\\/09\\\/24\\\/eleva-a-once-el-numero-de-decesos-por-brote-de-ebola\\\/#article\",\"isPartOf\":{\"@id\":\"https:\\\/\\\/www.eldiario.net\\\/portal\\\/2022\\\/09\\\/24\\\/eleva-a-once-el-numero-de-decesos-por-brote-de-ebola\\\/\"},\"author\":{\"name\":\"Jeanette\",\"@id\":\"https:\\\/\\\/www.eldiario.net\\\/portal\\\/#\\\/schema\\\/person\\\/f46445640444750d7d753ccd04ae01b7\"},\"headline\":\"Eleva a once el n\u00famero de decesos por brote de \u00e9bola\",\"datePublished\":\"2022-09-24T09:24:31+00:00\",\"mainEntityOfPage\":{\"@id\":\"https:\\\/\\\/www.eldiario.net\\\/portal\\\/2022\\\/09\\\/24\\\/eleva-a-once-el-numero-de-decesos-por-brote-de-ebola\\\/\"},\"wordCount\":338,\"publisher\":{\"@id\":\"https:\\\/\\\/www.eldiario.net\\\/portal\\\/#organization\"},\"articleSection\":[\"Internacional\"],\"inLanguage\":\"es\"},{\"@type\":\"WebPage\",\"@id\":\"https:\\\/\\\/www.eldiario.net\\\/portal\\\/2022\\\/09\\\/24\\\/eleva-a-once-el-numero-de-decesos-por-brote-de-ebola\\\/\",\"url\":\"https:\\\/\\\/www.eldiario.net\\\/portal\\\/2022\\\/09\\\/24\\\/eleva-a-once-el-numero-de-decesos-por-brote-de-ebola\\\/\",\"name\":\"Eleva a once el n\u00famero de decesos por brote de \u00e9bola - El Diario - Bolivia\",\"isPartOf\":{\"@id\":\"https:\\\/\\\/www.eldiario.net\\\/portal\\\/#website\"},\"datePublished\":\"2022-09-24T09:24:31+00:00\",\"breadcrumb\":{\"@id\":\"https:\\\/\\\/www.eldiario.net\\\/portal\\\/2022\\\/09\\\/24\\\/eleva-a-once-el-numero-de-decesos-por-brote-de-ebola\\\/#breadcrumb\"},\"inLanguage\":\"es\",\"potentialAction\":[{\"@type\":\"ReadAction\",\"target\":[\"https:\\\/\\\/www.eldiario.net\\\/portal\\\/2022\\\/09\\\/24\\\/eleva-a-once-el-numero-de-decesos-por-brote-de-ebola\\\/\"]}]},{\"@type\":\"BreadcrumbList\",\"@id\":\"https:\\\/\\\/www.eldiario.net\\\/portal\\\/2022\\\/09\\\/24\\\/eleva-a-once-el-numero-de-decesos-por-brote-de-ebola\\\/#breadcrumb\",\"itemListElement\":[{\"@type\":\"ListItem\",\"position\":1,\"name\":\"Portada\",\"item\":\"https:\\\/\\\/www.eldiario.net\\\/portal\\\/\"},{\"@type\":\"ListItem\",\"position\":2,\"name\":\"Eleva a once el n\u00famero de decesos por brote de \u00e9bola\"}]},{\"@type\":\"WebSite\",\"@id\":\"https:\\\/\\\/www.eldiario.net\\\/portal\\\/#website\",\"url\":\"https:\\\/\\\/www.eldiario.net\\\/portal\\\/\",\"name\":\"El Diario - Decano de la prensa nacional\",\"description\":\"El Diario - Decano de la prensa nacional\",\"publisher\":{\"@id\":\"https:\\\/\\\/www.eldiario.net\\\/portal\\\/#organization\"},\"potentialAction\":[{\"@type\":\"SearchAction\",\"target\":{\"@type\":\"EntryPoint\",\"urlTemplate\":\"https:\\\/\\\/www.eldiario.net\\\/portal\\\/?s={search_term_string}\"},\"query-input\":{\"@type\":\"PropertyValueSpecification\",\"valueRequired\":true,\"valueName\":\"search_term_string\"}}],\"inLanguage\":\"es\"},{\"@type\":\"Organization\",\"@id\":\"https:\\\/\\\/www.eldiario.net\\\/portal\\\/#organization\",\"name\":\"El Diario - Decano de la prensa nacional\",\"url\":\"https:\\\/\\\/www.eldiario.net\\\/portal\\\/\",\"logo\":{\"@type\":\"ImageObject\",\"inLanguage\":\"es\",\"@id\":\"https:\\\/\\\/www.eldiario.net\\\/portal\\\/#\\\/schema\\\/logo\\\/image\\\/\",\"url\":\"https:\\\/\\\/www.eldiario.net\\\/portal\\\/wp-content\\\/uploads\\\/2023\\\/07\\\/logo_ED.jpg\",\"contentUrl\":\"https:\\\/\\\/www.eldiario.net\\\/portal\\\/wp-content\\\/uploads\\\/2023\\\/07\\\/logo_ED.jpg\",\"width\":272,\"height\":52,\"caption\":\"El Diario - Decano de la prensa nacional\"},\"image\":{\"@id\":\"https:\\\/\\\/www.eldiario.net\\\/portal\\\/#\\\/schema\\\/logo\\\/image\\\/\"},\"sameAs\":[\"https:\\\/\\\/www.facebook.com\\\/eldiario.bolivia\\\/\",\"https:\\\/\\\/x.com\\\/eldiario_net\"]},{\"@type\":\"Person\",\"@id\":\"https:\\\/\\\/www.eldiario.net\\\/portal\\\/#\\\/schema\\\/person\\\/f46445640444750d7d753ccd04ae01b7\",\"name\":\"Jeanette\",\"image\":{\"@type\":\"ImageObject\",\"inLanguage\":\"es\",\"@id\":\"https:\\\/\\\/secure.gravatar.com\\\/avatar\\\/3ea2118a5f7dad2b7138b1187a6b7ee55f160b9968b66013c3a3ef39dd7e5798?s=96&d=mm&r=g\",\"url\":\"https:\\\/\\\/secure.gravatar.com\\\/avatar\\\/3ea2118a5f7dad2b7138b1187a6b7ee55f160b9968b66013c3a3ef39dd7e5798?s=96&d=mm&r=g\",\"contentUrl\":\"https:\\\/\\\/secure.gravatar.com\\\/avatar\\\/3ea2118a5f7dad2b7138b1187a6b7ee55f160b9968b66013c3a3ef39dd7e5798?s=96&d=mm&r=g\",\"caption\":\"Jeanette\"},\"sameAs\":[\"https:\\\/\\\/www.eldiario.net\\\/portal\"],\"url\":\"https:\\\/\\\/www.eldiario.net\\\/portal\\\/author\\\/jeanette\\\/\"}]}<\/script>\n<!-- \/ Yoast SEO plugin. -->","yoast_head_json":{"title":"Eleva a once el n\u00famero de  decesos por brote de \u00e9bola - El Diario - Bolivia","robots":{"index":"index","follow":"follow","max-snippet":"max-snippet:-1","max-image-preview":"max-image-preview:large","max-video-preview":"max-video-preview:-1"},"canonical":"https:\/\/www.eldiario.net\/portal\/2022\/09\/24\/eleva-a-once-el-numero-de-decesos-por-brote-de-ebola\/","og_locale":"es_ES","og_type":"article","og_title":"Eleva a once el n\u00famero de  decesos por brote de \u00e9bola - El Diario - Bolivia","og_description":"El Ministerio de Sanidad de Uganda ha elevado ayer a once la cifra provisional de fallecidos por el brote de \u00e9bola registrado en el distrito de Mubende, en el centro del pa\u00eds, y ha exhortado a la poblaci\u00f3n a permanecer alerta y avisar a las autoridades ante la aparici\u00f3n de cualquier posible s\u00edntoma. El Gobierno [&hellip;]","og_url":"https:\/\/www.eldiario.net\/portal\/2022\/09\/24\/eleva-a-once-el-numero-de-decesos-por-brote-de-ebola\/","og_site_name":"El Diario - Bolivia","article_publisher":"https:\/\/www.facebook.com\/eldiario.bolivia\/","article_published_time":"2022-09-24T09:24:31+00:00","author":"Jeanette","twitter_card":"summary_large_image","twitter_creator":"@eldiario_net","twitter_site":"@eldiario_net","twitter_misc":{"Escrito por":"Jeanette","Tiempo de lectura":"2 minutos"},"schema":{"@context":"https:\/\/schema.org","@graph":[{"@type":"Article","@id":"https:\/\/www.eldiario.net\/portal\/2022\/09\/24\/eleva-a-once-el-numero-de-decesos-por-brote-de-ebola\/#article","isPartOf":{"@id":"https:\/\/www.eldiario.net\/portal\/2022\/09\/24\/eleva-a-once-el-numero-de-decesos-por-brote-de-ebola\/"},"author":{"name":"Jeanette","@id":"https:\/\/www.eldiario.net\/portal\/#\/schema\/person\/f46445640444750d7d753ccd04ae01b7"},"headline":"Eleva a once el n\u00famero de decesos por brote de \u00e9bola","datePublished":"2022-09-24T09:24:31+00:00","mainEntityOfPage":{"@id":"https:\/\/www.eldiario.net\/portal\/2022\/09\/24\/eleva-a-once-el-numero-de-decesos-por-brote-de-ebola\/"},"wordCount":338,"publisher":{"@id":"https:\/\/www.eldiario.net\/portal\/#organization"},"articleSection":["Internacional"],"inLanguage":"es"},{"@type":"WebPage","@id":"https:\/\/www.eldiario.net\/portal\/2022\/09\/24\/eleva-a-once-el-numero-de-decesos-por-brote-de-ebola\/","url":"https:\/\/www.eldiario.net\/portal\/2022\/09\/24\/eleva-a-once-el-numero-de-decesos-por-brote-de-ebola\/","name":"Eleva a once el n\u00famero de decesos por brote de \u00e9bola - El Diario - Bolivia","isPartOf":{"@id":"https:\/\/www.eldiario.net\/portal\/#website"},"datePublished":"2022-09-24T09:24:31+00:00","breadcrumb":{"@id":"https:\/\/www.eldiario.net\/portal\/2022\/09\/24\/eleva-a-once-el-numero-de-decesos-por-brote-de-ebola\/#breadcrumb"},"inLanguage":"es","potentialAction":[{"@type":"ReadAction","target":["https:\/\/www.eldiario.net\/portal\/2022\/09\/24\/eleva-a-once-el-numero-de-decesos-por-brote-de-ebola\/"]}]},{"@type":"BreadcrumbList","@id":"https:\/\/www.eldiario.net\/portal\/2022\/09\/24\/eleva-a-once-el-numero-de-decesos-por-brote-de-ebola\/#breadcrumb","itemListElement":[{"@type":"ListItem","position":1,"name":"Portada","item":"https:\/\/www.eldiario.net\/portal\/"},{"@type":"ListItem","position":2,"name":"Eleva a once el n\u00famero de decesos por brote de \u00e9bola"}]},{"@type":"WebSite","@id":"https:\/\/www.eldiario.net\/portal\/#website","url":"https:\/\/www.eldiario.net\/portal\/","name":"El Diario - Decano de la prensa nacional","description":"El Diario - Decano de la prensa nacional","publisher":{"@id":"https:\/\/www.eldiario.net\/portal\/#organization"},"potentialAction":[{"@type":"SearchAction","target":{"@type":"EntryPoint","urlTemplate":"https:\/\/www.eldiario.net\/portal\/?s={search_term_string}"},"query-input":{"@type":"PropertyValueSpecification","valueRequired":true,"valueName":"search_term_string"}}],"inLanguage":"es"},{"@type":"Organization","@id":"https:\/\/www.eldiario.net\/portal\/#organization","name":"El Diario - Decano de la prensa nacional","url":"https:\/\/www.eldiario.net\/portal\/","logo":{"@type":"ImageObject","inLanguage":"es","@id":"https:\/\/www.eldiario.net\/portal\/#\/schema\/logo\/image\/","url":"https:\/\/www.eldiario.net\/portal\/wp-content\/uploads\/2023\/07\/logo_ED.jpg","contentUrl":"https:\/\/www.eldiario.net\/portal\/wp-content\/uploads\/2023\/07\/logo_ED.jpg","width":272,"height":52,"caption":"El Diario - Decano de la prensa nacional"},"image":{"@id":"https:\/\/www.eldiario.net\/portal\/#\/schema\/logo\/image\/"},"sameAs":["https:\/\/www.facebook.com\/eldiario.bolivia\/","https:\/\/x.com\/eldiario_net"]},{"@type":"Person","@id":"https:\/\/www.eldiario.net\/portal\/#\/schema\/person\/f46445640444750d7d753ccd04ae01b7","name":"Jeanette","image":{"@type":"ImageObject","inLanguage":"es","@id":"https:\/\/secure.gravatar.com\/avatar\/3ea2118a5f7dad2b7138b1187a6b7ee55f160b9968b66013c3a3ef39dd7e5798?s=96&d=mm&r=g","url":"https:\/\/secure.gravatar.com\/avatar\/3ea2118a5f7dad2b7138b1187a6b7ee55f160b9968b66013c3a3ef39dd7e5798?s=96&d=mm&r=g","contentUrl":"https:\/\/secure.gravatar.com\/avatar\/3ea2118a5f7dad2b7138b1187a6b7ee55f160b9968b66013c3a3ef39dd7e5798?s=96&d=mm&r=g","caption":"Jeanette"},"sameAs":["https:\/\/www.eldiario.net\/portal"],"url":"https:\/\/www.eldiario.net\/portal\/author\/jeanette\/"}]}},"_links":{"self":[{"href":"https:\/\/www.eldiario.net\/portal\/wp-json\/wp\/v2\/posts\/112641","targetHints":{"allow":["GET"]}}],"collection":[{"href":"https:\/\/www.eldiario.net\/portal\/wp-json\/wp\/v2\/posts"}],"about":[{"href":"https:\/\/www.eldiario.net\/portal\/wp-json\/wp\/v2\/types\/post"}],"author":[{"embeddable":true,"href":"https:\/\/www.eldiario.net\/portal\/wp-json\/wp\/v2\/users\/1"}],"replies":[{"embeddable":true,"href":"https:\/\/www.eldiario.net\/portal\/wp-json\/wp\/v2\/comments?post=112641"}],"version-history":[{"count":0,"href":"https:\/\/www.eldiario.net\/portal\/wp-json\/wp\/v2\/posts\/112641\/revisions"}],"wp:attachment":[{"href":"https:\/\/www.eldiario.net\/portal\/wp-json\/wp\/v2\/media?parent=112641"}],"wp:term":[{"taxonomy":"category","embeddable":true,"href":"https:\/\/www.eldiario.net\/portal\/wp-json\/wp\/v2\/categories?post=112641"},{"taxonomy":"post_tag","embeddable":true,"href":"https:\/\/www.eldiario.net\/portal\/wp-json\/wp\/v2\/tags?post=112641"}],"curies":[{"name":"wp","href":"https:\/\/api.w.org\/{rel}","templated":true}]}}