{"id":112638,"date":"2022-09-24T05:23:59","date_gmt":"2022-09-24T09:23:59","guid":{"rendered":"https:\/\/www.eldiario.net\/portal\/?p=112638"},"modified":"2022-09-24T05:23:59","modified_gmt":"2022-09-24T09:23:59","slug":"piden-a-titular-de-comision-europea-dimita-o-se-disculpe-por-amenazas","status":"publish","type":"post","link":"https:\/\/www.eldiario.net\/portal\/2022\/09\/24\/piden-a-titular-de-comision-europea-dimita-o-se-disculpe-por-amenazas\/","title":{"rendered":"Piden a titular de Comisi\u00f3n Europea  dimita o se disculpe por amenazas"},"content":{"rendered":"<p>El l\u00edder de la Liga italiana, Matteo Salvini, acusa a la presidenta de la Comisi\u00f3n Europea, Ursula von der Leyen, de lanzar una amenaza sobre Italia por sus alusiones a los gobiernos que se alejan de la buena direcci\u00f3n y ha reclamado que dimita o se disculpe p\u00fablicamente.<br \/>\nLa jefa del Ejecutivo comunitario ha avisado, al ser preguntada por las elecciones en Italia, que la UE dispone de \u201cinstrumentos\u201d para responder ante pa\u00edses que, como Hungr\u00eda y Polonia, se alejan de los valores y normas que deber\u00edan ser comunes para los Veintisiete.<br \/>\nPara Salvini, se trata de una invasi\u00f3n de campo no solicitada, un acoso institucional, por lo que ha adelantado que promover\u00e1 una moci\u00f3n de censura contra Von der Leyen. En una entrevista al Canale 5, ha pedido \u201crespeto\u201d a Bruselas y ha advertido de que, si se recortan los fondos, ser\u00eda necesario \u201crepensar\u201d Europa, informa la agencia AdnKronos.<br \/>\nEl dirigente ultraderechista, que aspira a entrar en el Gobierno tras los comicios, ha recriminado el silencio de otros actores pol\u00edticos ante este \u201cataque contra Italia y la democracia\u201d. \u201cNo he visto ninguna reacci\u00f3n del primer ministro, Mario Draghi, que representa al pueblo italiano\u201d, afirm\u00f3 en otra declaraci\u00f3n.<br \/>\nEl l\u00edder del Partido Democr\u00e1tico (PD), Enrico Letta, tambi\u00e9n ha reconocido en La 7 que las palabras de Von der Leyen pueden dar pie a \u201cmalentendidos\u201d, por lo que conf\u00eda en que las aclarar\u00e1n. En este sentido, ha asegurado que no se trata de \u201cuna comunista peligrosa\u201d, en la medida en que pertenece a la misma familia pol\u00edtica que el ex primer ministro Silvio Berlusconi, al Partido Popular Europeo (PPE).<br \/>\nPor su parte, el ex primer ministro Matteo Renzi ha emplazado a Von der Leyen a no inmiscuirse lo m\u00e1s m\u00ednimo en asuntos pol\u00edticos internos de Italia. \u201cAunque gane la derecha, Europa debe respetar el resultado electoral\u201d, ha subrayado en una entrevista a Isoradio.<br \/>\nEL MATIZ DE BRUSELAS<br \/>\nEl portavoz jefe de Von der Leyen, \u00c9ric Mamer, quiso matizar horas despu\u00e9s las palabras de la jefa del Ejecutivo comunitario al ser preguntado por ello en Bruselas y defendi\u00f3 que no se trata de un intento de interferir en las elecciones italianas.<br \/>\n\u00abCreo que est\u00e1 absolutamente claro que la presidenta no se refiri\u00f3 a las elecciones italianas cuando habl\u00f3 de instrumentos y se refiri\u00f3 a procedimientos en curso en otros pa\u00edses\u00bb, ha explicado Mamer, que tambi\u00e9n ha insistido en el papel del Ejecutivo comunitario como guardi\u00e1n de los Tratados.<br \/>\nMamer, adem\u00e1s, ha recalcado que Von der Leyen dijo \u00abexpresamente\u00bb que la Comisi\u00f3n trabajar\u00e1 \u00abcon todo gobierno que salga de las elecciones y tenga voluntad de trabajar con la Comisi\u00f3n. (Europa Press).<\/p>\n","protected":false},"excerpt":{"rendered":"<p>El l\u00edder de la Liga italiana, Matteo Salvini, acusa a la presidenta de la Comisi\u00f3n Europea, Ursula von der Leyen, de lanzar una amenaza sobre Italia por sus alusiones a los gobiernos que se alejan de la buena direcci\u00f3n y ha reclamado que dimita o se disculpe p\u00fablicamente. La jefa del Ejecutivo comunitario ha avisado, [&hellip;]<\/p>\n","protected":false},"author":1,"featured_media":112639,"comment_status":"closed","ping_status":"closed","sticky":false,"template":"","format":"standard","meta":{"_acf_changed":false,"footnotes":""},"categories":[3],"tags":[],"class_list":["post-112638","post","type-post","status-publish","format-standard","has-post-thumbnail","category-internacional"],"acf":{"antetitulo":""},"yoast_head":"<!-- This site is optimized with the Yoast SEO plugin v28.4 - https:\/\/yoast.com\/product\/yoast-seo-wordpress\/ -->\n<title>Piden a titular de Comisi\u00f3n Europea dimita o se disculpe por amenazas - El Diario - Bolivia<\/title>\n<meta name=\"robots\" content=\"index, follow, max-snippet:-1, max-image-preview:large, max-video-preview:-1\" \/>\n<link rel=\"canonical\" href=\"https:\/\/www.eldiario.net\/portal\/2022\/09\/24\/piden-a-titular-de-comision-europea-dimita-o-se-disculpe-por-amenazas\/\" \/>\n<meta property=\"og:locale\" content=\"es_ES\" \/>\n<meta property=\"og:type\" content=\"article\" \/>\n<meta property=\"og:title\" content=\"Piden a titular de Comisi\u00f3n Europea dimita o se disculpe por amenazas - El Diario - Bolivia\" \/>\n<meta property=\"og:description\" content=\"El l\u00edder de la Liga italiana, Matteo Salvini, acusa a la presidenta de la Comisi\u00f3n Europea, Ursula von der Leyen, de lanzar una amenaza sobre Italia por sus alusiones a los gobiernos que se alejan de la buena direcci\u00f3n y ha reclamado que dimita o se disculpe p\u00fablicamente. La jefa del Ejecutivo comunitario ha avisado, [&hellip;]\" \/>\n<meta property=\"og:url\" content=\"https:\/\/www.eldiario.net\/portal\/2022\/09\/24\/piden-a-titular-de-comision-europea-dimita-o-se-disculpe-por-amenazas\/\" \/>\n<meta property=\"og:site_name\" content=\"El Diario - Bolivia\" \/>\n<meta property=\"article:publisher\" content=\"https:\/\/www.facebook.com\/eldiario.bolivia\/\" \/>\n<meta property=\"article:published_time\" content=\"2022-09-24T09:23:59+00:00\" \/>\n<meta name=\"author\" content=\"Jeanette\" \/>\n<meta name=\"twitter:card\" content=\"summary_large_image\" \/>\n<meta name=\"twitter:creator\" content=\"@eldiario_net\" \/>\n<meta name=\"twitter:site\" content=\"@eldiario_net\" \/>\n<meta name=\"twitter:label1\" content=\"Escrito por\" \/>\n\t<meta name=\"twitter:data1\" content=\"Jeanette\" \/>\n\t<meta name=\"twitter:label2\" content=\"Tiempo de lectura\" \/>\n\t<meta name=\"twitter:data2\" content=\"3 minutos\" \/>\n<script type=\"application\/ld+json\" class=\"yoast-schema-graph\">{\"@context\":\"https:\\\/\\\/schema.org\",\"@graph\":[{\"@type\":\"Article\",\"@id\":\"https:\\\/\\\/www.eldiario.net\\\/portal\\\/2022\\\/09\\\/24\\\/piden-a-titular-de-comision-europea-dimita-o-se-disculpe-por-amenazas\\\/#article\",\"isPartOf\":{\"@id\":\"https:\\\/\\\/www.eldiario.net\\\/portal\\\/2022\\\/09\\\/24\\\/piden-a-titular-de-comision-europea-dimita-o-se-disculpe-por-amenazas\\\/\"},\"author\":{\"name\":\"Jeanette\",\"@id\":\"https:\\\/\\\/www.eldiario.net\\\/portal\\\/#\\\/schema\\\/person\\\/f46445640444750d7d753ccd04ae01b7\"},\"headline\":\"Piden a titular de Comisi\u00f3n Europea dimita o se disculpe por amenazas\",\"datePublished\":\"2022-09-24T09:23:59+00:00\",\"mainEntityOfPage\":{\"@id\":\"https:\\\/\\\/www.eldiario.net\\\/portal\\\/2022\\\/09\\\/24\\\/piden-a-titular-de-comision-europea-dimita-o-se-disculpe-por-amenazas\\\/\"},\"wordCount\":478,\"publisher\":{\"@id\":\"https:\\\/\\\/www.eldiario.net\\\/portal\\\/#organization\"},\"image\":{\"@id\":\"https:\\\/\\\/www.eldiario.net\\\/portal\\\/2022\\\/09\\\/24\\\/piden-a-titular-de-comision-europea-dimita-o-se-disculpe-por-amenazas\\\/#primaryimage\"},\"thumbnailUrl\":\"\",\"articleSection\":[\"Internacional\"],\"inLanguage\":\"es\"},{\"@type\":\"WebPage\",\"@id\":\"https:\\\/\\\/www.eldiario.net\\\/portal\\\/2022\\\/09\\\/24\\\/piden-a-titular-de-comision-europea-dimita-o-se-disculpe-por-amenazas\\\/\",\"url\":\"https:\\\/\\\/www.eldiario.net\\\/portal\\\/2022\\\/09\\\/24\\\/piden-a-titular-de-comision-europea-dimita-o-se-disculpe-por-amenazas\\\/\",\"name\":\"Piden a titular de Comisi\u00f3n Europea dimita o se disculpe por amenazas - El Diario - Bolivia\",\"isPartOf\":{\"@id\":\"https:\\\/\\\/www.eldiario.net\\\/portal\\\/#website\"},\"primaryImageOfPage\":{\"@id\":\"https:\\\/\\\/www.eldiario.net\\\/portal\\\/2022\\\/09\\\/24\\\/piden-a-titular-de-comision-europea-dimita-o-se-disculpe-por-amenazas\\\/#primaryimage\"},\"image\":{\"@id\":\"https:\\\/\\\/www.eldiario.net\\\/portal\\\/2022\\\/09\\\/24\\\/piden-a-titular-de-comision-europea-dimita-o-se-disculpe-por-amenazas\\\/#primaryimage\"},\"thumbnailUrl\":\"\",\"datePublished\":\"2022-09-24T09:23:59+00:00\",\"breadcrumb\":{\"@id\":\"https:\\\/\\\/www.eldiario.net\\\/portal\\\/2022\\\/09\\\/24\\\/piden-a-titular-de-comision-europea-dimita-o-se-disculpe-por-amenazas\\\/#breadcrumb\"},\"inLanguage\":\"es\",\"potentialAction\":[{\"@type\":\"ReadAction\",\"target\":[\"https:\\\/\\\/www.eldiario.net\\\/portal\\\/2022\\\/09\\\/24\\\/piden-a-titular-de-comision-europea-dimita-o-se-disculpe-por-amenazas\\\/\"]}]},{\"@type\":\"ImageObject\",\"inLanguage\":\"es\",\"@id\":\"https:\\\/\\\/www.eldiario.net\\\/portal\\\/2022\\\/09\\\/24\\\/piden-a-titular-de-comision-europea-dimita-o-se-disculpe-por-amenazas\\\/#primaryimage\",\"url\":\"\",\"contentUrl\":\"\"},{\"@type\":\"BreadcrumbList\",\"@id\":\"https:\\\/\\\/www.eldiario.net\\\/portal\\\/2022\\\/09\\\/24\\\/piden-a-titular-de-comision-europea-dimita-o-se-disculpe-por-amenazas\\\/#breadcrumb\",\"itemListElement\":[{\"@type\":\"ListItem\",\"position\":1,\"name\":\"Portada\",\"item\":\"https:\\\/\\\/www.eldiario.net\\\/portal\\\/\"},{\"@type\":\"ListItem\",\"position\":2,\"name\":\"Piden a titular de Comisi\u00f3n Europea dimita o se disculpe por amenazas\"}]},{\"@type\":\"WebSite\",\"@id\":\"https:\\\/\\\/www.eldiario.net\\\/portal\\\/#website\",\"url\":\"https:\\\/\\\/www.eldiario.net\\\/portal\\\/\",\"name\":\"El Diario - Decano de la prensa nacional\",\"description\":\"El Diario - Decano de la prensa nacional\",\"publisher\":{\"@id\":\"https:\\\/\\\/www.eldiario.net\\\/portal\\\/#organization\"},\"potentialAction\":[{\"@type\":\"SearchAction\",\"target\":{\"@type\":\"EntryPoint\",\"urlTemplate\":\"https:\\\/\\\/www.eldiario.net\\\/portal\\\/?s={search_term_string}\"},\"query-input\":{\"@type\":\"PropertyValueSpecification\",\"valueRequired\":true,\"valueName\":\"search_term_string\"}}],\"inLanguage\":\"es\"},{\"@type\":\"Organization\",\"@id\":\"https:\\\/\\\/www.eldiario.net\\\/portal\\\/#organization\",\"name\":\"El Diario - Decano de la prensa nacional\",\"url\":\"https:\\\/\\\/www.eldiario.net\\\/portal\\\/\",\"logo\":{\"@type\":\"ImageObject\",\"inLanguage\":\"es\",\"@id\":\"https:\\\/\\\/www.eldiario.net\\\/portal\\\/#\\\/schema\\\/logo\\\/image\\\/\",\"url\":\"https:\\\/\\\/www.eldiario.net\\\/portal\\\/wp-content\\\/uploads\\\/2023\\\/07\\\/logo_ED.jpg\",\"contentUrl\":\"https:\\\/\\\/www.eldiario.net\\\/portal\\\/wp-content\\\/uploads\\\/2023\\\/07\\\/logo_ED.jpg\",\"width\":272,\"height\":52,\"caption\":\"El Diario - Decano de la prensa nacional\"},\"image\":{\"@id\":\"https:\\\/\\\/www.eldiario.net\\\/portal\\\/#\\\/schema\\\/logo\\\/image\\\/\"},\"sameAs\":[\"https:\\\/\\\/www.facebook.com\\\/eldiario.bolivia\\\/\",\"https:\\\/\\\/x.com\\\/eldiario_net\"]},{\"@type\":\"Person\",\"@id\":\"https:\\\/\\\/www.eldiario.net\\\/portal\\\/#\\\/schema\\\/person\\\/f46445640444750d7d753ccd04ae01b7\",\"name\":\"Jeanette\",\"image\":{\"@type\":\"ImageObject\",\"inLanguage\":\"es\",\"@id\":\"https:\\\/\\\/secure.gravatar.com\\\/avatar\\\/3ea2118a5f7dad2b7138b1187a6b7ee55f160b9968b66013c3a3ef39dd7e5798?s=96&d=mm&r=g\",\"url\":\"https:\\\/\\\/secure.gravatar.com\\\/avatar\\\/3ea2118a5f7dad2b7138b1187a6b7ee55f160b9968b66013c3a3ef39dd7e5798?s=96&d=mm&r=g\",\"contentUrl\":\"https:\\\/\\\/secure.gravatar.com\\\/avatar\\\/3ea2118a5f7dad2b7138b1187a6b7ee55f160b9968b66013c3a3ef39dd7e5798?s=96&d=mm&r=g\",\"caption\":\"Jeanette\"},\"sameAs\":[\"https:\\\/\\\/www.eldiario.net\\\/portal\"],\"url\":\"https:\\\/\\\/www.eldiario.net\\\/portal\\\/author\\\/jeanette\\\/\"}]}<\/script>\n<!-- \/ Yoast SEO plugin. -->","yoast_head_json":{"title":"Piden a titular de Comisi\u00f3n Europea dimita o se disculpe por amenazas - El Diario - Bolivia","robots":{"index":"index","follow":"follow","max-snippet":"max-snippet:-1","max-image-preview":"max-image-preview:large","max-video-preview":"max-video-preview:-1"},"canonical":"https:\/\/www.eldiario.net\/portal\/2022\/09\/24\/piden-a-titular-de-comision-europea-dimita-o-se-disculpe-por-amenazas\/","og_locale":"es_ES","og_type":"article","og_title":"Piden a titular de Comisi\u00f3n Europea dimita o se disculpe por amenazas - El Diario - Bolivia","og_description":"El l\u00edder de la Liga italiana, Matteo Salvini, acusa a la presidenta de la Comisi\u00f3n Europea, Ursula von der Leyen, de lanzar una amenaza sobre Italia por sus alusiones a los gobiernos que se alejan de la buena direcci\u00f3n y ha reclamado que dimita o se disculpe p\u00fablicamente. La jefa del Ejecutivo comunitario ha avisado, [&hellip;]","og_url":"https:\/\/www.eldiario.net\/portal\/2022\/09\/24\/piden-a-titular-de-comision-europea-dimita-o-se-disculpe-por-amenazas\/","og_site_name":"El Diario - Bolivia","article_publisher":"https:\/\/www.facebook.com\/eldiario.bolivia\/","article_published_time":"2022-09-24T09:23:59+00:00","author":"Jeanette","twitter_card":"summary_large_image","twitter_creator":"@eldiario_net","twitter_site":"@eldiario_net","twitter_misc":{"Escrito por":"Jeanette","Tiempo de lectura":"3 minutos"},"schema":{"@context":"https:\/\/schema.org","@graph":[{"@type":"Article","@id":"https:\/\/www.eldiario.net\/portal\/2022\/09\/24\/piden-a-titular-de-comision-europea-dimita-o-se-disculpe-por-amenazas\/#article","isPartOf":{"@id":"https:\/\/www.eldiario.net\/portal\/2022\/09\/24\/piden-a-titular-de-comision-europea-dimita-o-se-disculpe-por-amenazas\/"},"author":{"name":"Jeanette","@id":"https:\/\/www.eldiario.net\/portal\/#\/schema\/person\/f46445640444750d7d753ccd04ae01b7"},"headline":"Piden a titular de Comisi\u00f3n Europea dimita o se disculpe por amenazas","datePublished":"2022-09-24T09:23:59+00:00","mainEntityOfPage":{"@id":"https:\/\/www.eldiario.net\/portal\/2022\/09\/24\/piden-a-titular-de-comision-europea-dimita-o-se-disculpe-por-amenazas\/"},"wordCount":478,"publisher":{"@id":"https:\/\/www.eldiario.net\/portal\/#organization"},"image":{"@id":"https:\/\/www.eldiario.net\/portal\/2022\/09\/24\/piden-a-titular-de-comision-europea-dimita-o-se-disculpe-por-amenazas\/#primaryimage"},"thumbnailUrl":"","articleSection":["Internacional"],"inLanguage":"es"},{"@type":"WebPage","@id":"https:\/\/www.eldiario.net\/portal\/2022\/09\/24\/piden-a-titular-de-comision-europea-dimita-o-se-disculpe-por-amenazas\/","url":"https:\/\/www.eldiario.net\/portal\/2022\/09\/24\/piden-a-titular-de-comision-europea-dimita-o-se-disculpe-por-amenazas\/","name":"Piden a titular de Comisi\u00f3n Europea dimita o se disculpe por amenazas - El Diario - Bolivia","isPartOf":{"@id":"https:\/\/www.eldiario.net\/portal\/#website"},"primaryImageOfPage":{"@id":"https:\/\/www.eldiario.net\/portal\/2022\/09\/24\/piden-a-titular-de-comision-europea-dimita-o-se-disculpe-por-amenazas\/#primaryimage"},"image":{"@id":"https:\/\/www.eldiario.net\/portal\/2022\/09\/24\/piden-a-titular-de-comision-europea-dimita-o-se-disculpe-por-amenazas\/#primaryimage"},"thumbnailUrl":"","datePublished":"2022-09-24T09:23:59+00:00","breadcrumb":{"@id":"https:\/\/www.eldiario.net\/portal\/2022\/09\/24\/piden-a-titular-de-comision-europea-dimita-o-se-disculpe-por-amenazas\/#breadcrumb"},"inLanguage":"es","potentialAction":[{"@type":"ReadAction","target":["https:\/\/www.eldiario.net\/portal\/2022\/09\/24\/piden-a-titular-de-comision-europea-dimita-o-se-disculpe-por-amenazas\/"]}]},{"@type":"ImageObject","inLanguage":"es","@id":"https:\/\/www.eldiario.net\/portal\/2022\/09\/24\/piden-a-titular-de-comision-europea-dimita-o-se-disculpe-por-amenazas\/#primaryimage","url":"","contentUrl":""},{"@type":"BreadcrumbList","@id":"https:\/\/www.eldiario.net\/portal\/2022\/09\/24\/piden-a-titular-de-comision-europea-dimita-o-se-disculpe-por-amenazas\/#breadcrumb","itemListElement":[{"@type":"ListItem","position":1,"name":"Portada","item":"https:\/\/www.eldiario.net\/portal\/"},{"@type":"ListItem","position":2,"name":"Piden a titular de Comisi\u00f3n Europea dimita o se disculpe por amenazas"}]},{"@type":"WebSite","@id":"https:\/\/www.eldiario.net\/portal\/#website","url":"https:\/\/www.eldiario.net\/portal\/","name":"El Diario - Decano de la prensa nacional","description":"El Diario - Decano de la prensa nacional","publisher":{"@id":"https:\/\/www.eldiario.net\/portal\/#organization"},"potentialAction":[{"@type":"SearchAction","target":{"@type":"EntryPoint","urlTemplate":"https:\/\/www.eldiario.net\/portal\/?s={search_term_string}"},"query-input":{"@type":"PropertyValueSpecification","valueRequired":true,"valueName":"search_term_string"}}],"inLanguage":"es"},{"@type":"Organization","@id":"https:\/\/www.eldiario.net\/portal\/#organization","name":"El Diario - Decano de la prensa nacional","url":"https:\/\/www.eldiario.net\/portal\/","logo":{"@type":"ImageObject","inLanguage":"es","@id":"https:\/\/www.eldiario.net\/portal\/#\/schema\/logo\/image\/","url":"https:\/\/www.eldiario.net\/portal\/wp-content\/uploads\/2023\/07\/logo_ED.jpg","contentUrl":"https:\/\/www.eldiario.net\/portal\/wp-content\/uploads\/2023\/07\/logo_ED.jpg","width":272,"height":52,"caption":"El Diario - Decano de la prensa nacional"},"image":{"@id":"https:\/\/www.eldiario.net\/portal\/#\/schema\/logo\/image\/"},"sameAs":["https:\/\/www.facebook.com\/eldiario.bolivia\/","https:\/\/x.com\/eldiario_net"]},{"@type":"Person","@id":"https:\/\/www.eldiario.net\/portal\/#\/schema\/person\/f46445640444750d7d753ccd04ae01b7","name":"Jeanette","image":{"@type":"ImageObject","inLanguage":"es","@id":"https:\/\/secure.gravatar.com\/avatar\/3ea2118a5f7dad2b7138b1187a6b7ee55f160b9968b66013c3a3ef39dd7e5798?s=96&d=mm&r=g","url":"https:\/\/secure.gravatar.com\/avatar\/3ea2118a5f7dad2b7138b1187a6b7ee55f160b9968b66013c3a3ef39dd7e5798?s=96&d=mm&r=g","contentUrl":"https:\/\/secure.gravatar.com\/avatar\/3ea2118a5f7dad2b7138b1187a6b7ee55f160b9968b66013c3a3ef39dd7e5798?s=96&d=mm&r=g","caption":"Jeanette"},"sameAs":["https:\/\/www.eldiario.net\/portal"],"url":"https:\/\/www.eldiario.net\/portal\/author\/jeanette\/"}]}},"_links":{"self":[{"href":"https:\/\/www.eldiario.net\/portal\/wp-json\/wp\/v2\/posts\/112638","targetHints":{"allow":["GET"]}}],"collection":[{"href":"https:\/\/www.eldiario.net\/portal\/wp-json\/wp\/v2\/posts"}],"about":[{"href":"https:\/\/www.eldiario.net\/portal\/wp-json\/wp\/v2\/types\/post"}],"author":[{"embeddable":true,"href":"https:\/\/www.eldiario.net\/portal\/wp-json\/wp\/v2\/users\/1"}],"replies":[{"embeddable":true,"href":"https:\/\/www.eldiario.net\/portal\/wp-json\/wp\/v2\/comments?post=112638"}],"version-history":[{"count":0,"href":"https:\/\/www.eldiario.net\/portal\/wp-json\/wp\/v2\/posts\/112638\/revisions"}],"wp:attachment":[{"href":"https:\/\/www.eldiario.net\/portal\/wp-json\/wp\/v2\/media?parent=112638"}],"wp:term":[{"taxonomy":"category","embeddable":true,"href":"https:\/\/www.eldiario.net\/portal\/wp-json\/wp\/v2\/categories?post=112638"},{"taxonomy":"post_tag","embeddable":true,"href":"https:\/\/www.eldiario.net\/portal\/wp-json\/wp\/v2\/tags?post=112638"}],"curies":[{"name":"wp","href":"https:\/\/api.w.org\/{rel}","templated":true}]}}