{"id":112635,"date":"2022-09-24T05:22:46","date_gmt":"2022-09-24T09:22:46","guid":{"rendered":"https:\/\/www.eldiario.net\/portal\/?p=112635"},"modified":"2022-09-24T05:22:46","modified_gmt":"2022-09-24T09:22:46","slug":"siete-muertos-y-41-heridos-en-atentado-con-coche-bomba","status":"publish","type":"post","link":"https:\/\/www.eldiario.net\/portal\/2022\/09\/24\/siete-muertos-y-41-heridos-en-atentado-con-coche-bomba\/","title":{"rendered":"Siete muertos y 41 heridos  en atentado con coche bomba"},"content":{"rendered":"<p>Al menos siete personas han muerto y otras 41, incluidos ni\u00f1os, han resultado heridas por un atentado con coche bomba frente a una mezquita en la capital de Afganist\u00e1n, Kabul, poco despu\u00e9s de que los fieles empezaran a abandonar el recinto, seg\u00fan ha informado el portavoz del Departamento de Seguridad, Jalid Zadran.<br \/>\n\u201cAtacar mezquitas y fieles es un crimen imperdonable. La naci\u00f3n debe cooperar con el sistema para eliminar a los criminales\u201d, ha expresado en un mensaje en su perfil oficial de Twitter el portavoz del r\u00e9gimen talib\u00e1n, Zabihul\u00e1 Muyahid.<br \/>\nPor su parte, la Misi\u00f3n de Asistencia de Naciones Unidas en Afganist\u00e1n (UNAMA) ha catalogado el suceso como \u201cotro amargo recordatorio de la inseguridad y actividad terrorista en curso\u201d en el pa\u00eds.<br \/>\n\u201cNuestros pensamientos est\u00e1n con las familias de los fallecidos, deseando una pronta recuperaci\u00f3n a los heridos\u201d, ha dicho la UNAMA en una publicaci\u00f3n lanzada en su perfil oficial de la red social Twitter.<br \/>\nLa mezquita de Uazir Akbar Jan, situadas en el Distrito Policial 10, est\u00e1 situada en la conocida como \u2018Zona Verde\u2019 de la capital de Afganist\u00e1n, donde se encuentran numerosas embajadas y edificios gubernamentales.<br \/>\nSeg\u00fan ha informado Zadran, las autoridades se encuentran inmersas en las labores de investigaci\u00f3n para dar con los responsables de \u201ceste brutal acto\u201d que, por el momento, no ha sido reclamado por ning\u00fan grupo terrorista.<br \/>\nBien es cierto que Estado Isl\u00e1mico Provincia de Joras\u00e1n (ISKP) ha perpetrado decenas de ataques desde que los talib\u00e1n se hicieron con el poder en el pa\u00eds centroasi\u00e1tico en agosto de 2021.<br \/>\nISKP, que considera a los talib\u00e1n unos traidores a la ortodoxia de la \u2018sharia\u2019 o ley isl\u00e1mica y defienden una interpretaci\u00f3n mucho m\u00e1s dura, ha sido objetivo de una campa\u00f1a de seguridad por parte de los talib\u00e1n ante sus atentados, algunos de ellos perpetrados contra mezquitas. (Europa Press).<\/p>\n","protected":false},"excerpt":{"rendered":"<p>Al menos siete personas han muerto y otras 41, incluidos ni\u00f1os, han resultado heridas por un atentado con coche bomba frente a una mezquita en la capital de Afganist\u00e1n, Kabul, poco despu\u00e9s de que los fieles empezaran a abandonar el recinto, seg\u00fan ha informado el portavoz del Departamento de Seguridad, Jalid Zadran. \u201cAtacar mezquitas y [&hellip;]<\/p>\n","protected":false},"author":1,"featured_media":112636,"comment_status":"closed","ping_status":"closed","sticky":false,"template":"","format":"standard","meta":{"_acf_changed":false,"footnotes":""},"categories":[3],"tags":[],"class_list":["post-112635","post","type-post","status-publish","format-standard","has-post-thumbnail","category-internacional"],"acf":{"antetitulo":""},"yoast_head":"<!-- This site is optimized with the Yoast SEO plugin v28.3 - https:\/\/yoast.com\/product\/yoast-seo-wordpress\/ -->\n<title>Siete muertos y 41 heridos en atentado con coche bomba - El Diario - Bolivia<\/title>\n<meta name=\"robots\" content=\"index, follow, max-snippet:-1, max-image-preview:large, max-video-preview:-1\" \/>\n<link rel=\"canonical\" href=\"https:\/\/www.eldiario.net\/portal\/2022\/09\/24\/siete-muertos-y-41-heridos-en-atentado-con-coche-bomba\/\" \/>\n<meta property=\"og:locale\" content=\"es_ES\" \/>\n<meta property=\"og:type\" content=\"article\" \/>\n<meta property=\"og:title\" content=\"Siete muertos y 41 heridos en atentado con coche bomba - El Diario - Bolivia\" \/>\n<meta property=\"og:description\" content=\"Al menos siete personas han muerto y otras 41, incluidos ni\u00f1os, han resultado heridas por un atentado con coche bomba frente a una mezquita en la capital de Afganist\u00e1n, Kabul, poco despu\u00e9s de que los fieles empezaran a abandonar el recinto, seg\u00fan ha informado el portavoz del Departamento de Seguridad, Jalid Zadran. \u201cAtacar mezquitas y [&hellip;]\" \/>\n<meta property=\"og:url\" content=\"https:\/\/www.eldiario.net\/portal\/2022\/09\/24\/siete-muertos-y-41-heridos-en-atentado-con-coche-bomba\/\" \/>\n<meta property=\"og:site_name\" content=\"El Diario - Bolivia\" \/>\n<meta property=\"article:publisher\" content=\"https:\/\/www.facebook.com\/eldiario.bolivia\/\" \/>\n<meta property=\"article:published_time\" content=\"2022-09-24T09:22:46+00:00\" \/>\n<meta property=\"og:image\" content=\"https:\/\/www.eldiario.net\/portal\/wp-content\/uploads\/2022\/09\/COCHE.jpg\" \/>\n\t<meta property=\"og:image:width\" content=\"1200\" \/>\n\t<meta property=\"og:image:height\" content=\"900\" \/>\n\t<meta property=\"og:image:type\" content=\"image\/jpeg\" \/>\n<meta name=\"author\" content=\"Jeanette\" \/>\n<meta name=\"twitter:card\" content=\"summary_large_image\" \/>\n<meta name=\"twitter:creator\" content=\"@eldiario_net\" \/>\n<meta name=\"twitter:site\" content=\"@eldiario_net\" \/>\n<meta name=\"twitter:label1\" content=\"Escrito por\" \/>\n\t<meta name=\"twitter:data1\" content=\"Jeanette\" \/>\n\t<meta name=\"twitter:label2\" content=\"Tiempo de lectura\" \/>\n\t<meta name=\"twitter:data2\" content=\"2 minutos\" \/>\n<script type=\"application\/ld+json\" class=\"yoast-schema-graph\">{\"@context\":\"https:\\\/\\\/schema.org\",\"@graph\":[{\"@type\":\"Article\",\"@id\":\"https:\\\/\\\/www.eldiario.net\\\/portal\\\/2022\\\/09\\\/24\\\/siete-muertos-y-41-heridos-en-atentado-con-coche-bomba\\\/#article\",\"isPartOf\":{\"@id\":\"https:\\\/\\\/www.eldiario.net\\\/portal\\\/2022\\\/09\\\/24\\\/siete-muertos-y-41-heridos-en-atentado-con-coche-bomba\\\/\"},\"author\":{\"name\":\"Jeanette\",\"@id\":\"https:\\\/\\\/www.eldiario.net\\\/portal\\\/#\\\/schema\\\/person\\\/f46445640444750d7d753ccd04ae01b7\"},\"headline\":\"Siete muertos y 41 heridos en atentado con coche bomba\",\"datePublished\":\"2022-09-24T09:22:46+00:00\",\"mainEntityOfPage\":{\"@id\":\"https:\\\/\\\/www.eldiario.net\\\/portal\\\/2022\\\/09\\\/24\\\/siete-muertos-y-41-heridos-en-atentado-con-coche-bomba\\\/\"},\"wordCount\":337,\"publisher\":{\"@id\":\"https:\\\/\\\/www.eldiario.net\\\/portal\\\/#organization\"},\"image\":{\"@id\":\"https:\\\/\\\/www.eldiario.net\\\/portal\\\/2022\\\/09\\\/24\\\/siete-muertos-y-41-heridos-en-atentado-con-coche-bomba\\\/#primaryimage\"},\"thumbnailUrl\":\"https:\\\/\\\/www.eldiario.net\\\/portal\\\/wp-content\\\/uploads\\\/2022\\\/09\\\/COCHE.jpg\",\"articleSection\":[\"Internacional\"],\"inLanguage\":\"es\"},{\"@type\":\"WebPage\",\"@id\":\"https:\\\/\\\/www.eldiario.net\\\/portal\\\/2022\\\/09\\\/24\\\/siete-muertos-y-41-heridos-en-atentado-con-coche-bomba\\\/\",\"url\":\"https:\\\/\\\/www.eldiario.net\\\/portal\\\/2022\\\/09\\\/24\\\/siete-muertos-y-41-heridos-en-atentado-con-coche-bomba\\\/\",\"name\":\"Siete muertos y 41 heridos en atentado con coche bomba - El Diario - Bolivia\",\"isPartOf\":{\"@id\":\"https:\\\/\\\/www.eldiario.net\\\/portal\\\/#website\"},\"primaryImageOfPage\":{\"@id\":\"https:\\\/\\\/www.eldiario.net\\\/portal\\\/2022\\\/09\\\/24\\\/siete-muertos-y-41-heridos-en-atentado-con-coche-bomba\\\/#primaryimage\"},\"image\":{\"@id\":\"https:\\\/\\\/www.eldiario.net\\\/portal\\\/2022\\\/09\\\/24\\\/siete-muertos-y-41-heridos-en-atentado-con-coche-bomba\\\/#primaryimage\"},\"thumbnailUrl\":\"https:\\\/\\\/www.eldiario.net\\\/portal\\\/wp-content\\\/uploads\\\/2022\\\/09\\\/COCHE.jpg\",\"datePublished\":\"2022-09-24T09:22:46+00:00\",\"breadcrumb\":{\"@id\":\"https:\\\/\\\/www.eldiario.net\\\/portal\\\/2022\\\/09\\\/24\\\/siete-muertos-y-41-heridos-en-atentado-con-coche-bomba\\\/#breadcrumb\"},\"inLanguage\":\"es\",\"potentialAction\":[{\"@type\":\"ReadAction\",\"target\":[\"https:\\\/\\\/www.eldiario.net\\\/portal\\\/2022\\\/09\\\/24\\\/siete-muertos-y-41-heridos-en-atentado-con-coche-bomba\\\/\"]}]},{\"@type\":\"ImageObject\",\"inLanguage\":\"es\",\"@id\":\"https:\\\/\\\/www.eldiario.net\\\/portal\\\/2022\\\/09\\\/24\\\/siete-muertos-y-41-heridos-en-atentado-con-coche-bomba\\\/#primaryimage\",\"url\":\"https:\\\/\\\/www.eldiario.net\\\/portal\\\/wp-content\\\/uploads\\\/2022\\\/09\\\/COCHE.jpg\",\"contentUrl\":\"https:\\\/\\\/www.eldiario.net\\\/portal\\\/wp-content\\\/uploads\\\/2022\\\/09\\\/COCHE.jpg\",\"width\":1200,\"height\":900,\"caption\":\"EL ATENTADO FUE FRENTE A UNA MEZQUITA EN KABUL. EUROPA PRESS\"},{\"@type\":\"BreadcrumbList\",\"@id\":\"https:\\\/\\\/www.eldiario.net\\\/portal\\\/2022\\\/09\\\/24\\\/siete-muertos-y-41-heridos-en-atentado-con-coche-bomba\\\/#breadcrumb\",\"itemListElement\":[{\"@type\":\"ListItem\",\"position\":1,\"name\":\"Portada\",\"item\":\"https:\\\/\\\/www.eldiario.net\\\/portal\\\/\"},{\"@type\":\"ListItem\",\"position\":2,\"name\":\"Siete muertos y 41 heridos en atentado con coche bomba\"}]},{\"@type\":\"WebSite\",\"@id\":\"https:\\\/\\\/www.eldiario.net\\\/portal\\\/#website\",\"url\":\"https:\\\/\\\/www.eldiario.net\\\/portal\\\/\",\"name\":\"El Diario - Decano de la prensa nacional\",\"description\":\"El Diario - Decano de la prensa nacional\",\"publisher\":{\"@id\":\"https:\\\/\\\/www.eldiario.net\\\/portal\\\/#organization\"},\"potentialAction\":[{\"@type\":\"SearchAction\",\"target\":{\"@type\":\"EntryPoint\",\"urlTemplate\":\"https:\\\/\\\/www.eldiario.net\\\/portal\\\/?s={search_term_string}\"},\"query-input\":{\"@type\":\"PropertyValueSpecification\",\"valueRequired\":true,\"valueName\":\"search_term_string\"}}],\"inLanguage\":\"es\"},{\"@type\":\"Organization\",\"@id\":\"https:\\\/\\\/www.eldiario.net\\\/portal\\\/#organization\",\"name\":\"El Diario - Decano de la prensa nacional\",\"url\":\"https:\\\/\\\/www.eldiario.net\\\/portal\\\/\",\"logo\":{\"@type\":\"ImageObject\",\"inLanguage\":\"es\",\"@id\":\"https:\\\/\\\/www.eldiario.net\\\/portal\\\/#\\\/schema\\\/logo\\\/image\\\/\",\"url\":\"https:\\\/\\\/www.eldiario.net\\\/portal\\\/wp-content\\\/uploads\\\/2023\\\/07\\\/logo_ED.jpg\",\"contentUrl\":\"https:\\\/\\\/www.eldiario.net\\\/portal\\\/wp-content\\\/uploads\\\/2023\\\/07\\\/logo_ED.jpg\",\"width\":272,\"height\":52,\"caption\":\"El Diario - Decano de la prensa nacional\"},\"image\":{\"@id\":\"https:\\\/\\\/www.eldiario.net\\\/portal\\\/#\\\/schema\\\/logo\\\/image\\\/\"},\"sameAs\":[\"https:\\\/\\\/www.facebook.com\\\/eldiario.bolivia\\\/\",\"https:\\\/\\\/x.com\\\/eldiario_net\"]},{\"@type\":\"Person\",\"@id\":\"https:\\\/\\\/www.eldiario.net\\\/portal\\\/#\\\/schema\\\/person\\\/f46445640444750d7d753ccd04ae01b7\",\"name\":\"Jeanette\",\"image\":{\"@type\":\"ImageObject\",\"inLanguage\":\"es\",\"@id\":\"https:\\\/\\\/secure.gravatar.com\\\/avatar\\\/3ea2118a5f7dad2b7138b1187a6b7ee55f160b9968b66013c3a3ef39dd7e5798?s=96&d=mm&r=g\",\"url\":\"https:\\\/\\\/secure.gravatar.com\\\/avatar\\\/3ea2118a5f7dad2b7138b1187a6b7ee55f160b9968b66013c3a3ef39dd7e5798?s=96&d=mm&r=g\",\"contentUrl\":\"https:\\\/\\\/secure.gravatar.com\\\/avatar\\\/3ea2118a5f7dad2b7138b1187a6b7ee55f160b9968b66013c3a3ef39dd7e5798?s=96&d=mm&r=g\",\"caption\":\"Jeanette\"},\"sameAs\":[\"https:\\\/\\\/www.eldiario.net\\\/portal\"],\"url\":\"https:\\\/\\\/www.eldiario.net\\\/portal\\\/author\\\/jeanette\\\/\"}]}<\/script>\n<!-- \/ Yoast SEO plugin. -->","yoast_head_json":{"title":"Siete muertos y 41 heridos en atentado con coche bomba - El Diario - Bolivia","robots":{"index":"index","follow":"follow","max-snippet":"max-snippet:-1","max-image-preview":"max-image-preview:large","max-video-preview":"max-video-preview:-1"},"canonical":"https:\/\/www.eldiario.net\/portal\/2022\/09\/24\/siete-muertos-y-41-heridos-en-atentado-con-coche-bomba\/","og_locale":"es_ES","og_type":"article","og_title":"Siete muertos y 41 heridos en atentado con coche bomba - El Diario - Bolivia","og_description":"Al menos siete personas han muerto y otras 41, incluidos ni\u00f1os, han resultado heridas por un atentado con coche bomba frente a una mezquita en la capital de Afganist\u00e1n, Kabul, poco despu\u00e9s de que los fieles empezaran a abandonar el recinto, seg\u00fan ha informado el portavoz del Departamento de Seguridad, Jalid Zadran. \u201cAtacar mezquitas y [&hellip;]","og_url":"https:\/\/www.eldiario.net\/portal\/2022\/09\/24\/siete-muertos-y-41-heridos-en-atentado-con-coche-bomba\/","og_site_name":"El Diario - Bolivia","article_publisher":"https:\/\/www.facebook.com\/eldiario.bolivia\/","article_published_time":"2022-09-24T09:22:46+00:00","og_image":[{"width":1200,"height":900,"url":"https:\/\/www.eldiario.net\/portal\/wp-content\/uploads\/2022\/09\/COCHE.jpg","type":"image\/jpeg"}],"author":"Jeanette","twitter_card":"summary_large_image","twitter_creator":"@eldiario_net","twitter_site":"@eldiario_net","twitter_misc":{"Escrito por":"Jeanette","Tiempo de lectura":"2 minutos"},"schema":{"@context":"https:\/\/schema.org","@graph":[{"@type":"Article","@id":"https:\/\/www.eldiario.net\/portal\/2022\/09\/24\/siete-muertos-y-41-heridos-en-atentado-con-coche-bomba\/#article","isPartOf":{"@id":"https:\/\/www.eldiario.net\/portal\/2022\/09\/24\/siete-muertos-y-41-heridos-en-atentado-con-coche-bomba\/"},"author":{"name":"Jeanette","@id":"https:\/\/www.eldiario.net\/portal\/#\/schema\/person\/f46445640444750d7d753ccd04ae01b7"},"headline":"Siete muertos y 41 heridos en atentado con coche bomba","datePublished":"2022-09-24T09:22:46+00:00","mainEntityOfPage":{"@id":"https:\/\/www.eldiario.net\/portal\/2022\/09\/24\/siete-muertos-y-41-heridos-en-atentado-con-coche-bomba\/"},"wordCount":337,"publisher":{"@id":"https:\/\/www.eldiario.net\/portal\/#organization"},"image":{"@id":"https:\/\/www.eldiario.net\/portal\/2022\/09\/24\/siete-muertos-y-41-heridos-en-atentado-con-coche-bomba\/#primaryimage"},"thumbnailUrl":"https:\/\/www.eldiario.net\/portal\/wp-content\/uploads\/2022\/09\/COCHE.jpg","articleSection":["Internacional"],"inLanguage":"es"},{"@type":"WebPage","@id":"https:\/\/www.eldiario.net\/portal\/2022\/09\/24\/siete-muertos-y-41-heridos-en-atentado-con-coche-bomba\/","url":"https:\/\/www.eldiario.net\/portal\/2022\/09\/24\/siete-muertos-y-41-heridos-en-atentado-con-coche-bomba\/","name":"Siete muertos y 41 heridos en atentado con coche bomba - El Diario - Bolivia","isPartOf":{"@id":"https:\/\/www.eldiario.net\/portal\/#website"},"primaryImageOfPage":{"@id":"https:\/\/www.eldiario.net\/portal\/2022\/09\/24\/siete-muertos-y-41-heridos-en-atentado-con-coche-bomba\/#primaryimage"},"image":{"@id":"https:\/\/www.eldiario.net\/portal\/2022\/09\/24\/siete-muertos-y-41-heridos-en-atentado-con-coche-bomba\/#primaryimage"},"thumbnailUrl":"https:\/\/www.eldiario.net\/portal\/wp-content\/uploads\/2022\/09\/COCHE.jpg","datePublished":"2022-09-24T09:22:46+00:00","breadcrumb":{"@id":"https:\/\/www.eldiario.net\/portal\/2022\/09\/24\/siete-muertos-y-41-heridos-en-atentado-con-coche-bomba\/#breadcrumb"},"inLanguage":"es","potentialAction":[{"@type":"ReadAction","target":["https:\/\/www.eldiario.net\/portal\/2022\/09\/24\/siete-muertos-y-41-heridos-en-atentado-con-coche-bomba\/"]}]},{"@type":"ImageObject","inLanguage":"es","@id":"https:\/\/www.eldiario.net\/portal\/2022\/09\/24\/siete-muertos-y-41-heridos-en-atentado-con-coche-bomba\/#primaryimage","url":"https:\/\/www.eldiario.net\/portal\/wp-content\/uploads\/2022\/09\/COCHE.jpg","contentUrl":"https:\/\/www.eldiario.net\/portal\/wp-content\/uploads\/2022\/09\/COCHE.jpg","width":1200,"height":900,"caption":"EL ATENTADO FUE FRENTE A UNA MEZQUITA EN KABUL. EUROPA PRESS"},{"@type":"BreadcrumbList","@id":"https:\/\/www.eldiario.net\/portal\/2022\/09\/24\/siete-muertos-y-41-heridos-en-atentado-con-coche-bomba\/#breadcrumb","itemListElement":[{"@type":"ListItem","position":1,"name":"Portada","item":"https:\/\/www.eldiario.net\/portal\/"},{"@type":"ListItem","position":2,"name":"Siete muertos y 41 heridos en atentado con coche bomba"}]},{"@type":"WebSite","@id":"https:\/\/www.eldiario.net\/portal\/#website","url":"https:\/\/www.eldiario.net\/portal\/","name":"El Diario - Decano de la prensa nacional","description":"El Diario - Decano de la prensa nacional","publisher":{"@id":"https:\/\/www.eldiario.net\/portal\/#organization"},"potentialAction":[{"@type":"SearchAction","target":{"@type":"EntryPoint","urlTemplate":"https:\/\/www.eldiario.net\/portal\/?s={search_term_string}"},"query-input":{"@type":"PropertyValueSpecification","valueRequired":true,"valueName":"search_term_string"}}],"inLanguage":"es"},{"@type":"Organization","@id":"https:\/\/www.eldiario.net\/portal\/#organization","name":"El Diario - Decano de la prensa nacional","url":"https:\/\/www.eldiario.net\/portal\/","logo":{"@type":"ImageObject","inLanguage":"es","@id":"https:\/\/www.eldiario.net\/portal\/#\/schema\/logo\/image\/","url":"https:\/\/www.eldiario.net\/portal\/wp-content\/uploads\/2023\/07\/logo_ED.jpg","contentUrl":"https:\/\/www.eldiario.net\/portal\/wp-content\/uploads\/2023\/07\/logo_ED.jpg","width":272,"height":52,"caption":"El Diario - Decano de la prensa nacional"},"image":{"@id":"https:\/\/www.eldiario.net\/portal\/#\/schema\/logo\/image\/"},"sameAs":["https:\/\/www.facebook.com\/eldiario.bolivia\/","https:\/\/x.com\/eldiario_net"]},{"@type":"Person","@id":"https:\/\/www.eldiario.net\/portal\/#\/schema\/person\/f46445640444750d7d753ccd04ae01b7","name":"Jeanette","image":{"@type":"ImageObject","inLanguage":"es","@id":"https:\/\/secure.gravatar.com\/avatar\/3ea2118a5f7dad2b7138b1187a6b7ee55f160b9968b66013c3a3ef39dd7e5798?s=96&d=mm&r=g","url":"https:\/\/secure.gravatar.com\/avatar\/3ea2118a5f7dad2b7138b1187a6b7ee55f160b9968b66013c3a3ef39dd7e5798?s=96&d=mm&r=g","contentUrl":"https:\/\/secure.gravatar.com\/avatar\/3ea2118a5f7dad2b7138b1187a6b7ee55f160b9968b66013c3a3ef39dd7e5798?s=96&d=mm&r=g","caption":"Jeanette"},"sameAs":["https:\/\/www.eldiario.net\/portal"],"url":"https:\/\/www.eldiario.net\/portal\/author\/jeanette\/"}]}},"_links":{"self":[{"href":"https:\/\/www.eldiario.net\/portal\/wp-json\/wp\/v2\/posts\/112635","targetHints":{"allow":["GET"]}}],"collection":[{"href":"https:\/\/www.eldiario.net\/portal\/wp-json\/wp\/v2\/posts"}],"about":[{"href":"https:\/\/www.eldiario.net\/portal\/wp-json\/wp\/v2\/types\/post"}],"author":[{"embeddable":true,"href":"https:\/\/www.eldiario.net\/portal\/wp-json\/wp\/v2\/users\/1"}],"replies":[{"embeddable":true,"href":"https:\/\/www.eldiario.net\/portal\/wp-json\/wp\/v2\/comments?post=112635"}],"version-history":[{"count":0,"href":"https:\/\/www.eldiario.net\/portal\/wp-json\/wp\/v2\/posts\/112635\/revisions"}],"wp:featuredmedia":[{"embeddable":true,"href":"https:\/\/www.eldiario.net\/portal\/wp-json\/wp\/v2\/media\/112636"}],"wp:attachment":[{"href":"https:\/\/www.eldiario.net\/portal\/wp-json\/wp\/v2\/media?parent=112635"}],"wp:term":[{"taxonomy":"category","embeddable":true,"href":"https:\/\/www.eldiario.net\/portal\/wp-json\/wp\/v2\/categories?post=112635"},{"taxonomy":"post_tag","embeddable":true,"href":"https:\/\/www.eldiario.net\/portal\/wp-json\/wp\/v2\/tags?post=112635"}],"curies":[{"name":"wp","href":"https:\/\/api.w.org\/{rel}","templated":true}]}}