{"id":112632,"date":"2022-09-24T05:20:41","date_gmt":"2022-09-24T09:20:41","guid":{"rendered":"https:\/\/www.eldiario.net\/portal\/?p=112632"},"modified":"2022-09-24T05:20:41","modified_gmt":"2022-09-24T09:20:41","slug":"feria-para-prevenir-embarazo-no-deseado-en-adolescentes","status":"publish","type":"post","link":"https:\/\/www.eldiario.net\/portal\/2022\/09\/24\/feria-para-prevenir-embarazo-no-deseado-en-adolescentes\/","title":{"rendered":"Feria para prevenir embarazo no deseado en adolescentes"},"content":{"rendered":"<p>La educaci\u00f3n es primordial para evitar el embarazo no deseado, \u201cprimero\u201d deben ser \u201cprofesionales\u201d, afirm\u00f3 una estudiante de la urbe alte\u00f1a, sobre el tema, ayer la Alcald\u00eda de El Alto organiz\u00f3 una feria informativa.<br \/>\n\u201cAmar es normal, pero si terminas con tu pareja no es el fin del mundo porque volver\u00e1s a enamorarte\u201d, \u201csiempre puedes decir no\u201d, \u201cno necesitas a nadie a tu lado para ser feliz\u201d, \u201csilbar a una chica y decirle mamacita no est\u00e1 bien\u201d, son algunos de los mensajes que decenas de ni\u00f1as, ni\u00f1os y adolescentes expresaron en teatralizaciones, exposiciones, karaokes y t\u00edteres en el Jach\u2019a Uta.<br \/>\nLa \u201cFeria de Prevenci\u00f3n de Embarazos en Adolescentes, VIH SIDA y Violencia de G\u00e9nero\u201d fue organizada por el Comit\u00e9 Ni\u00f1a, Ni\u00f1o y Adolescente del municipio de El Alto con apoyo de la Alcald\u00eda y Save The Children. Una treintena de boletos de cine, balones, tortas y material de escritorio ser\u00e1n los premios para los feriantes.<br \/>\n\u201cLa feria nos permitir\u00e1 ver desde la mirada de los ni\u00f1os, ni\u00f1as y adolescentes estos temas, quiero agradecerles queridos estudiantes y a los maestros por el apoyo\u201d, destac\u00f3 la responsable de la Direcci\u00f3n de Ni\u00f1ez, G\u00e9nero y Atenci\u00f3n Social, Elsa Choque. Se instalaron 14 stands en los que destacan coloridos cuadros y adolescentes con disfraces.<br \/>\nPaco calific\u00f3 como \u201cbonita\u201d la actividad en la que estuvieron alumnos de los colegios Gran Breta\u00f1a, Rep\u00fablica de Jap\u00f3n, San Jos\u00e9 Fe y Alegr\u00eda, Boliviano Portugal y Germ\u00e1n Busch, entre otros. Destac\u00f3 un grupo de mimos de la escuela Buen Pastor, que en silencio y con gestos, explicaron la importancia del amor propio para evitar la violencia de g\u00e9nero.<br \/>\n\u201cEs muy complicado hablar de estos temas. La educaci\u00f3n es fundamental para prevenir el embarazo no deseado, debemos poner la educaci\u00f3n por delante, ponernos el objetivo de ser algo, tener una profesi\u00f3n primero, porque si no, ese ni\u00f1o no tendr\u00e1 un bienestar que deber\u00eda ofrecerle un padre\u201d, afirm\u00f3 la estudiante de sexto de secundaria.<br \/>\nMar\u00eda Condori, responsable del proyecto de \u201cAdolescentes Empoderados para Prevenir Embarazos, Violencia y VIH \u2013 SIDA\u201d de Save The Children remarc\u00f3 los cursos de capacitaci\u00f3n que dieron a m\u00e1s de medio millar de estudiantes alte\u00f1os. Parte de los beneficiados estuvieron en la feria.<br \/>\n\u201cEs importante que los ni\u00f1os, ni\u00f1as y adolescentes conozcan sus derechos sexuales y reproductivos porque les ayuda a prevenir (\u2026). Estamos muy contentos por la apertura que ha tenido el Gobierno Aut\u00f3nomo Municipal de El Alto, la intenci\u00f3n es seguir apoyando\u201d, afirm\u00f3 el coordinador del proyecto mencionado de la oeneg\u00e9 en Bolivia, Aldo Espinoza.<\/p>\n","protected":false},"excerpt":{"rendered":"<p>La educaci\u00f3n es primordial para evitar el embarazo no deseado, \u201cprimero\u201d deben ser \u201cprofesionales\u201d, afirm\u00f3 una estudiante de la urbe alte\u00f1a, sobre el tema, ayer la Alcald\u00eda de El Alto organiz\u00f3 una feria informativa. \u201cAmar es normal, pero si terminas con tu pareja no es el fin del mundo porque volver\u00e1s a enamorarte\u201d, \u201csiempre puedes [&hellip;]<\/p>\n","protected":false},"author":1,"featured_media":112633,"comment_status":"closed","ping_status":"closed","sticky":false,"template":"","format":"standard","meta":{"_acf_changed":false,"footnotes":""},"categories":[12],"tags":[],"class_list":["post-112632","post","type-post","status-publish","format-standard","has-post-thumbnail","category-nacional"],"acf":{"antetitulo":""},"yoast_head":"<!-- This site is optimized with the Yoast SEO plugin v28.4 - https:\/\/yoast.com\/product\/yoast-seo-wordpress\/ -->\n<title>Feria para prevenir embarazo no deseado en adolescentes - El Diario - Bolivia<\/title>\n<meta name=\"robots\" content=\"index, follow, max-snippet:-1, max-image-preview:large, max-video-preview:-1\" \/>\n<link rel=\"canonical\" href=\"https:\/\/www.eldiario.net\/portal\/2022\/09\/24\/feria-para-prevenir-embarazo-no-deseado-en-adolescentes\/\" \/>\n<meta property=\"og:locale\" content=\"es_ES\" \/>\n<meta property=\"og:type\" content=\"article\" \/>\n<meta property=\"og:title\" content=\"Feria para prevenir embarazo no deseado en adolescentes - El Diario - Bolivia\" \/>\n<meta property=\"og:description\" content=\"La educaci\u00f3n es primordial para evitar el embarazo no deseado, \u201cprimero\u201d deben ser \u201cprofesionales\u201d, afirm\u00f3 una estudiante de la urbe alte\u00f1a, sobre el tema, ayer la Alcald\u00eda de El Alto organiz\u00f3 una feria informativa. \u201cAmar es normal, pero si terminas con tu pareja no es el fin del mundo porque volver\u00e1s a enamorarte\u201d, \u201csiempre puedes [&hellip;]\" \/>\n<meta property=\"og:url\" content=\"https:\/\/www.eldiario.net\/portal\/2022\/09\/24\/feria-para-prevenir-embarazo-no-deseado-en-adolescentes\/\" \/>\n<meta property=\"og:site_name\" content=\"El Diario - Bolivia\" \/>\n<meta property=\"article:publisher\" content=\"https:\/\/www.facebook.com\/eldiario.bolivia\/\" \/>\n<meta property=\"article:published_time\" content=\"2022-09-24T09:20:41+00:00\" \/>\n<meta property=\"og:image\" content=\"https:\/\/www.eldiario.net\/portal\/wp-content\/uploads\/2022\/09\/1AL-8.jpg\" \/>\n\t<meta property=\"og:image:width\" content=\"1068\" \/>\n\t<meta property=\"og:image:height\" content=\"707\" \/>\n\t<meta property=\"og:image:type\" content=\"image\/jpeg\" \/>\n<meta name=\"author\" content=\"Jeanette\" \/>\n<meta name=\"twitter:card\" content=\"summary_large_image\" \/>\n<meta name=\"twitter:creator\" content=\"@eldiario_net\" \/>\n<meta name=\"twitter:site\" content=\"@eldiario_net\" \/>\n<meta name=\"twitter:label1\" content=\"Escrito por\" \/>\n\t<meta name=\"twitter:data1\" content=\"Jeanette\" \/>\n\t<meta name=\"twitter:label2\" content=\"Tiempo de lectura\" \/>\n\t<meta name=\"twitter:data2\" content=\"2 minutos\" \/>\n<script type=\"application\/ld+json\" class=\"yoast-schema-graph\">{\"@context\":\"https:\\\/\\\/schema.org\",\"@graph\":[{\"@type\":\"Article\",\"@id\":\"https:\\\/\\\/www.eldiario.net\\\/portal\\\/2022\\\/09\\\/24\\\/feria-para-prevenir-embarazo-no-deseado-en-adolescentes\\\/#article\",\"isPartOf\":{\"@id\":\"https:\\\/\\\/www.eldiario.net\\\/portal\\\/2022\\\/09\\\/24\\\/feria-para-prevenir-embarazo-no-deseado-en-adolescentes\\\/\"},\"author\":{\"name\":\"Jeanette\",\"@id\":\"https:\\\/\\\/www.eldiario.net\\\/portal\\\/#\\\/schema\\\/person\\\/f46445640444750d7d753ccd04ae01b7\"},\"headline\":\"Feria para prevenir embarazo no deseado en adolescentes\",\"datePublished\":\"2022-09-24T09:20:41+00:00\",\"mainEntityOfPage\":{\"@id\":\"https:\\\/\\\/www.eldiario.net\\\/portal\\\/2022\\\/09\\\/24\\\/feria-para-prevenir-embarazo-no-deseado-en-adolescentes\\\/\"},\"wordCount\":464,\"publisher\":{\"@id\":\"https:\\\/\\\/www.eldiario.net\\\/portal\\\/#organization\"},\"image\":{\"@id\":\"https:\\\/\\\/www.eldiario.net\\\/portal\\\/2022\\\/09\\\/24\\\/feria-para-prevenir-embarazo-no-deseado-en-adolescentes\\\/#primaryimage\"},\"thumbnailUrl\":\"https:\\\/\\\/www.eldiario.net\\\/portal\\\/wp-content\\\/uploads\\\/2022\\\/09\\\/1AL-8.jpg\",\"articleSection\":[\"Nacional\"],\"inLanguage\":\"es\"},{\"@type\":\"WebPage\",\"@id\":\"https:\\\/\\\/www.eldiario.net\\\/portal\\\/2022\\\/09\\\/24\\\/feria-para-prevenir-embarazo-no-deseado-en-adolescentes\\\/\",\"url\":\"https:\\\/\\\/www.eldiario.net\\\/portal\\\/2022\\\/09\\\/24\\\/feria-para-prevenir-embarazo-no-deseado-en-adolescentes\\\/\",\"name\":\"Feria para prevenir embarazo no deseado en adolescentes - El Diario - Bolivia\",\"isPartOf\":{\"@id\":\"https:\\\/\\\/www.eldiario.net\\\/portal\\\/#website\"},\"primaryImageOfPage\":{\"@id\":\"https:\\\/\\\/www.eldiario.net\\\/portal\\\/2022\\\/09\\\/24\\\/feria-para-prevenir-embarazo-no-deseado-en-adolescentes\\\/#primaryimage\"},\"image\":{\"@id\":\"https:\\\/\\\/www.eldiario.net\\\/portal\\\/2022\\\/09\\\/24\\\/feria-para-prevenir-embarazo-no-deseado-en-adolescentes\\\/#primaryimage\"},\"thumbnailUrl\":\"https:\\\/\\\/www.eldiario.net\\\/portal\\\/wp-content\\\/uploads\\\/2022\\\/09\\\/1AL-8.jpg\",\"datePublished\":\"2022-09-24T09:20:41+00:00\",\"breadcrumb\":{\"@id\":\"https:\\\/\\\/www.eldiario.net\\\/portal\\\/2022\\\/09\\\/24\\\/feria-para-prevenir-embarazo-no-deseado-en-adolescentes\\\/#breadcrumb\"},\"inLanguage\":\"es\",\"potentialAction\":[{\"@type\":\"ReadAction\",\"target\":[\"https:\\\/\\\/www.eldiario.net\\\/portal\\\/2022\\\/09\\\/24\\\/feria-para-prevenir-embarazo-no-deseado-en-adolescentes\\\/\"]}]},{\"@type\":\"ImageObject\",\"inLanguage\":\"es\",\"@id\":\"https:\\\/\\\/www.eldiario.net\\\/portal\\\/2022\\\/09\\\/24\\\/feria-para-prevenir-embarazo-no-deseado-en-adolescentes\\\/#primaryimage\",\"url\":\"https:\\\/\\\/www.eldiario.net\\\/portal\\\/wp-content\\\/uploads\\\/2022\\\/09\\\/1AL-8.jpg\",\"contentUrl\":\"https:\\\/\\\/www.eldiario.net\\\/portal\\\/wp-content\\\/uploads\\\/2022\\\/09\\\/1AL-8.jpg\",\"width\":1068,\"height\":707,\"caption\":\"Las parejas de adolescentes necesitan de m\u00e1s orientaci\u00f3n para su futuro y una adecuada planificaci\u00f3n de vida.\"},{\"@type\":\"BreadcrumbList\",\"@id\":\"https:\\\/\\\/www.eldiario.net\\\/portal\\\/2022\\\/09\\\/24\\\/feria-para-prevenir-embarazo-no-deseado-en-adolescentes\\\/#breadcrumb\",\"itemListElement\":[{\"@type\":\"ListItem\",\"position\":1,\"name\":\"Portada\",\"item\":\"https:\\\/\\\/www.eldiario.net\\\/portal\\\/\"},{\"@type\":\"ListItem\",\"position\":2,\"name\":\"Feria para prevenir embarazo no deseado en adolescentes\"}]},{\"@type\":\"WebSite\",\"@id\":\"https:\\\/\\\/www.eldiario.net\\\/portal\\\/#website\",\"url\":\"https:\\\/\\\/www.eldiario.net\\\/portal\\\/\",\"name\":\"El Diario - Decano de la prensa nacional\",\"description\":\"El Diario - Decano de la prensa nacional\",\"publisher\":{\"@id\":\"https:\\\/\\\/www.eldiario.net\\\/portal\\\/#organization\"},\"potentialAction\":[{\"@type\":\"SearchAction\",\"target\":{\"@type\":\"EntryPoint\",\"urlTemplate\":\"https:\\\/\\\/www.eldiario.net\\\/portal\\\/?s={search_term_string}\"},\"query-input\":{\"@type\":\"PropertyValueSpecification\",\"valueRequired\":true,\"valueName\":\"search_term_string\"}}],\"inLanguage\":\"es\"},{\"@type\":\"Organization\",\"@id\":\"https:\\\/\\\/www.eldiario.net\\\/portal\\\/#organization\",\"name\":\"El Diario - Decano de la prensa nacional\",\"url\":\"https:\\\/\\\/www.eldiario.net\\\/portal\\\/\",\"logo\":{\"@type\":\"ImageObject\",\"inLanguage\":\"es\",\"@id\":\"https:\\\/\\\/www.eldiario.net\\\/portal\\\/#\\\/schema\\\/logo\\\/image\\\/\",\"url\":\"https:\\\/\\\/www.eldiario.net\\\/portal\\\/wp-content\\\/uploads\\\/2023\\\/07\\\/logo_ED.jpg\",\"contentUrl\":\"https:\\\/\\\/www.eldiario.net\\\/portal\\\/wp-content\\\/uploads\\\/2023\\\/07\\\/logo_ED.jpg\",\"width\":272,\"height\":52,\"caption\":\"El Diario - Decano de la prensa nacional\"},\"image\":{\"@id\":\"https:\\\/\\\/www.eldiario.net\\\/portal\\\/#\\\/schema\\\/logo\\\/image\\\/\"},\"sameAs\":[\"https:\\\/\\\/www.facebook.com\\\/eldiario.bolivia\\\/\",\"https:\\\/\\\/x.com\\\/eldiario_net\"]},{\"@type\":\"Person\",\"@id\":\"https:\\\/\\\/www.eldiario.net\\\/portal\\\/#\\\/schema\\\/person\\\/f46445640444750d7d753ccd04ae01b7\",\"name\":\"Jeanette\",\"image\":{\"@type\":\"ImageObject\",\"inLanguage\":\"es\",\"@id\":\"https:\\\/\\\/secure.gravatar.com\\\/avatar\\\/3ea2118a5f7dad2b7138b1187a6b7ee55f160b9968b66013c3a3ef39dd7e5798?s=96&d=mm&r=g\",\"url\":\"https:\\\/\\\/secure.gravatar.com\\\/avatar\\\/3ea2118a5f7dad2b7138b1187a6b7ee55f160b9968b66013c3a3ef39dd7e5798?s=96&d=mm&r=g\",\"contentUrl\":\"https:\\\/\\\/secure.gravatar.com\\\/avatar\\\/3ea2118a5f7dad2b7138b1187a6b7ee55f160b9968b66013c3a3ef39dd7e5798?s=96&d=mm&r=g\",\"caption\":\"Jeanette\"},\"sameAs\":[\"https:\\\/\\\/www.eldiario.net\\\/portal\"],\"url\":\"https:\\\/\\\/www.eldiario.net\\\/portal\\\/author\\\/jeanette\\\/\"}]}<\/script>\n<!-- \/ Yoast SEO plugin. -->","yoast_head_json":{"title":"Feria para prevenir embarazo no deseado en adolescentes - El Diario - Bolivia","robots":{"index":"index","follow":"follow","max-snippet":"max-snippet:-1","max-image-preview":"max-image-preview:large","max-video-preview":"max-video-preview:-1"},"canonical":"https:\/\/www.eldiario.net\/portal\/2022\/09\/24\/feria-para-prevenir-embarazo-no-deseado-en-adolescentes\/","og_locale":"es_ES","og_type":"article","og_title":"Feria para prevenir embarazo no deseado en adolescentes - El Diario - Bolivia","og_description":"La educaci\u00f3n es primordial para evitar el embarazo no deseado, \u201cprimero\u201d deben ser \u201cprofesionales\u201d, afirm\u00f3 una estudiante de la urbe alte\u00f1a, sobre el tema, ayer la Alcald\u00eda de El Alto organiz\u00f3 una feria informativa. \u201cAmar es normal, pero si terminas con tu pareja no es el fin del mundo porque volver\u00e1s a enamorarte\u201d, \u201csiempre puedes [&hellip;]","og_url":"https:\/\/www.eldiario.net\/portal\/2022\/09\/24\/feria-para-prevenir-embarazo-no-deseado-en-adolescentes\/","og_site_name":"El Diario - Bolivia","article_publisher":"https:\/\/www.facebook.com\/eldiario.bolivia\/","article_published_time":"2022-09-24T09:20:41+00:00","og_image":[{"width":1068,"height":707,"url":"https:\/\/www.eldiario.net\/portal\/wp-content\/uploads\/2022\/09\/1AL-8.jpg","type":"image\/jpeg"}],"author":"Jeanette","twitter_card":"summary_large_image","twitter_creator":"@eldiario_net","twitter_site":"@eldiario_net","twitter_misc":{"Escrito por":"Jeanette","Tiempo de lectura":"2 minutos"},"schema":{"@context":"https:\/\/schema.org","@graph":[{"@type":"Article","@id":"https:\/\/www.eldiario.net\/portal\/2022\/09\/24\/feria-para-prevenir-embarazo-no-deseado-en-adolescentes\/#article","isPartOf":{"@id":"https:\/\/www.eldiario.net\/portal\/2022\/09\/24\/feria-para-prevenir-embarazo-no-deseado-en-adolescentes\/"},"author":{"name":"Jeanette","@id":"https:\/\/www.eldiario.net\/portal\/#\/schema\/person\/f46445640444750d7d753ccd04ae01b7"},"headline":"Feria para prevenir embarazo no deseado en adolescentes","datePublished":"2022-09-24T09:20:41+00:00","mainEntityOfPage":{"@id":"https:\/\/www.eldiario.net\/portal\/2022\/09\/24\/feria-para-prevenir-embarazo-no-deseado-en-adolescentes\/"},"wordCount":464,"publisher":{"@id":"https:\/\/www.eldiario.net\/portal\/#organization"},"image":{"@id":"https:\/\/www.eldiario.net\/portal\/2022\/09\/24\/feria-para-prevenir-embarazo-no-deseado-en-adolescentes\/#primaryimage"},"thumbnailUrl":"https:\/\/www.eldiario.net\/portal\/wp-content\/uploads\/2022\/09\/1AL-8.jpg","articleSection":["Nacional"],"inLanguage":"es"},{"@type":"WebPage","@id":"https:\/\/www.eldiario.net\/portal\/2022\/09\/24\/feria-para-prevenir-embarazo-no-deseado-en-adolescentes\/","url":"https:\/\/www.eldiario.net\/portal\/2022\/09\/24\/feria-para-prevenir-embarazo-no-deseado-en-adolescentes\/","name":"Feria para prevenir embarazo no deseado en adolescentes - El Diario - Bolivia","isPartOf":{"@id":"https:\/\/www.eldiario.net\/portal\/#website"},"primaryImageOfPage":{"@id":"https:\/\/www.eldiario.net\/portal\/2022\/09\/24\/feria-para-prevenir-embarazo-no-deseado-en-adolescentes\/#primaryimage"},"image":{"@id":"https:\/\/www.eldiario.net\/portal\/2022\/09\/24\/feria-para-prevenir-embarazo-no-deseado-en-adolescentes\/#primaryimage"},"thumbnailUrl":"https:\/\/www.eldiario.net\/portal\/wp-content\/uploads\/2022\/09\/1AL-8.jpg","datePublished":"2022-09-24T09:20:41+00:00","breadcrumb":{"@id":"https:\/\/www.eldiario.net\/portal\/2022\/09\/24\/feria-para-prevenir-embarazo-no-deseado-en-adolescentes\/#breadcrumb"},"inLanguage":"es","potentialAction":[{"@type":"ReadAction","target":["https:\/\/www.eldiario.net\/portal\/2022\/09\/24\/feria-para-prevenir-embarazo-no-deseado-en-adolescentes\/"]}]},{"@type":"ImageObject","inLanguage":"es","@id":"https:\/\/www.eldiario.net\/portal\/2022\/09\/24\/feria-para-prevenir-embarazo-no-deseado-en-adolescentes\/#primaryimage","url":"https:\/\/www.eldiario.net\/portal\/wp-content\/uploads\/2022\/09\/1AL-8.jpg","contentUrl":"https:\/\/www.eldiario.net\/portal\/wp-content\/uploads\/2022\/09\/1AL-8.jpg","width":1068,"height":707,"caption":"Las parejas de adolescentes necesitan de m\u00e1s orientaci\u00f3n para su futuro y una adecuada planificaci\u00f3n de vida."},{"@type":"BreadcrumbList","@id":"https:\/\/www.eldiario.net\/portal\/2022\/09\/24\/feria-para-prevenir-embarazo-no-deseado-en-adolescentes\/#breadcrumb","itemListElement":[{"@type":"ListItem","position":1,"name":"Portada","item":"https:\/\/www.eldiario.net\/portal\/"},{"@type":"ListItem","position":2,"name":"Feria para prevenir embarazo no deseado en adolescentes"}]},{"@type":"WebSite","@id":"https:\/\/www.eldiario.net\/portal\/#website","url":"https:\/\/www.eldiario.net\/portal\/","name":"El Diario - Decano de la prensa nacional","description":"El Diario - Decano de la prensa nacional","publisher":{"@id":"https:\/\/www.eldiario.net\/portal\/#organization"},"potentialAction":[{"@type":"SearchAction","target":{"@type":"EntryPoint","urlTemplate":"https:\/\/www.eldiario.net\/portal\/?s={search_term_string}"},"query-input":{"@type":"PropertyValueSpecification","valueRequired":true,"valueName":"search_term_string"}}],"inLanguage":"es"},{"@type":"Organization","@id":"https:\/\/www.eldiario.net\/portal\/#organization","name":"El Diario - Decano de la prensa nacional","url":"https:\/\/www.eldiario.net\/portal\/","logo":{"@type":"ImageObject","inLanguage":"es","@id":"https:\/\/www.eldiario.net\/portal\/#\/schema\/logo\/image\/","url":"https:\/\/www.eldiario.net\/portal\/wp-content\/uploads\/2023\/07\/logo_ED.jpg","contentUrl":"https:\/\/www.eldiario.net\/portal\/wp-content\/uploads\/2023\/07\/logo_ED.jpg","width":272,"height":52,"caption":"El Diario - Decano de la prensa nacional"},"image":{"@id":"https:\/\/www.eldiario.net\/portal\/#\/schema\/logo\/image\/"},"sameAs":["https:\/\/www.facebook.com\/eldiario.bolivia\/","https:\/\/x.com\/eldiario_net"]},{"@type":"Person","@id":"https:\/\/www.eldiario.net\/portal\/#\/schema\/person\/f46445640444750d7d753ccd04ae01b7","name":"Jeanette","image":{"@type":"ImageObject","inLanguage":"es","@id":"https:\/\/secure.gravatar.com\/avatar\/3ea2118a5f7dad2b7138b1187a6b7ee55f160b9968b66013c3a3ef39dd7e5798?s=96&d=mm&r=g","url":"https:\/\/secure.gravatar.com\/avatar\/3ea2118a5f7dad2b7138b1187a6b7ee55f160b9968b66013c3a3ef39dd7e5798?s=96&d=mm&r=g","contentUrl":"https:\/\/secure.gravatar.com\/avatar\/3ea2118a5f7dad2b7138b1187a6b7ee55f160b9968b66013c3a3ef39dd7e5798?s=96&d=mm&r=g","caption":"Jeanette"},"sameAs":["https:\/\/www.eldiario.net\/portal"],"url":"https:\/\/www.eldiario.net\/portal\/author\/jeanette\/"}]}},"_links":{"self":[{"href":"https:\/\/www.eldiario.net\/portal\/wp-json\/wp\/v2\/posts\/112632","targetHints":{"allow":["GET"]}}],"collection":[{"href":"https:\/\/www.eldiario.net\/portal\/wp-json\/wp\/v2\/posts"}],"about":[{"href":"https:\/\/www.eldiario.net\/portal\/wp-json\/wp\/v2\/types\/post"}],"author":[{"embeddable":true,"href":"https:\/\/www.eldiario.net\/portal\/wp-json\/wp\/v2\/users\/1"}],"replies":[{"embeddable":true,"href":"https:\/\/www.eldiario.net\/portal\/wp-json\/wp\/v2\/comments?post=112632"}],"version-history":[{"count":0,"href":"https:\/\/www.eldiario.net\/portal\/wp-json\/wp\/v2\/posts\/112632\/revisions"}],"wp:featuredmedia":[{"embeddable":true,"href":"https:\/\/www.eldiario.net\/portal\/wp-json\/wp\/v2\/media\/112633"}],"wp:attachment":[{"href":"https:\/\/www.eldiario.net\/portal\/wp-json\/wp\/v2\/media?parent=112632"}],"wp:term":[{"taxonomy":"category","embeddable":true,"href":"https:\/\/www.eldiario.net\/portal\/wp-json\/wp\/v2\/categories?post=112632"},{"taxonomy":"post_tag","embeddable":true,"href":"https:\/\/www.eldiario.net\/portal\/wp-json\/wp\/v2\/tags?post=112632"}],"curies":[{"name":"wp","href":"https:\/\/api.w.org\/{rel}","templated":true}]}}