{"id":110930,"date":"2022-09-15T06:42:17","date_gmt":"2022-09-15T10:42:17","guid":{"rendered":"https:\/\/www.eldiario.net\/portal\/?p=110930"},"modified":"2022-09-15T06:42:17","modified_gmt":"2022-09-15T10:42:17","slug":"uso-de-puerto-de-ilo-para-carga-boliviana-aumenta-en-300","status":"publish","type":"post","link":"https:\/\/www.eldiario.net\/portal\/2022\/09\/15\/uso-de-puerto-de-ilo-para-carga-boliviana-aumenta-en-300\/","title":{"rendered":"Uso de puerto de Ilo para carga  boliviana aumenta en 300%"},"content":{"rendered":"<p class=\"v1MsoNormal\">Las autoridades de Bolivia y Per\u00fa acordaron trabajar en el desarrollo del puerto de Ilo para dar mayor impulso al comercio exterior boliviano. Seg\u00fan el viceministro Benjam\u00edn Blanco, desde 2020 hubo un crecimiento del 300% en el uso del puerto peruano para exportar la carga boliviana, ya que hasta agosto de este a\u00f1o se ha movido 101.000 toneladas de carga.<\/p>\n<p class=\"v1MsoNormal\">Dijo que, de enero a agosto, de este a\u00f1o, se ha movido 101.000 toneladas de carga por el puerto de Ilo y destac\u00f3 que en ocho meses se super\u00f3 en un 25 % de todo lo operado en 2021, que en total fue de 72.000 toneladas, en 2020 se movi\u00f3 35.000 toneladas por ese puerto.<\/p>\n<p class=\"v1MsoNormal\">El puerto de Ilo se convierte cada vez m\u00e1s en una alternativa real para la carga en tr\u00e1nsito de Bolivia. Tambi\u00e9n se lograron varias ventajas como el descuento para la carga boliviana en tr\u00e1nsito, en un 30% sobre lo que cobra normalmente la empresa estatal peruana y un 5% adicional para lo que son contenedores.<\/p>\n<p class=\"v1MsoNormal\">El viceministro\u00a0Blanco explic\u00f3 que en Ilo, como el pa\u00eds exporta, se mueven contenedores sin ning\u00fan contratiempo gracias al inter\u00e9s de Per\u00fa que mejora el lugar para que la carga boliviana sea priorizada.<\/p>\n<p class=\"v1MsoNormal\">\u201cAlgunas decenas de contenedores ya se han movido por este puerto que est\u00e1 listo para poder manejar este tipo de carga, por otro lado, tambi\u00e9n se ha logrado una capacidad o la posibilidad de poder almacenar carga durante 120 d\u00edas sin pagar nada, la carga boliviana tiene 120 d\u00edas en el puerto de Ilo de almacenamiento gratuito\u201d, explic\u00f3 la autoridad.<\/p>\n<p class=\"v1MsoNormal\">Para potenciar el puerto de Ilo, Per\u00fa invirti\u00f3 $us 10 millones en los \u00faltimos meses para la rehabilitaci\u00f3n y mantenimiento a los almacenes para la carga boliviana y se prev\u00e9 un proyecto de rededor de $us 63 millones que iniciar\u00eda entre enero y febrero del pr\u00f3ximo a\u00f1o para poder ampliar el muelle a 300 metros, lo que le va a permitir a los buques de mayor calado (profundidad) poder atracar en el puerto lo que permitir\u00e1 un mayor manejo de carga, el proyecto tendr\u00e1 una duraci\u00f3n de tres a\u00f1os.<\/p>\n<p class=\"v1MsoNormal\">Para Blanco se atraviesa por uno de los mejores momentos en la relaci\u00f3n bilateral con Per\u00fa con los gabinetes binacionales que se han activado a partir del a\u00f1o 2014.<\/p>\n<p class=\"v1MsoNormal\">Record\u00f3 que en octubre del a\u00f1o pasado en otro gabinete binacional se prioriz\u00f3 dar un nuevo impulso al puerto de Ilo para que se a una verdadera alternativa al comercio exterior boliviano.<\/p>\n<p class=\"v1MsoNormal\">En la reuni\u00f3n del equipo binacional, de este martes, tambi\u00e9n se acord\u00f3 medidas concretas para facilitar el tr\u00e1nsito de personas promover el comercio bilateral y temas referidos al medio ambiente y la lucha de delitos transnacionales entre otros.<\/p>\n<p class=\"v1MsoNormal\">\n<p class=\"v1MsoNormal\">GABINETES BINACIONALES<\/p>\n<p class=\"v1MsoNormal\">En cumplimiento de la Declaraci\u00f3n de La Paz, suscrita por los presidentes de Bolivia y Per\u00fa el 30 de octubre de 2021, el martes 13 de este mes, autoridades de la Canciller\u00eda boliviana se reunieron con la Misi\u00f3n Interministerial del Per\u00fa para llevar adelante la Cuarta Reuni\u00f3n del Equipo Binacional Permanente para el desarrollo del Puerto de Ilo.<\/p>\n<p class=\"v1MsoNormal\">En ese encuentro el canciller Rogelio Mayta sostuvo que en el marco de los gabinetes binacionales Bolivia-Per\u00fa se defini\u00f3 una agenda amplia de temas, entre ellos el puerto de Ilo, y los encuentros de esta semana forman parte de esa gesti\u00f3n de trabajo.<\/p>\n<p class=\"v1MsoNormal\">En el encuentro se destacaron los acuerdos entre ambos pa\u00edses para que la carga en tr\u00e1nsito boliviana tenga un 30% de descuento en el tarifario y un 5% adicional de descuento para contenedores. Se registr\u00f3 el movimiento de algunas decenas de contenedores sin contratiempos por lo que se invit\u00f3 a los operadores comerciales a aprovechar las ventajas que se tienen en el puerto de Ilo para el tr\u00e1nsito de contenedores.<\/p>\n<p class=\"v1MsoNormal\">El puerto de Ilo se ubica en el sur del Per\u00fa en la regi\u00f3n Moquegua, provincia de Ilo; cuenta con un muelle multiprop\u00f3sito de atraque directo para naves de alto bordo, con una capacidad de atender naves de hasta 35.000 DWT, \u00e1reas de almacenamiento sin techo de 38.360 m2, zona techada de 8.540 m2, y un almac\u00e9n techado de 1.634 m2.<\/p>\n<p class=\"v1MsoNormal\">\n","protected":false},"excerpt":{"rendered":"<p>Las autoridades de Bolivia y Per\u00fa acordaron trabajar en el desarrollo del puerto de Ilo para dar mayor impulso al comercio exterior boliviano. Seg\u00fan el viceministro Benjam\u00edn Blanco, desde 2020 hubo un crecimiento del 300% en el uso del puerto peruano para exportar la carga boliviana, ya que hasta agosto de este a\u00f1o se ha [&hellip;]<\/p>\n","protected":false},"author":1,"featured_media":110931,"comment_status":"closed","ping_status":"closed","sticky":false,"template":"","format":"standard","meta":{"_acf_changed":false,"footnotes":""},"categories":[7],"tags":[],"class_list":["post-110930","post","type-post","status-publish","format-standard","has-post-thumbnail","category-economia"],"acf":{"antetitulo":""},"yoast_head":"<!-- This site is optimized with the Yoast SEO plugin v28.3 - https:\/\/yoast.com\/product\/yoast-seo-wordpress\/ -->\n<title>Uso de puerto de Ilo para carga boliviana aumenta en 300% - El Diario - Bolivia<\/title>\n<meta name=\"robots\" content=\"index, follow, max-snippet:-1, max-image-preview:large, max-video-preview:-1\" \/>\n<link rel=\"canonical\" href=\"https:\/\/www.eldiario.net\/portal\/2022\/09\/15\/uso-de-puerto-de-ilo-para-carga-boliviana-aumenta-en-300\/\" \/>\n<meta property=\"og:locale\" content=\"es_ES\" \/>\n<meta property=\"og:type\" content=\"article\" \/>\n<meta property=\"og:title\" content=\"Uso de puerto de Ilo para carga boliviana aumenta en 300% - El Diario - Bolivia\" \/>\n<meta property=\"og:description\" content=\"Las autoridades de Bolivia y Per\u00fa acordaron trabajar en el desarrollo del puerto de Ilo para dar mayor impulso al comercio exterior boliviano. Seg\u00fan el viceministro Benjam\u00edn Blanco, desde 2020 hubo un crecimiento del 300% en el uso del puerto peruano para exportar la carga boliviana, ya que hasta agosto de este a\u00f1o se ha [&hellip;]\" \/>\n<meta property=\"og:url\" content=\"https:\/\/www.eldiario.net\/portal\/2022\/09\/15\/uso-de-puerto-de-ilo-para-carga-boliviana-aumenta-en-300\/\" \/>\n<meta property=\"og:site_name\" content=\"El Diario - Bolivia\" \/>\n<meta property=\"article:publisher\" content=\"https:\/\/www.facebook.com\/eldiario.bolivia\/\" \/>\n<meta property=\"article:published_time\" content=\"2022-09-15T10:42:17+00:00\" \/>\n<meta property=\"og:image\" content=\"https:\/\/www.eldiario.net\/portal\/wp-content\/uploads\/2022\/09\/carga-boliviana-en-Ilo.jpg\" \/>\n\t<meta property=\"og:image:width\" content=\"1280\" \/>\n\t<meta property=\"og:image:height\" content=\"815\" \/>\n\t<meta property=\"og:image:type\" content=\"image\/jpeg\" \/>\n<meta name=\"author\" content=\"Jeanette\" \/>\n<meta name=\"twitter:card\" content=\"summary_large_image\" \/>\n<meta name=\"twitter:creator\" content=\"@eldiario_net\" \/>\n<meta name=\"twitter:site\" content=\"@eldiario_net\" \/>\n<meta name=\"twitter:label1\" content=\"Escrito por\" \/>\n\t<meta name=\"twitter:data1\" content=\"Jeanette\" \/>\n\t<meta name=\"twitter:label2\" content=\"Tiempo de lectura\" \/>\n\t<meta name=\"twitter:data2\" content=\"4 minutos\" \/>\n<script type=\"application\/ld+json\" class=\"yoast-schema-graph\">{\"@context\":\"https:\\\/\\\/schema.org\",\"@graph\":[{\"@type\":\"Article\",\"@id\":\"https:\\\/\\\/www.eldiario.net\\\/portal\\\/2022\\\/09\\\/15\\\/uso-de-puerto-de-ilo-para-carga-boliviana-aumenta-en-300\\\/#article\",\"isPartOf\":{\"@id\":\"https:\\\/\\\/www.eldiario.net\\\/portal\\\/2022\\\/09\\\/15\\\/uso-de-puerto-de-ilo-para-carga-boliviana-aumenta-en-300\\\/\"},\"author\":{\"name\":\"Jeanette\",\"@id\":\"https:\\\/\\\/www.eldiario.net\\\/portal\\\/#\\\/schema\\\/person\\\/f46445640444750d7d753ccd04ae01b7\"},\"headline\":\"Uso de puerto de Ilo para carga boliviana aumenta en 300%\",\"datePublished\":\"2022-09-15T10:42:17+00:00\",\"mainEntityOfPage\":{\"@id\":\"https:\\\/\\\/www.eldiario.net\\\/portal\\\/2022\\\/09\\\/15\\\/uso-de-puerto-de-ilo-para-carga-boliviana-aumenta-en-300\\\/\"},\"wordCount\":705,\"publisher\":{\"@id\":\"https:\\\/\\\/www.eldiario.net\\\/portal\\\/#organization\"},\"image\":{\"@id\":\"https:\\\/\\\/www.eldiario.net\\\/portal\\\/2022\\\/09\\\/15\\\/uso-de-puerto-de-ilo-para-carga-boliviana-aumenta-en-300\\\/#primaryimage\"},\"thumbnailUrl\":\"https:\\\/\\\/www.eldiario.net\\\/portal\\\/wp-content\\\/uploads\\\/2022\\\/09\\\/carga-boliviana-en-Ilo.jpg\",\"articleSection\":[\"Econom\u00eda\"],\"inLanguage\":\"es\"},{\"@type\":\"WebPage\",\"@id\":\"https:\\\/\\\/www.eldiario.net\\\/portal\\\/2022\\\/09\\\/15\\\/uso-de-puerto-de-ilo-para-carga-boliviana-aumenta-en-300\\\/\",\"url\":\"https:\\\/\\\/www.eldiario.net\\\/portal\\\/2022\\\/09\\\/15\\\/uso-de-puerto-de-ilo-para-carga-boliviana-aumenta-en-300\\\/\",\"name\":\"Uso de puerto de Ilo para carga boliviana aumenta en 300% - El Diario - Bolivia\",\"isPartOf\":{\"@id\":\"https:\\\/\\\/www.eldiario.net\\\/portal\\\/#website\"},\"primaryImageOfPage\":{\"@id\":\"https:\\\/\\\/www.eldiario.net\\\/portal\\\/2022\\\/09\\\/15\\\/uso-de-puerto-de-ilo-para-carga-boliviana-aumenta-en-300\\\/#primaryimage\"},\"image\":{\"@id\":\"https:\\\/\\\/www.eldiario.net\\\/portal\\\/2022\\\/09\\\/15\\\/uso-de-puerto-de-ilo-para-carga-boliviana-aumenta-en-300\\\/#primaryimage\"},\"thumbnailUrl\":\"https:\\\/\\\/www.eldiario.net\\\/portal\\\/wp-content\\\/uploads\\\/2022\\\/09\\\/carga-boliviana-en-Ilo.jpg\",\"datePublished\":\"2022-09-15T10:42:17+00:00\",\"breadcrumb\":{\"@id\":\"https:\\\/\\\/www.eldiario.net\\\/portal\\\/2022\\\/09\\\/15\\\/uso-de-puerto-de-ilo-para-carga-boliviana-aumenta-en-300\\\/#breadcrumb\"},\"inLanguage\":\"es\",\"potentialAction\":[{\"@type\":\"ReadAction\",\"target\":[\"https:\\\/\\\/www.eldiario.net\\\/portal\\\/2022\\\/09\\\/15\\\/uso-de-puerto-de-ilo-para-carga-boliviana-aumenta-en-300\\\/\"]}]},{\"@type\":\"ImageObject\",\"inLanguage\":\"es\",\"@id\":\"https:\\\/\\\/www.eldiario.net\\\/portal\\\/2022\\\/09\\\/15\\\/uso-de-puerto-de-ilo-para-carga-boliviana-aumenta-en-300\\\/#primaryimage\",\"url\":\"https:\\\/\\\/www.eldiario.net\\\/portal\\\/wp-content\\\/uploads\\\/2022\\\/09\\\/carga-boliviana-en-Ilo.jpg\",\"contentUrl\":\"https:\\\/\\\/www.eldiario.net\\\/portal\\\/wp-content\\\/uploads\\\/2022\\\/09\\\/carga-boliviana-en-Ilo.jpg\",\"width\":1280,\"height\":815,\"caption\":\"Movimiento de carga boliviana en puerto peruano de Ilo. CREDITO: Ofep Bolivia\"},{\"@type\":\"BreadcrumbList\",\"@id\":\"https:\\\/\\\/www.eldiario.net\\\/portal\\\/2022\\\/09\\\/15\\\/uso-de-puerto-de-ilo-para-carga-boliviana-aumenta-en-300\\\/#breadcrumb\",\"itemListElement\":[{\"@type\":\"ListItem\",\"position\":1,\"name\":\"Portada\",\"item\":\"https:\\\/\\\/www.eldiario.net\\\/portal\\\/\"},{\"@type\":\"ListItem\",\"position\":2,\"name\":\"Uso de puerto de Ilo para carga boliviana aumenta en 300%\"}]},{\"@type\":\"WebSite\",\"@id\":\"https:\\\/\\\/www.eldiario.net\\\/portal\\\/#website\",\"url\":\"https:\\\/\\\/www.eldiario.net\\\/portal\\\/\",\"name\":\"El Diario - Decano de la prensa nacional\",\"description\":\"El Diario - Decano de la prensa nacional\",\"publisher\":{\"@id\":\"https:\\\/\\\/www.eldiario.net\\\/portal\\\/#organization\"},\"potentialAction\":[{\"@type\":\"SearchAction\",\"target\":{\"@type\":\"EntryPoint\",\"urlTemplate\":\"https:\\\/\\\/www.eldiario.net\\\/portal\\\/?s={search_term_string}\"},\"query-input\":{\"@type\":\"PropertyValueSpecification\",\"valueRequired\":true,\"valueName\":\"search_term_string\"}}],\"inLanguage\":\"es\"},{\"@type\":\"Organization\",\"@id\":\"https:\\\/\\\/www.eldiario.net\\\/portal\\\/#organization\",\"name\":\"El Diario - Decano de la prensa nacional\",\"url\":\"https:\\\/\\\/www.eldiario.net\\\/portal\\\/\",\"logo\":{\"@type\":\"ImageObject\",\"inLanguage\":\"es\",\"@id\":\"https:\\\/\\\/www.eldiario.net\\\/portal\\\/#\\\/schema\\\/logo\\\/image\\\/\",\"url\":\"https:\\\/\\\/www.eldiario.net\\\/portal\\\/wp-content\\\/uploads\\\/2023\\\/07\\\/logo_ED.jpg\",\"contentUrl\":\"https:\\\/\\\/www.eldiario.net\\\/portal\\\/wp-content\\\/uploads\\\/2023\\\/07\\\/logo_ED.jpg\",\"width\":272,\"height\":52,\"caption\":\"El Diario - Decano de la prensa nacional\"},\"image\":{\"@id\":\"https:\\\/\\\/www.eldiario.net\\\/portal\\\/#\\\/schema\\\/logo\\\/image\\\/\"},\"sameAs\":[\"https:\\\/\\\/www.facebook.com\\\/eldiario.bolivia\\\/\",\"https:\\\/\\\/x.com\\\/eldiario_net\"]},{\"@type\":\"Person\",\"@id\":\"https:\\\/\\\/www.eldiario.net\\\/portal\\\/#\\\/schema\\\/person\\\/f46445640444750d7d753ccd04ae01b7\",\"name\":\"Jeanette\",\"image\":{\"@type\":\"ImageObject\",\"inLanguage\":\"es\",\"@id\":\"https:\\\/\\\/secure.gravatar.com\\\/avatar\\\/3ea2118a5f7dad2b7138b1187a6b7ee55f160b9968b66013c3a3ef39dd7e5798?s=96&d=mm&r=g\",\"url\":\"https:\\\/\\\/secure.gravatar.com\\\/avatar\\\/3ea2118a5f7dad2b7138b1187a6b7ee55f160b9968b66013c3a3ef39dd7e5798?s=96&d=mm&r=g\",\"contentUrl\":\"https:\\\/\\\/secure.gravatar.com\\\/avatar\\\/3ea2118a5f7dad2b7138b1187a6b7ee55f160b9968b66013c3a3ef39dd7e5798?s=96&d=mm&r=g\",\"caption\":\"Jeanette\"},\"sameAs\":[\"https:\\\/\\\/www.eldiario.net\\\/portal\"],\"url\":\"https:\\\/\\\/www.eldiario.net\\\/portal\\\/author\\\/jeanette\\\/\"}]}<\/script>\n<!-- \/ Yoast SEO plugin. -->","yoast_head_json":{"title":"Uso de puerto de Ilo para carga boliviana aumenta en 300% - El Diario - Bolivia","robots":{"index":"index","follow":"follow","max-snippet":"max-snippet:-1","max-image-preview":"max-image-preview:large","max-video-preview":"max-video-preview:-1"},"canonical":"https:\/\/www.eldiario.net\/portal\/2022\/09\/15\/uso-de-puerto-de-ilo-para-carga-boliviana-aumenta-en-300\/","og_locale":"es_ES","og_type":"article","og_title":"Uso de puerto de Ilo para carga boliviana aumenta en 300% - El Diario - Bolivia","og_description":"Las autoridades de Bolivia y Per\u00fa acordaron trabajar en el desarrollo del puerto de Ilo para dar mayor impulso al comercio exterior boliviano. Seg\u00fan el viceministro Benjam\u00edn Blanco, desde 2020 hubo un crecimiento del 300% en el uso del puerto peruano para exportar la carga boliviana, ya que hasta agosto de este a\u00f1o se ha [&hellip;]","og_url":"https:\/\/www.eldiario.net\/portal\/2022\/09\/15\/uso-de-puerto-de-ilo-para-carga-boliviana-aumenta-en-300\/","og_site_name":"El Diario - Bolivia","article_publisher":"https:\/\/www.facebook.com\/eldiario.bolivia\/","article_published_time":"2022-09-15T10:42:17+00:00","og_image":[{"width":1280,"height":815,"url":"https:\/\/www.eldiario.net\/portal\/wp-content\/uploads\/2022\/09\/carga-boliviana-en-Ilo.jpg","type":"image\/jpeg"}],"author":"Jeanette","twitter_card":"summary_large_image","twitter_creator":"@eldiario_net","twitter_site":"@eldiario_net","twitter_misc":{"Escrito por":"Jeanette","Tiempo de lectura":"4 minutos"},"schema":{"@context":"https:\/\/schema.org","@graph":[{"@type":"Article","@id":"https:\/\/www.eldiario.net\/portal\/2022\/09\/15\/uso-de-puerto-de-ilo-para-carga-boliviana-aumenta-en-300\/#article","isPartOf":{"@id":"https:\/\/www.eldiario.net\/portal\/2022\/09\/15\/uso-de-puerto-de-ilo-para-carga-boliviana-aumenta-en-300\/"},"author":{"name":"Jeanette","@id":"https:\/\/www.eldiario.net\/portal\/#\/schema\/person\/f46445640444750d7d753ccd04ae01b7"},"headline":"Uso de puerto de Ilo para carga boliviana aumenta en 300%","datePublished":"2022-09-15T10:42:17+00:00","mainEntityOfPage":{"@id":"https:\/\/www.eldiario.net\/portal\/2022\/09\/15\/uso-de-puerto-de-ilo-para-carga-boliviana-aumenta-en-300\/"},"wordCount":705,"publisher":{"@id":"https:\/\/www.eldiario.net\/portal\/#organization"},"image":{"@id":"https:\/\/www.eldiario.net\/portal\/2022\/09\/15\/uso-de-puerto-de-ilo-para-carga-boliviana-aumenta-en-300\/#primaryimage"},"thumbnailUrl":"https:\/\/www.eldiario.net\/portal\/wp-content\/uploads\/2022\/09\/carga-boliviana-en-Ilo.jpg","articleSection":["Econom\u00eda"],"inLanguage":"es"},{"@type":"WebPage","@id":"https:\/\/www.eldiario.net\/portal\/2022\/09\/15\/uso-de-puerto-de-ilo-para-carga-boliviana-aumenta-en-300\/","url":"https:\/\/www.eldiario.net\/portal\/2022\/09\/15\/uso-de-puerto-de-ilo-para-carga-boliviana-aumenta-en-300\/","name":"Uso de puerto de Ilo para carga boliviana aumenta en 300% - El Diario - Bolivia","isPartOf":{"@id":"https:\/\/www.eldiario.net\/portal\/#website"},"primaryImageOfPage":{"@id":"https:\/\/www.eldiario.net\/portal\/2022\/09\/15\/uso-de-puerto-de-ilo-para-carga-boliviana-aumenta-en-300\/#primaryimage"},"image":{"@id":"https:\/\/www.eldiario.net\/portal\/2022\/09\/15\/uso-de-puerto-de-ilo-para-carga-boliviana-aumenta-en-300\/#primaryimage"},"thumbnailUrl":"https:\/\/www.eldiario.net\/portal\/wp-content\/uploads\/2022\/09\/carga-boliviana-en-Ilo.jpg","datePublished":"2022-09-15T10:42:17+00:00","breadcrumb":{"@id":"https:\/\/www.eldiario.net\/portal\/2022\/09\/15\/uso-de-puerto-de-ilo-para-carga-boliviana-aumenta-en-300\/#breadcrumb"},"inLanguage":"es","potentialAction":[{"@type":"ReadAction","target":["https:\/\/www.eldiario.net\/portal\/2022\/09\/15\/uso-de-puerto-de-ilo-para-carga-boliviana-aumenta-en-300\/"]}]},{"@type":"ImageObject","inLanguage":"es","@id":"https:\/\/www.eldiario.net\/portal\/2022\/09\/15\/uso-de-puerto-de-ilo-para-carga-boliviana-aumenta-en-300\/#primaryimage","url":"https:\/\/www.eldiario.net\/portal\/wp-content\/uploads\/2022\/09\/carga-boliviana-en-Ilo.jpg","contentUrl":"https:\/\/www.eldiario.net\/portal\/wp-content\/uploads\/2022\/09\/carga-boliviana-en-Ilo.jpg","width":1280,"height":815,"caption":"Movimiento de carga boliviana en puerto peruano de Ilo. CREDITO: Ofep Bolivia"},{"@type":"BreadcrumbList","@id":"https:\/\/www.eldiario.net\/portal\/2022\/09\/15\/uso-de-puerto-de-ilo-para-carga-boliviana-aumenta-en-300\/#breadcrumb","itemListElement":[{"@type":"ListItem","position":1,"name":"Portada","item":"https:\/\/www.eldiario.net\/portal\/"},{"@type":"ListItem","position":2,"name":"Uso de puerto de Ilo para carga boliviana aumenta en 300%"}]},{"@type":"WebSite","@id":"https:\/\/www.eldiario.net\/portal\/#website","url":"https:\/\/www.eldiario.net\/portal\/","name":"El Diario - Decano de la prensa nacional","description":"El Diario - Decano de la prensa nacional","publisher":{"@id":"https:\/\/www.eldiario.net\/portal\/#organization"},"potentialAction":[{"@type":"SearchAction","target":{"@type":"EntryPoint","urlTemplate":"https:\/\/www.eldiario.net\/portal\/?s={search_term_string}"},"query-input":{"@type":"PropertyValueSpecification","valueRequired":true,"valueName":"search_term_string"}}],"inLanguage":"es"},{"@type":"Organization","@id":"https:\/\/www.eldiario.net\/portal\/#organization","name":"El Diario - Decano de la prensa nacional","url":"https:\/\/www.eldiario.net\/portal\/","logo":{"@type":"ImageObject","inLanguage":"es","@id":"https:\/\/www.eldiario.net\/portal\/#\/schema\/logo\/image\/","url":"https:\/\/www.eldiario.net\/portal\/wp-content\/uploads\/2023\/07\/logo_ED.jpg","contentUrl":"https:\/\/www.eldiario.net\/portal\/wp-content\/uploads\/2023\/07\/logo_ED.jpg","width":272,"height":52,"caption":"El Diario - Decano de la prensa nacional"},"image":{"@id":"https:\/\/www.eldiario.net\/portal\/#\/schema\/logo\/image\/"},"sameAs":["https:\/\/www.facebook.com\/eldiario.bolivia\/","https:\/\/x.com\/eldiario_net"]},{"@type":"Person","@id":"https:\/\/www.eldiario.net\/portal\/#\/schema\/person\/f46445640444750d7d753ccd04ae01b7","name":"Jeanette","image":{"@type":"ImageObject","inLanguage":"es","@id":"https:\/\/secure.gravatar.com\/avatar\/3ea2118a5f7dad2b7138b1187a6b7ee55f160b9968b66013c3a3ef39dd7e5798?s=96&d=mm&r=g","url":"https:\/\/secure.gravatar.com\/avatar\/3ea2118a5f7dad2b7138b1187a6b7ee55f160b9968b66013c3a3ef39dd7e5798?s=96&d=mm&r=g","contentUrl":"https:\/\/secure.gravatar.com\/avatar\/3ea2118a5f7dad2b7138b1187a6b7ee55f160b9968b66013c3a3ef39dd7e5798?s=96&d=mm&r=g","caption":"Jeanette"},"sameAs":["https:\/\/www.eldiario.net\/portal"],"url":"https:\/\/www.eldiario.net\/portal\/author\/jeanette\/"}]}},"_links":{"self":[{"href":"https:\/\/www.eldiario.net\/portal\/wp-json\/wp\/v2\/posts\/110930","targetHints":{"allow":["GET"]}}],"collection":[{"href":"https:\/\/www.eldiario.net\/portal\/wp-json\/wp\/v2\/posts"}],"about":[{"href":"https:\/\/www.eldiario.net\/portal\/wp-json\/wp\/v2\/types\/post"}],"author":[{"embeddable":true,"href":"https:\/\/www.eldiario.net\/portal\/wp-json\/wp\/v2\/users\/1"}],"replies":[{"embeddable":true,"href":"https:\/\/www.eldiario.net\/portal\/wp-json\/wp\/v2\/comments?post=110930"}],"version-history":[{"count":0,"href":"https:\/\/www.eldiario.net\/portal\/wp-json\/wp\/v2\/posts\/110930\/revisions"}],"wp:featuredmedia":[{"embeddable":true,"href":"https:\/\/www.eldiario.net\/portal\/wp-json\/wp\/v2\/media\/110931"}],"wp:attachment":[{"href":"https:\/\/www.eldiario.net\/portal\/wp-json\/wp\/v2\/media?parent=110930"}],"wp:term":[{"taxonomy":"category","embeddable":true,"href":"https:\/\/www.eldiario.net\/portal\/wp-json\/wp\/v2\/categories?post=110930"},{"taxonomy":"post_tag","embeddable":true,"href":"https:\/\/www.eldiario.net\/portal\/wp-json\/wp\/v2\/tags?post=110930"}],"curies":[{"name":"wp","href":"https:\/\/api.w.org\/{rel}","templated":true}]}}