{"id":110650,"date":"2022-09-14T06:17:14","date_gmt":"2022-09-14T10:17:14","guid":{"rendered":"https:\/\/www.eldiario.net\/portal\/?p=110650"},"modified":"2022-09-14T06:17:14","modified_gmt":"2022-09-14T10:17:14","slug":"transito-insiste-que-educacion-vial-debe-estar-en-la-curricula-escolar","status":"publish","type":"post","link":"https:\/\/www.eldiario.net\/portal\/2022\/09\/14\/transito-insiste-que-educacion-vial-debe-estar-en-la-curricula-escolar\/","title":{"rendered":"Tr\u00e1nsito insiste que educaci\u00f3n vial  debe estar en la curr\u00edcula escolar"},"content":{"rendered":"<p>Debido a los \u00faltimos hechos de tr\u00e1nsito registrados en la ciudad de La Paz, y los altos \u00edndices de fallas humanas, el director nacional de Tr\u00e1nsito, Mario Medina, manifest\u00f3 a EL DIARIO la necesidad de que se incluya en la curr\u00edcula escolar la educaci\u00f3n vial, que no debe entenderse como la mera adquisici\u00f3n de conocimientos, sino como una problem\u00e1tica c\u00edvica.<br \/>\n\u201cLa iniciativa siempre ha sido de la Polic\u00eda (impartir educaci\u00f3n vial en unidades educativas), pero los tiempos del Ministerio son diferentes de los nuestros, consecuentemente su revisi\u00f3n de curr\u00edculas y todo aquello no ha generado tiempos propicios para generar este proceso de inclusi\u00f3n\u201d, dijo Medina.<br \/>\nAclar\u00f3 que la Ley de Seguridad Ciudadana establece de manera obligatoria este prop\u00f3sito pero que a la fecha no es una realidad.<br \/>\n\u201cNosotros tenemos que llegar a los estudiantes, principalmente a los de los \u00faltimos cursos, como conductores potenciales, con educaci\u00f3n vial pero lo ven como un evento, no como parte de la rutina obligatoria. No encontramos el eco que quisi\u00e9ramos en este tema que es educativo\u201d, lament\u00f3.<br \/>\nLas declaraciones del jefe policial se dan luego de que entre el domingo y lunes, dos hechos de tr\u00e1nsito cegaron la vida de cuatro personas y varias heridas, adem\u00e1s de da\u00f1os materiales de consideraci\u00f3n.<br \/>\nEl domingo, en Villa Copacabana de la ciudad de La Paz, un chofer de minib\u00fas en estado de ebriedad provoc\u00f3 un hecho de tr\u00e1nsito en el que falleci\u00f3 una persona y otras seis resultaron heridas.<br \/>\nEl lunes, otro conductor que descuid\u00f3 el mantenimiento del sistema de frenos de su cami\u00f3n caus\u00f3 una colisi\u00f3n m\u00faltiple con tres fallecidos y ocho heridos en la zona Tembladerani.<br \/>\nUn madre y su hijo, que se dirig\u00edan a un chequeo m\u00e9dico, y un mec\u00e1nico que trabajaba en el lugar por m\u00e1s de 30 a\u00f1os, perdieron la vida el lunes en la empinada avenida Julio T\u00e9llez, cerca de la Landaeta, cuando un motorizado de alto tonelaje descendi\u00f3 a toda velocidad y sin control impactando a otros cuatro coches y llev\u00e1ndose todo a su paso.<\/p>\n<p>VILLA COPACABANA<br \/>\nEn el hecho del domingo, Medina explic\u00f3 que la hip\u00f3tesis inicial es que el conductor se baj\u00f3 del veh\u00edculo a hacer alguna necesidad, pero no ha realizado las acciones correctas para garantizar que el veh\u00edculo quede plenamente detenido y en condiciones de seguridad.<br \/>\n\u201c(\u2026) Adem\u00e1s se encontraba en estado de ebriedad, con un \u00edndice de 1,92 gramos en sangre, que conduce a establecer que ten\u00eda disminuida sus capacidades de conducci\u00f3n, de reacci\u00f3n motora, auditiva, psicomotora. No detuvo adecuadamente el veh\u00edculo, seguramente no puso adecuadamente el freno de mano y dejar enganchado el veh\u00edculo porque lo contrario signific\u00f3 que el veh\u00edculo realiz\u00f3 un embalamiento terrible que dio lugar a las consecuencias que se conoce\u201d, advirti\u00f3.<\/p>\n<p>TEMBLADERANI<br \/>\nEl jefe policial precis\u00f3 que en el caso de Tembladerani hubo una p\u00e9rdida de control de veh\u00edculo estando conduciendo en una v\u00eda de un amplio declive que no es recomendable para veh\u00edculos de transporte cuando est\u00e1n con carga pesada.<br \/>\n\u201cSe ha incumplido una obligaci\u00f3n individual que tiene todo conductor, que a tiempo de iniciar la conducci\u00f3n de su veh\u00edculo verifique el perfecto estado de funcionamiento, particularmente de los frenos, m\u00e1s a\u00fan en topograf\u00edas como las de La Paz\u201d, dijo.<br \/>\nEn ese marco dijo que llevar\u00e1n adelante una planificaci\u00f3n que permita insumir personal para realizar labores de control en esos lugares.<br \/>\n\u201cPedimos la cooperaci\u00f3n del municipio para que a trav\u00e9s de la direcci\u00f3n correspondiente se pueda cambiar el sentido de esta v\u00eda, a solo de subida, no de bajada por las razones de que se lamenta este tipo de consecuencias\u201d, demand\u00f3 el jefe policial.<br \/>\nRecord\u00f3 que en el hecho del lunes, son cuatro los veh\u00edculos da\u00f1ados.<br \/>\n\u201cEn vidas humanas tenemos tres p\u00e9rdidas y nueve personas heridas, esto es de gran magnitud y esto nos ha llevado a realizar una modificaci\u00f3n a nuestra planificaci\u00f3n para trabajar con la conciencia del ser humano. Hacer una labor de incidencia destinada a buscar generar un m\u00e1s alto nivel de conciencia porque queda claro que independientemente de las condiciones del veh\u00edculo, esta persona ha actuado de manera temeraria poniendo en riesgo no solo su vida sino la de otras personas y a eso nadie tiene derecho\u201d, dijo.<\/p>\n<p>ACERCA DE ITV<br \/>\nRespecto a la Inspecci\u00f3n T\u00e9cnica Vehicular (ITV), el Estado, a trav\u00e9s de la Polic\u00eda Boliviana tiene la condici\u00f3n de garante de que el veh\u00edculo se encuentra en perfecto estado de funcionamiento al momento de someterse a la misma.<br \/>\n\u201cComo la seguridad vial es una corresponsabilidad, es obligaci\u00f3n de todo propietario de mantener a su veh\u00edculo en ese estado durante el resto de la gesti\u00f3n, no pretendamos poner un polic\u00eda detr\u00e1s de cada conductor para que cumplan con sus obligaciones, es parte de la cultura ciudadana que debi\u00e9ramos enfrentar todos\u201d, precis\u00f3.<\/p>\n\n","protected":false},"excerpt":{"rendered":"<p>Debido a los \u00faltimos hechos de tr\u00e1nsito registrados en la ciudad de La Paz, y los altos \u00edndices de fallas humanas, el director nacional de Tr\u00e1nsito, Mario Medina, manifest\u00f3 a EL DIARIO la necesidad de que se incluya en la curr\u00edcula escolar la educaci\u00f3n vial, que no debe entenderse como la mera adquisici\u00f3n de conocimientos, [&hellip;]<\/p>\n","protected":false},"author":1,"featured_media":110651,"comment_status":"closed","ping_status":"closed","sticky":false,"template":"","format":"standard","meta":{"_acf_changed":false,"footnotes":""},"categories":[39],"tags":[],"class_list":["post-110650","post","type-post","status-publish","format-standard","has-post-thumbnail","category-sociedad"],"acf":{"antetitulo":""},"yoast_head":"<!-- This site is optimized with the Yoast SEO plugin v28.4 - https:\/\/yoast.com\/product\/yoast-seo-wordpress\/ -->\n<title>Tr\u00e1nsito insiste que educaci\u00f3n vial debe estar en la curr\u00edcula escolar - El Diario - Bolivia<\/title>\n<meta name=\"robots\" content=\"index, follow, max-snippet:-1, max-image-preview:large, max-video-preview:-1\" \/>\n<link rel=\"canonical\" href=\"https:\/\/www.eldiario.net\/portal\/2022\/09\/14\/transito-insiste-que-educacion-vial-debe-estar-en-la-curricula-escolar\/\" \/>\n<meta property=\"og:locale\" content=\"es_ES\" \/>\n<meta property=\"og:type\" content=\"article\" \/>\n<meta property=\"og:title\" content=\"Tr\u00e1nsito insiste que educaci\u00f3n vial debe estar en la curr\u00edcula escolar - El Diario - Bolivia\" \/>\n<meta property=\"og:description\" content=\"Debido a los \u00faltimos hechos de tr\u00e1nsito registrados en la ciudad de La Paz, y los altos \u00edndices de fallas humanas, el director nacional de Tr\u00e1nsito, Mario Medina, manifest\u00f3 a EL DIARIO la necesidad de que se incluya en la curr\u00edcula escolar la educaci\u00f3n vial, que no debe entenderse como la mera adquisici\u00f3n de conocimientos, [&hellip;]\" \/>\n<meta property=\"og:url\" content=\"https:\/\/www.eldiario.net\/portal\/2022\/09\/14\/transito-insiste-que-educacion-vial-debe-estar-en-la-curricula-escolar\/\" \/>\n<meta property=\"og:site_name\" content=\"El Diario - Bolivia\" \/>\n<meta property=\"article:publisher\" content=\"https:\/\/www.facebook.com\/eldiario.bolivia\/\" \/>\n<meta property=\"article:published_time\" content=\"2022-09-14T10:17:14+00:00\" \/>\n<meta name=\"author\" content=\"Jeanette\" \/>\n<meta name=\"twitter:card\" content=\"summary_large_image\" \/>\n<meta name=\"twitter:creator\" content=\"@eldiario_net\" \/>\n<meta name=\"twitter:site\" content=\"@eldiario_net\" \/>\n<meta name=\"twitter:label1\" content=\"Escrito por\" \/>\n\t<meta name=\"twitter:data1\" content=\"Jeanette\" \/>\n\t<meta name=\"twitter:label2\" content=\"Tiempo de lectura\" \/>\n\t<meta name=\"twitter:data2\" content=\"4 minutos\" \/>\n<script type=\"application\/ld+json\" class=\"yoast-schema-graph\">{\"@context\":\"https:\\\/\\\/schema.org\",\"@graph\":[{\"@type\":\"Article\",\"@id\":\"https:\\\/\\\/www.eldiario.net\\\/portal\\\/2022\\\/09\\\/14\\\/transito-insiste-que-educacion-vial-debe-estar-en-la-curricula-escolar\\\/#article\",\"isPartOf\":{\"@id\":\"https:\\\/\\\/www.eldiario.net\\\/portal\\\/2022\\\/09\\\/14\\\/transito-insiste-que-educacion-vial-debe-estar-en-la-curricula-escolar\\\/\"},\"author\":{\"name\":\"Jeanette\",\"@id\":\"https:\\\/\\\/www.eldiario.net\\\/portal\\\/#\\\/schema\\\/person\\\/2c57cf2b7a7ae032e449e4c9b1019eac\"},\"headline\":\"Tr\u00e1nsito insiste que educaci\u00f3n vial debe estar en la curr\u00edcula escolar\",\"datePublished\":\"2022-09-14T10:17:14+00:00\",\"mainEntityOfPage\":{\"@id\":\"https:\\\/\\\/www.eldiario.net\\\/portal\\\/2022\\\/09\\\/14\\\/transito-insiste-que-educacion-vial-debe-estar-en-la-curricula-escolar\\\/\"},\"wordCount\":878,\"publisher\":{\"@id\":\"https:\\\/\\\/www.eldiario.net\\\/portal\\\/#organization\"},\"image\":{\"@id\":\"https:\\\/\\\/www.eldiario.net\\\/portal\\\/2022\\\/09\\\/14\\\/transito-insiste-que-educacion-vial-debe-estar-en-la-curricula-escolar\\\/#primaryimage\"},\"thumbnailUrl\":\"\",\"articleSection\":[\"Sociedad - Seguridad\"],\"inLanguage\":\"es\"},{\"@type\":\"WebPage\",\"@id\":\"https:\\\/\\\/www.eldiario.net\\\/portal\\\/2022\\\/09\\\/14\\\/transito-insiste-que-educacion-vial-debe-estar-en-la-curricula-escolar\\\/\",\"url\":\"https:\\\/\\\/www.eldiario.net\\\/portal\\\/2022\\\/09\\\/14\\\/transito-insiste-que-educacion-vial-debe-estar-en-la-curricula-escolar\\\/\",\"name\":\"Tr\u00e1nsito insiste que educaci\u00f3n vial debe estar en la curr\u00edcula escolar - El Diario - Bolivia\",\"isPartOf\":{\"@id\":\"https:\\\/\\\/www.eldiario.net\\\/portal\\\/#website\"},\"primaryImageOfPage\":{\"@id\":\"https:\\\/\\\/www.eldiario.net\\\/portal\\\/2022\\\/09\\\/14\\\/transito-insiste-que-educacion-vial-debe-estar-en-la-curricula-escolar\\\/#primaryimage\"},\"image\":{\"@id\":\"https:\\\/\\\/www.eldiario.net\\\/portal\\\/2022\\\/09\\\/14\\\/transito-insiste-que-educacion-vial-debe-estar-en-la-curricula-escolar\\\/#primaryimage\"},\"thumbnailUrl\":\"\",\"datePublished\":\"2022-09-14T10:17:14+00:00\",\"breadcrumb\":{\"@id\":\"https:\\\/\\\/www.eldiario.net\\\/portal\\\/2022\\\/09\\\/14\\\/transito-insiste-que-educacion-vial-debe-estar-en-la-curricula-escolar\\\/#breadcrumb\"},\"inLanguage\":\"es\",\"potentialAction\":[{\"@type\":\"ReadAction\",\"target\":[\"https:\\\/\\\/www.eldiario.net\\\/portal\\\/2022\\\/09\\\/14\\\/transito-insiste-que-educacion-vial-debe-estar-en-la-curricula-escolar\\\/\"]}]},{\"@type\":\"ImageObject\",\"inLanguage\":\"es\",\"@id\":\"https:\\\/\\\/www.eldiario.net\\\/portal\\\/2022\\\/09\\\/14\\\/transito-insiste-que-educacion-vial-debe-estar-en-la-curricula-escolar\\\/#primaryimage\",\"url\":\"\",\"contentUrl\":\"\"},{\"@type\":\"BreadcrumbList\",\"@id\":\"https:\\\/\\\/www.eldiario.net\\\/portal\\\/2022\\\/09\\\/14\\\/transito-insiste-que-educacion-vial-debe-estar-en-la-curricula-escolar\\\/#breadcrumb\",\"itemListElement\":[{\"@type\":\"ListItem\",\"position\":1,\"name\":\"Portada\",\"item\":\"https:\\\/\\\/www.eldiario.net\\\/portal\\\/\"},{\"@type\":\"ListItem\",\"position\":2,\"name\":\"Tr\u00e1nsito insiste que educaci\u00f3n vial debe estar en la curr\u00edcula escolar\"}]},{\"@type\":\"WebSite\",\"@id\":\"https:\\\/\\\/www.eldiario.net\\\/portal\\\/#website\",\"url\":\"https:\\\/\\\/www.eldiario.net\\\/portal\\\/\",\"name\":\"El Diario - Decano de la prensa nacional\",\"description\":\"El Diario - Decano de la prensa nacional\",\"publisher\":{\"@id\":\"https:\\\/\\\/www.eldiario.net\\\/portal\\\/#organization\"},\"potentialAction\":[{\"@type\":\"SearchAction\",\"target\":{\"@type\":\"EntryPoint\",\"urlTemplate\":\"https:\\\/\\\/www.eldiario.net\\\/portal\\\/?s={search_term_string}\"},\"query-input\":{\"@type\":\"PropertyValueSpecification\",\"valueRequired\":true,\"valueName\":\"search_term_string\"}}],\"inLanguage\":\"es\"},{\"@type\":\"Organization\",\"@id\":\"https:\\\/\\\/www.eldiario.net\\\/portal\\\/#organization\",\"name\":\"El Diario - Decano de la prensa nacional\",\"url\":\"https:\\\/\\\/www.eldiario.net\\\/portal\\\/\",\"logo\":{\"@type\":\"ImageObject\",\"inLanguage\":\"es\",\"@id\":\"https:\\\/\\\/www.eldiario.net\\\/portal\\\/#\\\/schema\\\/logo\\\/image\\\/\",\"url\":\"https:\\\/\\\/www.eldiario.net\\\/portal\\\/wp-content\\\/uploads\\\/2023\\\/07\\\/logo_ED.jpg\",\"contentUrl\":\"https:\\\/\\\/www.eldiario.net\\\/portal\\\/wp-content\\\/uploads\\\/2023\\\/07\\\/logo_ED.jpg\",\"width\":272,\"height\":52,\"caption\":\"El Diario - Decano de la prensa nacional\"},\"image\":{\"@id\":\"https:\\\/\\\/www.eldiario.net\\\/portal\\\/#\\\/schema\\\/logo\\\/image\\\/\"},\"sameAs\":[\"https:\\\/\\\/www.facebook.com\\\/eldiario.bolivia\\\/\",\"https:\\\/\\\/x.com\\\/eldiario_net\"]},{\"@type\":\"Person\",\"@id\":\"https:\\\/\\\/www.eldiario.net\\\/portal\\\/#\\\/schema\\\/person\\\/2c57cf2b7a7ae032e449e4c9b1019eac\",\"name\":\"Jeanette\",\"image\":{\"@type\":\"ImageObject\",\"inLanguage\":\"es\",\"@id\":\"https:\\\/\\\/secure.gravatar.com\\\/avatar\\\/3ea2118a5f7dad2b7138b1187a6b7ee55f160b9968b66013c3a3ef39dd7e5798?s=96&d=mm&r=g\",\"url\":\"https:\\\/\\\/secure.gravatar.com\\\/avatar\\\/3ea2118a5f7dad2b7138b1187a6b7ee55f160b9968b66013c3a3ef39dd7e5798?s=96&d=mm&r=g\",\"contentUrl\":\"https:\\\/\\\/secure.gravatar.com\\\/avatar\\\/3ea2118a5f7dad2b7138b1187a6b7ee55f160b9968b66013c3a3ef39dd7e5798?s=96&d=mm&r=g\",\"caption\":\"Jeanette\"},\"sameAs\":[\"https:\\\/\\\/www.eldiario.net\\\/portal\"],\"url\":\"https:\\\/\\\/www.eldiario.net\\\/portal\\\/author\\\/jeanette\\\/\"}]}<\/script>\n<!-- \/ Yoast SEO plugin. -->","yoast_head_json":{"title":"Tr\u00e1nsito insiste que educaci\u00f3n vial debe estar en la curr\u00edcula escolar - El Diario - Bolivia","robots":{"index":"index","follow":"follow","max-snippet":"max-snippet:-1","max-image-preview":"max-image-preview:large","max-video-preview":"max-video-preview:-1"},"canonical":"https:\/\/www.eldiario.net\/portal\/2022\/09\/14\/transito-insiste-que-educacion-vial-debe-estar-en-la-curricula-escolar\/","og_locale":"es_ES","og_type":"article","og_title":"Tr\u00e1nsito insiste que educaci\u00f3n vial debe estar en la curr\u00edcula escolar - El Diario - Bolivia","og_description":"Debido a los \u00faltimos hechos de tr\u00e1nsito registrados en la ciudad de La Paz, y los altos \u00edndices de fallas humanas, el director nacional de Tr\u00e1nsito, Mario Medina, manifest\u00f3 a EL DIARIO la necesidad de que se incluya en la curr\u00edcula escolar la educaci\u00f3n vial, que no debe entenderse como la mera adquisici\u00f3n de conocimientos, [&hellip;]","og_url":"https:\/\/www.eldiario.net\/portal\/2022\/09\/14\/transito-insiste-que-educacion-vial-debe-estar-en-la-curricula-escolar\/","og_site_name":"El Diario - Bolivia","article_publisher":"https:\/\/www.facebook.com\/eldiario.bolivia\/","article_published_time":"2022-09-14T10:17:14+00:00","author":"Jeanette","twitter_card":"summary_large_image","twitter_creator":"@eldiario_net","twitter_site":"@eldiario_net","twitter_misc":{"Escrito por":"Jeanette","Tiempo de lectura":"4 minutos"},"schema":{"@context":"https:\/\/schema.org","@graph":[{"@type":"Article","@id":"https:\/\/www.eldiario.net\/portal\/2022\/09\/14\/transito-insiste-que-educacion-vial-debe-estar-en-la-curricula-escolar\/#article","isPartOf":{"@id":"https:\/\/www.eldiario.net\/portal\/2022\/09\/14\/transito-insiste-que-educacion-vial-debe-estar-en-la-curricula-escolar\/"},"author":{"name":"Jeanette","@id":"https:\/\/www.eldiario.net\/portal\/#\/schema\/person\/2c57cf2b7a7ae032e449e4c9b1019eac"},"headline":"Tr\u00e1nsito insiste que educaci\u00f3n vial debe estar en la curr\u00edcula escolar","datePublished":"2022-09-14T10:17:14+00:00","mainEntityOfPage":{"@id":"https:\/\/www.eldiario.net\/portal\/2022\/09\/14\/transito-insiste-que-educacion-vial-debe-estar-en-la-curricula-escolar\/"},"wordCount":878,"publisher":{"@id":"https:\/\/www.eldiario.net\/portal\/#organization"},"image":{"@id":"https:\/\/www.eldiario.net\/portal\/2022\/09\/14\/transito-insiste-que-educacion-vial-debe-estar-en-la-curricula-escolar\/#primaryimage"},"thumbnailUrl":"","articleSection":["Sociedad - Seguridad"],"inLanguage":"es"},{"@type":"WebPage","@id":"https:\/\/www.eldiario.net\/portal\/2022\/09\/14\/transito-insiste-que-educacion-vial-debe-estar-en-la-curricula-escolar\/","url":"https:\/\/www.eldiario.net\/portal\/2022\/09\/14\/transito-insiste-que-educacion-vial-debe-estar-en-la-curricula-escolar\/","name":"Tr\u00e1nsito insiste que educaci\u00f3n vial debe estar en la curr\u00edcula escolar - El Diario - Bolivia","isPartOf":{"@id":"https:\/\/www.eldiario.net\/portal\/#website"},"primaryImageOfPage":{"@id":"https:\/\/www.eldiario.net\/portal\/2022\/09\/14\/transito-insiste-que-educacion-vial-debe-estar-en-la-curricula-escolar\/#primaryimage"},"image":{"@id":"https:\/\/www.eldiario.net\/portal\/2022\/09\/14\/transito-insiste-que-educacion-vial-debe-estar-en-la-curricula-escolar\/#primaryimage"},"thumbnailUrl":"","datePublished":"2022-09-14T10:17:14+00:00","breadcrumb":{"@id":"https:\/\/www.eldiario.net\/portal\/2022\/09\/14\/transito-insiste-que-educacion-vial-debe-estar-en-la-curricula-escolar\/#breadcrumb"},"inLanguage":"es","potentialAction":[{"@type":"ReadAction","target":["https:\/\/www.eldiario.net\/portal\/2022\/09\/14\/transito-insiste-que-educacion-vial-debe-estar-en-la-curricula-escolar\/"]}]},{"@type":"ImageObject","inLanguage":"es","@id":"https:\/\/www.eldiario.net\/portal\/2022\/09\/14\/transito-insiste-que-educacion-vial-debe-estar-en-la-curricula-escolar\/#primaryimage","url":"","contentUrl":""},{"@type":"BreadcrumbList","@id":"https:\/\/www.eldiario.net\/portal\/2022\/09\/14\/transito-insiste-que-educacion-vial-debe-estar-en-la-curricula-escolar\/#breadcrumb","itemListElement":[{"@type":"ListItem","position":1,"name":"Portada","item":"https:\/\/www.eldiario.net\/portal\/"},{"@type":"ListItem","position":2,"name":"Tr\u00e1nsito insiste que educaci\u00f3n vial debe estar en la curr\u00edcula escolar"}]},{"@type":"WebSite","@id":"https:\/\/www.eldiario.net\/portal\/#website","url":"https:\/\/www.eldiario.net\/portal\/","name":"El Diario - Decano de la prensa nacional","description":"El Diario - Decano de la prensa nacional","publisher":{"@id":"https:\/\/www.eldiario.net\/portal\/#organization"},"potentialAction":[{"@type":"SearchAction","target":{"@type":"EntryPoint","urlTemplate":"https:\/\/www.eldiario.net\/portal\/?s={search_term_string}"},"query-input":{"@type":"PropertyValueSpecification","valueRequired":true,"valueName":"search_term_string"}}],"inLanguage":"es"},{"@type":"Organization","@id":"https:\/\/www.eldiario.net\/portal\/#organization","name":"El Diario - Decano de la prensa nacional","url":"https:\/\/www.eldiario.net\/portal\/","logo":{"@type":"ImageObject","inLanguage":"es","@id":"https:\/\/www.eldiario.net\/portal\/#\/schema\/logo\/image\/","url":"https:\/\/www.eldiario.net\/portal\/wp-content\/uploads\/2023\/07\/logo_ED.jpg","contentUrl":"https:\/\/www.eldiario.net\/portal\/wp-content\/uploads\/2023\/07\/logo_ED.jpg","width":272,"height":52,"caption":"El Diario - Decano de la prensa nacional"},"image":{"@id":"https:\/\/www.eldiario.net\/portal\/#\/schema\/logo\/image\/"},"sameAs":["https:\/\/www.facebook.com\/eldiario.bolivia\/","https:\/\/x.com\/eldiario_net"]},{"@type":"Person","@id":"https:\/\/www.eldiario.net\/portal\/#\/schema\/person\/2c57cf2b7a7ae032e449e4c9b1019eac","name":"Jeanette","image":{"@type":"ImageObject","inLanguage":"es","@id":"https:\/\/secure.gravatar.com\/avatar\/3ea2118a5f7dad2b7138b1187a6b7ee55f160b9968b66013c3a3ef39dd7e5798?s=96&d=mm&r=g","url":"https:\/\/secure.gravatar.com\/avatar\/3ea2118a5f7dad2b7138b1187a6b7ee55f160b9968b66013c3a3ef39dd7e5798?s=96&d=mm&r=g","contentUrl":"https:\/\/secure.gravatar.com\/avatar\/3ea2118a5f7dad2b7138b1187a6b7ee55f160b9968b66013c3a3ef39dd7e5798?s=96&d=mm&r=g","caption":"Jeanette"},"sameAs":["https:\/\/www.eldiario.net\/portal"],"url":"https:\/\/www.eldiario.net\/portal\/author\/jeanette\/"}]}},"_links":{"self":[{"href":"https:\/\/www.eldiario.net\/portal\/wp-json\/wp\/v2\/posts\/110650","targetHints":{"allow":["GET"]}}],"collection":[{"href":"https:\/\/www.eldiario.net\/portal\/wp-json\/wp\/v2\/posts"}],"about":[{"href":"https:\/\/www.eldiario.net\/portal\/wp-json\/wp\/v2\/types\/post"}],"author":[{"embeddable":true,"href":"https:\/\/www.eldiario.net\/portal\/wp-json\/wp\/v2\/users\/1"}],"replies":[{"embeddable":true,"href":"https:\/\/www.eldiario.net\/portal\/wp-json\/wp\/v2\/comments?post=110650"}],"version-history":[{"count":0,"href":"https:\/\/www.eldiario.net\/portal\/wp-json\/wp\/v2\/posts\/110650\/revisions"}],"wp:attachment":[{"href":"https:\/\/www.eldiario.net\/portal\/wp-json\/wp\/v2\/media?parent=110650"}],"wp:term":[{"taxonomy":"category","embeddable":true,"href":"https:\/\/www.eldiario.net\/portal\/wp-json\/wp\/v2\/categories?post=110650"},{"taxonomy":"post_tag","embeddable":true,"href":"https:\/\/www.eldiario.net\/portal\/wp-json\/wp\/v2\/tags?post=110650"}],"curies":[{"name":"wp","href":"https:\/\/api.w.org\/{rel}","templated":true}]}}