{"id":110644,"date":"2022-09-14T06:11:55","date_gmt":"2022-09-14T10:11:55","guid":{"rendered":"https:\/\/www.eldiario.net\/portal\/?p=110644"},"modified":"2022-09-14T06:11:55","modified_gmt":"2022-09-14T10:11:55","slug":"dictan-ocho-anos-de-carcel-para-exministro-de-arce","status":"publish","type":"post","link":"https:\/\/www.eldiario.net\/portal\/2022\/09\/14\/dictan-ocho-anos-de-carcel-para-exministro-de-arce\/","title":{"rendered":"Dictan ocho a\u00f1os de c\u00e1rcel  para exministro de Arce"},"content":{"rendered":"<p>El exministro de Desarrollo Rural y Tierras, Edwin Characayo, aprehendido en abril de 2021, acusado de recibir sobornos por un tr\u00e1mite de saneamiento de tierras de una propiedad en el departamento de Santa Cruz, fue sentenciado ayer a ocho a\u00f1os de privaci\u00f3n de libertad, inform\u00f3 a EL DIARIO el abogado Eusebio Vera, que patrocina a la v\u00edctima Dareen Schmidt.<br \/>\nEl Tribunal Primero de Sentencia Anticorrupci\u00f3n de La Paz, sentenci\u00f3 tambi\u00e9n a ocho a\u00f1os de c\u00e1rcel al exdirector de Desarrollo Rural, Hiper Garc\u00eda Queca\u00f1a, quien cometi\u00f3 el delito de uso indebido de influencias.<br \/>\nA mediados de abril de 2021, Characayo y Garc\u00eda fueron aprehendidos cuando recib\u00edan una presunta \u201ccoima\u201d en inmediaciones de El Prado, en pleno centro pace\u00f1o, para sanear tierras en el departamento de Santa Cruz.<br \/>\n\u201cLos jueces han sentenciado a la pena privativa de libertad de ocho a\u00f1os de privaci\u00f3n de libertad, por la comisi\u00f3n del delito de cohecho pasivo propio en contra de (\u2026) Characayo, a ser cumplido en el penal de Palmasola de Santa Cruz\u201d, precis\u00f3 el jurista.<br \/>\nEl jurista aclar\u00f3 que el tribunal ha considerado la existencia del hecho que ocurri\u00f3 el 13 de abril de 2021, cuando en una acci\u00f3n directa de la Polic\u00eda, los ahora dos acusados, fueron sorprendidos en posesi\u00f3n de 20 mil d\u00f3lares americanos.<br \/>\n\u201cSe ha establecido tambi\u00e9n la participaci\u00f3n efectiva de los ahora sentenciados en esos hechos. Ambos acusados, al momento de los hechos eran servidores p\u00fablicos, ah\u00ed se encuentra lo relevante de este caso porque estamos hablando de una alta autoridad del Estado. Esos factores han sido plenamente corroborados e identificados y valorados por el Tribunal de Sentencia\u201d, apunt\u00f3.<\/p>\n<p>DATOS<br \/>\nCharacayo fue detenido cuando estaba en funciones, fue filmado y fotografiado por la Polic\u00eda mientras recib\u00eda 20.000 d\u00f3lares en El Prado pace\u00f1o. En la oportunidad el ministro de Gobierno, Eduardo Del Castillo, calific\u00f3 el hecho como \u201cejemplar\u201d y dijo que era la voluntad del presidente, Luis Arce, para combatir la corrupci\u00f3n.<br \/>\nEn la oportunidad, Del Castillo explic\u00f3 que exist\u00eda una red de corrupci\u00f3n que comercia fallos sobre propiedad de tierras rurales.<br \/>\nInformaron que el soborno era parte de un pago de 380.000 d\u00f3lares que supuestamente exigieron las personas involucradas en este caso para conceder un t\u00edtulo de propiedad a la hacienda El Triunfo II, ubicada en San Ram\u00f3n, un municipio de la regi\u00f3n ganadera de Beni.<br \/>\nEl antecesor de Characayo, Wilson C\u00e1ceres, fue desvinculado porque hab\u00eda contratado a su pareja sentimental como su jefa de equipo.<\/p>\n","protected":false},"excerpt":{"rendered":"<p>El exministro de Desarrollo Rural y Tierras, Edwin Characayo, aprehendido en abril de 2021, acusado de recibir sobornos por un tr\u00e1mite de saneamiento de tierras de una propiedad en el departamento de Santa Cruz, fue sentenciado ayer a ocho a\u00f1os de privaci\u00f3n de libertad, inform\u00f3 a EL DIARIO el abogado Eusebio Vera, que patrocina a [&hellip;]<\/p>\n","protected":false},"author":1,"featured_media":110645,"comment_status":"closed","ping_status":"closed","sticky":false,"template":"","format":"standard","meta":{"_acf_changed":false,"footnotes":""},"categories":[39],"tags":[],"class_list":["post-110644","post","type-post","status-publish","format-standard","has-post-thumbnail","category-sociedad"],"acf":{"antetitulo":""},"yoast_head":"<!-- This site is optimized with the Yoast SEO plugin v28.4 - https:\/\/yoast.com\/product\/yoast-seo-wordpress\/ -->\n<title>Dictan ocho a\u00f1os de c\u00e1rcel para exministro de Arce - El Diario - Bolivia<\/title>\n<meta name=\"robots\" content=\"index, follow, max-snippet:-1, max-image-preview:large, max-video-preview:-1\" \/>\n<link rel=\"canonical\" href=\"https:\/\/www.eldiario.net\/portal\/2022\/09\/14\/dictan-ocho-anos-de-carcel-para-exministro-de-arce\/\" \/>\n<meta property=\"og:locale\" content=\"es_ES\" \/>\n<meta property=\"og:type\" content=\"article\" \/>\n<meta property=\"og:title\" content=\"Dictan ocho a\u00f1os de c\u00e1rcel para exministro de Arce - El Diario - Bolivia\" \/>\n<meta property=\"og:description\" content=\"El exministro de Desarrollo Rural y Tierras, Edwin Characayo, aprehendido en abril de 2021, acusado de recibir sobornos por un tr\u00e1mite de saneamiento de tierras de una propiedad en el departamento de Santa Cruz, fue sentenciado ayer a ocho a\u00f1os de privaci\u00f3n de libertad, inform\u00f3 a EL DIARIO el abogado Eusebio Vera, que patrocina a [&hellip;]\" \/>\n<meta property=\"og:url\" content=\"https:\/\/www.eldiario.net\/portal\/2022\/09\/14\/dictan-ocho-anos-de-carcel-para-exministro-de-arce\/\" \/>\n<meta property=\"og:site_name\" content=\"El Diario - Bolivia\" \/>\n<meta property=\"article:publisher\" content=\"https:\/\/www.facebook.com\/eldiario.bolivia\/\" \/>\n<meta property=\"article:published_time\" content=\"2022-09-14T10:11:55+00:00\" \/>\n<meta name=\"author\" content=\"Jeanette\" \/>\n<meta name=\"twitter:card\" content=\"summary_large_image\" \/>\n<meta name=\"twitter:creator\" content=\"@eldiario_net\" \/>\n<meta name=\"twitter:site\" content=\"@eldiario_net\" \/>\n<meta name=\"twitter:label1\" content=\"Escrito por\" \/>\n\t<meta name=\"twitter:data1\" content=\"Jeanette\" \/>\n\t<meta name=\"twitter:label2\" content=\"Tiempo de lectura\" \/>\n\t<meta name=\"twitter:data2\" content=\"2 minutos\" \/>\n<script type=\"application\/ld+json\" class=\"yoast-schema-graph\">{\"@context\":\"https:\\\/\\\/schema.org\",\"@graph\":[{\"@type\":\"Article\",\"@id\":\"https:\\\/\\\/www.eldiario.net\\\/portal\\\/2022\\\/09\\\/14\\\/dictan-ocho-anos-de-carcel-para-exministro-de-arce\\\/#article\",\"isPartOf\":{\"@id\":\"https:\\\/\\\/www.eldiario.net\\\/portal\\\/2022\\\/09\\\/14\\\/dictan-ocho-anos-de-carcel-para-exministro-de-arce\\\/\"},\"author\":{\"name\":\"Jeanette\",\"@id\":\"https:\\\/\\\/www.eldiario.net\\\/portal\\\/#\\\/schema\\\/person\\\/2c57cf2b7a7ae032e449e4c9b1019eac\"},\"headline\":\"Dictan ocho a\u00f1os de c\u00e1rcel para exministro de Arce\",\"datePublished\":\"2022-09-14T10:11:55+00:00\",\"mainEntityOfPage\":{\"@id\":\"https:\\\/\\\/www.eldiario.net\\\/portal\\\/2022\\\/09\\\/14\\\/dictan-ocho-anos-de-carcel-para-exministro-de-arce\\\/\"},\"wordCount\":445,\"publisher\":{\"@id\":\"https:\\\/\\\/www.eldiario.net\\\/portal\\\/#organization\"},\"image\":{\"@id\":\"https:\\\/\\\/www.eldiario.net\\\/portal\\\/2022\\\/09\\\/14\\\/dictan-ocho-anos-de-carcel-para-exministro-de-arce\\\/#primaryimage\"},\"thumbnailUrl\":\"\",\"articleSection\":[\"Sociedad - Seguridad\"],\"inLanguage\":\"es\"},{\"@type\":\"WebPage\",\"@id\":\"https:\\\/\\\/www.eldiario.net\\\/portal\\\/2022\\\/09\\\/14\\\/dictan-ocho-anos-de-carcel-para-exministro-de-arce\\\/\",\"url\":\"https:\\\/\\\/www.eldiario.net\\\/portal\\\/2022\\\/09\\\/14\\\/dictan-ocho-anos-de-carcel-para-exministro-de-arce\\\/\",\"name\":\"Dictan ocho a\u00f1os de c\u00e1rcel para exministro de Arce - El Diario - Bolivia\",\"isPartOf\":{\"@id\":\"https:\\\/\\\/www.eldiario.net\\\/portal\\\/#website\"},\"primaryImageOfPage\":{\"@id\":\"https:\\\/\\\/www.eldiario.net\\\/portal\\\/2022\\\/09\\\/14\\\/dictan-ocho-anos-de-carcel-para-exministro-de-arce\\\/#primaryimage\"},\"image\":{\"@id\":\"https:\\\/\\\/www.eldiario.net\\\/portal\\\/2022\\\/09\\\/14\\\/dictan-ocho-anos-de-carcel-para-exministro-de-arce\\\/#primaryimage\"},\"thumbnailUrl\":\"\",\"datePublished\":\"2022-09-14T10:11:55+00:00\",\"breadcrumb\":{\"@id\":\"https:\\\/\\\/www.eldiario.net\\\/portal\\\/2022\\\/09\\\/14\\\/dictan-ocho-anos-de-carcel-para-exministro-de-arce\\\/#breadcrumb\"},\"inLanguage\":\"es\",\"potentialAction\":[{\"@type\":\"ReadAction\",\"target\":[\"https:\\\/\\\/www.eldiario.net\\\/portal\\\/2022\\\/09\\\/14\\\/dictan-ocho-anos-de-carcel-para-exministro-de-arce\\\/\"]}]},{\"@type\":\"ImageObject\",\"inLanguage\":\"es\",\"@id\":\"https:\\\/\\\/www.eldiario.net\\\/portal\\\/2022\\\/09\\\/14\\\/dictan-ocho-anos-de-carcel-para-exministro-de-arce\\\/#primaryimage\",\"url\":\"\",\"contentUrl\":\"\"},{\"@type\":\"BreadcrumbList\",\"@id\":\"https:\\\/\\\/www.eldiario.net\\\/portal\\\/2022\\\/09\\\/14\\\/dictan-ocho-anos-de-carcel-para-exministro-de-arce\\\/#breadcrumb\",\"itemListElement\":[{\"@type\":\"ListItem\",\"position\":1,\"name\":\"Portada\",\"item\":\"https:\\\/\\\/www.eldiario.net\\\/portal\\\/\"},{\"@type\":\"ListItem\",\"position\":2,\"name\":\"Dictan ocho a\u00f1os de c\u00e1rcel para exministro de Arce\"}]},{\"@type\":\"WebSite\",\"@id\":\"https:\\\/\\\/www.eldiario.net\\\/portal\\\/#website\",\"url\":\"https:\\\/\\\/www.eldiario.net\\\/portal\\\/\",\"name\":\"El Diario - Decano de la prensa nacional\",\"description\":\"El Diario - Decano de la prensa nacional\",\"publisher\":{\"@id\":\"https:\\\/\\\/www.eldiario.net\\\/portal\\\/#organization\"},\"potentialAction\":[{\"@type\":\"SearchAction\",\"target\":{\"@type\":\"EntryPoint\",\"urlTemplate\":\"https:\\\/\\\/www.eldiario.net\\\/portal\\\/?s={search_term_string}\"},\"query-input\":{\"@type\":\"PropertyValueSpecification\",\"valueRequired\":true,\"valueName\":\"search_term_string\"}}],\"inLanguage\":\"es\"},{\"@type\":\"Organization\",\"@id\":\"https:\\\/\\\/www.eldiario.net\\\/portal\\\/#organization\",\"name\":\"El Diario - Decano de la prensa nacional\",\"url\":\"https:\\\/\\\/www.eldiario.net\\\/portal\\\/\",\"logo\":{\"@type\":\"ImageObject\",\"inLanguage\":\"es\",\"@id\":\"https:\\\/\\\/www.eldiario.net\\\/portal\\\/#\\\/schema\\\/logo\\\/image\\\/\",\"url\":\"https:\\\/\\\/www.eldiario.net\\\/portal\\\/wp-content\\\/uploads\\\/2023\\\/07\\\/logo_ED.jpg\",\"contentUrl\":\"https:\\\/\\\/www.eldiario.net\\\/portal\\\/wp-content\\\/uploads\\\/2023\\\/07\\\/logo_ED.jpg\",\"width\":272,\"height\":52,\"caption\":\"El Diario - Decano de la prensa nacional\"},\"image\":{\"@id\":\"https:\\\/\\\/www.eldiario.net\\\/portal\\\/#\\\/schema\\\/logo\\\/image\\\/\"},\"sameAs\":[\"https:\\\/\\\/www.facebook.com\\\/eldiario.bolivia\\\/\",\"https:\\\/\\\/x.com\\\/eldiario_net\"]},{\"@type\":\"Person\",\"@id\":\"https:\\\/\\\/www.eldiario.net\\\/portal\\\/#\\\/schema\\\/person\\\/2c57cf2b7a7ae032e449e4c9b1019eac\",\"name\":\"Jeanette\",\"image\":{\"@type\":\"ImageObject\",\"inLanguage\":\"es\",\"@id\":\"https:\\\/\\\/secure.gravatar.com\\\/avatar\\\/3ea2118a5f7dad2b7138b1187a6b7ee55f160b9968b66013c3a3ef39dd7e5798?s=96&d=mm&r=g\",\"url\":\"https:\\\/\\\/secure.gravatar.com\\\/avatar\\\/3ea2118a5f7dad2b7138b1187a6b7ee55f160b9968b66013c3a3ef39dd7e5798?s=96&d=mm&r=g\",\"contentUrl\":\"https:\\\/\\\/secure.gravatar.com\\\/avatar\\\/3ea2118a5f7dad2b7138b1187a6b7ee55f160b9968b66013c3a3ef39dd7e5798?s=96&d=mm&r=g\",\"caption\":\"Jeanette\"},\"sameAs\":[\"https:\\\/\\\/www.eldiario.net\\\/portal\"],\"url\":\"https:\\\/\\\/www.eldiario.net\\\/portal\\\/author\\\/jeanette\\\/\"}]}<\/script>\n<!-- \/ Yoast SEO plugin. -->","yoast_head_json":{"title":"Dictan ocho a\u00f1os de c\u00e1rcel para exministro de Arce - El Diario - Bolivia","robots":{"index":"index","follow":"follow","max-snippet":"max-snippet:-1","max-image-preview":"max-image-preview:large","max-video-preview":"max-video-preview:-1"},"canonical":"https:\/\/www.eldiario.net\/portal\/2022\/09\/14\/dictan-ocho-anos-de-carcel-para-exministro-de-arce\/","og_locale":"es_ES","og_type":"article","og_title":"Dictan ocho a\u00f1os de c\u00e1rcel para exministro de Arce - El Diario - Bolivia","og_description":"El exministro de Desarrollo Rural y Tierras, Edwin Characayo, aprehendido en abril de 2021, acusado de recibir sobornos por un tr\u00e1mite de saneamiento de tierras de una propiedad en el departamento de Santa Cruz, fue sentenciado ayer a ocho a\u00f1os de privaci\u00f3n de libertad, inform\u00f3 a EL DIARIO el abogado Eusebio Vera, que patrocina a [&hellip;]","og_url":"https:\/\/www.eldiario.net\/portal\/2022\/09\/14\/dictan-ocho-anos-de-carcel-para-exministro-de-arce\/","og_site_name":"El Diario - Bolivia","article_publisher":"https:\/\/www.facebook.com\/eldiario.bolivia\/","article_published_time":"2022-09-14T10:11:55+00:00","author":"Jeanette","twitter_card":"summary_large_image","twitter_creator":"@eldiario_net","twitter_site":"@eldiario_net","twitter_misc":{"Escrito por":"Jeanette","Tiempo de lectura":"2 minutos"},"schema":{"@context":"https:\/\/schema.org","@graph":[{"@type":"Article","@id":"https:\/\/www.eldiario.net\/portal\/2022\/09\/14\/dictan-ocho-anos-de-carcel-para-exministro-de-arce\/#article","isPartOf":{"@id":"https:\/\/www.eldiario.net\/portal\/2022\/09\/14\/dictan-ocho-anos-de-carcel-para-exministro-de-arce\/"},"author":{"name":"Jeanette","@id":"https:\/\/www.eldiario.net\/portal\/#\/schema\/person\/2c57cf2b7a7ae032e449e4c9b1019eac"},"headline":"Dictan ocho a\u00f1os de c\u00e1rcel para exministro de Arce","datePublished":"2022-09-14T10:11:55+00:00","mainEntityOfPage":{"@id":"https:\/\/www.eldiario.net\/portal\/2022\/09\/14\/dictan-ocho-anos-de-carcel-para-exministro-de-arce\/"},"wordCount":445,"publisher":{"@id":"https:\/\/www.eldiario.net\/portal\/#organization"},"image":{"@id":"https:\/\/www.eldiario.net\/portal\/2022\/09\/14\/dictan-ocho-anos-de-carcel-para-exministro-de-arce\/#primaryimage"},"thumbnailUrl":"","articleSection":["Sociedad - Seguridad"],"inLanguage":"es"},{"@type":"WebPage","@id":"https:\/\/www.eldiario.net\/portal\/2022\/09\/14\/dictan-ocho-anos-de-carcel-para-exministro-de-arce\/","url":"https:\/\/www.eldiario.net\/portal\/2022\/09\/14\/dictan-ocho-anos-de-carcel-para-exministro-de-arce\/","name":"Dictan ocho a\u00f1os de c\u00e1rcel para exministro de Arce - El Diario - Bolivia","isPartOf":{"@id":"https:\/\/www.eldiario.net\/portal\/#website"},"primaryImageOfPage":{"@id":"https:\/\/www.eldiario.net\/portal\/2022\/09\/14\/dictan-ocho-anos-de-carcel-para-exministro-de-arce\/#primaryimage"},"image":{"@id":"https:\/\/www.eldiario.net\/portal\/2022\/09\/14\/dictan-ocho-anos-de-carcel-para-exministro-de-arce\/#primaryimage"},"thumbnailUrl":"","datePublished":"2022-09-14T10:11:55+00:00","breadcrumb":{"@id":"https:\/\/www.eldiario.net\/portal\/2022\/09\/14\/dictan-ocho-anos-de-carcel-para-exministro-de-arce\/#breadcrumb"},"inLanguage":"es","potentialAction":[{"@type":"ReadAction","target":["https:\/\/www.eldiario.net\/portal\/2022\/09\/14\/dictan-ocho-anos-de-carcel-para-exministro-de-arce\/"]}]},{"@type":"ImageObject","inLanguage":"es","@id":"https:\/\/www.eldiario.net\/portal\/2022\/09\/14\/dictan-ocho-anos-de-carcel-para-exministro-de-arce\/#primaryimage","url":"","contentUrl":""},{"@type":"BreadcrumbList","@id":"https:\/\/www.eldiario.net\/portal\/2022\/09\/14\/dictan-ocho-anos-de-carcel-para-exministro-de-arce\/#breadcrumb","itemListElement":[{"@type":"ListItem","position":1,"name":"Portada","item":"https:\/\/www.eldiario.net\/portal\/"},{"@type":"ListItem","position":2,"name":"Dictan ocho a\u00f1os de c\u00e1rcel para exministro de Arce"}]},{"@type":"WebSite","@id":"https:\/\/www.eldiario.net\/portal\/#website","url":"https:\/\/www.eldiario.net\/portal\/","name":"El Diario - Decano de la prensa nacional","description":"El Diario - Decano de la prensa nacional","publisher":{"@id":"https:\/\/www.eldiario.net\/portal\/#organization"},"potentialAction":[{"@type":"SearchAction","target":{"@type":"EntryPoint","urlTemplate":"https:\/\/www.eldiario.net\/portal\/?s={search_term_string}"},"query-input":{"@type":"PropertyValueSpecification","valueRequired":true,"valueName":"search_term_string"}}],"inLanguage":"es"},{"@type":"Organization","@id":"https:\/\/www.eldiario.net\/portal\/#organization","name":"El Diario - Decano de la prensa nacional","url":"https:\/\/www.eldiario.net\/portal\/","logo":{"@type":"ImageObject","inLanguage":"es","@id":"https:\/\/www.eldiario.net\/portal\/#\/schema\/logo\/image\/","url":"https:\/\/www.eldiario.net\/portal\/wp-content\/uploads\/2023\/07\/logo_ED.jpg","contentUrl":"https:\/\/www.eldiario.net\/portal\/wp-content\/uploads\/2023\/07\/logo_ED.jpg","width":272,"height":52,"caption":"El Diario - Decano de la prensa nacional"},"image":{"@id":"https:\/\/www.eldiario.net\/portal\/#\/schema\/logo\/image\/"},"sameAs":["https:\/\/www.facebook.com\/eldiario.bolivia\/","https:\/\/x.com\/eldiario_net"]},{"@type":"Person","@id":"https:\/\/www.eldiario.net\/portal\/#\/schema\/person\/2c57cf2b7a7ae032e449e4c9b1019eac","name":"Jeanette","image":{"@type":"ImageObject","inLanguage":"es","@id":"https:\/\/secure.gravatar.com\/avatar\/3ea2118a5f7dad2b7138b1187a6b7ee55f160b9968b66013c3a3ef39dd7e5798?s=96&d=mm&r=g","url":"https:\/\/secure.gravatar.com\/avatar\/3ea2118a5f7dad2b7138b1187a6b7ee55f160b9968b66013c3a3ef39dd7e5798?s=96&d=mm&r=g","contentUrl":"https:\/\/secure.gravatar.com\/avatar\/3ea2118a5f7dad2b7138b1187a6b7ee55f160b9968b66013c3a3ef39dd7e5798?s=96&d=mm&r=g","caption":"Jeanette"},"sameAs":["https:\/\/www.eldiario.net\/portal"],"url":"https:\/\/www.eldiario.net\/portal\/author\/jeanette\/"}]}},"_links":{"self":[{"href":"https:\/\/www.eldiario.net\/portal\/wp-json\/wp\/v2\/posts\/110644","targetHints":{"allow":["GET"]}}],"collection":[{"href":"https:\/\/www.eldiario.net\/portal\/wp-json\/wp\/v2\/posts"}],"about":[{"href":"https:\/\/www.eldiario.net\/portal\/wp-json\/wp\/v2\/types\/post"}],"author":[{"embeddable":true,"href":"https:\/\/www.eldiario.net\/portal\/wp-json\/wp\/v2\/users\/1"}],"replies":[{"embeddable":true,"href":"https:\/\/www.eldiario.net\/portal\/wp-json\/wp\/v2\/comments?post=110644"}],"version-history":[{"count":0,"href":"https:\/\/www.eldiario.net\/portal\/wp-json\/wp\/v2\/posts\/110644\/revisions"}],"wp:attachment":[{"href":"https:\/\/www.eldiario.net\/portal\/wp-json\/wp\/v2\/media?parent=110644"}],"wp:term":[{"taxonomy":"category","embeddable":true,"href":"https:\/\/www.eldiario.net\/portal\/wp-json\/wp\/v2\/categories?post=110644"},{"taxonomy":"post_tag","embeddable":true,"href":"https:\/\/www.eldiario.net\/portal\/wp-json\/wp\/v2\/tags?post=110644"}],"curies":[{"name":"wp","href":"https:\/\/api.w.org\/{rel}","templated":true}]}}