{"id":110641,"date":"2022-09-14T06:11:04","date_gmt":"2022-09-14T10:11:04","guid":{"rendered":"https:\/\/www.eldiario.net\/portal\/?p=110641"},"modified":"2022-09-14T06:11:04","modified_gmt":"2022-09-14T10:11:04","slug":"tribunal-de-garantias-analizara-caso-de-detenidos-en-santa-cruz","status":"publish","type":"post","link":"https:\/\/www.eldiario.net\/portal\/2022\/09\/14\/tribunal-de-garantias-analizara-caso-de-detenidos-en-santa-cruz\/","title":{"rendered":"Tribunal de garant\u00edas analizar\u00e1  caso de detenidos en Santa Cruz"},"content":{"rendered":"<p>Por disposici\u00f3n del Tribunal de Garant\u00edas que otorg\u00f3 la tutela de Acci\u00f3n de Libertad en favor de Carlos Andr\u00e9s Aguilera y Marco Antonio Ch\u00e1vez, imputados por participar en el paro de 48 horas realizado en Sata Cruz, el pr\u00f3ximo jueves se realizar\u00e1 la audiencia donde se espera obtengan su libertad pura y simple, inform\u00f3 el parlamentario de oposici\u00f3n Erwin Baz\u00e1n.<br \/>\n\u201cEl juez Ever \u00c1lvarez, de la Sala Penal Primera ha se\u00f1alado audiencia para este jueves a las 10.00 para dos de los cuatro j\u00f3venes del Plan Tres Mil detenidos injustamente. Carlos Andr\u00e9s Aguilera est\u00e1 aprehendido en Palmasola y Marco Antonio Ch\u00e1vez en arresto domiciliario. La resoluci\u00f3n que se dicte este jueves tambi\u00e9n beneficiar\u00e1 a los otros dos detenidos. Confiamos que este jueves Carlos Andr\u00e9s Aguilera salga en libertad\u201d, afirm\u00f3 Baz\u00e1n.<br \/>\nLos dos j\u00f3venes que guardan detenci\u00f3n domiciliaria, fueron aprehendidos el pasado 8 de agosto en el Plan Tres Mil, zona de la capital cruce\u00f1a, donde realizaban una protesta pac\u00edfica en defensa de la realizaci\u00f3n del censo nacional de poblaci\u00f3n y vivienda el 2023.<br \/>\nLos j\u00f3venes que participaban de la protesta c\u00edvica fueron imputados por los presuntos delitos de asociaci\u00f3n delictuosa, instigaci\u00f3n p\u00fablica a delinquir, atentados contra miembros de organismos de seguridad del Estado, no obstante de que su participaci\u00f3n en el paro c\u00edvico cruce\u00f1o, 8 y 9 de agosto, fue pac\u00edfica.<br \/>\nBaz\u00e1n, cuestion\u00f3 la lentitud con la que proceden los administradores de justicia en este caso en particular. Explic\u00f3 que la audiencia de Acci\u00f3n de Libertad interpuesta por la defensa legal de Aguilera y otros, fue cumplida el pasado 8 de septiembre, cuya determinaci\u00f3n de una nueva audiencia cautelar debi\u00f3 cumplirse en el plazo procesal de 24 horas, disposici\u00f3n que se realizar\u00e1 cinco d\u00edas despu\u00e9s.<br \/>\n\u201cNo puedo dejar de reprochar la excesiva demora judicial para cumplir con una resoluci\u00f3n que conmin\u00f3 a la sala penal a cumplir el fallo en 24 horas. Reci\u00e9n ayer lleg\u00f3 el cuaderno procesal a esta sala que se\u00f1ala audiencia para el jueves. Estemos atentos\u201d, enfatiz\u00f3.<\/p>\n","protected":false},"excerpt":{"rendered":"<p>Por disposici\u00f3n del Tribunal de Garant\u00edas que otorg\u00f3 la tutela de Acci\u00f3n de Libertad en favor de Carlos Andr\u00e9s Aguilera y Marco Antonio Ch\u00e1vez, imputados por participar en el paro de 48 horas realizado en Sata Cruz, el pr\u00f3ximo jueves se realizar\u00e1 la audiencia donde se espera obtengan su libertad pura y simple, inform\u00f3 el [&hellip;]<\/p>\n","protected":false},"author":1,"featured_media":110642,"comment_status":"closed","ping_status":"closed","sticky":false,"template":"","format":"standard","meta":{"_acf_changed":false,"footnotes":""},"categories":[39],"tags":[],"class_list":["post-110641","post","type-post","status-publish","format-standard","has-post-thumbnail","category-sociedad"],"acf":{"antetitulo":""},"yoast_head":"<!-- This site is optimized with the Yoast SEO plugin v28.4 - https:\/\/yoast.com\/product\/yoast-seo-wordpress\/ -->\n<title>Tribunal de garant\u00edas analizar\u00e1 caso de detenidos en Santa Cruz - El Diario - Bolivia<\/title>\n<meta name=\"robots\" content=\"index, follow, max-snippet:-1, max-image-preview:large, max-video-preview:-1\" \/>\n<link rel=\"canonical\" href=\"https:\/\/www.eldiario.net\/portal\/2022\/09\/14\/tribunal-de-garantias-analizara-caso-de-detenidos-en-santa-cruz\/\" \/>\n<meta property=\"og:locale\" content=\"es_ES\" \/>\n<meta property=\"og:type\" content=\"article\" \/>\n<meta property=\"og:title\" content=\"Tribunal de garant\u00edas analizar\u00e1 caso de detenidos en Santa Cruz - El Diario - Bolivia\" \/>\n<meta property=\"og:description\" content=\"Por disposici\u00f3n del Tribunal de Garant\u00edas que otorg\u00f3 la tutela de Acci\u00f3n de Libertad en favor de Carlos Andr\u00e9s Aguilera y Marco Antonio Ch\u00e1vez, imputados por participar en el paro de 48 horas realizado en Sata Cruz, el pr\u00f3ximo jueves se realizar\u00e1 la audiencia donde se espera obtengan su libertad pura y simple, inform\u00f3 el [&hellip;]\" \/>\n<meta property=\"og:url\" content=\"https:\/\/www.eldiario.net\/portal\/2022\/09\/14\/tribunal-de-garantias-analizara-caso-de-detenidos-en-santa-cruz\/\" \/>\n<meta property=\"og:site_name\" content=\"El Diario - Bolivia\" \/>\n<meta property=\"article:publisher\" content=\"https:\/\/www.facebook.com\/eldiario.bolivia\/\" \/>\n<meta property=\"article:published_time\" content=\"2022-09-14T10:11:04+00:00\" \/>\n<meta name=\"author\" content=\"Jeanette\" \/>\n<meta name=\"twitter:card\" content=\"summary_large_image\" \/>\n<meta name=\"twitter:creator\" content=\"@eldiario_net\" \/>\n<meta name=\"twitter:site\" content=\"@eldiario_net\" \/>\n<meta name=\"twitter:label1\" content=\"Escrito por\" \/>\n\t<meta name=\"twitter:data1\" content=\"Jeanette\" \/>\n\t<meta name=\"twitter:label2\" content=\"Tiempo de lectura\" \/>\n\t<meta name=\"twitter:data2\" content=\"2 minutos\" \/>\n<script type=\"application\/ld+json\" class=\"yoast-schema-graph\">{\"@context\":\"https:\\\/\\\/schema.org\",\"@graph\":[{\"@type\":\"Article\",\"@id\":\"https:\\\/\\\/www.eldiario.net\\\/portal\\\/2022\\\/09\\\/14\\\/tribunal-de-garantias-analizara-caso-de-detenidos-en-santa-cruz\\\/#article\",\"isPartOf\":{\"@id\":\"https:\\\/\\\/www.eldiario.net\\\/portal\\\/2022\\\/09\\\/14\\\/tribunal-de-garantias-analizara-caso-de-detenidos-en-santa-cruz\\\/\"},\"author\":{\"name\":\"Jeanette\",\"@id\":\"https:\\\/\\\/www.eldiario.net\\\/portal\\\/#\\\/schema\\\/person\\\/2c57cf2b7a7ae032e449e4c9b1019eac\"},\"headline\":\"Tribunal de garant\u00edas analizar\u00e1 caso de detenidos en Santa Cruz\",\"datePublished\":\"2022-09-14T10:11:04+00:00\",\"mainEntityOfPage\":{\"@id\":\"https:\\\/\\\/www.eldiario.net\\\/portal\\\/2022\\\/09\\\/14\\\/tribunal-de-garantias-analizara-caso-de-detenidos-en-santa-cruz\\\/\"},\"wordCount\":372,\"publisher\":{\"@id\":\"https:\\\/\\\/www.eldiario.net\\\/portal\\\/#organization\"},\"image\":{\"@id\":\"https:\\\/\\\/www.eldiario.net\\\/portal\\\/2022\\\/09\\\/14\\\/tribunal-de-garantias-analizara-caso-de-detenidos-en-santa-cruz\\\/#primaryimage\"},\"thumbnailUrl\":\"\",\"articleSection\":[\"Sociedad - Seguridad\"],\"inLanguage\":\"es\"},{\"@type\":\"WebPage\",\"@id\":\"https:\\\/\\\/www.eldiario.net\\\/portal\\\/2022\\\/09\\\/14\\\/tribunal-de-garantias-analizara-caso-de-detenidos-en-santa-cruz\\\/\",\"url\":\"https:\\\/\\\/www.eldiario.net\\\/portal\\\/2022\\\/09\\\/14\\\/tribunal-de-garantias-analizara-caso-de-detenidos-en-santa-cruz\\\/\",\"name\":\"Tribunal de garant\u00edas analizar\u00e1 caso de detenidos en Santa Cruz - El Diario - Bolivia\",\"isPartOf\":{\"@id\":\"https:\\\/\\\/www.eldiario.net\\\/portal\\\/#website\"},\"primaryImageOfPage\":{\"@id\":\"https:\\\/\\\/www.eldiario.net\\\/portal\\\/2022\\\/09\\\/14\\\/tribunal-de-garantias-analizara-caso-de-detenidos-en-santa-cruz\\\/#primaryimage\"},\"image\":{\"@id\":\"https:\\\/\\\/www.eldiario.net\\\/portal\\\/2022\\\/09\\\/14\\\/tribunal-de-garantias-analizara-caso-de-detenidos-en-santa-cruz\\\/#primaryimage\"},\"thumbnailUrl\":\"\",\"datePublished\":\"2022-09-14T10:11:04+00:00\",\"breadcrumb\":{\"@id\":\"https:\\\/\\\/www.eldiario.net\\\/portal\\\/2022\\\/09\\\/14\\\/tribunal-de-garantias-analizara-caso-de-detenidos-en-santa-cruz\\\/#breadcrumb\"},\"inLanguage\":\"es\",\"potentialAction\":[{\"@type\":\"ReadAction\",\"target\":[\"https:\\\/\\\/www.eldiario.net\\\/portal\\\/2022\\\/09\\\/14\\\/tribunal-de-garantias-analizara-caso-de-detenidos-en-santa-cruz\\\/\"]}]},{\"@type\":\"ImageObject\",\"inLanguage\":\"es\",\"@id\":\"https:\\\/\\\/www.eldiario.net\\\/portal\\\/2022\\\/09\\\/14\\\/tribunal-de-garantias-analizara-caso-de-detenidos-en-santa-cruz\\\/#primaryimage\",\"url\":\"\",\"contentUrl\":\"\"},{\"@type\":\"BreadcrumbList\",\"@id\":\"https:\\\/\\\/www.eldiario.net\\\/portal\\\/2022\\\/09\\\/14\\\/tribunal-de-garantias-analizara-caso-de-detenidos-en-santa-cruz\\\/#breadcrumb\",\"itemListElement\":[{\"@type\":\"ListItem\",\"position\":1,\"name\":\"Portada\",\"item\":\"https:\\\/\\\/www.eldiario.net\\\/portal\\\/\"},{\"@type\":\"ListItem\",\"position\":2,\"name\":\"Tribunal de garant\u00edas analizar\u00e1 caso de detenidos en Santa Cruz\"}]},{\"@type\":\"WebSite\",\"@id\":\"https:\\\/\\\/www.eldiario.net\\\/portal\\\/#website\",\"url\":\"https:\\\/\\\/www.eldiario.net\\\/portal\\\/\",\"name\":\"El Diario - Decano de la prensa nacional\",\"description\":\"El Diario - Decano de la prensa nacional\",\"publisher\":{\"@id\":\"https:\\\/\\\/www.eldiario.net\\\/portal\\\/#organization\"},\"potentialAction\":[{\"@type\":\"SearchAction\",\"target\":{\"@type\":\"EntryPoint\",\"urlTemplate\":\"https:\\\/\\\/www.eldiario.net\\\/portal\\\/?s={search_term_string}\"},\"query-input\":{\"@type\":\"PropertyValueSpecification\",\"valueRequired\":true,\"valueName\":\"search_term_string\"}}],\"inLanguage\":\"es\"},{\"@type\":\"Organization\",\"@id\":\"https:\\\/\\\/www.eldiario.net\\\/portal\\\/#organization\",\"name\":\"El Diario - Decano de la prensa nacional\",\"url\":\"https:\\\/\\\/www.eldiario.net\\\/portal\\\/\",\"logo\":{\"@type\":\"ImageObject\",\"inLanguage\":\"es\",\"@id\":\"https:\\\/\\\/www.eldiario.net\\\/portal\\\/#\\\/schema\\\/logo\\\/image\\\/\",\"url\":\"https:\\\/\\\/www.eldiario.net\\\/portal\\\/wp-content\\\/uploads\\\/2023\\\/07\\\/logo_ED.jpg\",\"contentUrl\":\"https:\\\/\\\/www.eldiario.net\\\/portal\\\/wp-content\\\/uploads\\\/2023\\\/07\\\/logo_ED.jpg\",\"width\":272,\"height\":52,\"caption\":\"El Diario - Decano de la prensa nacional\"},\"image\":{\"@id\":\"https:\\\/\\\/www.eldiario.net\\\/portal\\\/#\\\/schema\\\/logo\\\/image\\\/\"},\"sameAs\":[\"https:\\\/\\\/www.facebook.com\\\/eldiario.bolivia\\\/\",\"https:\\\/\\\/x.com\\\/eldiario_net\"]},{\"@type\":\"Person\",\"@id\":\"https:\\\/\\\/www.eldiario.net\\\/portal\\\/#\\\/schema\\\/person\\\/2c57cf2b7a7ae032e449e4c9b1019eac\",\"name\":\"Jeanette\",\"image\":{\"@type\":\"ImageObject\",\"inLanguage\":\"es\",\"@id\":\"https:\\\/\\\/secure.gravatar.com\\\/avatar\\\/3ea2118a5f7dad2b7138b1187a6b7ee55f160b9968b66013c3a3ef39dd7e5798?s=96&d=mm&r=g\",\"url\":\"https:\\\/\\\/secure.gravatar.com\\\/avatar\\\/3ea2118a5f7dad2b7138b1187a6b7ee55f160b9968b66013c3a3ef39dd7e5798?s=96&d=mm&r=g\",\"contentUrl\":\"https:\\\/\\\/secure.gravatar.com\\\/avatar\\\/3ea2118a5f7dad2b7138b1187a6b7ee55f160b9968b66013c3a3ef39dd7e5798?s=96&d=mm&r=g\",\"caption\":\"Jeanette\"},\"sameAs\":[\"https:\\\/\\\/www.eldiario.net\\\/portal\"],\"url\":\"https:\\\/\\\/www.eldiario.net\\\/portal\\\/author\\\/jeanette\\\/\"}]}<\/script>\n<!-- \/ Yoast SEO plugin. -->","yoast_head_json":{"title":"Tribunal de garant\u00edas analizar\u00e1 caso de detenidos en Santa Cruz - El Diario - Bolivia","robots":{"index":"index","follow":"follow","max-snippet":"max-snippet:-1","max-image-preview":"max-image-preview:large","max-video-preview":"max-video-preview:-1"},"canonical":"https:\/\/www.eldiario.net\/portal\/2022\/09\/14\/tribunal-de-garantias-analizara-caso-de-detenidos-en-santa-cruz\/","og_locale":"es_ES","og_type":"article","og_title":"Tribunal de garant\u00edas analizar\u00e1 caso de detenidos en Santa Cruz - El Diario - Bolivia","og_description":"Por disposici\u00f3n del Tribunal de Garant\u00edas que otorg\u00f3 la tutela de Acci\u00f3n de Libertad en favor de Carlos Andr\u00e9s Aguilera y Marco Antonio Ch\u00e1vez, imputados por participar en el paro de 48 horas realizado en Sata Cruz, el pr\u00f3ximo jueves se realizar\u00e1 la audiencia donde se espera obtengan su libertad pura y simple, inform\u00f3 el [&hellip;]","og_url":"https:\/\/www.eldiario.net\/portal\/2022\/09\/14\/tribunal-de-garantias-analizara-caso-de-detenidos-en-santa-cruz\/","og_site_name":"El Diario - Bolivia","article_publisher":"https:\/\/www.facebook.com\/eldiario.bolivia\/","article_published_time":"2022-09-14T10:11:04+00:00","author":"Jeanette","twitter_card":"summary_large_image","twitter_creator":"@eldiario_net","twitter_site":"@eldiario_net","twitter_misc":{"Escrito por":"Jeanette","Tiempo de lectura":"2 minutos"},"schema":{"@context":"https:\/\/schema.org","@graph":[{"@type":"Article","@id":"https:\/\/www.eldiario.net\/portal\/2022\/09\/14\/tribunal-de-garantias-analizara-caso-de-detenidos-en-santa-cruz\/#article","isPartOf":{"@id":"https:\/\/www.eldiario.net\/portal\/2022\/09\/14\/tribunal-de-garantias-analizara-caso-de-detenidos-en-santa-cruz\/"},"author":{"name":"Jeanette","@id":"https:\/\/www.eldiario.net\/portal\/#\/schema\/person\/2c57cf2b7a7ae032e449e4c9b1019eac"},"headline":"Tribunal de garant\u00edas analizar\u00e1 caso de detenidos en Santa Cruz","datePublished":"2022-09-14T10:11:04+00:00","mainEntityOfPage":{"@id":"https:\/\/www.eldiario.net\/portal\/2022\/09\/14\/tribunal-de-garantias-analizara-caso-de-detenidos-en-santa-cruz\/"},"wordCount":372,"publisher":{"@id":"https:\/\/www.eldiario.net\/portal\/#organization"},"image":{"@id":"https:\/\/www.eldiario.net\/portal\/2022\/09\/14\/tribunal-de-garantias-analizara-caso-de-detenidos-en-santa-cruz\/#primaryimage"},"thumbnailUrl":"","articleSection":["Sociedad - Seguridad"],"inLanguage":"es"},{"@type":"WebPage","@id":"https:\/\/www.eldiario.net\/portal\/2022\/09\/14\/tribunal-de-garantias-analizara-caso-de-detenidos-en-santa-cruz\/","url":"https:\/\/www.eldiario.net\/portal\/2022\/09\/14\/tribunal-de-garantias-analizara-caso-de-detenidos-en-santa-cruz\/","name":"Tribunal de garant\u00edas analizar\u00e1 caso de detenidos en Santa Cruz - El Diario - Bolivia","isPartOf":{"@id":"https:\/\/www.eldiario.net\/portal\/#website"},"primaryImageOfPage":{"@id":"https:\/\/www.eldiario.net\/portal\/2022\/09\/14\/tribunal-de-garantias-analizara-caso-de-detenidos-en-santa-cruz\/#primaryimage"},"image":{"@id":"https:\/\/www.eldiario.net\/portal\/2022\/09\/14\/tribunal-de-garantias-analizara-caso-de-detenidos-en-santa-cruz\/#primaryimage"},"thumbnailUrl":"","datePublished":"2022-09-14T10:11:04+00:00","breadcrumb":{"@id":"https:\/\/www.eldiario.net\/portal\/2022\/09\/14\/tribunal-de-garantias-analizara-caso-de-detenidos-en-santa-cruz\/#breadcrumb"},"inLanguage":"es","potentialAction":[{"@type":"ReadAction","target":["https:\/\/www.eldiario.net\/portal\/2022\/09\/14\/tribunal-de-garantias-analizara-caso-de-detenidos-en-santa-cruz\/"]}]},{"@type":"ImageObject","inLanguage":"es","@id":"https:\/\/www.eldiario.net\/portal\/2022\/09\/14\/tribunal-de-garantias-analizara-caso-de-detenidos-en-santa-cruz\/#primaryimage","url":"","contentUrl":""},{"@type":"BreadcrumbList","@id":"https:\/\/www.eldiario.net\/portal\/2022\/09\/14\/tribunal-de-garantias-analizara-caso-de-detenidos-en-santa-cruz\/#breadcrumb","itemListElement":[{"@type":"ListItem","position":1,"name":"Portada","item":"https:\/\/www.eldiario.net\/portal\/"},{"@type":"ListItem","position":2,"name":"Tribunal de garant\u00edas analizar\u00e1 caso de detenidos en Santa Cruz"}]},{"@type":"WebSite","@id":"https:\/\/www.eldiario.net\/portal\/#website","url":"https:\/\/www.eldiario.net\/portal\/","name":"El Diario - Decano de la prensa nacional","description":"El Diario - Decano de la prensa nacional","publisher":{"@id":"https:\/\/www.eldiario.net\/portal\/#organization"},"potentialAction":[{"@type":"SearchAction","target":{"@type":"EntryPoint","urlTemplate":"https:\/\/www.eldiario.net\/portal\/?s={search_term_string}"},"query-input":{"@type":"PropertyValueSpecification","valueRequired":true,"valueName":"search_term_string"}}],"inLanguage":"es"},{"@type":"Organization","@id":"https:\/\/www.eldiario.net\/portal\/#organization","name":"El Diario - Decano de la prensa nacional","url":"https:\/\/www.eldiario.net\/portal\/","logo":{"@type":"ImageObject","inLanguage":"es","@id":"https:\/\/www.eldiario.net\/portal\/#\/schema\/logo\/image\/","url":"https:\/\/www.eldiario.net\/portal\/wp-content\/uploads\/2023\/07\/logo_ED.jpg","contentUrl":"https:\/\/www.eldiario.net\/portal\/wp-content\/uploads\/2023\/07\/logo_ED.jpg","width":272,"height":52,"caption":"El Diario - Decano de la prensa nacional"},"image":{"@id":"https:\/\/www.eldiario.net\/portal\/#\/schema\/logo\/image\/"},"sameAs":["https:\/\/www.facebook.com\/eldiario.bolivia\/","https:\/\/x.com\/eldiario_net"]},{"@type":"Person","@id":"https:\/\/www.eldiario.net\/portal\/#\/schema\/person\/2c57cf2b7a7ae032e449e4c9b1019eac","name":"Jeanette","image":{"@type":"ImageObject","inLanguage":"es","@id":"https:\/\/secure.gravatar.com\/avatar\/3ea2118a5f7dad2b7138b1187a6b7ee55f160b9968b66013c3a3ef39dd7e5798?s=96&d=mm&r=g","url":"https:\/\/secure.gravatar.com\/avatar\/3ea2118a5f7dad2b7138b1187a6b7ee55f160b9968b66013c3a3ef39dd7e5798?s=96&d=mm&r=g","contentUrl":"https:\/\/secure.gravatar.com\/avatar\/3ea2118a5f7dad2b7138b1187a6b7ee55f160b9968b66013c3a3ef39dd7e5798?s=96&d=mm&r=g","caption":"Jeanette"},"sameAs":["https:\/\/www.eldiario.net\/portal"],"url":"https:\/\/www.eldiario.net\/portal\/author\/jeanette\/"}]}},"_links":{"self":[{"href":"https:\/\/www.eldiario.net\/portal\/wp-json\/wp\/v2\/posts\/110641","targetHints":{"allow":["GET"]}}],"collection":[{"href":"https:\/\/www.eldiario.net\/portal\/wp-json\/wp\/v2\/posts"}],"about":[{"href":"https:\/\/www.eldiario.net\/portal\/wp-json\/wp\/v2\/types\/post"}],"author":[{"embeddable":true,"href":"https:\/\/www.eldiario.net\/portal\/wp-json\/wp\/v2\/users\/1"}],"replies":[{"embeddable":true,"href":"https:\/\/www.eldiario.net\/portal\/wp-json\/wp\/v2\/comments?post=110641"}],"version-history":[{"count":0,"href":"https:\/\/www.eldiario.net\/portal\/wp-json\/wp\/v2\/posts\/110641\/revisions"}],"wp:attachment":[{"href":"https:\/\/www.eldiario.net\/portal\/wp-json\/wp\/v2\/media?parent=110641"}],"wp:term":[{"taxonomy":"category","embeddable":true,"href":"https:\/\/www.eldiario.net\/portal\/wp-json\/wp\/v2\/categories?post=110641"},{"taxonomy":"post_tag","embeddable":true,"href":"https:\/\/www.eldiario.net\/portal\/wp-json\/wp\/v2\/tags?post=110641"}],"curies":[{"name":"wp","href":"https:\/\/api.w.org\/{rel}","templated":true}]}}