{"id":110638,"date":"2022-09-14T06:09:54","date_gmt":"2022-09-14T10:09:54","guid":{"rendered":"https:\/\/www.eldiario.net\/portal\/?p=110638"},"modified":"2022-09-14T06:09:54","modified_gmt":"2022-09-14T10:09:54","slug":"municipio-de-la-paz-rechaza-intento-de-cerrar-pumakatari","status":"publish","type":"post","link":"https:\/\/www.eldiario.net\/portal\/2022\/09\/14\/municipio-de-la-paz-rechaza-intento-de-cerrar-pumakatari\/","title":{"rendered":"Municipio de La Paz rechaza  intento de cerrar PumaKatari"},"content":{"rendered":"<p>El viernes 2 de septiembre, el dirigente de los transportistas y militante del Movimiento Al Socialismo (MAS), Mario Silva, afirm\u00f3 en radio FM La Paz, cuya aseveraci\u00f3n fue replicada por www.publico.bo, que su pedido es coordinado con la diputada Soledad P\u00e9rez, tambi\u00e9n del MAS. \u201cEstamos enviando una petici\u00f3n de informe sobre todo lo que es el manejo del PumaKatari; queremos decir a los pace\u00f1os que en El Alto se ha podido parar esto de los Wayna buses, era una subvenci\u00f3n innecesaria\u201d, afirm\u00f3 Silva en radio FM La Paz.<br \/>\nEl alcalde de La Paz, Iv\u00e1n Arias, asegur\u00f3 ayer que \u201cno vamos a permitir que toquen los buses\u201d PumaKatari y ChikiTiti, en respuesta a la intenci\u00f3n inconsulta del asamble\u00edsta departamental, dirigente de los transportistas y militante del MAS, Mario Silva, de suspender el \u201cservicio patrimonial\u201d de los pace\u00f1os, y anunci\u00f3 que los habitantes de la urbe est\u00e1n en alerta.<br \/>\n\u201cNo vamos a permitir que toquen los buses, La Paz se va levantar, ellos quieren destruir todo lo que le corresponde a la ciudad. Los pace\u00f1os est\u00e1n alertas, el Puma es patrimonio y nadie lo va destruir. El servicio cada vez est\u00e1 mejorando y vamos a tener un informe completo de c\u00f3mo se est\u00e1 efectivizando\u201d, afirm\u00f3 Arias.<br \/>\nAl respecto de este anuncio, el secretario municipal de Movilidad y Seguridad Ciudadana, Enrique Villanueva, asegur\u00f3 que este tipo de declaraciones pol\u00edticas son solo para hacer un \u201cshow\u201d.<br \/>\n\u201cLa verdad estoy sorprendido por estas ideas que eventualmente surgen de los pol\u00edticos que pretenden hacer show. El bus PumaKatari es un s\u00edmbolo de la ciudad, es s\u00edmbolo de la modernidad y es s\u00edmbolo del cambio. Nosotros como gesti\u00f3n municipal hemos realizado una serie de ajustes que est\u00e1n mejorando sustancialmente los servicios y de acuerdo a nuestras encuestas de satisfacci\u00f3n, esto se ha confirmado y buscamos hasta el 20 de octubre tener dos nuevas rutas circulando siempre en consenso con el sector transporte\u201d, indic\u00f3 Villanueva.<br \/>\nLa autoridad municipal record\u00f3 que todos los servicios de transporte masivo en el mundo trabajan bajo el modelo de la subvenci\u00f3n con el fin de garantizar la calidad del servicio. Puso de ejemplo el caso del Telef\u00e9rico en La Paz, el cual es subvencionado por el Estado.<br \/>\n\u201cEn todos los sistemas modernos de transporte masivo existe un subsidio que oscila entre el 60 y el 90%, esto ocurre en todos los pa\u00edses del mundo y tambi\u00e9n en todos los pa\u00edses de la regi\u00f3n y una experiencia cercana es tambi\u00e9n el Telef\u00e9rico mismo. Quisiera que el se\u00f1or Silva se ocupe tambi\u00e9n del subsidio que genera el Telef\u00e9rico porque al final es un subsidio v\u00e1lido en la medida en que el servicio del transporte es un mecanismo para satisfacer nuestras necesidades como la salud, educaci\u00f3n incluso el ocio\u201d, manifest\u00f3, la autoridad municipal.<br \/>\nVillanueva precis\u00f3 que la subvenci\u00f3n, si bien es importante, no asciende a los cien millones de bolivianos que Silva asegur\u00f3, sino que asciende a unos \u201c60 millones de bolivianos\u201d y que ahora la Alcald\u00eda trabaja en la optimizaci\u00f3n del servicio, aspecto que permiti\u00f3 mejorar la cantidad de usuarios que lo utilizan de 5.200 a 19.050 entre enero y agosto de este a\u00f1o.<br \/>\nEn el marco del plan de mejora del servicio, el secretario municipal tambi\u00e9n indic\u00f3 que se trabajar\u00e1n servicios complementarios como el de la creaci\u00f3n de una red de transporte con el servicio tradicional con el fin de reducir el subsidio.<br \/>\nVillanueva puso de ejemplo el subsidio que tiene el Telef\u00e9rico, que es mucho mayor al de La Paz BUS. \u201cLa red de telef\u00e9ricos cuesta 1.200 millones de d\u00f3lares y los buses PumaKatari tienen un costo aproximado de 80 millones de d\u00f3lares, lo que significa que eventualmente las autoridades municipales o nacionales ponen a disposici\u00f3n infraestructura y tambi\u00e9n el material rodante o material de transporte\u201d, indic\u00f3.<br \/>\nCon relaci\u00f3n a la red de transporte integrado reiter\u00f3 que La Paz BUS no es una amenaza para el sistema de transporte tradicional, sino m\u00e1s bien un elemento complementario porque lo que busca es construir una servicio donde los actores en primer orden sean los transportistas por el volumen de pasajeros que transportan diariamente.<br \/>\n\u201cHemos tenido bastantes avances, ahora varias de nuestras unidades operan en proximidades del Telef\u00e9rico, pero tambi\u00e9n hay que entender que ni el Telef\u00e9rico por su cuenta, ni el bus PumaKatari por su cuenta, son la soluci\u00f3n a los problemas del transporte de la ciudad\u201d, afirm\u00f3 Villanueva.<br \/>\n\u201cLo que se busca es construir una red de transporte donde los actores en primer orden son precisamente los transportistas tradicionales por el volumen de pasajeros que transportan diariamente\u201d, indic\u00f3 Villanueva.<\/p>\n","protected":false},"excerpt":{"rendered":"<p>El viernes 2 de septiembre, el dirigente de los transportistas y militante del Movimiento Al Socialismo (MAS), Mario Silva, afirm\u00f3 en radio FM La Paz, cuya aseveraci\u00f3n fue replicada por www.publico.bo, que su pedido es coordinado con la diputada Soledad P\u00e9rez, tambi\u00e9n del MAS. \u201cEstamos enviando una petici\u00f3n de informe sobre todo lo que es [&hellip;]<\/p>\n","protected":false},"author":1,"featured_media":110639,"comment_status":"closed","ping_status":"closed","sticky":false,"template":"","format":"standard","meta":{"_acf_changed":false,"footnotes":""},"categories":[12],"tags":[],"class_list":["post-110638","post","type-post","status-publish","format-standard","has-post-thumbnail","category-nacional"],"acf":{"antetitulo":""},"yoast_head":"<!-- This site is optimized with the Yoast SEO plugin v28.4 - https:\/\/yoast.com\/product\/yoast-seo-wordpress\/ -->\n<title>Municipio de La Paz rechaza intento de cerrar PumaKatari - El Diario - Bolivia<\/title>\n<meta name=\"robots\" content=\"index, follow, max-snippet:-1, max-image-preview:large, max-video-preview:-1\" \/>\n<link rel=\"canonical\" href=\"https:\/\/www.eldiario.net\/portal\/2022\/09\/14\/municipio-de-la-paz-rechaza-intento-de-cerrar-pumakatari\/\" \/>\n<meta property=\"og:locale\" content=\"es_ES\" \/>\n<meta property=\"og:type\" content=\"article\" \/>\n<meta property=\"og:title\" content=\"Municipio de La Paz rechaza intento de cerrar PumaKatari - El Diario - Bolivia\" \/>\n<meta property=\"og:description\" content=\"El viernes 2 de septiembre, el dirigente de los transportistas y militante del Movimiento Al Socialismo (MAS), Mario Silva, afirm\u00f3 en radio FM La Paz, cuya aseveraci\u00f3n fue replicada por www.publico.bo, que su pedido es coordinado con la diputada Soledad P\u00e9rez, tambi\u00e9n del MAS. \u201cEstamos enviando una petici\u00f3n de informe sobre todo lo que es [&hellip;]\" \/>\n<meta property=\"og:url\" content=\"https:\/\/www.eldiario.net\/portal\/2022\/09\/14\/municipio-de-la-paz-rechaza-intento-de-cerrar-pumakatari\/\" \/>\n<meta property=\"og:site_name\" content=\"El Diario - Bolivia\" \/>\n<meta property=\"article:publisher\" content=\"https:\/\/www.facebook.com\/eldiario.bolivia\/\" \/>\n<meta property=\"article:published_time\" content=\"2022-09-14T10:09:54+00:00\" \/>\n<meta name=\"author\" content=\"Jeanette\" \/>\n<meta name=\"twitter:card\" content=\"summary_large_image\" \/>\n<meta name=\"twitter:creator\" content=\"@eldiario_net\" \/>\n<meta name=\"twitter:site\" content=\"@eldiario_net\" \/>\n<meta name=\"twitter:label1\" content=\"Escrito por\" \/>\n\t<meta name=\"twitter:data1\" content=\"Jeanette\" \/>\n\t<meta name=\"twitter:label2\" content=\"Tiempo de lectura\" \/>\n\t<meta name=\"twitter:data2\" content=\"4 minutos\" \/>\n<script type=\"application\/ld+json\" class=\"yoast-schema-graph\">{\"@context\":\"https:\\\/\\\/schema.org\",\"@graph\":[{\"@type\":\"Article\",\"@id\":\"https:\\\/\\\/www.eldiario.net\\\/portal\\\/2022\\\/09\\\/14\\\/municipio-de-la-paz-rechaza-intento-de-cerrar-pumakatari\\\/#article\",\"isPartOf\":{\"@id\":\"https:\\\/\\\/www.eldiario.net\\\/portal\\\/2022\\\/09\\\/14\\\/municipio-de-la-paz-rechaza-intento-de-cerrar-pumakatari\\\/\"},\"author\":{\"name\":\"Jeanette\",\"@id\":\"https:\\\/\\\/www.eldiario.net\\\/portal\\\/#\\\/schema\\\/person\\\/2c57cf2b7a7ae032e449e4c9b1019eac\"},\"headline\":\"Municipio de La Paz rechaza intento de cerrar PumaKatari\",\"datePublished\":\"2022-09-14T10:09:54+00:00\",\"mainEntityOfPage\":{\"@id\":\"https:\\\/\\\/www.eldiario.net\\\/portal\\\/2022\\\/09\\\/14\\\/municipio-de-la-paz-rechaza-intento-de-cerrar-pumakatari\\\/\"},\"wordCount\":811,\"publisher\":{\"@id\":\"https:\\\/\\\/www.eldiario.net\\\/portal\\\/#organization\"},\"image\":{\"@id\":\"https:\\\/\\\/www.eldiario.net\\\/portal\\\/2022\\\/09\\\/14\\\/municipio-de-la-paz-rechaza-intento-de-cerrar-pumakatari\\\/#primaryimage\"},\"thumbnailUrl\":\"\",\"articleSection\":[\"Nacional\"],\"inLanguage\":\"es\"},{\"@type\":\"WebPage\",\"@id\":\"https:\\\/\\\/www.eldiario.net\\\/portal\\\/2022\\\/09\\\/14\\\/municipio-de-la-paz-rechaza-intento-de-cerrar-pumakatari\\\/\",\"url\":\"https:\\\/\\\/www.eldiario.net\\\/portal\\\/2022\\\/09\\\/14\\\/municipio-de-la-paz-rechaza-intento-de-cerrar-pumakatari\\\/\",\"name\":\"Municipio de La Paz rechaza intento de cerrar PumaKatari - El Diario - Bolivia\",\"isPartOf\":{\"@id\":\"https:\\\/\\\/www.eldiario.net\\\/portal\\\/#website\"},\"primaryImageOfPage\":{\"@id\":\"https:\\\/\\\/www.eldiario.net\\\/portal\\\/2022\\\/09\\\/14\\\/municipio-de-la-paz-rechaza-intento-de-cerrar-pumakatari\\\/#primaryimage\"},\"image\":{\"@id\":\"https:\\\/\\\/www.eldiario.net\\\/portal\\\/2022\\\/09\\\/14\\\/municipio-de-la-paz-rechaza-intento-de-cerrar-pumakatari\\\/#primaryimage\"},\"thumbnailUrl\":\"\",\"datePublished\":\"2022-09-14T10:09:54+00:00\",\"breadcrumb\":{\"@id\":\"https:\\\/\\\/www.eldiario.net\\\/portal\\\/2022\\\/09\\\/14\\\/municipio-de-la-paz-rechaza-intento-de-cerrar-pumakatari\\\/#breadcrumb\"},\"inLanguage\":\"es\",\"potentialAction\":[{\"@type\":\"ReadAction\",\"target\":[\"https:\\\/\\\/www.eldiario.net\\\/portal\\\/2022\\\/09\\\/14\\\/municipio-de-la-paz-rechaza-intento-de-cerrar-pumakatari\\\/\"]}]},{\"@type\":\"ImageObject\",\"inLanguage\":\"es\",\"@id\":\"https:\\\/\\\/www.eldiario.net\\\/portal\\\/2022\\\/09\\\/14\\\/municipio-de-la-paz-rechaza-intento-de-cerrar-pumakatari\\\/#primaryimage\",\"url\":\"\",\"contentUrl\":\"\"},{\"@type\":\"BreadcrumbList\",\"@id\":\"https:\\\/\\\/www.eldiario.net\\\/portal\\\/2022\\\/09\\\/14\\\/municipio-de-la-paz-rechaza-intento-de-cerrar-pumakatari\\\/#breadcrumb\",\"itemListElement\":[{\"@type\":\"ListItem\",\"position\":1,\"name\":\"Portada\",\"item\":\"https:\\\/\\\/www.eldiario.net\\\/portal\\\/\"},{\"@type\":\"ListItem\",\"position\":2,\"name\":\"Municipio de La Paz rechaza intento de cerrar PumaKatari\"}]},{\"@type\":\"WebSite\",\"@id\":\"https:\\\/\\\/www.eldiario.net\\\/portal\\\/#website\",\"url\":\"https:\\\/\\\/www.eldiario.net\\\/portal\\\/\",\"name\":\"El Diario - Decano de la prensa nacional\",\"description\":\"El Diario - Decano de la prensa nacional\",\"publisher\":{\"@id\":\"https:\\\/\\\/www.eldiario.net\\\/portal\\\/#organization\"},\"potentialAction\":[{\"@type\":\"SearchAction\",\"target\":{\"@type\":\"EntryPoint\",\"urlTemplate\":\"https:\\\/\\\/www.eldiario.net\\\/portal\\\/?s={search_term_string}\"},\"query-input\":{\"@type\":\"PropertyValueSpecification\",\"valueRequired\":true,\"valueName\":\"search_term_string\"}}],\"inLanguage\":\"es\"},{\"@type\":\"Organization\",\"@id\":\"https:\\\/\\\/www.eldiario.net\\\/portal\\\/#organization\",\"name\":\"El Diario - Decano de la prensa nacional\",\"url\":\"https:\\\/\\\/www.eldiario.net\\\/portal\\\/\",\"logo\":{\"@type\":\"ImageObject\",\"inLanguage\":\"es\",\"@id\":\"https:\\\/\\\/www.eldiario.net\\\/portal\\\/#\\\/schema\\\/logo\\\/image\\\/\",\"url\":\"https:\\\/\\\/www.eldiario.net\\\/portal\\\/wp-content\\\/uploads\\\/2023\\\/07\\\/logo_ED.jpg\",\"contentUrl\":\"https:\\\/\\\/www.eldiario.net\\\/portal\\\/wp-content\\\/uploads\\\/2023\\\/07\\\/logo_ED.jpg\",\"width\":272,\"height\":52,\"caption\":\"El Diario - Decano de la prensa nacional\"},\"image\":{\"@id\":\"https:\\\/\\\/www.eldiario.net\\\/portal\\\/#\\\/schema\\\/logo\\\/image\\\/\"},\"sameAs\":[\"https:\\\/\\\/www.facebook.com\\\/eldiario.bolivia\\\/\",\"https:\\\/\\\/x.com\\\/eldiario_net\"]},{\"@type\":\"Person\",\"@id\":\"https:\\\/\\\/www.eldiario.net\\\/portal\\\/#\\\/schema\\\/person\\\/2c57cf2b7a7ae032e449e4c9b1019eac\",\"name\":\"Jeanette\",\"image\":{\"@type\":\"ImageObject\",\"inLanguage\":\"es\",\"@id\":\"https:\\\/\\\/secure.gravatar.com\\\/avatar\\\/3ea2118a5f7dad2b7138b1187a6b7ee55f160b9968b66013c3a3ef39dd7e5798?s=96&d=mm&r=g\",\"url\":\"https:\\\/\\\/secure.gravatar.com\\\/avatar\\\/3ea2118a5f7dad2b7138b1187a6b7ee55f160b9968b66013c3a3ef39dd7e5798?s=96&d=mm&r=g\",\"contentUrl\":\"https:\\\/\\\/secure.gravatar.com\\\/avatar\\\/3ea2118a5f7dad2b7138b1187a6b7ee55f160b9968b66013c3a3ef39dd7e5798?s=96&d=mm&r=g\",\"caption\":\"Jeanette\"},\"sameAs\":[\"https:\\\/\\\/www.eldiario.net\\\/portal\"],\"url\":\"https:\\\/\\\/www.eldiario.net\\\/portal\\\/author\\\/jeanette\\\/\"}]}<\/script>\n<!-- \/ Yoast SEO plugin. -->","yoast_head_json":{"title":"Municipio de La Paz rechaza intento de cerrar PumaKatari - El Diario - Bolivia","robots":{"index":"index","follow":"follow","max-snippet":"max-snippet:-1","max-image-preview":"max-image-preview:large","max-video-preview":"max-video-preview:-1"},"canonical":"https:\/\/www.eldiario.net\/portal\/2022\/09\/14\/municipio-de-la-paz-rechaza-intento-de-cerrar-pumakatari\/","og_locale":"es_ES","og_type":"article","og_title":"Municipio de La Paz rechaza intento de cerrar PumaKatari - El Diario - Bolivia","og_description":"El viernes 2 de septiembre, el dirigente de los transportistas y militante del Movimiento Al Socialismo (MAS), Mario Silva, afirm\u00f3 en radio FM La Paz, cuya aseveraci\u00f3n fue replicada por www.publico.bo, que su pedido es coordinado con la diputada Soledad P\u00e9rez, tambi\u00e9n del MAS. \u201cEstamos enviando una petici\u00f3n de informe sobre todo lo que es [&hellip;]","og_url":"https:\/\/www.eldiario.net\/portal\/2022\/09\/14\/municipio-de-la-paz-rechaza-intento-de-cerrar-pumakatari\/","og_site_name":"El Diario - Bolivia","article_publisher":"https:\/\/www.facebook.com\/eldiario.bolivia\/","article_published_time":"2022-09-14T10:09:54+00:00","author":"Jeanette","twitter_card":"summary_large_image","twitter_creator":"@eldiario_net","twitter_site":"@eldiario_net","twitter_misc":{"Escrito por":"Jeanette","Tiempo de lectura":"4 minutos"},"schema":{"@context":"https:\/\/schema.org","@graph":[{"@type":"Article","@id":"https:\/\/www.eldiario.net\/portal\/2022\/09\/14\/municipio-de-la-paz-rechaza-intento-de-cerrar-pumakatari\/#article","isPartOf":{"@id":"https:\/\/www.eldiario.net\/portal\/2022\/09\/14\/municipio-de-la-paz-rechaza-intento-de-cerrar-pumakatari\/"},"author":{"name":"Jeanette","@id":"https:\/\/www.eldiario.net\/portal\/#\/schema\/person\/2c57cf2b7a7ae032e449e4c9b1019eac"},"headline":"Municipio de La Paz rechaza intento de cerrar PumaKatari","datePublished":"2022-09-14T10:09:54+00:00","mainEntityOfPage":{"@id":"https:\/\/www.eldiario.net\/portal\/2022\/09\/14\/municipio-de-la-paz-rechaza-intento-de-cerrar-pumakatari\/"},"wordCount":811,"publisher":{"@id":"https:\/\/www.eldiario.net\/portal\/#organization"},"image":{"@id":"https:\/\/www.eldiario.net\/portal\/2022\/09\/14\/municipio-de-la-paz-rechaza-intento-de-cerrar-pumakatari\/#primaryimage"},"thumbnailUrl":"","articleSection":["Nacional"],"inLanguage":"es"},{"@type":"WebPage","@id":"https:\/\/www.eldiario.net\/portal\/2022\/09\/14\/municipio-de-la-paz-rechaza-intento-de-cerrar-pumakatari\/","url":"https:\/\/www.eldiario.net\/portal\/2022\/09\/14\/municipio-de-la-paz-rechaza-intento-de-cerrar-pumakatari\/","name":"Municipio de La Paz rechaza intento de cerrar PumaKatari - El Diario - Bolivia","isPartOf":{"@id":"https:\/\/www.eldiario.net\/portal\/#website"},"primaryImageOfPage":{"@id":"https:\/\/www.eldiario.net\/portal\/2022\/09\/14\/municipio-de-la-paz-rechaza-intento-de-cerrar-pumakatari\/#primaryimage"},"image":{"@id":"https:\/\/www.eldiario.net\/portal\/2022\/09\/14\/municipio-de-la-paz-rechaza-intento-de-cerrar-pumakatari\/#primaryimage"},"thumbnailUrl":"","datePublished":"2022-09-14T10:09:54+00:00","breadcrumb":{"@id":"https:\/\/www.eldiario.net\/portal\/2022\/09\/14\/municipio-de-la-paz-rechaza-intento-de-cerrar-pumakatari\/#breadcrumb"},"inLanguage":"es","potentialAction":[{"@type":"ReadAction","target":["https:\/\/www.eldiario.net\/portal\/2022\/09\/14\/municipio-de-la-paz-rechaza-intento-de-cerrar-pumakatari\/"]}]},{"@type":"ImageObject","inLanguage":"es","@id":"https:\/\/www.eldiario.net\/portal\/2022\/09\/14\/municipio-de-la-paz-rechaza-intento-de-cerrar-pumakatari\/#primaryimage","url":"","contentUrl":""},{"@type":"BreadcrumbList","@id":"https:\/\/www.eldiario.net\/portal\/2022\/09\/14\/municipio-de-la-paz-rechaza-intento-de-cerrar-pumakatari\/#breadcrumb","itemListElement":[{"@type":"ListItem","position":1,"name":"Portada","item":"https:\/\/www.eldiario.net\/portal\/"},{"@type":"ListItem","position":2,"name":"Municipio de La Paz rechaza intento de cerrar PumaKatari"}]},{"@type":"WebSite","@id":"https:\/\/www.eldiario.net\/portal\/#website","url":"https:\/\/www.eldiario.net\/portal\/","name":"El Diario - Decano de la prensa nacional","description":"El Diario - Decano de la prensa nacional","publisher":{"@id":"https:\/\/www.eldiario.net\/portal\/#organization"},"potentialAction":[{"@type":"SearchAction","target":{"@type":"EntryPoint","urlTemplate":"https:\/\/www.eldiario.net\/portal\/?s={search_term_string}"},"query-input":{"@type":"PropertyValueSpecification","valueRequired":true,"valueName":"search_term_string"}}],"inLanguage":"es"},{"@type":"Organization","@id":"https:\/\/www.eldiario.net\/portal\/#organization","name":"El Diario - Decano de la prensa nacional","url":"https:\/\/www.eldiario.net\/portal\/","logo":{"@type":"ImageObject","inLanguage":"es","@id":"https:\/\/www.eldiario.net\/portal\/#\/schema\/logo\/image\/","url":"https:\/\/www.eldiario.net\/portal\/wp-content\/uploads\/2023\/07\/logo_ED.jpg","contentUrl":"https:\/\/www.eldiario.net\/portal\/wp-content\/uploads\/2023\/07\/logo_ED.jpg","width":272,"height":52,"caption":"El Diario - Decano de la prensa nacional"},"image":{"@id":"https:\/\/www.eldiario.net\/portal\/#\/schema\/logo\/image\/"},"sameAs":["https:\/\/www.facebook.com\/eldiario.bolivia\/","https:\/\/x.com\/eldiario_net"]},{"@type":"Person","@id":"https:\/\/www.eldiario.net\/portal\/#\/schema\/person\/2c57cf2b7a7ae032e449e4c9b1019eac","name":"Jeanette","image":{"@type":"ImageObject","inLanguage":"es","@id":"https:\/\/secure.gravatar.com\/avatar\/3ea2118a5f7dad2b7138b1187a6b7ee55f160b9968b66013c3a3ef39dd7e5798?s=96&d=mm&r=g","url":"https:\/\/secure.gravatar.com\/avatar\/3ea2118a5f7dad2b7138b1187a6b7ee55f160b9968b66013c3a3ef39dd7e5798?s=96&d=mm&r=g","contentUrl":"https:\/\/secure.gravatar.com\/avatar\/3ea2118a5f7dad2b7138b1187a6b7ee55f160b9968b66013c3a3ef39dd7e5798?s=96&d=mm&r=g","caption":"Jeanette"},"sameAs":["https:\/\/www.eldiario.net\/portal"],"url":"https:\/\/www.eldiario.net\/portal\/author\/jeanette\/"}]}},"_links":{"self":[{"href":"https:\/\/www.eldiario.net\/portal\/wp-json\/wp\/v2\/posts\/110638","targetHints":{"allow":["GET"]}}],"collection":[{"href":"https:\/\/www.eldiario.net\/portal\/wp-json\/wp\/v2\/posts"}],"about":[{"href":"https:\/\/www.eldiario.net\/portal\/wp-json\/wp\/v2\/types\/post"}],"author":[{"embeddable":true,"href":"https:\/\/www.eldiario.net\/portal\/wp-json\/wp\/v2\/users\/1"}],"replies":[{"embeddable":true,"href":"https:\/\/www.eldiario.net\/portal\/wp-json\/wp\/v2\/comments?post=110638"}],"version-history":[{"count":0,"href":"https:\/\/www.eldiario.net\/portal\/wp-json\/wp\/v2\/posts\/110638\/revisions"}],"wp:attachment":[{"href":"https:\/\/www.eldiario.net\/portal\/wp-json\/wp\/v2\/media?parent=110638"}],"wp:term":[{"taxonomy":"category","embeddable":true,"href":"https:\/\/www.eldiario.net\/portal\/wp-json\/wp\/v2\/categories?post=110638"},{"taxonomy":"post_tag","embeddable":true,"href":"https:\/\/www.eldiario.net\/portal\/wp-json\/wp\/v2\/tags?post=110638"}],"curies":[{"name":"wp","href":"https:\/\/api.w.org\/{rel}","templated":true}]}}