{"id":110635,"date":"2022-09-14T06:09:04","date_gmt":"2022-09-14T10:09:04","guid":{"rendered":"https:\/\/www.eldiario.net\/portal\/?p=110635"},"modified":"2022-09-14T06:09:04","modified_gmt":"2022-09-14T10:09:04","slug":"umsa-ofrece-orientacion-vocacional-a-bachilleres","status":"publish","type":"post","link":"https:\/\/www.eldiario.net\/portal\/2022\/09\/14\/umsa-ofrece-orientacion-vocacional-a-bachilleres\/","title":{"rendered":"UMSA ofrece orientaci\u00f3n  vocacional a bachilleres"},"content":{"rendered":"<p>La Universidad Mayor de San Andr\u00e9s (UMSA), a trav\u00e9s de la Carrera de Psicolog\u00eda, ofrece a los estudiantes orientaci\u00f3n vocacional especializada para que conozcan sus aptitudes y la oferta acad\u00e9mica de la universidad estatal de La Paz.<br \/>\nLa presi\u00f3n social y familiar suele confundir a los bachilleres a la hora de elegir una carrera, que es equivalente a elegir un rumbo de vida.<br \/>\n\u201cLa adolescencia es una etapa complicada, las hormonas est\u00e1n alborotadas y hay inseguridades, y a eso se suma la presi\u00f3n del \u2018\u00bfqu\u00e9 vas a estudiar?\u2019. Nuestro trabajo consiste en darles informaci\u00f3n para que ellos reconozcan sus potencialidades, el contenido de las carreras y hasta el mercado laboral\u201d, detall\u00f3 Teresa \u00c1lvarez, responsable del Servicio de Selecci\u00f3n de Orientaci\u00f3n Vocacional de la Carrera de Psicolog\u00eda, de la Facultad de Humanidades.<br \/>\nEste servicio est\u00e1 dirigido a bachilleres, pero tambi\u00e9n a estudiantes de 4\u00b0 y 5\u00b0 de secundaria. Tiene tres etapas: en la primera reciben una charla reflexiva sobre la importancia de construir un proyecto de vida y otra informativa sobre carreras y contenidos; en la segunda se aplican pruebas y se explica sobre el mercado laboral. En la tercera se les entrega el perfil profesional con dos carreras sugeridas. Las mam\u00e1s y pap\u00e1s acompa\u00f1an a los estudiantes en la primera y tercera etapa.<br \/>\nLa decana de la Facultad de Humanidades, Virginia Ferrufino, destac\u00f3 que este espacio cuenta con un equipo de orientadores vocacionales que incluye a universitarios de 5\u00b0 a\u00f1o de Psicolog\u00eda, quienes realizan sus pr\u00e1cticas como parte de su formaci\u00f3n. \u201cA trav\u00e9s de nuestras especialidades orientamos a bachilleres, es parte de nuestros servicios para retribuir a la poblaci\u00f3n su inversi\u00f3n en la educaci\u00f3n superior\u201d.<br \/>\nEn cuanto a los costos, este servicio cuesta habitualmente entre Bs 150 y 200 por alumno en instituciones privadas, pero la UMSA lo ofrece por Bs 30, previo acuerdo con el colegio. Tambi\u00e9n es posible hacerlo de forma individual por el mismo costo simb\u00f3lico en la modalidad virtual. Para mayor informaci\u00f3n puede contactar al 2612516 o 2612515, o aproximarse a la Casa Marcelo Quiroga Santa Cruz, en la avenida 6 de Agosto #2118, casi esquina Aspiazu.<\/p>\n","protected":false},"excerpt":{"rendered":"<p>La Universidad Mayor de San Andr\u00e9s (UMSA), a trav\u00e9s de la Carrera de Psicolog\u00eda, ofrece a los estudiantes orientaci\u00f3n vocacional especializada para que conozcan sus aptitudes y la oferta acad\u00e9mica de la universidad estatal de La Paz. La presi\u00f3n social y familiar suele confundir a los bachilleres a la hora de elegir una carrera, que [&hellip;]<\/p>\n","protected":false},"author":1,"featured_media":110636,"comment_status":"closed","ping_status":"closed","sticky":false,"template":"","format":"standard","meta":{"_acf_changed":false,"footnotes":""},"categories":[12],"tags":[],"class_list":["post-110635","post","type-post","status-publish","format-standard","has-post-thumbnail","category-nacional"],"acf":{"antetitulo":""},"yoast_head":"<!-- This site is optimized with the Yoast SEO plugin v28.4 - https:\/\/yoast.com\/product\/yoast-seo-wordpress\/ -->\n<title>UMSA ofrece orientaci\u00f3n vocacional a bachilleres - El Diario - Bolivia<\/title>\n<meta name=\"robots\" content=\"index, follow, max-snippet:-1, max-image-preview:large, max-video-preview:-1\" \/>\n<link rel=\"canonical\" href=\"https:\/\/www.eldiario.net\/portal\/2022\/09\/14\/umsa-ofrece-orientacion-vocacional-a-bachilleres\/\" \/>\n<meta property=\"og:locale\" content=\"es_ES\" \/>\n<meta property=\"og:type\" content=\"article\" \/>\n<meta property=\"og:title\" content=\"UMSA ofrece orientaci\u00f3n vocacional a bachilleres - El Diario - Bolivia\" \/>\n<meta property=\"og:description\" content=\"La Universidad Mayor de San Andr\u00e9s (UMSA), a trav\u00e9s de la Carrera de Psicolog\u00eda, ofrece a los estudiantes orientaci\u00f3n vocacional especializada para que conozcan sus aptitudes y la oferta acad\u00e9mica de la universidad estatal de La Paz. La presi\u00f3n social y familiar suele confundir a los bachilleres a la hora de elegir una carrera, que [&hellip;]\" \/>\n<meta property=\"og:url\" content=\"https:\/\/www.eldiario.net\/portal\/2022\/09\/14\/umsa-ofrece-orientacion-vocacional-a-bachilleres\/\" \/>\n<meta property=\"og:site_name\" content=\"El Diario - Bolivia\" \/>\n<meta property=\"article:publisher\" content=\"https:\/\/www.facebook.com\/eldiario.bolivia\/\" \/>\n<meta property=\"article:published_time\" content=\"2022-09-14T10:09:04+00:00\" \/>\n<meta name=\"author\" content=\"Jeanette\" \/>\n<meta name=\"twitter:card\" content=\"summary_large_image\" \/>\n<meta name=\"twitter:creator\" content=\"@eldiario_net\" \/>\n<meta name=\"twitter:site\" content=\"@eldiario_net\" \/>\n<meta name=\"twitter:label1\" content=\"Escrito por\" \/>\n\t<meta name=\"twitter:data1\" content=\"Jeanette\" \/>\n\t<meta name=\"twitter:label2\" content=\"Tiempo de lectura\" \/>\n\t<meta name=\"twitter:data2\" content=\"2 minutos\" \/>\n<script type=\"application\/ld+json\" class=\"yoast-schema-graph\">{\"@context\":\"https:\\\/\\\/schema.org\",\"@graph\":[{\"@type\":\"Article\",\"@id\":\"https:\\\/\\\/www.eldiario.net\\\/portal\\\/2022\\\/09\\\/14\\\/umsa-ofrece-orientacion-vocacional-a-bachilleres\\\/#article\",\"isPartOf\":{\"@id\":\"https:\\\/\\\/www.eldiario.net\\\/portal\\\/2022\\\/09\\\/14\\\/umsa-ofrece-orientacion-vocacional-a-bachilleres\\\/\"},\"author\":{\"name\":\"Jeanette\",\"@id\":\"https:\\\/\\\/www.eldiario.net\\\/portal\\\/#\\\/schema\\\/person\\\/2c57cf2b7a7ae032e449e4c9b1019eac\"},\"headline\":\"UMSA ofrece orientaci\u00f3n vocacional a bachilleres\",\"datePublished\":\"2022-09-14T10:09:04+00:00\",\"mainEntityOfPage\":{\"@id\":\"https:\\\/\\\/www.eldiario.net\\\/portal\\\/2022\\\/09\\\/14\\\/umsa-ofrece-orientacion-vocacional-a-bachilleres\\\/\"},\"wordCount\":375,\"publisher\":{\"@id\":\"https:\\\/\\\/www.eldiario.net\\\/portal\\\/#organization\"},\"image\":{\"@id\":\"https:\\\/\\\/www.eldiario.net\\\/portal\\\/2022\\\/09\\\/14\\\/umsa-ofrece-orientacion-vocacional-a-bachilleres\\\/#primaryimage\"},\"thumbnailUrl\":\"\",\"articleSection\":[\"Nacional\"],\"inLanguage\":\"es\"},{\"@type\":\"WebPage\",\"@id\":\"https:\\\/\\\/www.eldiario.net\\\/portal\\\/2022\\\/09\\\/14\\\/umsa-ofrece-orientacion-vocacional-a-bachilleres\\\/\",\"url\":\"https:\\\/\\\/www.eldiario.net\\\/portal\\\/2022\\\/09\\\/14\\\/umsa-ofrece-orientacion-vocacional-a-bachilleres\\\/\",\"name\":\"UMSA ofrece orientaci\u00f3n vocacional a bachilleres - El Diario - Bolivia\",\"isPartOf\":{\"@id\":\"https:\\\/\\\/www.eldiario.net\\\/portal\\\/#website\"},\"primaryImageOfPage\":{\"@id\":\"https:\\\/\\\/www.eldiario.net\\\/portal\\\/2022\\\/09\\\/14\\\/umsa-ofrece-orientacion-vocacional-a-bachilleres\\\/#primaryimage\"},\"image\":{\"@id\":\"https:\\\/\\\/www.eldiario.net\\\/portal\\\/2022\\\/09\\\/14\\\/umsa-ofrece-orientacion-vocacional-a-bachilleres\\\/#primaryimage\"},\"thumbnailUrl\":\"\",\"datePublished\":\"2022-09-14T10:09:04+00:00\",\"breadcrumb\":{\"@id\":\"https:\\\/\\\/www.eldiario.net\\\/portal\\\/2022\\\/09\\\/14\\\/umsa-ofrece-orientacion-vocacional-a-bachilleres\\\/#breadcrumb\"},\"inLanguage\":\"es\",\"potentialAction\":[{\"@type\":\"ReadAction\",\"target\":[\"https:\\\/\\\/www.eldiario.net\\\/portal\\\/2022\\\/09\\\/14\\\/umsa-ofrece-orientacion-vocacional-a-bachilleres\\\/\"]}]},{\"@type\":\"ImageObject\",\"inLanguage\":\"es\",\"@id\":\"https:\\\/\\\/www.eldiario.net\\\/portal\\\/2022\\\/09\\\/14\\\/umsa-ofrece-orientacion-vocacional-a-bachilleres\\\/#primaryimage\",\"url\":\"\",\"contentUrl\":\"\"},{\"@type\":\"BreadcrumbList\",\"@id\":\"https:\\\/\\\/www.eldiario.net\\\/portal\\\/2022\\\/09\\\/14\\\/umsa-ofrece-orientacion-vocacional-a-bachilleres\\\/#breadcrumb\",\"itemListElement\":[{\"@type\":\"ListItem\",\"position\":1,\"name\":\"Portada\",\"item\":\"https:\\\/\\\/www.eldiario.net\\\/portal\\\/\"},{\"@type\":\"ListItem\",\"position\":2,\"name\":\"UMSA ofrece orientaci\u00f3n vocacional a bachilleres\"}]},{\"@type\":\"WebSite\",\"@id\":\"https:\\\/\\\/www.eldiario.net\\\/portal\\\/#website\",\"url\":\"https:\\\/\\\/www.eldiario.net\\\/portal\\\/\",\"name\":\"El Diario - Decano de la prensa nacional\",\"description\":\"El Diario - Decano de la prensa nacional\",\"publisher\":{\"@id\":\"https:\\\/\\\/www.eldiario.net\\\/portal\\\/#organization\"},\"potentialAction\":[{\"@type\":\"SearchAction\",\"target\":{\"@type\":\"EntryPoint\",\"urlTemplate\":\"https:\\\/\\\/www.eldiario.net\\\/portal\\\/?s={search_term_string}\"},\"query-input\":{\"@type\":\"PropertyValueSpecification\",\"valueRequired\":true,\"valueName\":\"search_term_string\"}}],\"inLanguage\":\"es\"},{\"@type\":\"Organization\",\"@id\":\"https:\\\/\\\/www.eldiario.net\\\/portal\\\/#organization\",\"name\":\"El Diario - Decano de la prensa nacional\",\"url\":\"https:\\\/\\\/www.eldiario.net\\\/portal\\\/\",\"logo\":{\"@type\":\"ImageObject\",\"inLanguage\":\"es\",\"@id\":\"https:\\\/\\\/www.eldiario.net\\\/portal\\\/#\\\/schema\\\/logo\\\/image\\\/\",\"url\":\"https:\\\/\\\/www.eldiario.net\\\/portal\\\/wp-content\\\/uploads\\\/2023\\\/07\\\/logo_ED.jpg\",\"contentUrl\":\"https:\\\/\\\/www.eldiario.net\\\/portal\\\/wp-content\\\/uploads\\\/2023\\\/07\\\/logo_ED.jpg\",\"width\":272,\"height\":52,\"caption\":\"El Diario - Decano de la prensa nacional\"},\"image\":{\"@id\":\"https:\\\/\\\/www.eldiario.net\\\/portal\\\/#\\\/schema\\\/logo\\\/image\\\/\"},\"sameAs\":[\"https:\\\/\\\/www.facebook.com\\\/eldiario.bolivia\\\/\",\"https:\\\/\\\/x.com\\\/eldiario_net\"]},{\"@type\":\"Person\",\"@id\":\"https:\\\/\\\/www.eldiario.net\\\/portal\\\/#\\\/schema\\\/person\\\/2c57cf2b7a7ae032e449e4c9b1019eac\",\"name\":\"Jeanette\",\"image\":{\"@type\":\"ImageObject\",\"inLanguage\":\"es\",\"@id\":\"https:\\\/\\\/secure.gravatar.com\\\/avatar\\\/3ea2118a5f7dad2b7138b1187a6b7ee55f160b9968b66013c3a3ef39dd7e5798?s=96&d=mm&r=g\",\"url\":\"https:\\\/\\\/secure.gravatar.com\\\/avatar\\\/3ea2118a5f7dad2b7138b1187a6b7ee55f160b9968b66013c3a3ef39dd7e5798?s=96&d=mm&r=g\",\"contentUrl\":\"https:\\\/\\\/secure.gravatar.com\\\/avatar\\\/3ea2118a5f7dad2b7138b1187a6b7ee55f160b9968b66013c3a3ef39dd7e5798?s=96&d=mm&r=g\",\"caption\":\"Jeanette\"},\"sameAs\":[\"https:\\\/\\\/www.eldiario.net\\\/portal\"],\"url\":\"https:\\\/\\\/www.eldiario.net\\\/portal\\\/author\\\/jeanette\\\/\"}]}<\/script>\n<!-- \/ Yoast SEO plugin. -->","yoast_head_json":{"title":"UMSA ofrece orientaci\u00f3n vocacional a bachilleres - El Diario - Bolivia","robots":{"index":"index","follow":"follow","max-snippet":"max-snippet:-1","max-image-preview":"max-image-preview:large","max-video-preview":"max-video-preview:-1"},"canonical":"https:\/\/www.eldiario.net\/portal\/2022\/09\/14\/umsa-ofrece-orientacion-vocacional-a-bachilleres\/","og_locale":"es_ES","og_type":"article","og_title":"UMSA ofrece orientaci\u00f3n vocacional a bachilleres - El Diario - Bolivia","og_description":"La Universidad Mayor de San Andr\u00e9s (UMSA), a trav\u00e9s de la Carrera de Psicolog\u00eda, ofrece a los estudiantes orientaci\u00f3n vocacional especializada para que conozcan sus aptitudes y la oferta acad\u00e9mica de la universidad estatal de La Paz. La presi\u00f3n social y familiar suele confundir a los bachilleres a la hora de elegir una carrera, que [&hellip;]","og_url":"https:\/\/www.eldiario.net\/portal\/2022\/09\/14\/umsa-ofrece-orientacion-vocacional-a-bachilleres\/","og_site_name":"El Diario - Bolivia","article_publisher":"https:\/\/www.facebook.com\/eldiario.bolivia\/","article_published_time":"2022-09-14T10:09:04+00:00","author":"Jeanette","twitter_card":"summary_large_image","twitter_creator":"@eldiario_net","twitter_site":"@eldiario_net","twitter_misc":{"Escrito por":"Jeanette","Tiempo de lectura":"2 minutos"},"schema":{"@context":"https:\/\/schema.org","@graph":[{"@type":"Article","@id":"https:\/\/www.eldiario.net\/portal\/2022\/09\/14\/umsa-ofrece-orientacion-vocacional-a-bachilleres\/#article","isPartOf":{"@id":"https:\/\/www.eldiario.net\/portal\/2022\/09\/14\/umsa-ofrece-orientacion-vocacional-a-bachilleres\/"},"author":{"name":"Jeanette","@id":"https:\/\/www.eldiario.net\/portal\/#\/schema\/person\/2c57cf2b7a7ae032e449e4c9b1019eac"},"headline":"UMSA ofrece orientaci\u00f3n vocacional a bachilleres","datePublished":"2022-09-14T10:09:04+00:00","mainEntityOfPage":{"@id":"https:\/\/www.eldiario.net\/portal\/2022\/09\/14\/umsa-ofrece-orientacion-vocacional-a-bachilleres\/"},"wordCount":375,"publisher":{"@id":"https:\/\/www.eldiario.net\/portal\/#organization"},"image":{"@id":"https:\/\/www.eldiario.net\/portal\/2022\/09\/14\/umsa-ofrece-orientacion-vocacional-a-bachilleres\/#primaryimage"},"thumbnailUrl":"","articleSection":["Nacional"],"inLanguage":"es"},{"@type":"WebPage","@id":"https:\/\/www.eldiario.net\/portal\/2022\/09\/14\/umsa-ofrece-orientacion-vocacional-a-bachilleres\/","url":"https:\/\/www.eldiario.net\/portal\/2022\/09\/14\/umsa-ofrece-orientacion-vocacional-a-bachilleres\/","name":"UMSA ofrece orientaci\u00f3n vocacional a bachilleres - El Diario - Bolivia","isPartOf":{"@id":"https:\/\/www.eldiario.net\/portal\/#website"},"primaryImageOfPage":{"@id":"https:\/\/www.eldiario.net\/portal\/2022\/09\/14\/umsa-ofrece-orientacion-vocacional-a-bachilleres\/#primaryimage"},"image":{"@id":"https:\/\/www.eldiario.net\/portal\/2022\/09\/14\/umsa-ofrece-orientacion-vocacional-a-bachilleres\/#primaryimage"},"thumbnailUrl":"","datePublished":"2022-09-14T10:09:04+00:00","breadcrumb":{"@id":"https:\/\/www.eldiario.net\/portal\/2022\/09\/14\/umsa-ofrece-orientacion-vocacional-a-bachilleres\/#breadcrumb"},"inLanguage":"es","potentialAction":[{"@type":"ReadAction","target":["https:\/\/www.eldiario.net\/portal\/2022\/09\/14\/umsa-ofrece-orientacion-vocacional-a-bachilleres\/"]}]},{"@type":"ImageObject","inLanguage":"es","@id":"https:\/\/www.eldiario.net\/portal\/2022\/09\/14\/umsa-ofrece-orientacion-vocacional-a-bachilleres\/#primaryimage","url":"","contentUrl":""},{"@type":"BreadcrumbList","@id":"https:\/\/www.eldiario.net\/portal\/2022\/09\/14\/umsa-ofrece-orientacion-vocacional-a-bachilleres\/#breadcrumb","itemListElement":[{"@type":"ListItem","position":1,"name":"Portada","item":"https:\/\/www.eldiario.net\/portal\/"},{"@type":"ListItem","position":2,"name":"UMSA ofrece orientaci\u00f3n vocacional a bachilleres"}]},{"@type":"WebSite","@id":"https:\/\/www.eldiario.net\/portal\/#website","url":"https:\/\/www.eldiario.net\/portal\/","name":"El Diario - Decano de la prensa nacional","description":"El Diario - Decano de la prensa nacional","publisher":{"@id":"https:\/\/www.eldiario.net\/portal\/#organization"},"potentialAction":[{"@type":"SearchAction","target":{"@type":"EntryPoint","urlTemplate":"https:\/\/www.eldiario.net\/portal\/?s={search_term_string}"},"query-input":{"@type":"PropertyValueSpecification","valueRequired":true,"valueName":"search_term_string"}}],"inLanguage":"es"},{"@type":"Organization","@id":"https:\/\/www.eldiario.net\/portal\/#organization","name":"El Diario - Decano de la prensa nacional","url":"https:\/\/www.eldiario.net\/portal\/","logo":{"@type":"ImageObject","inLanguage":"es","@id":"https:\/\/www.eldiario.net\/portal\/#\/schema\/logo\/image\/","url":"https:\/\/www.eldiario.net\/portal\/wp-content\/uploads\/2023\/07\/logo_ED.jpg","contentUrl":"https:\/\/www.eldiario.net\/portal\/wp-content\/uploads\/2023\/07\/logo_ED.jpg","width":272,"height":52,"caption":"El Diario - Decano de la prensa nacional"},"image":{"@id":"https:\/\/www.eldiario.net\/portal\/#\/schema\/logo\/image\/"},"sameAs":["https:\/\/www.facebook.com\/eldiario.bolivia\/","https:\/\/x.com\/eldiario_net"]},{"@type":"Person","@id":"https:\/\/www.eldiario.net\/portal\/#\/schema\/person\/2c57cf2b7a7ae032e449e4c9b1019eac","name":"Jeanette","image":{"@type":"ImageObject","inLanguage":"es","@id":"https:\/\/secure.gravatar.com\/avatar\/3ea2118a5f7dad2b7138b1187a6b7ee55f160b9968b66013c3a3ef39dd7e5798?s=96&d=mm&r=g","url":"https:\/\/secure.gravatar.com\/avatar\/3ea2118a5f7dad2b7138b1187a6b7ee55f160b9968b66013c3a3ef39dd7e5798?s=96&d=mm&r=g","contentUrl":"https:\/\/secure.gravatar.com\/avatar\/3ea2118a5f7dad2b7138b1187a6b7ee55f160b9968b66013c3a3ef39dd7e5798?s=96&d=mm&r=g","caption":"Jeanette"},"sameAs":["https:\/\/www.eldiario.net\/portal"],"url":"https:\/\/www.eldiario.net\/portal\/author\/jeanette\/"}]}},"_links":{"self":[{"href":"https:\/\/www.eldiario.net\/portal\/wp-json\/wp\/v2\/posts\/110635","targetHints":{"allow":["GET"]}}],"collection":[{"href":"https:\/\/www.eldiario.net\/portal\/wp-json\/wp\/v2\/posts"}],"about":[{"href":"https:\/\/www.eldiario.net\/portal\/wp-json\/wp\/v2\/types\/post"}],"author":[{"embeddable":true,"href":"https:\/\/www.eldiario.net\/portal\/wp-json\/wp\/v2\/users\/1"}],"replies":[{"embeddable":true,"href":"https:\/\/www.eldiario.net\/portal\/wp-json\/wp\/v2\/comments?post=110635"}],"version-history":[{"count":0,"href":"https:\/\/www.eldiario.net\/portal\/wp-json\/wp\/v2\/posts\/110635\/revisions"}],"wp:attachment":[{"href":"https:\/\/www.eldiario.net\/portal\/wp-json\/wp\/v2\/media?parent=110635"}],"wp:term":[{"taxonomy":"category","embeddable":true,"href":"https:\/\/www.eldiario.net\/portal\/wp-json\/wp\/v2\/categories?post=110635"},{"taxonomy":"post_tag","embeddable":true,"href":"https:\/\/www.eldiario.net\/portal\/wp-json\/wp\/v2\/tags?post=110635"}],"curies":[{"name":"wp","href":"https:\/\/api.w.org\/{rel}","templated":true}]}}