{"id":110633,"date":"2022-09-14T06:08:03","date_gmt":"2022-09-14T10:08:03","guid":{"rendered":"https:\/\/www.eldiario.net\/portal\/?p=110633"},"modified":"2022-09-14T06:08:03","modified_gmt":"2022-09-14T10:08:03","slug":"becados-en-argentina-retornan-para-trabajar-en-centros-del-pais","status":"publish","type":"post","link":"https:\/\/www.eldiario.net\/portal\/2022\/09\/14\/becados-en-argentina-retornan-para-trabajar-en-centros-del-pais\/","title":{"rendered":"Becados en Argentina retornan  para trabajar en centros del pa\u00eds"},"content":{"rendered":"<p>Los profesionales becados especializados en la Universidad de Buenos Aires, Argentina, retornaron a Bolivia para fortalecer la red de centros de medicina nuclear, inform\u00f3 ayer la directora ejecutiva de la Agencia Boliviana de Energ\u00eda Nuclear (ABEN), Hortensia Jim\u00e9nez.<br \/>\n\u201cCon la incorporaci\u00f3n de estos profesionales al plantel del Centro de Medicina Nuclear se dar\u00e1 un salto importante para realizar una atenci\u00f3n adecuada a los pacientes en el \u00e1rea de diagn\u00f3stico nuclear\u201d, sostuvo Jim\u00e9nez.<br \/>\nLa directora de ABEN inform\u00f3 que son cuatro becarios que culminaron con \u201c\u00e9xito\u201d sus estudios en la especializaci\u00f3n en medicina nuclear.<br \/>\nLos m\u00e9dicos son: Henry Diego Patty Flores, Rosario Pamela Urquieta Ovando, Risselly Mar\u00eda Balboa Mor\u00f3n y Gaby \u00c1ngulo Monta\u00f1o.<br \/>\nLa directora destac\u00f3 que la especializaci\u00f3n en medicina nuclear es \u201csumamente\u201d importante en el pa\u00eds que avanza en esta tecnolog\u00eda y requiere de profesionales en esta \u00e1rea.<br \/>\n\u201cNo solo es incorporar infraestructura, no solo se trata de una tecnolog\u00eda de \u00faltima generaci\u00f3n en el tema nuclear tambi\u00e9n paralelamente, tenemos que ir formando a las personas id\u00f3neas para que puedan utilizar el equipo y realmente dar respuesta a la poblaci\u00f3n\u201d, explic\u00f3.<br \/>\nLos profesionales desempe\u00f1ar\u00e1n sus funciones en los centros de Medicina Nuclear de El Alto y de Santa Cruz, que se prev\u00e9 iniciar\u00e1 actividades en este mes, reflej\u00f3 ABI.<br \/>\nLos m\u00e9dicos, por su parte, expresaron su satisfacci\u00f3n por concluir sus estudios y su emoci\u00f3n porque podr\u00e1n aportar con sus conocimientos adquiridos al servicio de la poblaci\u00f3n.<\/p>\n","protected":false},"excerpt":{"rendered":"<p>Los profesionales becados especializados en la Universidad de Buenos Aires, Argentina, retornaron a Bolivia para fortalecer la red de centros de medicina nuclear, inform\u00f3 ayer la directora ejecutiva de la Agencia Boliviana de Energ\u00eda Nuclear (ABEN), Hortensia Jim\u00e9nez. \u201cCon la incorporaci\u00f3n de estos profesionales al plantel del Centro de Medicina Nuclear se dar\u00e1 un salto [&hellip;]<\/p>\n","protected":false},"author":1,"featured_media":0,"comment_status":"closed","ping_status":"closed","sticky":false,"template":"","format":"standard","meta":{"_acf_changed":false,"footnotes":""},"categories":[12],"tags":[],"class_list":["post-110633","post","type-post","status-publish","format-standard","category-nacional"],"acf":{"antetitulo":""},"yoast_head":"<!-- This site is optimized with the Yoast SEO plugin v28.4 - https:\/\/yoast.com\/product\/yoast-seo-wordpress\/ -->\n<title>Becados en Argentina retornan para trabajar en centros del pa\u00eds - El Diario - Bolivia<\/title>\n<meta name=\"robots\" content=\"index, follow, max-snippet:-1, max-image-preview:large, max-video-preview:-1\" \/>\n<link rel=\"canonical\" href=\"https:\/\/www.eldiario.net\/portal\/2022\/09\/14\/becados-en-argentina-retornan-para-trabajar-en-centros-del-pais\/\" \/>\n<meta property=\"og:locale\" content=\"es_ES\" \/>\n<meta property=\"og:type\" content=\"article\" \/>\n<meta property=\"og:title\" content=\"Becados en Argentina retornan para trabajar en centros del pa\u00eds - El Diario - Bolivia\" \/>\n<meta property=\"og:description\" content=\"Los profesionales becados especializados en la Universidad de Buenos Aires, Argentina, retornaron a Bolivia para fortalecer la red de centros de medicina nuclear, inform\u00f3 ayer la directora ejecutiva de la Agencia Boliviana de Energ\u00eda Nuclear (ABEN), Hortensia Jim\u00e9nez. \u201cCon la incorporaci\u00f3n de estos profesionales al plantel del Centro de Medicina Nuclear se dar\u00e1 un salto [&hellip;]\" \/>\n<meta property=\"og:url\" content=\"https:\/\/www.eldiario.net\/portal\/2022\/09\/14\/becados-en-argentina-retornan-para-trabajar-en-centros-del-pais\/\" \/>\n<meta property=\"og:site_name\" content=\"El Diario - Bolivia\" \/>\n<meta property=\"article:publisher\" content=\"https:\/\/www.facebook.com\/eldiario.bolivia\/\" \/>\n<meta property=\"article:published_time\" content=\"2022-09-14T10:08:03+00:00\" \/>\n<meta name=\"author\" content=\"Jeanette\" \/>\n<meta name=\"twitter:card\" content=\"summary_large_image\" \/>\n<meta name=\"twitter:creator\" content=\"@eldiario_net\" \/>\n<meta name=\"twitter:site\" content=\"@eldiario_net\" \/>\n<meta name=\"twitter:label1\" content=\"Escrito por\" \/>\n\t<meta name=\"twitter:data1\" content=\"Jeanette\" \/>\n\t<meta name=\"twitter:label2\" content=\"Tiempo de lectura\" \/>\n\t<meta name=\"twitter:data2\" content=\"2 minutos\" \/>\n<script type=\"application\/ld+json\" class=\"yoast-schema-graph\">{\"@context\":\"https:\\\/\\\/schema.org\",\"@graph\":[{\"@type\":\"Article\",\"@id\":\"https:\\\/\\\/www.eldiario.net\\\/portal\\\/2022\\\/09\\\/14\\\/becados-en-argentina-retornan-para-trabajar-en-centros-del-pais\\\/#article\",\"isPartOf\":{\"@id\":\"https:\\\/\\\/www.eldiario.net\\\/portal\\\/2022\\\/09\\\/14\\\/becados-en-argentina-retornan-para-trabajar-en-centros-del-pais\\\/\"},\"author\":{\"name\":\"Jeanette\",\"@id\":\"https:\\\/\\\/www.eldiario.net\\\/portal\\\/#\\\/schema\\\/person\\\/2c57cf2b7a7ae032e449e4c9b1019eac\"},\"headline\":\"Becados en Argentina retornan para trabajar en centros del pa\u00eds\",\"datePublished\":\"2022-09-14T10:08:03+00:00\",\"mainEntityOfPage\":{\"@id\":\"https:\\\/\\\/www.eldiario.net\\\/portal\\\/2022\\\/09\\\/14\\\/becados-en-argentina-retornan-para-trabajar-en-centros-del-pais\\\/\"},\"wordCount\":274,\"publisher\":{\"@id\":\"https:\\\/\\\/www.eldiario.net\\\/portal\\\/#organization\"},\"articleSection\":[\"Nacional\"],\"inLanguage\":\"es\"},{\"@type\":\"WebPage\",\"@id\":\"https:\\\/\\\/www.eldiario.net\\\/portal\\\/2022\\\/09\\\/14\\\/becados-en-argentina-retornan-para-trabajar-en-centros-del-pais\\\/\",\"url\":\"https:\\\/\\\/www.eldiario.net\\\/portal\\\/2022\\\/09\\\/14\\\/becados-en-argentina-retornan-para-trabajar-en-centros-del-pais\\\/\",\"name\":\"Becados en Argentina retornan para trabajar en centros del pa\u00eds - El Diario - Bolivia\",\"isPartOf\":{\"@id\":\"https:\\\/\\\/www.eldiario.net\\\/portal\\\/#website\"},\"datePublished\":\"2022-09-14T10:08:03+00:00\",\"breadcrumb\":{\"@id\":\"https:\\\/\\\/www.eldiario.net\\\/portal\\\/2022\\\/09\\\/14\\\/becados-en-argentina-retornan-para-trabajar-en-centros-del-pais\\\/#breadcrumb\"},\"inLanguage\":\"es\",\"potentialAction\":[{\"@type\":\"ReadAction\",\"target\":[\"https:\\\/\\\/www.eldiario.net\\\/portal\\\/2022\\\/09\\\/14\\\/becados-en-argentina-retornan-para-trabajar-en-centros-del-pais\\\/\"]}]},{\"@type\":\"BreadcrumbList\",\"@id\":\"https:\\\/\\\/www.eldiario.net\\\/portal\\\/2022\\\/09\\\/14\\\/becados-en-argentina-retornan-para-trabajar-en-centros-del-pais\\\/#breadcrumb\",\"itemListElement\":[{\"@type\":\"ListItem\",\"position\":1,\"name\":\"Portada\",\"item\":\"https:\\\/\\\/www.eldiario.net\\\/portal\\\/\"},{\"@type\":\"ListItem\",\"position\":2,\"name\":\"Becados en Argentina retornan para trabajar en centros del pa\u00eds\"}]},{\"@type\":\"WebSite\",\"@id\":\"https:\\\/\\\/www.eldiario.net\\\/portal\\\/#website\",\"url\":\"https:\\\/\\\/www.eldiario.net\\\/portal\\\/\",\"name\":\"El Diario - Decano de la prensa nacional\",\"description\":\"El Diario - Decano de la prensa nacional\",\"publisher\":{\"@id\":\"https:\\\/\\\/www.eldiario.net\\\/portal\\\/#organization\"},\"potentialAction\":[{\"@type\":\"SearchAction\",\"target\":{\"@type\":\"EntryPoint\",\"urlTemplate\":\"https:\\\/\\\/www.eldiario.net\\\/portal\\\/?s={search_term_string}\"},\"query-input\":{\"@type\":\"PropertyValueSpecification\",\"valueRequired\":true,\"valueName\":\"search_term_string\"}}],\"inLanguage\":\"es\"},{\"@type\":\"Organization\",\"@id\":\"https:\\\/\\\/www.eldiario.net\\\/portal\\\/#organization\",\"name\":\"El Diario - Decano de la prensa nacional\",\"url\":\"https:\\\/\\\/www.eldiario.net\\\/portal\\\/\",\"logo\":{\"@type\":\"ImageObject\",\"inLanguage\":\"es\",\"@id\":\"https:\\\/\\\/www.eldiario.net\\\/portal\\\/#\\\/schema\\\/logo\\\/image\\\/\",\"url\":\"https:\\\/\\\/www.eldiario.net\\\/portal\\\/wp-content\\\/uploads\\\/2023\\\/07\\\/logo_ED.jpg\",\"contentUrl\":\"https:\\\/\\\/www.eldiario.net\\\/portal\\\/wp-content\\\/uploads\\\/2023\\\/07\\\/logo_ED.jpg\",\"width\":272,\"height\":52,\"caption\":\"El Diario - Decano de la prensa nacional\"},\"image\":{\"@id\":\"https:\\\/\\\/www.eldiario.net\\\/portal\\\/#\\\/schema\\\/logo\\\/image\\\/\"},\"sameAs\":[\"https:\\\/\\\/www.facebook.com\\\/eldiario.bolivia\\\/\",\"https:\\\/\\\/x.com\\\/eldiario_net\"]},{\"@type\":\"Person\",\"@id\":\"https:\\\/\\\/www.eldiario.net\\\/portal\\\/#\\\/schema\\\/person\\\/2c57cf2b7a7ae032e449e4c9b1019eac\",\"name\":\"Jeanette\",\"image\":{\"@type\":\"ImageObject\",\"inLanguage\":\"es\",\"@id\":\"https:\\\/\\\/secure.gravatar.com\\\/avatar\\\/3ea2118a5f7dad2b7138b1187a6b7ee55f160b9968b66013c3a3ef39dd7e5798?s=96&d=mm&r=g\",\"url\":\"https:\\\/\\\/secure.gravatar.com\\\/avatar\\\/3ea2118a5f7dad2b7138b1187a6b7ee55f160b9968b66013c3a3ef39dd7e5798?s=96&d=mm&r=g\",\"contentUrl\":\"https:\\\/\\\/secure.gravatar.com\\\/avatar\\\/3ea2118a5f7dad2b7138b1187a6b7ee55f160b9968b66013c3a3ef39dd7e5798?s=96&d=mm&r=g\",\"caption\":\"Jeanette\"},\"sameAs\":[\"https:\\\/\\\/www.eldiario.net\\\/portal\"],\"url\":\"https:\\\/\\\/www.eldiario.net\\\/portal\\\/author\\\/jeanette\\\/\"}]}<\/script>\n<!-- \/ Yoast SEO plugin. -->","yoast_head_json":{"title":"Becados en Argentina retornan para trabajar en centros del pa\u00eds - El Diario - Bolivia","robots":{"index":"index","follow":"follow","max-snippet":"max-snippet:-1","max-image-preview":"max-image-preview:large","max-video-preview":"max-video-preview:-1"},"canonical":"https:\/\/www.eldiario.net\/portal\/2022\/09\/14\/becados-en-argentina-retornan-para-trabajar-en-centros-del-pais\/","og_locale":"es_ES","og_type":"article","og_title":"Becados en Argentina retornan para trabajar en centros del pa\u00eds - El Diario - Bolivia","og_description":"Los profesionales becados especializados en la Universidad de Buenos Aires, Argentina, retornaron a Bolivia para fortalecer la red de centros de medicina nuclear, inform\u00f3 ayer la directora ejecutiva de la Agencia Boliviana de Energ\u00eda Nuclear (ABEN), Hortensia Jim\u00e9nez. \u201cCon la incorporaci\u00f3n de estos profesionales al plantel del Centro de Medicina Nuclear se dar\u00e1 un salto [&hellip;]","og_url":"https:\/\/www.eldiario.net\/portal\/2022\/09\/14\/becados-en-argentina-retornan-para-trabajar-en-centros-del-pais\/","og_site_name":"El Diario - Bolivia","article_publisher":"https:\/\/www.facebook.com\/eldiario.bolivia\/","article_published_time":"2022-09-14T10:08:03+00:00","author":"Jeanette","twitter_card":"summary_large_image","twitter_creator":"@eldiario_net","twitter_site":"@eldiario_net","twitter_misc":{"Escrito por":"Jeanette","Tiempo de lectura":"2 minutos"},"schema":{"@context":"https:\/\/schema.org","@graph":[{"@type":"Article","@id":"https:\/\/www.eldiario.net\/portal\/2022\/09\/14\/becados-en-argentina-retornan-para-trabajar-en-centros-del-pais\/#article","isPartOf":{"@id":"https:\/\/www.eldiario.net\/portal\/2022\/09\/14\/becados-en-argentina-retornan-para-trabajar-en-centros-del-pais\/"},"author":{"name":"Jeanette","@id":"https:\/\/www.eldiario.net\/portal\/#\/schema\/person\/2c57cf2b7a7ae032e449e4c9b1019eac"},"headline":"Becados en Argentina retornan para trabajar en centros del pa\u00eds","datePublished":"2022-09-14T10:08:03+00:00","mainEntityOfPage":{"@id":"https:\/\/www.eldiario.net\/portal\/2022\/09\/14\/becados-en-argentina-retornan-para-trabajar-en-centros-del-pais\/"},"wordCount":274,"publisher":{"@id":"https:\/\/www.eldiario.net\/portal\/#organization"},"articleSection":["Nacional"],"inLanguage":"es"},{"@type":"WebPage","@id":"https:\/\/www.eldiario.net\/portal\/2022\/09\/14\/becados-en-argentina-retornan-para-trabajar-en-centros-del-pais\/","url":"https:\/\/www.eldiario.net\/portal\/2022\/09\/14\/becados-en-argentina-retornan-para-trabajar-en-centros-del-pais\/","name":"Becados en Argentina retornan para trabajar en centros del pa\u00eds - El Diario - Bolivia","isPartOf":{"@id":"https:\/\/www.eldiario.net\/portal\/#website"},"datePublished":"2022-09-14T10:08:03+00:00","breadcrumb":{"@id":"https:\/\/www.eldiario.net\/portal\/2022\/09\/14\/becados-en-argentina-retornan-para-trabajar-en-centros-del-pais\/#breadcrumb"},"inLanguage":"es","potentialAction":[{"@type":"ReadAction","target":["https:\/\/www.eldiario.net\/portal\/2022\/09\/14\/becados-en-argentina-retornan-para-trabajar-en-centros-del-pais\/"]}]},{"@type":"BreadcrumbList","@id":"https:\/\/www.eldiario.net\/portal\/2022\/09\/14\/becados-en-argentina-retornan-para-trabajar-en-centros-del-pais\/#breadcrumb","itemListElement":[{"@type":"ListItem","position":1,"name":"Portada","item":"https:\/\/www.eldiario.net\/portal\/"},{"@type":"ListItem","position":2,"name":"Becados en Argentina retornan para trabajar en centros del pa\u00eds"}]},{"@type":"WebSite","@id":"https:\/\/www.eldiario.net\/portal\/#website","url":"https:\/\/www.eldiario.net\/portal\/","name":"El Diario - Decano de la prensa nacional","description":"El Diario - Decano de la prensa nacional","publisher":{"@id":"https:\/\/www.eldiario.net\/portal\/#organization"},"potentialAction":[{"@type":"SearchAction","target":{"@type":"EntryPoint","urlTemplate":"https:\/\/www.eldiario.net\/portal\/?s={search_term_string}"},"query-input":{"@type":"PropertyValueSpecification","valueRequired":true,"valueName":"search_term_string"}}],"inLanguage":"es"},{"@type":"Organization","@id":"https:\/\/www.eldiario.net\/portal\/#organization","name":"El Diario - Decano de la prensa nacional","url":"https:\/\/www.eldiario.net\/portal\/","logo":{"@type":"ImageObject","inLanguage":"es","@id":"https:\/\/www.eldiario.net\/portal\/#\/schema\/logo\/image\/","url":"https:\/\/www.eldiario.net\/portal\/wp-content\/uploads\/2023\/07\/logo_ED.jpg","contentUrl":"https:\/\/www.eldiario.net\/portal\/wp-content\/uploads\/2023\/07\/logo_ED.jpg","width":272,"height":52,"caption":"El Diario - Decano de la prensa nacional"},"image":{"@id":"https:\/\/www.eldiario.net\/portal\/#\/schema\/logo\/image\/"},"sameAs":["https:\/\/www.facebook.com\/eldiario.bolivia\/","https:\/\/x.com\/eldiario_net"]},{"@type":"Person","@id":"https:\/\/www.eldiario.net\/portal\/#\/schema\/person\/2c57cf2b7a7ae032e449e4c9b1019eac","name":"Jeanette","image":{"@type":"ImageObject","inLanguage":"es","@id":"https:\/\/secure.gravatar.com\/avatar\/3ea2118a5f7dad2b7138b1187a6b7ee55f160b9968b66013c3a3ef39dd7e5798?s=96&d=mm&r=g","url":"https:\/\/secure.gravatar.com\/avatar\/3ea2118a5f7dad2b7138b1187a6b7ee55f160b9968b66013c3a3ef39dd7e5798?s=96&d=mm&r=g","contentUrl":"https:\/\/secure.gravatar.com\/avatar\/3ea2118a5f7dad2b7138b1187a6b7ee55f160b9968b66013c3a3ef39dd7e5798?s=96&d=mm&r=g","caption":"Jeanette"},"sameAs":["https:\/\/www.eldiario.net\/portal"],"url":"https:\/\/www.eldiario.net\/portal\/author\/jeanette\/"}]}},"_links":{"self":[{"href":"https:\/\/www.eldiario.net\/portal\/wp-json\/wp\/v2\/posts\/110633","targetHints":{"allow":["GET"]}}],"collection":[{"href":"https:\/\/www.eldiario.net\/portal\/wp-json\/wp\/v2\/posts"}],"about":[{"href":"https:\/\/www.eldiario.net\/portal\/wp-json\/wp\/v2\/types\/post"}],"author":[{"embeddable":true,"href":"https:\/\/www.eldiario.net\/portal\/wp-json\/wp\/v2\/users\/1"}],"replies":[{"embeddable":true,"href":"https:\/\/www.eldiario.net\/portal\/wp-json\/wp\/v2\/comments?post=110633"}],"version-history":[{"count":0,"href":"https:\/\/www.eldiario.net\/portal\/wp-json\/wp\/v2\/posts\/110633\/revisions"}],"wp:attachment":[{"href":"https:\/\/www.eldiario.net\/portal\/wp-json\/wp\/v2\/media?parent=110633"}],"wp:term":[{"taxonomy":"category","embeddable":true,"href":"https:\/\/www.eldiario.net\/portal\/wp-json\/wp\/v2\/categories?post=110633"},{"taxonomy":"post_tag","embeddable":true,"href":"https:\/\/www.eldiario.net\/portal\/wp-json\/wp\/v2\/tags?post=110633"}],"curies":[{"name":"wp","href":"https:\/\/api.w.org\/{rel}","templated":true}]}}