{"id":110624,"date":"2022-09-14T06:05:36","date_gmt":"2022-09-14T10:05:36","guid":{"rendered":"https:\/\/www.eldiario.net\/portal\/?p=110624"},"modified":"2022-09-14T06:05:36","modified_gmt":"2022-09-14T10:05:36","slug":"visitantes-a-expocruz-sentiran-que-estan-presentes-en-la-paz","status":"publish","type":"post","link":"https:\/\/www.eldiario.net\/portal\/2022\/09\/14\/visitantes-a-expocruz-sentiran-que-estan-presentes-en-la-paz\/","title":{"rendered":"Visitantes a Expocruz sentir\u00e1n que est\u00e1n presentes en La Paz"},"content":{"rendered":"<p>En el pabell\u00f3n \u201cLa Paz en paz\u201d de la Feria Internacional de Santa Cruz (Expocruz), se recrear\u00e1n las calles adoquinadas y empedradas de la urbe pace\u00f1a, adem\u00e1s de las casas tradicionales que hay en sus alrededores, de tal manera que los visitantes podr\u00e1n vivir la \u201cexperiencia\u201d de estar en la sede de Gobierno sin moverse de la capital cruce\u00f1a.<br \/>\n\u201cEstamos transportando un pedazo de La Paz a la Expocruz, vamos a reproducir calles de la ciudad, no les digo cu\u00e1les, de tal manera que usted antes de entrar al pabell\u00f3n, sienta que est\u00e1 paseando por la ciudad de La Paz, va a poder ver hasta los adoquines, va a poder ver los empedrados\u201d, inform\u00f3 la primera autoridad municipal.<br \/>\nEn la recreaci\u00f3n de la ciudad de La Paz tambi\u00e9n se mostrar\u00e1 algunos sectores comerciales. \u201cCuando usted entre al pabell\u00f3n, no va a entrar a un grupo de puestos de mercado, a lo que va a entrar es a vivir una experiencia de los productores y empresarios\u201d, remarc\u00f3 Iv\u00e1n Arias.<br \/>\nEn la clausura de la Fexpocruz, el 25 de septiembre, en el pabell\u00f3n \u201cLa Paz en paz\u201d se tendr\u00e1 un desfile de modas de la chola pace\u00f1a y donde se mostrar\u00e1n trajes dise\u00f1ados exclusivamente para el evento. Cerca de 15 cholitas desfilar\u00e1n en una pasarela, con luces y una gigantesca producci\u00f3n.<br \/>\nEn el pabell\u00f3n pace\u00f1o, tambi\u00e9n se tendr\u00e1 m\u00fasica folkl\u00f3rica y urbana, adem\u00e1s de la demostraci\u00f3n de lucha libre de las cholitas luchadoras. Tambi\u00e9n estar\u00e1n presentes los rivales del f\u00fatbol pace\u00f1o, Bol\u00edvar y The Strongest.<br \/>\nLa marraqueta, infaltable en los desayunos pace\u00f1os, ser\u00e1 vendida en el pabell\u00f3n \u201cLa Paz en paz\u201d de la Expocruz a un precio accesible. De tres mil a cinco mil panes diarios ser\u00e1n comercializados en el pabell\u00f3n pace\u00f1o, seg\u00fan el secretario municipal de Culturas y Turismo, Rodney Miranda.<br \/>\nOtro de los atractivos que se mostrar\u00e1 en el bloque de La Paz ser\u00e1 el dise\u00f1o de ropa en 3D, la gastronom\u00eda gourmet y la venta de alimentos elaborados de manera artesanal.<br \/>\nAsimismo, varios emprendimientos y empresas cosm\u00e9tica, moda, textiles y artesanales, entre otras fueron seleccionadas y expondr\u00e1n sus productos y servicios en el pabell\u00f3n pace\u00f1o, del 16 al 25 de septiembre, cuando se realizar\u00e1 el cierre de la Expocruz.<\/p>\n<p>&nbsp;<\/p>\n","protected":false},"excerpt":{"rendered":"<p>En el pabell\u00f3n \u201cLa Paz en paz\u201d de la Feria Internacional de Santa Cruz (Expocruz), se recrear\u00e1n las calles adoquinadas y empedradas de la urbe pace\u00f1a, adem\u00e1s de las casas tradicionales que hay en sus alrededores, de tal manera que los visitantes podr\u00e1n vivir la \u201cexperiencia\u201d de estar en la sede de Gobierno sin moverse [&hellip;]<\/p>\n","protected":false},"author":1,"featured_media":110625,"comment_status":"closed","ping_status":"closed","sticky":false,"template":"","format":"standard","meta":{"_acf_changed":false,"footnotes":""},"categories":[12],"tags":[],"class_list":["post-110624","post","type-post","status-publish","format-standard","has-post-thumbnail","category-nacional"],"acf":{"antetitulo":""},"yoast_head":"<!-- This site is optimized with the Yoast SEO plugin v28.4 - https:\/\/yoast.com\/product\/yoast-seo-wordpress\/ -->\n<title>Visitantes a Expocruz sentir\u00e1n que est\u00e1n presentes en La Paz - El Diario - Bolivia<\/title>\n<meta name=\"robots\" content=\"index, follow, max-snippet:-1, max-image-preview:large, max-video-preview:-1\" \/>\n<link rel=\"canonical\" href=\"https:\/\/www.eldiario.net\/portal\/2022\/09\/14\/visitantes-a-expocruz-sentiran-que-estan-presentes-en-la-paz\/\" \/>\n<meta property=\"og:locale\" content=\"es_ES\" \/>\n<meta property=\"og:type\" content=\"article\" \/>\n<meta property=\"og:title\" content=\"Visitantes a Expocruz sentir\u00e1n que est\u00e1n presentes en La Paz - El Diario - Bolivia\" \/>\n<meta property=\"og:description\" content=\"En el pabell\u00f3n \u201cLa Paz en paz\u201d de la Feria Internacional de Santa Cruz (Expocruz), se recrear\u00e1n las calles adoquinadas y empedradas de la urbe pace\u00f1a, adem\u00e1s de las casas tradicionales que hay en sus alrededores, de tal manera que los visitantes podr\u00e1n vivir la \u201cexperiencia\u201d de estar en la sede de Gobierno sin moverse [&hellip;]\" \/>\n<meta property=\"og:url\" content=\"https:\/\/www.eldiario.net\/portal\/2022\/09\/14\/visitantes-a-expocruz-sentiran-que-estan-presentes-en-la-paz\/\" \/>\n<meta property=\"og:site_name\" content=\"El Diario - Bolivia\" \/>\n<meta property=\"article:publisher\" content=\"https:\/\/www.facebook.com\/eldiario.bolivia\/\" \/>\n<meta property=\"article:published_time\" content=\"2022-09-14T10:05:36+00:00\" \/>\n<meta property=\"og:image\" content=\"https:\/\/www.eldiario.net\/portal\/wp-content\/uploads\/2022\/09\/3LP-5.jpg\" \/>\n\t<meta property=\"og:image:width\" content=\"900\" \/>\n\t<meta property=\"og:image:height\" content=\"600\" \/>\n\t<meta property=\"og:image:type\" content=\"image\/jpeg\" \/>\n<meta name=\"author\" content=\"Jeanette\" \/>\n<meta name=\"twitter:card\" content=\"summary_large_image\" \/>\n<meta name=\"twitter:creator\" content=\"@eldiario_net\" \/>\n<meta name=\"twitter:site\" content=\"@eldiario_net\" \/>\n<meta name=\"twitter:label1\" content=\"Escrito por\" \/>\n\t<meta name=\"twitter:data1\" content=\"Jeanette\" \/>\n\t<meta name=\"twitter:label2\" content=\"Tiempo de lectura\" \/>\n\t<meta name=\"twitter:data2\" content=\"2 minutos\" \/>\n<script type=\"application\/ld+json\" class=\"yoast-schema-graph\">{\"@context\":\"https:\\\/\\\/schema.org\",\"@graph\":[{\"@type\":\"Article\",\"@id\":\"https:\\\/\\\/www.eldiario.net\\\/portal\\\/2022\\\/09\\\/14\\\/visitantes-a-expocruz-sentiran-que-estan-presentes-en-la-paz\\\/#article\",\"isPartOf\":{\"@id\":\"https:\\\/\\\/www.eldiario.net\\\/portal\\\/2022\\\/09\\\/14\\\/visitantes-a-expocruz-sentiran-que-estan-presentes-en-la-paz\\\/\"},\"author\":{\"name\":\"Jeanette\",\"@id\":\"https:\\\/\\\/www.eldiario.net\\\/portal\\\/#\\\/schema\\\/person\\\/2c57cf2b7a7ae032e449e4c9b1019eac\"},\"headline\":\"Visitantes a Expocruz sentir\u00e1n que est\u00e1n presentes en La Paz\",\"datePublished\":\"2022-09-14T10:05:36+00:00\",\"mainEntityOfPage\":{\"@id\":\"https:\\\/\\\/www.eldiario.net\\\/portal\\\/2022\\\/09\\\/14\\\/visitantes-a-expocruz-sentiran-que-estan-presentes-en-la-paz\\\/\"},\"wordCount\":421,\"publisher\":{\"@id\":\"https:\\\/\\\/www.eldiario.net\\\/portal\\\/#organization\"},\"image\":{\"@id\":\"https:\\\/\\\/www.eldiario.net\\\/portal\\\/2022\\\/09\\\/14\\\/visitantes-a-expocruz-sentiran-que-estan-presentes-en-la-paz\\\/#primaryimage\"},\"thumbnailUrl\":\"https:\\\/\\\/www.eldiario.net\\\/portal\\\/wp-content\\\/uploads\\\/2022\\\/09\\\/3LP-5.jpg\",\"articleSection\":[\"Nacional\"],\"inLanguage\":\"es\"},{\"@type\":\"WebPage\",\"@id\":\"https:\\\/\\\/www.eldiario.net\\\/portal\\\/2022\\\/09\\\/14\\\/visitantes-a-expocruz-sentiran-que-estan-presentes-en-la-paz\\\/\",\"url\":\"https:\\\/\\\/www.eldiario.net\\\/portal\\\/2022\\\/09\\\/14\\\/visitantes-a-expocruz-sentiran-que-estan-presentes-en-la-paz\\\/\",\"name\":\"Visitantes a Expocruz sentir\u00e1n que est\u00e1n presentes en La Paz - El Diario - Bolivia\",\"isPartOf\":{\"@id\":\"https:\\\/\\\/www.eldiario.net\\\/portal\\\/#website\"},\"primaryImageOfPage\":{\"@id\":\"https:\\\/\\\/www.eldiario.net\\\/portal\\\/2022\\\/09\\\/14\\\/visitantes-a-expocruz-sentiran-que-estan-presentes-en-la-paz\\\/#primaryimage\"},\"image\":{\"@id\":\"https:\\\/\\\/www.eldiario.net\\\/portal\\\/2022\\\/09\\\/14\\\/visitantes-a-expocruz-sentiran-que-estan-presentes-en-la-paz\\\/#primaryimage\"},\"thumbnailUrl\":\"https:\\\/\\\/www.eldiario.net\\\/portal\\\/wp-content\\\/uploads\\\/2022\\\/09\\\/3LP-5.jpg\",\"datePublished\":\"2022-09-14T10:05:36+00:00\",\"breadcrumb\":{\"@id\":\"https:\\\/\\\/www.eldiario.net\\\/portal\\\/2022\\\/09\\\/14\\\/visitantes-a-expocruz-sentiran-que-estan-presentes-en-la-paz\\\/#breadcrumb\"},\"inLanguage\":\"es\",\"potentialAction\":[{\"@type\":\"ReadAction\",\"target\":[\"https:\\\/\\\/www.eldiario.net\\\/portal\\\/2022\\\/09\\\/14\\\/visitantes-a-expocruz-sentiran-que-estan-presentes-en-la-paz\\\/\"]}]},{\"@type\":\"ImageObject\",\"inLanguage\":\"es\",\"@id\":\"https:\\\/\\\/www.eldiario.net\\\/portal\\\/2022\\\/09\\\/14\\\/visitantes-a-expocruz-sentiran-que-estan-presentes-en-la-paz\\\/#primaryimage\",\"url\":\"https:\\\/\\\/www.eldiario.net\\\/portal\\\/wp-content\\\/uploads\\\/2022\\\/09\\\/3LP-5.jpg\",\"contentUrl\":\"https:\\\/\\\/www.eldiario.net\\\/portal\\\/wp-content\\\/uploads\\\/2022\\\/09\\\/3LP-5.jpg\",\"width\":900,\"height\":600,\"caption\":\"Las cholitas luchadoras ser\u00e1n uno de los muchos atractivos pace\u00f1os en Expocruz.\"},{\"@type\":\"BreadcrumbList\",\"@id\":\"https:\\\/\\\/www.eldiario.net\\\/portal\\\/2022\\\/09\\\/14\\\/visitantes-a-expocruz-sentiran-que-estan-presentes-en-la-paz\\\/#breadcrumb\",\"itemListElement\":[{\"@type\":\"ListItem\",\"position\":1,\"name\":\"Portada\",\"item\":\"https:\\\/\\\/www.eldiario.net\\\/portal\\\/\"},{\"@type\":\"ListItem\",\"position\":2,\"name\":\"Visitantes a Expocruz sentir\u00e1n que est\u00e1n presentes en La Paz\"}]},{\"@type\":\"WebSite\",\"@id\":\"https:\\\/\\\/www.eldiario.net\\\/portal\\\/#website\",\"url\":\"https:\\\/\\\/www.eldiario.net\\\/portal\\\/\",\"name\":\"El Diario - Decano de la prensa nacional\",\"description\":\"El Diario - Decano de la prensa nacional\",\"publisher\":{\"@id\":\"https:\\\/\\\/www.eldiario.net\\\/portal\\\/#organization\"},\"potentialAction\":[{\"@type\":\"SearchAction\",\"target\":{\"@type\":\"EntryPoint\",\"urlTemplate\":\"https:\\\/\\\/www.eldiario.net\\\/portal\\\/?s={search_term_string}\"},\"query-input\":{\"@type\":\"PropertyValueSpecification\",\"valueRequired\":true,\"valueName\":\"search_term_string\"}}],\"inLanguage\":\"es\"},{\"@type\":\"Organization\",\"@id\":\"https:\\\/\\\/www.eldiario.net\\\/portal\\\/#organization\",\"name\":\"El Diario - Decano de la prensa nacional\",\"url\":\"https:\\\/\\\/www.eldiario.net\\\/portal\\\/\",\"logo\":{\"@type\":\"ImageObject\",\"inLanguage\":\"es\",\"@id\":\"https:\\\/\\\/www.eldiario.net\\\/portal\\\/#\\\/schema\\\/logo\\\/image\\\/\",\"url\":\"https:\\\/\\\/www.eldiario.net\\\/portal\\\/wp-content\\\/uploads\\\/2023\\\/07\\\/logo_ED.jpg\",\"contentUrl\":\"https:\\\/\\\/www.eldiario.net\\\/portal\\\/wp-content\\\/uploads\\\/2023\\\/07\\\/logo_ED.jpg\",\"width\":272,\"height\":52,\"caption\":\"El Diario - Decano de la prensa nacional\"},\"image\":{\"@id\":\"https:\\\/\\\/www.eldiario.net\\\/portal\\\/#\\\/schema\\\/logo\\\/image\\\/\"},\"sameAs\":[\"https:\\\/\\\/www.facebook.com\\\/eldiario.bolivia\\\/\",\"https:\\\/\\\/x.com\\\/eldiario_net\"]},{\"@type\":\"Person\",\"@id\":\"https:\\\/\\\/www.eldiario.net\\\/portal\\\/#\\\/schema\\\/person\\\/2c57cf2b7a7ae032e449e4c9b1019eac\",\"name\":\"Jeanette\",\"image\":{\"@type\":\"ImageObject\",\"inLanguage\":\"es\",\"@id\":\"https:\\\/\\\/secure.gravatar.com\\\/avatar\\\/3ea2118a5f7dad2b7138b1187a6b7ee55f160b9968b66013c3a3ef39dd7e5798?s=96&d=mm&r=g\",\"url\":\"https:\\\/\\\/secure.gravatar.com\\\/avatar\\\/3ea2118a5f7dad2b7138b1187a6b7ee55f160b9968b66013c3a3ef39dd7e5798?s=96&d=mm&r=g\",\"contentUrl\":\"https:\\\/\\\/secure.gravatar.com\\\/avatar\\\/3ea2118a5f7dad2b7138b1187a6b7ee55f160b9968b66013c3a3ef39dd7e5798?s=96&d=mm&r=g\",\"caption\":\"Jeanette\"},\"sameAs\":[\"https:\\\/\\\/www.eldiario.net\\\/portal\"],\"url\":\"https:\\\/\\\/www.eldiario.net\\\/portal\\\/author\\\/jeanette\\\/\"}]}<\/script>\n<!-- \/ Yoast SEO plugin. -->","yoast_head_json":{"title":"Visitantes a Expocruz sentir\u00e1n que est\u00e1n presentes en La Paz - El Diario - Bolivia","robots":{"index":"index","follow":"follow","max-snippet":"max-snippet:-1","max-image-preview":"max-image-preview:large","max-video-preview":"max-video-preview:-1"},"canonical":"https:\/\/www.eldiario.net\/portal\/2022\/09\/14\/visitantes-a-expocruz-sentiran-que-estan-presentes-en-la-paz\/","og_locale":"es_ES","og_type":"article","og_title":"Visitantes a Expocruz sentir\u00e1n que est\u00e1n presentes en La Paz - El Diario - Bolivia","og_description":"En el pabell\u00f3n \u201cLa Paz en paz\u201d de la Feria Internacional de Santa Cruz (Expocruz), se recrear\u00e1n las calles adoquinadas y empedradas de la urbe pace\u00f1a, adem\u00e1s de las casas tradicionales que hay en sus alrededores, de tal manera que los visitantes podr\u00e1n vivir la \u201cexperiencia\u201d de estar en la sede de Gobierno sin moverse [&hellip;]","og_url":"https:\/\/www.eldiario.net\/portal\/2022\/09\/14\/visitantes-a-expocruz-sentiran-que-estan-presentes-en-la-paz\/","og_site_name":"El Diario - Bolivia","article_publisher":"https:\/\/www.facebook.com\/eldiario.bolivia\/","article_published_time":"2022-09-14T10:05:36+00:00","og_image":[{"width":900,"height":600,"url":"https:\/\/www.eldiario.net\/portal\/wp-content\/uploads\/2022\/09\/3LP-5.jpg","type":"image\/jpeg"}],"author":"Jeanette","twitter_card":"summary_large_image","twitter_creator":"@eldiario_net","twitter_site":"@eldiario_net","twitter_misc":{"Escrito por":"Jeanette","Tiempo de lectura":"2 minutos"},"schema":{"@context":"https:\/\/schema.org","@graph":[{"@type":"Article","@id":"https:\/\/www.eldiario.net\/portal\/2022\/09\/14\/visitantes-a-expocruz-sentiran-que-estan-presentes-en-la-paz\/#article","isPartOf":{"@id":"https:\/\/www.eldiario.net\/portal\/2022\/09\/14\/visitantes-a-expocruz-sentiran-que-estan-presentes-en-la-paz\/"},"author":{"name":"Jeanette","@id":"https:\/\/www.eldiario.net\/portal\/#\/schema\/person\/2c57cf2b7a7ae032e449e4c9b1019eac"},"headline":"Visitantes a Expocruz sentir\u00e1n que est\u00e1n presentes en La Paz","datePublished":"2022-09-14T10:05:36+00:00","mainEntityOfPage":{"@id":"https:\/\/www.eldiario.net\/portal\/2022\/09\/14\/visitantes-a-expocruz-sentiran-que-estan-presentes-en-la-paz\/"},"wordCount":421,"publisher":{"@id":"https:\/\/www.eldiario.net\/portal\/#organization"},"image":{"@id":"https:\/\/www.eldiario.net\/portal\/2022\/09\/14\/visitantes-a-expocruz-sentiran-que-estan-presentes-en-la-paz\/#primaryimage"},"thumbnailUrl":"https:\/\/www.eldiario.net\/portal\/wp-content\/uploads\/2022\/09\/3LP-5.jpg","articleSection":["Nacional"],"inLanguage":"es"},{"@type":"WebPage","@id":"https:\/\/www.eldiario.net\/portal\/2022\/09\/14\/visitantes-a-expocruz-sentiran-que-estan-presentes-en-la-paz\/","url":"https:\/\/www.eldiario.net\/portal\/2022\/09\/14\/visitantes-a-expocruz-sentiran-que-estan-presentes-en-la-paz\/","name":"Visitantes a Expocruz sentir\u00e1n que est\u00e1n presentes en La Paz - El Diario - Bolivia","isPartOf":{"@id":"https:\/\/www.eldiario.net\/portal\/#website"},"primaryImageOfPage":{"@id":"https:\/\/www.eldiario.net\/portal\/2022\/09\/14\/visitantes-a-expocruz-sentiran-que-estan-presentes-en-la-paz\/#primaryimage"},"image":{"@id":"https:\/\/www.eldiario.net\/portal\/2022\/09\/14\/visitantes-a-expocruz-sentiran-que-estan-presentes-en-la-paz\/#primaryimage"},"thumbnailUrl":"https:\/\/www.eldiario.net\/portal\/wp-content\/uploads\/2022\/09\/3LP-5.jpg","datePublished":"2022-09-14T10:05:36+00:00","breadcrumb":{"@id":"https:\/\/www.eldiario.net\/portal\/2022\/09\/14\/visitantes-a-expocruz-sentiran-que-estan-presentes-en-la-paz\/#breadcrumb"},"inLanguage":"es","potentialAction":[{"@type":"ReadAction","target":["https:\/\/www.eldiario.net\/portal\/2022\/09\/14\/visitantes-a-expocruz-sentiran-que-estan-presentes-en-la-paz\/"]}]},{"@type":"ImageObject","inLanguage":"es","@id":"https:\/\/www.eldiario.net\/portal\/2022\/09\/14\/visitantes-a-expocruz-sentiran-que-estan-presentes-en-la-paz\/#primaryimage","url":"https:\/\/www.eldiario.net\/portal\/wp-content\/uploads\/2022\/09\/3LP-5.jpg","contentUrl":"https:\/\/www.eldiario.net\/portal\/wp-content\/uploads\/2022\/09\/3LP-5.jpg","width":900,"height":600,"caption":"Las cholitas luchadoras ser\u00e1n uno de los muchos atractivos pace\u00f1os en Expocruz."},{"@type":"BreadcrumbList","@id":"https:\/\/www.eldiario.net\/portal\/2022\/09\/14\/visitantes-a-expocruz-sentiran-que-estan-presentes-en-la-paz\/#breadcrumb","itemListElement":[{"@type":"ListItem","position":1,"name":"Portada","item":"https:\/\/www.eldiario.net\/portal\/"},{"@type":"ListItem","position":2,"name":"Visitantes a Expocruz sentir\u00e1n que est\u00e1n presentes en La Paz"}]},{"@type":"WebSite","@id":"https:\/\/www.eldiario.net\/portal\/#website","url":"https:\/\/www.eldiario.net\/portal\/","name":"El Diario - Decano de la prensa nacional","description":"El Diario - Decano de la prensa nacional","publisher":{"@id":"https:\/\/www.eldiario.net\/portal\/#organization"},"potentialAction":[{"@type":"SearchAction","target":{"@type":"EntryPoint","urlTemplate":"https:\/\/www.eldiario.net\/portal\/?s={search_term_string}"},"query-input":{"@type":"PropertyValueSpecification","valueRequired":true,"valueName":"search_term_string"}}],"inLanguage":"es"},{"@type":"Organization","@id":"https:\/\/www.eldiario.net\/portal\/#organization","name":"El Diario - Decano de la prensa nacional","url":"https:\/\/www.eldiario.net\/portal\/","logo":{"@type":"ImageObject","inLanguage":"es","@id":"https:\/\/www.eldiario.net\/portal\/#\/schema\/logo\/image\/","url":"https:\/\/www.eldiario.net\/portal\/wp-content\/uploads\/2023\/07\/logo_ED.jpg","contentUrl":"https:\/\/www.eldiario.net\/portal\/wp-content\/uploads\/2023\/07\/logo_ED.jpg","width":272,"height":52,"caption":"El Diario - Decano de la prensa nacional"},"image":{"@id":"https:\/\/www.eldiario.net\/portal\/#\/schema\/logo\/image\/"},"sameAs":["https:\/\/www.facebook.com\/eldiario.bolivia\/","https:\/\/x.com\/eldiario_net"]},{"@type":"Person","@id":"https:\/\/www.eldiario.net\/portal\/#\/schema\/person\/2c57cf2b7a7ae032e449e4c9b1019eac","name":"Jeanette","image":{"@type":"ImageObject","inLanguage":"es","@id":"https:\/\/secure.gravatar.com\/avatar\/3ea2118a5f7dad2b7138b1187a6b7ee55f160b9968b66013c3a3ef39dd7e5798?s=96&d=mm&r=g","url":"https:\/\/secure.gravatar.com\/avatar\/3ea2118a5f7dad2b7138b1187a6b7ee55f160b9968b66013c3a3ef39dd7e5798?s=96&d=mm&r=g","contentUrl":"https:\/\/secure.gravatar.com\/avatar\/3ea2118a5f7dad2b7138b1187a6b7ee55f160b9968b66013c3a3ef39dd7e5798?s=96&d=mm&r=g","caption":"Jeanette"},"sameAs":["https:\/\/www.eldiario.net\/portal"],"url":"https:\/\/www.eldiario.net\/portal\/author\/jeanette\/"}]}},"_links":{"self":[{"href":"https:\/\/www.eldiario.net\/portal\/wp-json\/wp\/v2\/posts\/110624","targetHints":{"allow":["GET"]}}],"collection":[{"href":"https:\/\/www.eldiario.net\/portal\/wp-json\/wp\/v2\/posts"}],"about":[{"href":"https:\/\/www.eldiario.net\/portal\/wp-json\/wp\/v2\/types\/post"}],"author":[{"embeddable":true,"href":"https:\/\/www.eldiario.net\/portal\/wp-json\/wp\/v2\/users\/1"}],"replies":[{"embeddable":true,"href":"https:\/\/www.eldiario.net\/portal\/wp-json\/wp\/v2\/comments?post=110624"}],"version-history":[{"count":0,"href":"https:\/\/www.eldiario.net\/portal\/wp-json\/wp\/v2\/posts\/110624\/revisions"}],"wp:featuredmedia":[{"embeddable":true,"href":"https:\/\/www.eldiario.net\/portal\/wp-json\/wp\/v2\/media\/110625"}],"wp:attachment":[{"href":"https:\/\/www.eldiario.net\/portal\/wp-json\/wp\/v2\/media?parent=110624"}],"wp:term":[{"taxonomy":"category","embeddable":true,"href":"https:\/\/www.eldiario.net\/portal\/wp-json\/wp\/v2\/categories?post=110624"},{"taxonomy":"post_tag","embeddable":true,"href":"https:\/\/www.eldiario.net\/portal\/wp-json\/wp\/v2\/tags?post=110624"}],"curies":[{"name":"wp","href":"https:\/\/api.w.org\/{rel}","templated":true}]}}