{"id":110619,"date":"2022-09-14T06:03:11","date_gmt":"2022-09-14T10:03:11","guid":{"rendered":"https:\/\/www.eldiario.net\/portal\/?p=110619"},"modified":"2022-09-14T06:03:11","modified_gmt":"2022-09-14T10:03:11","slug":"la-adiccion-al-poder-y-el-afan-de-reproducirlo","status":"publish","type":"post","link":"https:\/\/www.eldiario.net\/portal\/2022\/09\/14\/la-adiccion-al-poder-y-el-afan-de-reproducirlo\/","title":{"rendered":"La adicci\u00f3n al poder y el af\u00e1n de reproducirlo"},"content":{"rendered":"<p><em><span class=\"dropcap \" style=\"background-color: #ffffff; color: #000000; border-color: #ffffff;\">E<\/span>l poder es adictivo para hombres y mujeres. Los que llegan al mando supremo de un Estado desean reproducirlo y buscan el logro por cualquier medio. Algunos hallan atajos legales con la finalidad de lograr una o varias elecciones. Hay quienes lo hacen por v\u00edas de hecho, contra la voluntad soberana. <\/em><br \/>\n<em>El expresidente Evo Morales desde su primera gesti\u00f3n se empe\u00f1\u00f3 en asegurarse la reproducci\u00f3n del poder. Sus intenciones tuvieron sost\u00e9n en los dos tercios de votos favorables que ten\u00eda en la Asamblea Legislativa. Durante el apogeo de su mandato acept\u00f3 desafiante la propuesta opositora de revocar su mandato. El \u00d3rgano Legislativo extendi\u00f3 el revocatorio a los gobernadores de los nueve departamentos. Morales sali\u00f3 airoso y logr\u00f3 desembarazarse de gobernadores que le eran inc\u00f3modos, comenzando por el de La Paz, Jos\u00e9 Luis Paredes. La propuesta fue un error de c\u00e1lculo de la oposici\u00f3n. <\/em><br \/>\n<em>Pese a las cr\u00edticas, d\u00e9biles entonces, alcanz\u00f3 f\u00e1cilmente un segundo per\u00edodo, conforme a la Constituci\u00f3n. Una tercera le fue posible bajo una argumentaci\u00f3n forzada y bastante capciosa, en sentido de que la nueva Constituci\u00f3n significaba la refundaci\u00f3n de Bolivia. Se hab\u00eda borrado imaginariamente todo el pasado nacional. En sentido figurado, constitu\u00eda su primera elecci\u00f3n. <\/em><br \/>\n<em>Siempre celoso de su poder, desconfiaba de su entorno, pero alentaba a los cercanos fieles y obsecuentes. Pose\u00eda un frondoso cuerpo de seguridad y se dot\u00f3 de un helic\u00f3ptero para garantizar su seguridad. Una de las t\u00e1cticas sugeridas por sus asesores ha sido y es todav\u00eda simular la acechanza de alg\u00fan enemigo. No solo la oposici\u00f3n, tambi\u00e9n la prensa \u201cverdadera opositora\u201d. Desde antes de su mandato consider\u00f3 a Estados Unidos, al \u201cImperialismo\u201d, como enemigo mortal que, adem\u00e1s, conspira para derrocarlo. Obedeci\u00f3 a ello la expulsi\u00f3n del embajador Goldberg, de EE.UU, as\u00ed como de la DEA y USAID. Medidas que fueron posibles por la panacea del alto precio de las materias primas. En lo interno su especulaci\u00f3n persuade a sectores numerosos. <\/em><br \/>\n<em>La idea invariable de reproducir su poder lo llev\u00f3 al refer\u00e9ndum consultivo de 2016 para un cuarto per\u00edodo de gobierno. Este evento se llev\u00f3 a cabo faltando tres a\u00f1os para la elecci\u00f3n de 2019. Las primarias, innovaci\u00f3n de su r\u00fabrica, se efectuaron en enero de 2019 para el voto a fines de ese a\u00f1o. El referendo consist\u00eda en que la mayor\u00eda del electorado vote por la derogaci\u00f3n del art\u00edculo 168 de la CPE (el mismo limita la reelecci\u00f3n presidencial a dos per\u00edodos), abriendo el camino a un cuarto per\u00edodo. Luego sobrevino el sabido \u201cderecho humano\u201d a la reelecci\u00f3n, a cargo del Tribunal Constitucional. <\/em><br \/>\n<em>Estas anticipaciones le permiten planificar con tiempo sus recursos para neutralizar un eventual rechazo. El mismo fin tiene su precandidatura cuando faltan tres a\u00f1os para la nueva elecci\u00f3n de 2025. A ello responden las denuncias y acusaciones conocidas contra el entorno de gobierno del presidente Luis Arce, a quien considera peligroso competidor ante su determinaci\u00f3n &#8211;obvia en Morales&#8211; de postularse como sempiterno candidato presidencial.<\/em><\/p>\n","protected":false},"excerpt":{"rendered":"<p>El poder es adictivo para hombres y mujeres. Los que llegan al mando supremo de un Estado desean reproducirlo y buscan el logro por cualquier medio. Algunos hallan atajos legales con la finalidad de lograr una o varias elecciones. Hay quienes lo hacen por v\u00edas de hecho, contra la voluntad soberana. El expresidente Evo Morales [&hellip;]<\/p>\n","protected":false},"author":1,"featured_media":0,"comment_status":"closed","ping_status":"closed","sticky":false,"template":"","format":"standard","meta":{"_acf_changed":false,"footnotes":""},"categories":[4],"tags":[],"class_list":["post-110619","post","type-post","status-publish","format-standard","category-editorial"],"acf":{"antetitulo":""},"yoast_head":"<!-- This site is optimized with the Yoast SEO plugin v28.4 - https:\/\/yoast.com\/product\/yoast-seo-wordpress\/ -->\n<title>La adicci\u00f3n al poder y el af\u00e1n de reproducirlo - El Diario - Bolivia<\/title>\n<meta name=\"robots\" content=\"index, follow, max-snippet:-1, max-image-preview:large, max-video-preview:-1\" \/>\n<link rel=\"canonical\" href=\"https:\/\/www.eldiario.net\/portal\/2022\/09\/14\/la-adiccion-al-poder-y-el-afan-de-reproducirlo\/\" \/>\n<meta property=\"og:locale\" content=\"es_ES\" \/>\n<meta property=\"og:type\" content=\"article\" \/>\n<meta property=\"og:title\" content=\"La adicci\u00f3n al poder y el af\u00e1n de reproducirlo - El Diario - Bolivia\" \/>\n<meta property=\"og:description\" content=\"El poder es adictivo para hombres y mujeres. Los que llegan al mando supremo de un Estado desean reproducirlo y buscan el logro por cualquier medio. Algunos hallan atajos legales con la finalidad de lograr una o varias elecciones. Hay quienes lo hacen por v\u00edas de hecho, contra la voluntad soberana. El expresidente Evo Morales [&hellip;]\" \/>\n<meta property=\"og:url\" content=\"https:\/\/www.eldiario.net\/portal\/2022\/09\/14\/la-adiccion-al-poder-y-el-afan-de-reproducirlo\/\" \/>\n<meta property=\"og:site_name\" content=\"El Diario - Bolivia\" \/>\n<meta property=\"article:publisher\" content=\"https:\/\/www.facebook.com\/eldiario.bolivia\/\" \/>\n<meta property=\"article:published_time\" content=\"2022-09-14T10:03:11+00:00\" \/>\n<meta name=\"author\" content=\"Jeanette\" \/>\n<meta name=\"twitter:card\" content=\"summary_large_image\" \/>\n<meta name=\"twitter:creator\" content=\"@eldiario_net\" \/>\n<meta name=\"twitter:site\" content=\"@eldiario_net\" \/>\n<meta name=\"twitter:label1\" content=\"Escrito por\" \/>\n\t<meta name=\"twitter:data1\" content=\"Jeanette\" \/>\n\t<meta name=\"twitter:label2\" content=\"Tiempo de lectura\" \/>\n\t<meta name=\"twitter:data2\" content=\"3 minutos\" \/>\n<script type=\"application\/ld+json\" class=\"yoast-schema-graph\">{\"@context\":\"https:\\\/\\\/schema.org\",\"@graph\":[{\"@type\":\"Article\",\"@id\":\"https:\\\/\\\/www.eldiario.net\\\/portal\\\/2022\\\/09\\\/14\\\/la-adiccion-al-poder-y-el-afan-de-reproducirlo\\\/#article\",\"isPartOf\":{\"@id\":\"https:\\\/\\\/www.eldiario.net\\\/portal\\\/2022\\\/09\\\/14\\\/la-adiccion-al-poder-y-el-afan-de-reproducirlo\\\/\"},\"author\":{\"name\":\"Jeanette\",\"@id\":\"https:\\\/\\\/www.eldiario.net\\\/portal\\\/#\\\/schema\\\/person\\\/f46445640444750d7d753ccd04ae01b7\"},\"headline\":\"La adicci\u00f3n al poder y el af\u00e1n de reproducirlo\",\"datePublished\":\"2022-09-14T10:03:11+00:00\",\"mainEntityOfPage\":{\"@id\":\"https:\\\/\\\/www.eldiario.net\\\/portal\\\/2022\\\/09\\\/14\\\/la-adiccion-al-poder-y-el-afan-de-reproducirlo\\\/\"},\"wordCount\":538,\"publisher\":{\"@id\":\"https:\\\/\\\/www.eldiario.net\\\/portal\\\/#organization\"},\"articleSection\":[\"Editorial\"],\"inLanguage\":\"es\"},{\"@type\":\"WebPage\",\"@id\":\"https:\\\/\\\/www.eldiario.net\\\/portal\\\/2022\\\/09\\\/14\\\/la-adiccion-al-poder-y-el-afan-de-reproducirlo\\\/\",\"url\":\"https:\\\/\\\/www.eldiario.net\\\/portal\\\/2022\\\/09\\\/14\\\/la-adiccion-al-poder-y-el-afan-de-reproducirlo\\\/\",\"name\":\"La adicci\u00f3n al poder y el af\u00e1n de reproducirlo - El Diario - Bolivia\",\"isPartOf\":{\"@id\":\"https:\\\/\\\/www.eldiario.net\\\/portal\\\/#website\"},\"datePublished\":\"2022-09-14T10:03:11+00:00\",\"breadcrumb\":{\"@id\":\"https:\\\/\\\/www.eldiario.net\\\/portal\\\/2022\\\/09\\\/14\\\/la-adiccion-al-poder-y-el-afan-de-reproducirlo\\\/#breadcrumb\"},\"inLanguage\":\"es\",\"potentialAction\":[{\"@type\":\"ReadAction\",\"target\":[\"https:\\\/\\\/www.eldiario.net\\\/portal\\\/2022\\\/09\\\/14\\\/la-adiccion-al-poder-y-el-afan-de-reproducirlo\\\/\"]}]},{\"@type\":\"BreadcrumbList\",\"@id\":\"https:\\\/\\\/www.eldiario.net\\\/portal\\\/2022\\\/09\\\/14\\\/la-adiccion-al-poder-y-el-afan-de-reproducirlo\\\/#breadcrumb\",\"itemListElement\":[{\"@type\":\"ListItem\",\"position\":1,\"name\":\"Portada\",\"item\":\"https:\\\/\\\/www.eldiario.net\\\/portal\\\/\"},{\"@type\":\"ListItem\",\"position\":2,\"name\":\"La adicci\u00f3n al poder y el af\u00e1n de reproducirlo\"}]},{\"@type\":\"WebSite\",\"@id\":\"https:\\\/\\\/www.eldiario.net\\\/portal\\\/#website\",\"url\":\"https:\\\/\\\/www.eldiario.net\\\/portal\\\/\",\"name\":\"El Diario - Decano de la prensa nacional\",\"description\":\"El Diario - Decano de la prensa nacional\",\"publisher\":{\"@id\":\"https:\\\/\\\/www.eldiario.net\\\/portal\\\/#organization\"},\"potentialAction\":[{\"@type\":\"SearchAction\",\"target\":{\"@type\":\"EntryPoint\",\"urlTemplate\":\"https:\\\/\\\/www.eldiario.net\\\/portal\\\/?s={search_term_string}\"},\"query-input\":{\"@type\":\"PropertyValueSpecification\",\"valueRequired\":true,\"valueName\":\"search_term_string\"}}],\"inLanguage\":\"es\"},{\"@type\":\"Organization\",\"@id\":\"https:\\\/\\\/www.eldiario.net\\\/portal\\\/#organization\",\"name\":\"El Diario - Decano de la prensa nacional\",\"url\":\"https:\\\/\\\/www.eldiario.net\\\/portal\\\/\",\"logo\":{\"@type\":\"ImageObject\",\"inLanguage\":\"es\",\"@id\":\"https:\\\/\\\/www.eldiario.net\\\/portal\\\/#\\\/schema\\\/logo\\\/image\\\/\",\"url\":\"https:\\\/\\\/www.eldiario.net\\\/portal\\\/wp-content\\\/uploads\\\/2023\\\/07\\\/logo_ED.jpg\",\"contentUrl\":\"https:\\\/\\\/www.eldiario.net\\\/portal\\\/wp-content\\\/uploads\\\/2023\\\/07\\\/logo_ED.jpg\",\"width\":272,\"height\":52,\"caption\":\"El Diario - Decano de la prensa nacional\"},\"image\":{\"@id\":\"https:\\\/\\\/www.eldiario.net\\\/portal\\\/#\\\/schema\\\/logo\\\/image\\\/\"},\"sameAs\":[\"https:\\\/\\\/www.facebook.com\\\/eldiario.bolivia\\\/\",\"https:\\\/\\\/x.com\\\/eldiario_net\"]},{\"@type\":\"Person\",\"@id\":\"https:\\\/\\\/www.eldiario.net\\\/portal\\\/#\\\/schema\\\/person\\\/f46445640444750d7d753ccd04ae01b7\",\"name\":\"Jeanette\",\"image\":{\"@type\":\"ImageObject\",\"inLanguage\":\"es\",\"@id\":\"https:\\\/\\\/secure.gravatar.com\\\/avatar\\\/3ea2118a5f7dad2b7138b1187a6b7ee55f160b9968b66013c3a3ef39dd7e5798?s=96&d=mm&r=g\",\"url\":\"https:\\\/\\\/secure.gravatar.com\\\/avatar\\\/3ea2118a5f7dad2b7138b1187a6b7ee55f160b9968b66013c3a3ef39dd7e5798?s=96&d=mm&r=g\",\"contentUrl\":\"https:\\\/\\\/secure.gravatar.com\\\/avatar\\\/3ea2118a5f7dad2b7138b1187a6b7ee55f160b9968b66013c3a3ef39dd7e5798?s=96&d=mm&r=g\",\"caption\":\"Jeanette\"},\"sameAs\":[\"https:\\\/\\\/www.eldiario.net\\\/portal\"],\"url\":\"https:\\\/\\\/www.eldiario.net\\\/portal\\\/author\\\/jeanette\\\/\"}]}<\/script>\n<!-- \/ Yoast SEO plugin. -->","yoast_head_json":{"title":"La adicci\u00f3n al poder y el af\u00e1n de reproducirlo - El Diario - Bolivia","robots":{"index":"index","follow":"follow","max-snippet":"max-snippet:-1","max-image-preview":"max-image-preview:large","max-video-preview":"max-video-preview:-1"},"canonical":"https:\/\/www.eldiario.net\/portal\/2022\/09\/14\/la-adiccion-al-poder-y-el-afan-de-reproducirlo\/","og_locale":"es_ES","og_type":"article","og_title":"La adicci\u00f3n al poder y el af\u00e1n de reproducirlo - El Diario - Bolivia","og_description":"El poder es adictivo para hombres y mujeres. Los que llegan al mando supremo de un Estado desean reproducirlo y buscan el logro por cualquier medio. Algunos hallan atajos legales con la finalidad de lograr una o varias elecciones. Hay quienes lo hacen por v\u00edas de hecho, contra la voluntad soberana. El expresidente Evo Morales [&hellip;]","og_url":"https:\/\/www.eldiario.net\/portal\/2022\/09\/14\/la-adiccion-al-poder-y-el-afan-de-reproducirlo\/","og_site_name":"El Diario - Bolivia","article_publisher":"https:\/\/www.facebook.com\/eldiario.bolivia\/","article_published_time":"2022-09-14T10:03:11+00:00","author":"Jeanette","twitter_card":"summary_large_image","twitter_creator":"@eldiario_net","twitter_site":"@eldiario_net","twitter_misc":{"Escrito por":"Jeanette","Tiempo de lectura":"3 minutos"},"schema":{"@context":"https:\/\/schema.org","@graph":[{"@type":"Article","@id":"https:\/\/www.eldiario.net\/portal\/2022\/09\/14\/la-adiccion-al-poder-y-el-afan-de-reproducirlo\/#article","isPartOf":{"@id":"https:\/\/www.eldiario.net\/portal\/2022\/09\/14\/la-adiccion-al-poder-y-el-afan-de-reproducirlo\/"},"author":{"name":"Jeanette","@id":"https:\/\/www.eldiario.net\/portal\/#\/schema\/person\/f46445640444750d7d753ccd04ae01b7"},"headline":"La adicci\u00f3n al poder y el af\u00e1n de reproducirlo","datePublished":"2022-09-14T10:03:11+00:00","mainEntityOfPage":{"@id":"https:\/\/www.eldiario.net\/portal\/2022\/09\/14\/la-adiccion-al-poder-y-el-afan-de-reproducirlo\/"},"wordCount":538,"publisher":{"@id":"https:\/\/www.eldiario.net\/portal\/#organization"},"articleSection":["Editorial"],"inLanguage":"es"},{"@type":"WebPage","@id":"https:\/\/www.eldiario.net\/portal\/2022\/09\/14\/la-adiccion-al-poder-y-el-afan-de-reproducirlo\/","url":"https:\/\/www.eldiario.net\/portal\/2022\/09\/14\/la-adiccion-al-poder-y-el-afan-de-reproducirlo\/","name":"La adicci\u00f3n al poder y el af\u00e1n de reproducirlo - El Diario - Bolivia","isPartOf":{"@id":"https:\/\/www.eldiario.net\/portal\/#website"},"datePublished":"2022-09-14T10:03:11+00:00","breadcrumb":{"@id":"https:\/\/www.eldiario.net\/portal\/2022\/09\/14\/la-adiccion-al-poder-y-el-afan-de-reproducirlo\/#breadcrumb"},"inLanguage":"es","potentialAction":[{"@type":"ReadAction","target":["https:\/\/www.eldiario.net\/portal\/2022\/09\/14\/la-adiccion-al-poder-y-el-afan-de-reproducirlo\/"]}]},{"@type":"BreadcrumbList","@id":"https:\/\/www.eldiario.net\/portal\/2022\/09\/14\/la-adiccion-al-poder-y-el-afan-de-reproducirlo\/#breadcrumb","itemListElement":[{"@type":"ListItem","position":1,"name":"Portada","item":"https:\/\/www.eldiario.net\/portal\/"},{"@type":"ListItem","position":2,"name":"La adicci\u00f3n al poder y el af\u00e1n de reproducirlo"}]},{"@type":"WebSite","@id":"https:\/\/www.eldiario.net\/portal\/#website","url":"https:\/\/www.eldiario.net\/portal\/","name":"El Diario - Decano de la prensa nacional","description":"El Diario - Decano de la prensa nacional","publisher":{"@id":"https:\/\/www.eldiario.net\/portal\/#organization"},"potentialAction":[{"@type":"SearchAction","target":{"@type":"EntryPoint","urlTemplate":"https:\/\/www.eldiario.net\/portal\/?s={search_term_string}"},"query-input":{"@type":"PropertyValueSpecification","valueRequired":true,"valueName":"search_term_string"}}],"inLanguage":"es"},{"@type":"Organization","@id":"https:\/\/www.eldiario.net\/portal\/#organization","name":"El Diario - Decano de la prensa nacional","url":"https:\/\/www.eldiario.net\/portal\/","logo":{"@type":"ImageObject","inLanguage":"es","@id":"https:\/\/www.eldiario.net\/portal\/#\/schema\/logo\/image\/","url":"https:\/\/www.eldiario.net\/portal\/wp-content\/uploads\/2023\/07\/logo_ED.jpg","contentUrl":"https:\/\/www.eldiario.net\/portal\/wp-content\/uploads\/2023\/07\/logo_ED.jpg","width":272,"height":52,"caption":"El Diario - Decano de la prensa nacional"},"image":{"@id":"https:\/\/www.eldiario.net\/portal\/#\/schema\/logo\/image\/"},"sameAs":["https:\/\/www.facebook.com\/eldiario.bolivia\/","https:\/\/x.com\/eldiario_net"]},{"@type":"Person","@id":"https:\/\/www.eldiario.net\/portal\/#\/schema\/person\/f46445640444750d7d753ccd04ae01b7","name":"Jeanette","image":{"@type":"ImageObject","inLanguage":"es","@id":"https:\/\/secure.gravatar.com\/avatar\/3ea2118a5f7dad2b7138b1187a6b7ee55f160b9968b66013c3a3ef39dd7e5798?s=96&d=mm&r=g","url":"https:\/\/secure.gravatar.com\/avatar\/3ea2118a5f7dad2b7138b1187a6b7ee55f160b9968b66013c3a3ef39dd7e5798?s=96&d=mm&r=g","contentUrl":"https:\/\/secure.gravatar.com\/avatar\/3ea2118a5f7dad2b7138b1187a6b7ee55f160b9968b66013c3a3ef39dd7e5798?s=96&d=mm&r=g","caption":"Jeanette"},"sameAs":["https:\/\/www.eldiario.net\/portal"],"url":"https:\/\/www.eldiario.net\/portal\/author\/jeanette\/"}]}},"_links":{"self":[{"href":"https:\/\/www.eldiario.net\/portal\/wp-json\/wp\/v2\/posts\/110619","targetHints":{"allow":["GET"]}}],"collection":[{"href":"https:\/\/www.eldiario.net\/portal\/wp-json\/wp\/v2\/posts"}],"about":[{"href":"https:\/\/www.eldiario.net\/portal\/wp-json\/wp\/v2\/types\/post"}],"author":[{"embeddable":true,"href":"https:\/\/www.eldiario.net\/portal\/wp-json\/wp\/v2\/users\/1"}],"replies":[{"embeddable":true,"href":"https:\/\/www.eldiario.net\/portal\/wp-json\/wp\/v2\/comments?post=110619"}],"version-history":[{"count":0,"href":"https:\/\/www.eldiario.net\/portal\/wp-json\/wp\/v2\/posts\/110619\/revisions"}],"wp:attachment":[{"href":"https:\/\/www.eldiario.net\/portal\/wp-json\/wp\/v2\/media?parent=110619"}],"wp:term":[{"taxonomy":"category","embeddable":true,"href":"https:\/\/www.eldiario.net\/portal\/wp-json\/wp\/v2\/categories?post=110619"},{"taxonomy":"post_tag","embeddable":true,"href":"https:\/\/www.eldiario.net\/portal\/wp-json\/wp\/v2\/tags?post=110619"}],"curies":[{"name":"wp","href":"https:\/\/api.w.org\/{rel}","templated":true}]}}