{"id":110617,"date":"2022-09-14T06:02:41","date_gmt":"2022-09-14T10:02:41","guid":{"rendered":"https:\/\/www.eldiario.net\/portal\/?p=110617"},"modified":"2022-09-14T06:02:41","modified_gmt":"2022-09-14T10:02:41","slug":"lo-que-paso-en-chile-es-un-espejo","status":"publish","type":"post","link":"https:\/\/www.eldiario.net\/portal\/2022\/09\/14\/lo-que-paso-en-chile-es-un-espejo\/","title":{"rendered":"Lo que pas\u00f3 en Chile es un espejo"},"content":{"rendered":"<p>Es conocido por todos que el domingo 4 de este mes en Chile rechazaron contundentemente en su refer\u00e9ndum la propuesta de nueva Constituci\u00f3n. El acontecimiento contin\u00faa haciendo noticia en gran parte del mundo. Llanamente se puede decir al respecto que en esta Vi\u00f1a del Se\u00f1or hay de todo. Sobre ello, Mar\u00eda Paula Romo Rodr\u00edguez, columnista de Infobae, publicaci\u00f3n internacional, bajo el t\u00edtulo \u00bfQu\u00e9 representa el rechazo chileno para Am\u00e9rica Latina?, hace conocer interesantes criterios en torno a dicho suceso.<br \/>\nBasada en un trabajo que public\u00f3 un analista mexicano, comienza indicando: \u201cOrtega y Gasset sosten\u00eda que los hombres se parecen m\u00e1s a su tiempo que a sus padres. Me parece que podemos decir algo similar de las constituciones. Estos documentos normativos que recogen los acuerdos pol\u00edticos fundamentales de un Estado son, al mismo tiempo, reflejo de las contingencias hist\u00f3ricas y de los proyectos pol\u00edticos que caracterizan a la \u00e9poca en la que son adoptados. As\u00ed empieza Pedro Salazar, director del Instituto de Investigaciones Jur\u00eddicas de la UNAM, uno de sus art\u00edculos sobre el Nuevo Constitucionalismo Latinoamericano\u201d. Destaca que con una votaci\u00f3n sin precedentes, pues se trat\u00f3 de una elecci\u00f3n de voto obligatorio, casi ocho de los trece millones de chilenos se pronunciaron en las urnas en contra del proyecto de nueva Constituci\u00f3n que se debati\u00f3 durante un a\u00f1o en un cuerpo colegiado de 155 integrantes, con paridad entre hombres y mujeres y 17 esca\u00f1os para pueblos ind\u00edgenas, donde la izquierda tuvo la mayor\u00eda de los integrantes de la Convenci\u00f3n y los partidos pol\u00edticos tradicionales fueron superados por candidatos \u201cindependientes\u201d. El resultado de este proceso fue un proyecto de Constituci\u00f3n que se inscribir\u00eda en lo que se ha llamado el Nuevo Constitucionalismo Latinoamericano, con cartas ampl\u00edsimas de derechos, reivindicaciones identitarias para pueblos ind\u00edgenas, con especial \u00e9nfasis en agendas ambientalistas, feministas y la diversidad sexual.<br \/>\n\u00bfC\u00f3mo entender que este proyecto pol\u00edtico fuera rechazado en todos los territorios del pa\u00eds y que las zonas m\u00e1s pobres de Chile fueran precisamente aquellas en las que es a\u00fan mayor la diferencia entre apruebo y rechazo? Si las constituciones son hijas de sus tiempos, \u00bfeste resultado es tambi\u00e9n una evidencia de nuevos tiempos que no se corresponden con ese proyecto de Constituci\u00f3n?, se pregunta. Am\u00e9rica Latina &#8211;y Chile no es distinta en esto&#8211; entre el fin de la era de bonanza y el devastador impacto del COVID-19 perdi\u00f3 20 a\u00f1os de avances en la atenci\u00f3n a sus necesidades m\u00e1s primarias: el nuestro es hoy un continente en que el hambre, la pobreza, el desempleo, la angustia por la desprotecci\u00f3n frente al delito, son las preocupaciones sobre las que los ciudadanos esperan y exigen respuestas, a\u00f1ade.<br \/>\nTambi\u00e9n dice: \u201cantes de medir los efectos que ha tenido en la regi\u00f3n la guerra en Ucrania, en Am\u00e9rica Latina la crisis alimentaria arrojaba las peores cifras de los \u00faltimos 15 a\u00f1os. Mientras en todo el continente crecen las cifras de delitos y baja la confianza en la justicia, \u00bfc\u00f3mo explicar posturas pol\u00edticas de complicidad y contemplaci\u00f3n con la violencia, siempre que venga de sectores pol\u00edticos afines? Tal vez los nuevos tiempos nos obligan a volver los ojos a lo fundamental: justicia e igualdad ante la ley, antes de que las reivindicaciones se confundan con privilegios; prioridad en atender la nutrici\u00f3n de los ni\u00f1os, el hambre, la salud primaria de las familias y medidas para impulsar la recuperaci\u00f3n del trabajo; uso reglado de la fuerza en lugar de romantizar el vandalismo y la violencia; b\u00fasqueda de m\u00ednimos comunes, en lugar de imposiciones maximalistas desde una superioridad moral que no existe. Acaba diciendo: \u201cm\u00e1s all\u00e1 de la resoluci\u00f3n pol\u00edtica interna que Chile y los chilenos identifiquen para este momento, el rechazo del domingo es un espejo en que toda la regi\u00f3n puede y debe mirarse; los problemas son muy parecidos, la insatisfacci\u00f3n y la impaciencia est\u00e1n ah\u00ed. En un escenario tan complejo, para nadie hay triunfo.<br \/>\nNo deja de ser de veras una se\u00f1al determinante, en sentido de que los tiempos y las actitudes de los hombres cambian siempre, y ah\u00ed est\u00e1 el espejo chileno y otros en la regi\u00f3n y el mundo, para demostrarlo.<\/p>\n","protected":false},"excerpt":{"rendered":"<p>Es conocido por todos que el domingo 4 de este mes en Chile rechazaron contundentemente en su refer\u00e9ndum la propuesta de nueva Constituci\u00f3n. El acontecimiento contin\u00faa haciendo noticia en gran parte del mundo. Llanamente se puede decir al respecto que en esta Vi\u00f1a del Se\u00f1or hay de todo. Sobre ello, Mar\u00eda Paula Romo Rodr\u00edguez, columnista [&hellip;]<\/p>\n","protected":false},"author":1,"featured_media":7016,"comment_status":"closed","ping_status":"closed","sticky":false,"template":"","format":"standard","meta":{"_acf_changed":false,"footnotes":""},"categories":[9],"tags":[],"class_list":["post-110617","post","type-post","status-publish","format-standard","has-post-thumbnail","category-opinion"],"acf":{"antetitulo":""},"yoast_head":"<!-- This site is optimized with the Yoast SEO plugin v28.4 - https:\/\/yoast.com\/product\/yoast-seo-wordpress\/ -->\n<title>Lo que pas\u00f3 en Chile es un espejo - El Diario - Bolivia<\/title>\n<meta name=\"robots\" content=\"index, follow, max-snippet:-1, max-image-preview:large, max-video-preview:-1\" \/>\n<link rel=\"canonical\" href=\"https:\/\/www.eldiario.net\/portal\/2022\/09\/14\/lo-que-paso-en-chile-es-un-espejo\/\" \/>\n<meta property=\"og:locale\" content=\"es_ES\" \/>\n<meta property=\"og:type\" content=\"article\" \/>\n<meta property=\"og:title\" content=\"Lo que pas\u00f3 en Chile es un espejo - El Diario - Bolivia\" \/>\n<meta property=\"og:description\" content=\"Es conocido por todos que el domingo 4 de este mes en Chile rechazaron contundentemente en su refer\u00e9ndum la propuesta de nueva Constituci\u00f3n. El acontecimiento contin\u00faa haciendo noticia en gran parte del mundo. Llanamente se puede decir al respecto que en esta Vi\u00f1a del Se\u00f1or hay de todo. Sobre ello, Mar\u00eda Paula Romo Rodr\u00edguez, columnista [&hellip;]\" \/>\n<meta property=\"og:url\" content=\"https:\/\/www.eldiario.net\/portal\/2022\/09\/14\/lo-que-paso-en-chile-es-un-espejo\/\" \/>\n<meta property=\"og:site_name\" content=\"El Diario - Bolivia\" \/>\n<meta property=\"article:publisher\" content=\"https:\/\/www.facebook.com\/eldiario.bolivia\/\" \/>\n<meta property=\"article:published_time\" content=\"2022-09-14T10:02:41+00:00\" \/>\n<meta name=\"author\" content=\"Jeanette\" \/>\n<meta name=\"twitter:card\" content=\"summary_large_image\" \/>\n<meta name=\"twitter:creator\" content=\"@eldiario_net\" \/>\n<meta name=\"twitter:site\" content=\"@eldiario_net\" \/>\n<meta name=\"twitter:label1\" content=\"Escrito por\" \/>\n\t<meta name=\"twitter:data1\" content=\"Jeanette\" \/>\n<script type=\"application\/ld+json\" class=\"yoast-schema-graph\">{\"@context\":\"https:\\\/\\\/schema.org\",\"@graph\":[{\"@type\":\"Article\",\"@id\":\"https:\\\/\\\/www.eldiario.net\\\/portal\\\/2022\\\/09\\\/14\\\/lo-que-paso-en-chile-es-un-espejo\\\/#article\",\"isPartOf\":{\"@id\":\"https:\\\/\\\/www.eldiario.net\\\/portal\\\/2022\\\/09\\\/14\\\/lo-que-paso-en-chile-es-un-espejo\\\/\"},\"author\":{\"name\":\"Jeanette\",\"@id\":\"https:\\\/\\\/www.eldiario.net\\\/portal\\\/#\\\/schema\\\/person\\\/f46445640444750d7d753ccd04ae01b7\"},\"headline\":\"Lo que pas\u00f3 en Chile es un espejo\",\"datePublished\":\"2022-09-14T10:02:41+00:00\",\"mainEntityOfPage\":{\"@id\":\"https:\\\/\\\/www.eldiario.net\\\/portal\\\/2022\\\/09\\\/14\\\/lo-que-paso-en-chile-es-un-espejo\\\/\"},\"wordCount\":749,\"publisher\":{\"@id\":\"https:\\\/\\\/www.eldiario.net\\\/portal\\\/#organization\"},\"image\":{\"@id\":\"https:\\\/\\\/www.eldiario.net\\\/portal\\\/2022\\\/09\\\/14\\\/lo-que-paso-en-chile-es-un-espejo\\\/#primaryimage\"},\"thumbnailUrl\":\"\",\"articleSection\":[\"Opini\u00f3n\"],\"inLanguage\":\"es\"},{\"@type\":\"WebPage\",\"@id\":\"https:\\\/\\\/www.eldiario.net\\\/portal\\\/2022\\\/09\\\/14\\\/lo-que-paso-en-chile-es-un-espejo\\\/\",\"url\":\"https:\\\/\\\/www.eldiario.net\\\/portal\\\/2022\\\/09\\\/14\\\/lo-que-paso-en-chile-es-un-espejo\\\/\",\"name\":\"Lo que pas\u00f3 en Chile es un espejo - El Diario - Bolivia\",\"isPartOf\":{\"@id\":\"https:\\\/\\\/www.eldiario.net\\\/portal\\\/#website\"},\"primaryImageOfPage\":{\"@id\":\"https:\\\/\\\/www.eldiario.net\\\/portal\\\/2022\\\/09\\\/14\\\/lo-que-paso-en-chile-es-un-espejo\\\/#primaryimage\"},\"image\":{\"@id\":\"https:\\\/\\\/www.eldiario.net\\\/portal\\\/2022\\\/09\\\/14\\\/lo-que-paso-en-chile-es-un-espejo\\\/#primaryimage\"},\"thumbnailUrl\":\"\",\"datePublished\":\"2022-09-14T10:02:41+00:00\",\"breadcrumb\":{\"@id\":\"https:\\\/\\\/www.eldiario.net\\\/portal\\\/2022\\\/09\\\/14\\\/lo-que-paso-en-chile-es-un-espejo\\\/#breadcrumb\"},\"inLanguage\":\"es\",\"potentialAction\":[{\"@type\":\"ReadAction\",\"target\":[\"https:\\\/\\\/www.eldiario.net\\\/portal\\\/2022\\\/09\\\/14\\\/lo-que-paso-en-chile-es-un-espejo\\\/\"]}]},{\"@type\":\"ImageObject\",\"inLanguage\":\"es\",\"@id\":\"https:\\\/\\\/www.eldiario.net\\\/portal\\\/2022\\\/09\\\/14\\\/lo-que-paso-en-chile-es-un-espejo\\\/#primaryimage\",\"url\":\"\",\"contentUrl\":\"\"},{\"@type\":\"BreadcrumbList\",\"@id\":\"https:\\\/\\\/www.eldiario.net\\\/portal\\\/2022\\\/09\\\/14\\\/lo-que-paso-en-chile-es-un-espejo\\\/#breadcrumb\",\"itemListElement\":[{\"@type\":\"ListItem\",\"position\":1,\"name\":\"Portada\",\"item\":\"https:\\\/\\\/www.eldiario.net\\\/portal\\\/\"},{\"@type\":\"ListItem\",\"position\":2,\"name\":\"Lo que pas\u00f3 en Chile es un espejo\"}]},{\"@type\":\"WebSite\",\"@id\":\"https:\\\/\\\/www.eldiario.net\\\/portal\\\/#website\",\"url\":\"https:\\\/\\\/www.eldiario.net\\\/portal\\\/\",\"name\":\"El Diario - Decano de la prensa nacional\",\"description\":\"El Diario - Decano de la prensa nacional\",\"publisher\":{\"@id\":\"https:\\\/\\\/www.eldiario.net\\\/portal\\\/#organization\"},\"potentialAction\":[{\"@type\":\"SearchAction\",\"target\":{\"@type\":\"EntryPoint\",\"urlTemplate\":\"https:\\\/\\\/www.eldiario.net\\\/portal\\\/?s={search_term_string}\"},\"query-input\":{\"@type\":\"PropertyValueSpecification\",\"valueRequired\":true,\"valueName\":\"search_term_string\"}}],\"inLanguage\":\"es\"},{\"@type\":\"Organization\",\"@id\":\"https:\\\/\\\/www.eldiario.net\\\/portal\\\/#organization\",\"name\":\"El Diario - Decano de la prensa nacional\",\"url\":\"https:\\\/\\\/www.eldiario.net\\\/portal\\\/\",\"logo\":{\"@type\":\"ImageObject\",\"inLanguage\":\"es\",\"@id\":\"https:\\\/\\\/www.eldiario.net\\\/portal\\\/#\\\/schema\\\/logo\\\/image\\\/\",\"url\":\"https:\\\/\\\/www.eldiario.net\\\/portal\\\/wp-content\\\/uploads\\\/2023\\\/07\\\/logo_ED.jpg\",\"contentUrl\":\"https:\\\/\\\/www.eldiario.net\\\/portal\\\/wp-content\\\/uploads\\\/2023\\\/07\\\/logo_ED.jpg\",\"width\":272,\"height\":52,\"caption\":\"El Diario - Decano de la prensa nacional\"},\"image\":{\"@id\":\"https:\\\/\\\/www.eldiario.net\\\/portal\\\/#\\\/schema\\\/logo\\\/image\\\/\"},\"sameAs\":[\"https:\\\/\\\/www.facebook.com\\\/eldiario.bolivia\\\/\",\"https:\\\/\\\/x.com\\\/eldiario_net\"]},{\"@type\":\"Person\",\"@id\":\"https:\\\/\\\/www.eldiario.net\\\/portal\\\/#\\\/schema\\\/person\\\/f46445640444750d7d753ccd04ae01b7\",\"name\":\"Jeanette\",\"image\":{\"@type\":\"ImageObject\",\"inLanguage\":\"es\",\"@id\":\"https:\\\/\\\/secure.gravatar.com\\\/avatar\\\/3ea2118a5f7dad2b7138b1187a6b7ee55f160b9968b66013c3a3ef39dd7e5798?s=96&d=mm&r=g\",\"url\":\"https:\\\/\\\/secure.gravatar.com\\\/avatar\\\/3ea2118a5f7dad2b7138b1187a6b7ee55f160b9968b66013c3a3ef39dd7e5798?s=96&d=mm&r=g\",\"contentUrl\":\"https:\\\/\\\/secure.gravatar.com\\\/avatar\\\/3ea2118a5f7dad2b7138b1187a6b7ee55f160b9968b66013c3a3ef39dd7e5798?s=96&d=mm&r=g\",\"caption\":\"Jeanette\"},\"sameAs\":[\"https:\\\/\\\/www.eldiario.net\\\/portal\"],\"url\":\"https:\\\/\\\/www.eldiario.net\\\/portal\\\/author\\\/jeanette\\\/\"}]}<\/script>\n<!-- \/ Yoast SEO plugin. -->","yoast_head_json":{"title":"Lo que pas\u00f3 en Chile es un espejo - El Diario - Bolivia","robots":{"index":"index","follow":"follow","max-snippet":"max-snippet:-1","max-image-preview":"max-image-preview:large","max-video-preview":"max-video-preview:-1"},"canonical":"https:\/\/www.eldiario.net\/portal\/2022\/09\/14\/lo-que-paso-en-chile-es-un-espejo\/","og_locale":"es_ES","og_type":"article","og_title":"Lo que pas\u00f3 en Chile es un espejo - El Diario - Bolivia","og_description":"Es conocido por todos que el domingo 4 de este mes en Chile rechazaron contundentemente en su refer\u00e9ndum la propuesta de nueva Constituci\u00f3n. El acontecimiento contin\u00faa haciendo noticia en gran parte del mundo. Llanamente se puede decir al respecto que en esta Vi\u00f1a del Se\u00f1or hay de todo. Sobre ello, Mar\u00eda Paula Romo Rodr\u00edguez, columnista [&hellip;]","og_url":"https:\/\/www.eldiario.net\/portal\/2022\/09\/14\/lo-que-paso-en-chile-es-un-espejo\/","og_site_name":"El Diario - Bolivia","article_publisher":"https:\/\/www.facebook.com\/eldiario.bolivia\/","article_published_time":"2022-09-14T10:02:41+00:00","author":"Jeanette","twitter_card":"summary_large_image","twitter_creator":"@eldiario_net","twitter_site":"@eldiario_net","twitter_misc":{"Escrito por":"Jeanette"},"schema":{"@context":"https:\/\/schema.org","@graph":[{"@type":"Article","@id":"https:\/\/www.eldiario.net\/portal\/2022\/09\/14\/lo-que-paso-en-chile-es-un-espejo\/#article","isPartOf":{"@id":"https:\/\/www.eldiario.net\/portal\/2022\/09\/14\/lo-que-paso-en-chile-es-un-espejo\/"},"author":{"name":"Jeanette","@id":"https:\/\/www.eldiario.net\/portal\/#\/schema\/person\/f46445640444750d7d753ccd04ae01b7"},"headline":"Lo que pas\u00f3 en Chile es un espejo","datePublished":"2022-09-14T10:02:41+00:00","mainEntityOfPage":{"@id":"https:\/\/www.eldiario.net\/portal\/2022\/09\/14\/lo-que-paso-en-chile-es-un-espejo\/"},"wordCount":749,"publisher":{"@id":"https:\/\/www.eldiario.net\/portal\/#organization"},"image":{"@id":"https:\/\/www.eldiario.net\/portal\/2022\/09\/14\/lo-que-paso-en-chile-es-un-espejo\/#primaryimage"},"thumbnailUrl":"","articleSection":["Opini\u00f3n"],"inLanguage":"es"},{"@type":"WebPage","@id":"https:\/\/www.eldiario.net\/portal\/2022\/09\/14\/lo-que-paso-en-chile-es-un-espejo\/","url":"https:\/\/www.eldiario.net\/portal\/2022\/09\/14\/lo-que-paso-en-chile-es-un-espejo\/","name":"Lo que pas\u00f3 en Chile es un espejo - El Diario - Bolivia","isPartOf":{"@id":"https:\/\/www.eldiario.net\/portal\/#website"},"primaryImageOfPage":{"@id":"https:\/\/www.eldiario.net\/portal\/2022\/09\/14\/lo-que-paso-en-chile-es-un-espejo\/#primaryimage"},"image":{"@id":"https:\/\/www.eldiario.net\/portal\/2022\/09\/14\/lo-que-paso-en-chile-es-un-espejo\/#primaryimage"},"thumbnailUrl":"","datePublished":"2022-09-14T10:02:41+00:00","breadcrumb":{"@id":"https:\/\/www.eldiario.net\/portal\/2022\/09\/14\/lo-que-paso-en-chile-es-un-espejo\/#breadcrumb"},"inLanguage":"es","potentialAction":[{"@type":"ReadAction","target":["https:\/\/www.eldiario.net\/portal\/2022\/09\/14\/lo-que-paso-en-chile-es-un-espejo\/"]}]},{"@type":"ImageObject","inLanguage":"es","@id":"https:\/\/www.eldiario.net\/portal\/2022\/09\/14\/lo-que-paso-en-chile-es-un-espejo\/#primaryimage","url":"","contentUrl":""},{"@type":"BreadcrumbList","@id":"https:\/\/www.eldiario.net\/portal\/2022\/09\/14\/lo-que-paso-en-chile-es-un-espejo\/#breadcrumb","itemListElement":[{"@type":"ListItem","position":1,"name":"Portada","item":"https:\/\/www.eldiario.net\/portal\/"},{"@type":"ListItem","position":2,"name":"Lo que pas\u00f3 en Chile es un espejo"}]},{"@type":"WebSite","@id":"https:\/\/www.eldiario.net\/portal\/#website","url":"https:\/\/www.eldiario.net\/portal\/","name":"El Diario - Decano de la prensa nacional","description":"El Diario - Decano de la prensa nacional","publisher":{"@id":"https:\/\/www.eldiario.net\/portal\/#organization"},"potentialAction":[{"@type":"SearchAction","target":{"@type":"EntryPoint","urlTemplate":"https:\/\/www.eldiario.net\/portal\/?s={search_term_string}"},"query-input":{"@type":"PropertyValueSpecification","valueRequired":true,"valueName":"search_term_string"}}],"inLanguage":"es"},{"@type":"Organization","@id":"https:\/\/www.eldiario.net\/portal\/#organization","name":"El Diario - Decano de la prensa nacional","url":"https:\/\/www.eldiario.net\/portal\/","logo":{"@type":"ImageObject","inLanguage":"es","@id":"https:\/\/www.eldiario.net\/portal\/#\/schema\/logo\/image\/","url":"https:\/\/www.eldiario.net\/portal\/wp-content\/uploads\/2023\/07\/logo_ED.jpg","contentUrl":"https:\/\/www.eldiario.net\/portal\/wp-content\/uploads\/2023\/07\/logo_ED.jpg","width":272,"height":52,"caption":"El Diario - Decano de la prensa nacional"},"image":{"@id":"https:\/\/www.eldiario.net\/portal\/#\/schema\/logo\/image\/"},"sameAs":["https:\/\/www.facebook.com\/eldiario.bolivia\/","https:\/\/x.com\/eldiario_net"]},{"@type":"Person","@id":"https:\/\/www.eldiario.net\/portal\/#\/schema\/person\/f46445640444750d7d753ccd04ae01b7","name":"Jeanette","image":{"@type":"ImageObject","inLanguage":"es","@id":"https:\/\/secure.gravatar.com\/avatar\/3ea2118a5f7dad2b7138b1187a6b7ee55f160b9968b66013c3a3ef39dd7e5798?s=96&d=mm&r=g","url":"https:\/\/secure.gravatar.com\/avatar\/3ea2118a5f7dad2b7138b1187a6b7ee55f160b9968b66013c3a3ef39dd7e5798?s=96&d=mm&r=g","contentUrl":"https:\/\/secure.gravatar.com\/avatar\/3ea2118a5f7dad2b7138b1187a6b7ee55f160b9968b66013c3a3ef39dd7e5798?s=96&d=mm&r=g","caption":"Jeanette"},"sameAs":["https:\/\/www.eldiario.net\/portal"],"url":"https:\/\/www.eldiario.net\/portal\/author\/jeanette\/"}]}},"_links":{"self":[{"href":"https:\/\/www.eldiario.net\/portal\/wp-json\/wp\/v2\/posts\/110617","targetHints":{"allow":["GET"]}}],"collection":[{"href":"https:\/\/www.eldiario.net\/portal\/wp-json\/wp\/v2\/posts"}],"about":[{"href":"https:\/\/www.eldiario.net\/portal\/wp-json\/wp\/v2\/types\/post"}],"author":[{"embeddable":true,"href":"https:\/\/www.eldiario.net\/portal\/wp-json\/wp\/v2\/users\/1"}],"replies":[{"embeddable":true,"href":"https:\/\/www.eldiario.net\/portal\/wp-json\/wp\/v2\/comments?post=110617"}],"version-history":[{"count":0,"href":"https:\/\/www.eldiario.net\/portal\/wp-json\/wp\/v2\/posts\/110617\/revisions"}],"wp:attachment":[{"href":"https:\/\/www.eldiario.net\/portal\/wp-json\/wp\/v2\/media?parent=110617"}],"wp:term":[{"taxonomy":"category","embeddable":true,"href":"https:\/\/www.eldiario.net\/portal\/wp-json\/wp\/v2\/categories?post=110617"},{"taxonomy":"post_tag","embeddable":true,"href":"https:\/\/www.eldiario.net\/portal\/wp-json\/wp\/v2\/tags?post=110617"}],"curies":[{"name":"wp","href":"https:\/\/api.w.org\/{rel}","templated":true}]}}