{"id":110615,"date":"2022-09-14T06:02:06","date_gmt":"2022-09-14T10:02:06","guid":{"rendered":"https:\/\/www.eldiario.net\/portal\/?p=110615"},"modified":"2022-09-14T06:02:06","modified_gmt":"2022-09-14T10:02:06","slug":"una-inquietud-renovadora","status":"publish","type":"post","link":"https:\/\/www.eldiario.net\/portal\/2022\/09\/14\/una-inquietud-renovadora\/","title":{"rendered":"Una inquietud renovadora"},"content":{"rendered":"<p>\u201cSi el almac\u00e9n de proyectos hist\u00f3ricos que fue Occidente se ha vaciado, \u00bfpor qu\u00e9 no ponernos a pensar por nuestra cuenta, por qu\u00e9 no inventar soluciones? \u00bfPor qu\u00e9 no poner en entredicho los proyectos ruinosos que nos han llevado a la desolaci\u00f3n, que es el mundo moderno y dise\u00f1ar otro proyecto m\u00e1s humilde, pero m\u00e1s humano y justo?\u201d, afirm\u00f3, en la d\u00e9cada de los ochenta, del siglo pasado, el pensador Octavio Paz.<br \/>\nEstamos lejos de dise\u00f1ar, m\u00e1s que seguros, un proyecto pol\u00edtico de esa dimensi\u00f3n: humilde, humano y justo. Quiz\u00e1, en sus fueros interiores, pens\u00f3 lo propio su inspirador, el connotado escritor mexicano. Pero hay algo rescatable en ese prop\u00f3sito, para reflexi\u00f3n, particularmente, de las nuevas generaciones. Esa inquietud, renovadora y de transformaci\u00f3n, exenta de intereses particulares. Que se anime a romper con todo esquema tradicional que, en muchos casos, fue retrogrado, regresivo y revanchista. La historia pol\u00edtica lo reitera, de una manera determinante. De ah\u00ed que interesa especular sobre el contenido de esa afirmaci\u00f3n.<br \/>\nPosiblemente ni las condiciones objetivas ni las subjetivas estar\u00edan dadas, cuando sugiri\u00f3 tal iniciativa. Pero tampoco est\u00e1n dadas, ahora m\u00e1s que nunca. Estamos atravesando, en la actualidad, lo mismo o peor que entonces, tiempos sumamente conflictivos, como consecuencia de acciones oscuras y tenebrosas, alimentadas por tendencias maximalistas. Una corriente pol\u00edtico-ideol\u00f3gica recorre la regi\u00f3n y el mundo, desconociendo la vida, la libertad y la libre expresi\u00f3n, por su af\u00e1n de imponerse. No le importa pisar y pasar, con tal de que alcance sus objetivos. Eso ya lo hizo en algunos pa\u00edses de la regi\u00f3n, conculcando la libertad y deteriorando la democracia.<br \/>\nParece que ning\u00fan protagonista, cualquiera fuere su bandera, su sigla o consigna, piensa en la construcci\u00f3n de un instrumento pol\u00edtico humilde, humano y justo, que est\u00e9 al servicio de los m\u00e1s desprotegidos, con miras al futuro, en particular. Que sume y multiplique esfuerzos, por el bien com\u00fan. Que se identifique con el rostro sufriente de su pueblo. En la mentalidad de aquellos bulle, lamentablemente, la idea de un proyecto fuerte, omnipotente, ostentoso, despilfarrador y nada ahorrativo. Que inspire temor y arrincone a quienes piensan diferente. Que infunda miedo, para alcanzar el camino expedito. Recordemos que el pa\u00eds, ac\u00e1 va un ejemplo, al comenzar el a\u00f1o 2000 ten\u00eda una deuda externa adquirida de 4 mil 500 millones de d\u00f3lares y actualmente sobrepasa los 12 mil millones de d\u00f3lares. \u00bfA d\u00f3nde se ha ido tanto dinero?, se pregunta el mill\u00f3n. La situaci\u00f3n del pa\u00eds poco o nada ha cambiado. He ah\u00ed los \u201clogros\u201d de quienes se consideraron \u201cenviados\u201d o grandes transformadores del siglo. \u00bfY d\u00f3nde se ubicar\u00eda lo humilde, lo humano y justo?<br \/>\nTodos los que practicaron pol\u00edtica, en el pasado mediato e inmediato, buscaron la supremac\u00eda, para perpetuarse en el Poder. Recurrieron a la mentira y la calumnia para descalificar a sus adversarios. Habilitaron c\u00e1rceles y abrieron las fronteras para que huyan ellos. Intentaron capturar todos los poderes del Estado, con objeto de imponerse. Manipularon la justicia, tambi\u00e9n.<br \/>\nEn suma: que los pol\u00edticos, que hacen y deshacen el destino patrio, construyan un proyecto humilde, humano y justo, con vocaci\u00f3n de servicio al pa\u00eds.<\/p>\n","protected":false},"excerpt":{"rendered":"<p>\u201cSi el almac\u00e9n de proyectos hist\u00f3ricos que fue Occidente se ha vaciado, \u00bfpor qu\u00e9 no ponernos a pensar por nuestra cuenta, por qu\u00e9 no inventar soluciones? \u00bfPor qu\u00e9 no poner en entredicho los proyectos ruinosos que nos han llevado a la desolaci\u00f3n, que es el mundo moderno y dise\u00f1ar otro proyecto m\u00e1s humilde, pero m\u00e1s [&hellip;]<\/p>\n","protected":false},"author":1,"featured_media":3790,"comment_status":"closed","ping_status":"closed","sticky":false,"template":"","format":"standard","meta":{"_acf_changed":false,"footnotes":""},"categories":[9],"tags":[],"class_list":["post-110615","post","type-post","status-publish","format-standard","has-post-thumbnail","category-opinion"],"acf":{"antetitulo":""},"yoast_head":"<!-- This site is optimized with the Yoast SEO plugin v28.3 - https:\/\/yoast.com\/product\/yoast-seo-wordpress\/ -->\n<title>Una inquietud renovadora - El Diario - Bolivia<\/title>\n<meta name=\"robots\" content=\"index, follow, max-snippet:-1, max-image-preview:large, max-video-preview:-1\" \/>\n<link rel=\"canonical\" href=\"https:\/\/www.eldiario.net\/portal\/2022\/09\/14\/una-inquietud-renovadora\/\" \/>\n<meta property=\"og:locale\" content=\"es_ES\" \/>\n<meta property=\"og:type\" content=\"article\" \/>\n<meta property=\"og:title\" content=\"Una inquietud renovadora - El Diario - Bolivia\" \/>\n<meta property=\"og:description\" content=\"\u201cSi el almac\u00e9n de proyectos hist\u00f3ricos que fue Occidente se ha vaciado, \u00bfpor qu\u00e9 no ponernos a pensar por nuestra cuenta, por qu\u00e9 no inventar soluciones? \u00bfPor qu\u00e9 no poner en entredicho los proyectos ruinosos que nos han llevado a la desolaci\u00f3n, que es el mundo moderno y dise\u00f1ar otro proyecto m\u00e1s humilde, pero m\u00e1s [&hellip;]\" \/>\n<meta property=\"og:url\" content=\"https:\/\/www.eldiario.net\/portal\/2022\/09\/14\/una-inquietud-renovadora\/\" \/>\n<meta property=\"og:site_name\" content=\"El Diario - Bolivia\" \/>\n<meta property=\"article:publisher\" content=\"https:\/\/www.facebook.com\/eldiario.bolivia\/\" \/>\n<meta property=\"article:published_time\" content=\"2022-09-14T10:02:06+00:00\" \/>\n<meta name=\"author\" content=\"Jeanette\" \/>\n<meta name=\"twitter:card\" content=\"summary_large_image\" \/>\n<meta name=\"twitter:creator\" content=\"@eldiario_net\" \/>\n<meta name=\"twitter:site\" content=\"@eldiario_net\" \/>\n<meta name=\"twitter:label1\" content=\"Escrito por\" \/>\n\t<meta name=\"twitter:data1\" content=\"Jeanette\" \/>\n\t<meta name=\"twitter:label2\" content=\"Tiempo de lectura\" \/>\n\t<meta name=\"twitter:data2\" content=\"3 minutos\" \/>\n<script type=\"application\/ld+json\" class=\"yoast-schema-graph\">{\"@context\":\"https:\\\/\\\/schema.org\",\"@graph\":[{\"@type\":\"Article\",\"@id\":\"https:\\\/\\\/www.eldiario.net\\\/portal\\\/2022\\\/09\\\/14\\\/una-inquietud-renovadora\\\/#article\",\"isPartOf\":{\"@id\":\"https:\\\/\\\/www.eldiario.net\\\/portal\\\/2022\\\/09\\\/14\\\/una-inquietud-renovadora\\\/\"},\"author\":{\"name\":\"Jeanette\",\"@id\":\"https:\\\/\\\/www.eldiario.net\\\/portal\\\/#\\\/schema\\\/person\\\/f46445640444750d7d753ccd04ae01b7\"},\"headline\":\"Una inquietud renovadora\",\"datePublished\":\"2022-09-14T10:02:06+00:00\",\"mainEntityOfPage\":{\"@id\":\"https:\\\/\\\/www.eldiario.net\\\/portal\\\/2022\\\/09\\\/14\\\/una-inquietud-renovadora\\\/\"},\"wordCount\":565,\"publisher\":{\"@id\":\"https:\\\/\\\/www.eldiario.net\\\/portal\\\/#organization\"},\"image\":{\"@id\":\"https:\\\/\\\/www.eldiario.net\\\/portal\\\/2022\\\/09\\\/14\\\/una-inquietud-renovadora\\\/#primaryimage\"},\"thumbnailUrl\":\"\",\"articleSection\":[\"Opini\u00f3n\"],\"inLanguage\":\"es\"},{\"@type\":\"WebPage\",\"@id\":\"https:\\\/\\\/www.eldiario.net\\\/portal\\\/2022\\\/09\\\/14\\\/una-inquietud-renovadora\\\/\",\"url\":\"https:\\\/\\\/www.eldiario.net\\\/portal\\\/2022\\\/09\\\/14\\\/una-inquietud-renovadora\\\/\",\"name\":\"Una inquietud renovadora - El Diario - Bolivia\",\"isPartOf\":{\"@id\":\"https:\\\/\\\/www.eldiario.net\\\/portal\\\/#website\"},\"primaryImageOfPage\":{\"@id\":\"https:\\\/\\\/www.eldiario.net\\\/portal\\\/2022\\\/09\\\/14\\\/una-inquietud-renovadora\\\/#primaryimage\"},\"image\":{\"@id\":\"https:\\\/\\\/www.eldiario.net\\\/portal\\\/2022\\\/09\\\/14\\\/una-inquietud-renovadora\\\/#primaryimage\"},\"thumbnailUrl\":\"\",\"datePublished\":\"2022-09-14T10:02:06+00:00\",\"breadcrumb\":{\"@id\":\"https:\\\/\\\/www.eldiario.net\\\/portal\\\/2022\\\/09\\\/14\\\/una-inquietud-renovadora\\\/#breadcrumb\"},\"inLanguage\":\"es\",\"potentialAction\":[{\"@type\":\"ReadAction\",\"target\":[\"https:\\\/\\\/www.eldiario.net\\\/portal\\\/2022\\\/09\\\/14\\\/una-inquietud-renovadora\\\/\"]}]},{\"@type\":\"ImageObject\",\"inLanguage\":\"es\",\"@id\":\"https:\\\/\\\/www.eldiario.net\\\/portal\\\/2022\\\/09\\\/14\\\/una-inquietud-renovadora\\\/#primaryimage\",\"url\":\"\",\"contentUrl\":\"\"},{\"@type\":\"BreadcrumbList\",\"@id\":\"https:\\\/\\\/www.eldiario.net\\\/portal\\\/2022\\\/09\\\/14\\\/una-inquietud-renovadora\\\/#breadcrumb\",\"itemListElement\":[{\"@type\":\"ListItem\",\"position\":1,\"name\":\"Portada\",\"item\":\"https:\\\/\\\/www.eldiario.net\\\/portal\\\/\"},{\"@type\":\"ListItem\",\"position\":2,\"name\":\"Una inquietud renovadora\"}]},{\"@type\":\"WebSite\",\"@id\":\"https:\\\/\\\/www.eldiario.net\\\/portal\\\/#website\",\"url\":\"https:\\\/\\\/www.eldiario.net\\\/portal\\\/\",\"name\":\"El Diario - Decano de la prensa nacional\",\"description\":\"El Diario - Decano de la prensa nacional\",\"publisher\":{\"@id\":\"https:\\\/\\\/www.eldiario.net\\\/portal\\\/#organization\"},\"potentialAction\":[{\"@type\":\"SearchAction\",\"target\":{\"@type\":\"EntryPoint\",\"urlTemplate\":\"https:\\\/\\\/www.eldiario.net\\\/portal\\\/?s={search_term_string}\"},\"query-input\":{\"@type\":\"PropertyValueSpecification\",\"valueRequired\":true,\"valueName\":\"search_term_string\"}}],\"inLanguage\":\"es\"},{\"@type\":\"Organization\",\"@id\":\"https:\\\/\\\/www.eldiario.net\\\/portal\\\/#organization\",\"name\":\"El Diario - Decano de la prensa nacional\",\"url\":\"https:\\\/\\\/www.eldiario.net\\\/portal\\\/\",\"logo\":{\"@type\":\"ImageObject\",\"inLanguage\":\"es\",\"@id\":\"https:\\\/\\\/www.eldiario.net\\\/portal\\\/#\\\/schema\\\/logo\\\/image\\\/\",\"url\":\"https:\\\/\\\/www.eldiario.net\\\/portal\\\/wp-content\\\/uploads\\\/2023\\\/07\\\/logo_ED.jpg\",\"contentUrl\":\"https:\\\/\\\/www.eldiario.net\\\/portal\\\/wp-content\\\/uploads\\\/2023\\\/07\\\/logo_ED.jpg\",\"width\":272,\"height\":52,\"caption\":\"El Diario - Decano de la prensa nacional\"},\"image\":{\"@id\":\"https:\\\/\\\/www.eldiario.net\\\/portal\\\/#\\\/schema\\\/logo\\\/image\\\/\"},\"sameAs\":[\"https:\\\/\\\/www.facebook.com\\\/eldiario.bolivia\\\/\",\"https:\\\/\\\/x.com\\\/eldiario_net\"]},{\"@type\":\"Person\",\"@id\":\"https:\\\/\\\/www.eldiario.net\\\/portal\\\/#\\\/schema\\\/person\\\/f46445640444750d7d753ccd04ae01b7\",\"name\":\"Jeanette\",\"image\":{\"@type\":\"ImageObject\",\"inLanguage\":\"es\",\"@id\":\"https:\\\/\\\/secure.gravatar.com\\\/avatar\\\/3ea2118a5f7dad2b7138b1187a6b7ee55f160b9968b66013c3a3ef39dd7e5798?s=96&d=mm&r=g\",\"url\":\"https:\\\/\\\/secure.gravatar.com\\\/avatar\\\/3ea2118a5f7dad2b7138b1187a6b7ee55f160b9968b66013c3a3ef39dd7e5798?s=96&d=mm&r=g\",\"contentUrl\":\"https:\\\/\\\/secure.gravatar.com\\\/avatar\\\/3ea2118a5f7dad2b7138b1187a6b7ee55f160b9968b66013c3a3ef39dd7e5798?s=96&d=mm&r=g\",\"caption\":\"Jeanette\"},\"sameAs\":[\"https:\\\/\\\/www.eldiario.net\\\/portal\"],\"url\":\"https:\\\/\\\/www.eldiario.net\\\/portal\\\/author\\\/jeanette\\\/\"}]}<\/script>\n<!-- \/ Yoast SEO plugin. -->","yoast_head_json":{"title":"Una inquietud renovadora - El Diario - Bolivia","robots":{"index":"index","follow":"follow","max-snippet":"max-snippet:-1","max-image-preview":"max-image-preview:large","max-video-preview":"max-video-preview:-1"},"canonical":"https:\/\/www.eldiario.net\/portal\/2022\/09\/14\/una-inquietud-renovadora\/","og_locale":"es_ES","og_type":"article","og_title":"Una inquietud renovadora - El Diario - Bolivia","og_description":"\u201cSi el almac\u00e9n de proyectos hist\u00f3ricos que fue Occidente se ha vaciado, \u00bfpor qu\u00e9 no ponernos a pensar por nuestra cuenta, por qu\u00e9 no inventar soluciones? \u00bfPor qu\u00e9 no poner en entredicho los proyectos ruinosos que nos han llevado a la desolaci\u00f3n, que es el mundo moderno y dise\u00f1ar otro proyecto m\u00e1s humilde, pero m\u00e1s [&hellip;]","og_url":"https:\/\/www.eldiario.net\/portal\/2022\/09\/14\/una-inquietud-renovadora\/","og_site_name":"El Diario - Bolivia","article_publisher":"https:\/\/www.facebook.com\/eldiario.bolivia\/","article_published_time":"2022-09-14T10:02:06+00:00","author":"Jeanette","twitter_card":"summary_large_image","twitter_creator":"@eldiario_net","twitter_site":"@eldiario_net","twitter_misc":{"Escrito por":"Jeanette","Tiempo de lectura":"3 minutos"},"schema":{"@context":"https:\/\/schema.org","@graph":[{"@type":"Article","@id":"https:\/\/www.eldiario.net\/portal\/2022\/09\/14\/una-inquietud-renovadora\/#article","isPartOf":{"@id":"https:\/\/www.eldiario.net\/portal\/2022\/09\/14\/una-inquietud-renovadora\/"},"author":{"name":"Jeanette","@id":"https:\/\/www.eldiario.net\/portal\/#\/schema\/person\/f46445640444750d7d753ccd04ae01b7"},"headline":"Una inquietud renovadora","datePublished":"2022-09-14T10:02:06+00:00","mainEntityOfPage":{"@id":"https:\/\/www.eldiario.net\/portal\/2022\/09\/14\/una-inquietud-renovadora\/"},"wordCount":565,"publisher":{"@id":"https:\/\/www.eldiario.net\/portal\/#organization"},"image":{"@id":"https:\/\/www.eldiario.net\/portal\/2022\/09\/14\/una-inquietud-renovadora\/#primaryimage"},"thumbnailUrl":"","articleSection":["Opini\u00f3n"],"inLanguage":"es"},{"@type":"WebPage","@id":"https:\/\/www.eldiario.net\/portal\/2022\/09\/14\/una-inquietud-renovadora\/","url":"https:\/\/www.eldiario.net\/portal\/2022\/09\/14\/una-inquietud-renovadora\/","name":"Una inquietud renovadora - El Diario - Bolivia","isPartOf":{"@id":"https:\/\/www.eldiario.net\/portal\/#website"},"primaryImageOfPage":{"@id":"https:\/\/www.eldiario.net\/portal\/2022\/09\/14\/una-inquietud-renovadora\/#primaryimage"},"image":{"@id":"https:\/\/www.eldiario.net\/portal\/2022\/09\/14\/una-inquietud-renovadora\/#primaryimage"},"thumbnailUrl":"","datePublished":"2022-09-14T10:02:06+00:00","breadcrumb":{"@id":"https:\/\/www.eldiario.net\/portal\/2022\/09\/14\/una-inquietud-renovadora\/#breadcrumb"},"inLanguage":"es","potentialAction":[{"@type":"ReadAction","target":["https:\/\/www.eldiario.net\/portal\/2022\/09\/14\/una-inquietud-renovadora\/"]}]},{"@type":"ImageObject","inLanguage":"es","@id":"https:\/\/www.eldiario.net\/portal\/2022\/09\/14\/una-inquietud-renovadora\/#primaryimage","url":"","contentUrl":""},{"@type":"BreadcrumbList","@id":"https:\/\/www.eldiario.net\/portal\/2022\/09\/14\/una-inquietud-renovadora\/#breadcrumb","itemListElement":[{"@type":"ListItem","position":1,"name":"Portada","item":"https:\/\/www.eldiario.net\/portal\/"},{"@type":"ListItem","position":2,"name":"Una inquietud renovadora"}]},{"@type":"WebSite","@id":"https:\/\/www.eldiario.net\/portal\/#website","url":"https:\/\/www.eldiario.net\/portal\/","name":"El Diario - Decano de la prensa nacional","description":"El Diario - Decano de la prensa nacional","publisher":{"@id":"https:\/\/www.eldiario.net\/portal\/#organization"},"potentialAction":[{"@type":"SearchAction","target":{"@type":"EntryPoint","urlTemplate":"https:\/\/www.eldiario.net\/portal\/?s={search_term_string}"},"query-input":{"@type":"PropertyValueSpecification","valueRequired":true,"valueName":"search_term_string"}}],"inLanguage":"es"},{"@type":"Organization","@id":"https:\/\/www.eldiario.net\/portal\/#organization","name":"El Diario - Decano de la prensa nacional","url":"https:\/\/www.eldiario.net\/portal\/","logo":{"@type":"ImageObject","inLanguage":"es","@id":"https:\/\/www.eldiario.net\/portal\/#\/schema\/logo\/image\/","url":"https:\/\/www.eldiario.net\/portal\/wp-content\/uploads\/2023\/07\/logo_ED.jpg","contentUrl":"https:\/\/www.eldiario.net\/portal\/wp-content\/uploads\/2023\/07\/logo_ED.jpg","width":272,"height":52,"caption":"El Diario - Decano de la prensa nacional"},"image":{"@id":"https:\/\/www.eldiario.net\/portal\/#\/schema\/logo\/image\/"},"sameAs":["https:\/\/www.facebook.com\/eldiario.bolivia\/","https:\/\/x.com\/eldiario_net"]},{"@type":"Person","@id":"https:\/\/www.eldiario.net\/portal\/#\/schema\/person\/f46445640444750d7d753ccd04ae01b7","name":"Jeanette","image":{"@type":"ImageObject","inLanguage":"es","@id":"https:\/\/secure.gravatar.com\/avatar\/3ea2118a5f7dad2b7138b1187a6b7ee55f160b9968b66013c3a3ef39dd7e5798?s=96&d=mm&r=g","url":"https:\/\/secure.gravatar.com\/avatar\/3ea2118a5f7dad2b7138b1187a6b7ee55f160b9968b66013c3a3ef39dd7e5798?s=96&d=mm&r=g","contentUrl":"https:\/\/secure.gravatar.com\/avatar\/3ea2118a5f7dad2b7138b1187a6b7ee55f160b9968b66013c3a3ef39dd7e5798?s=96&d=mm&r=g","caption":"Jeanette"},"sameAs":["https:\/\/www.eldiario.net\/portal"],"url":"https:\/\/www.eldiario.net\/portal\/author\/jeanette\/"}]}},"_links":{"self":[{"href":"https:\/\/www.eldiario.net\/portal\/wp-json\/wp\/v2\/posts\/110615","targetHints":{"allow":["GET"]}}],"collection":[{"href":"https:\/\/www.eldiario.net\/portal\/wp-json\/wp\/v2\/posts"}],"about":[{"href":"https:\/\/www.eldiario.net\/portal\/wp-json\/wp\/v2\/types\/post"}],"author":[{"embeddable":true,"href":"https:\/\/www.eldiario.net\/portal\/wp-json\/wp\/v2\/users\/1"}],"replies":[{"embeddable":true,"href":"https:\/\/www.eldiario.net\/portal\/wp-json\/wp\/v2\/comments?post=110615"}],"version-history":[{"count":0,"href":"https:\/\/www.eldiario.net\/portal\/wp-json\/wp\/v2\/posts\/110615\/revisions"}],"wp:attachment":[{"href":"https:\/\/www.eldiario.net\/portal\/wp-json\/wp\/v2\/media?parent=110615"}],"wp:term":[{"taxonomy":"category","embeddable":true,"href":"https:\/\/www.eldiario.net\/portal\/wp-json\/wp\/v2\/categories?post=110615"},{"taxonomy":"post_tag","embeddable":true,"href":"https:\/\/www.eldiario.net\/portal\/wp-json\/wp\/v2\/tags?post=110615"}],"curies":[{"name":"wp","href":"https:\/\/api.w.org\/{rel}","templated":true}]}}