{"id":110613,"date":"2022-09-14T06:01:36","date_gmt":"2022-09-14T10:01:36","guid":{"rendered":"https:\/\/www.eldiario.net\/portal\/?p=110613"},"modified":"2022-09-14T06:01:36","modified_gmt":"2022-09-14T10:01:36","slug":"cambiemos-de-chip","status":"publish","type":"post","link":"https:\/\/www.eldiario.net\/portal\/2022\/09\/14\/cambiemos-de-chip\/","title":{"rendered":"Cambiemos de chip"},"content":{"rendered":"<p>Durante la Edad Media, la humanidad vivi\u00f3 enajenada por el pensamiento m\u00e1gico-religioso que, en algunas interpretaciones, negaba la libertad y la responsabilidad de las personas sometidas a la dictadura de las castas y de los privilegios feudales. El Renacimiento y la Ilustraci\u00f3n vinieron al rescate de los seres humanos en nombre la Raz\u00f3n; pero sus sue\u00f1os produjeron monstruos cristalizados en concepciones de la vida inhumanas por totalitarias. El pensamiento \u00fanico expresa la l\u00f3gica calvinista que confunde progreso con desarrollo.<br \/>\nMientras que el progreso tiene como protagonista al ser humano, el desarrollo es mec\u00e1nico y su objetivo son los beneficios. \u201cCuanto m\u00e1s, mejor\u201d. El progreso es siempre a escala de la persona que camina, da pasos, pro-gressus. \u201cCuanto mejor, m\u00e1s\u201d. Sin la conciencia de libertad y la dimensi\u00f3n social no hay progreso alguno.<br \/>\nNi el crecimiento econ\u00f3mico ni el desarrollo material ni la riqueza ni la industrializaci\u00f3n o innovaciones tecnol\u00f3gicas tienen sentido al margen de la comunidad.<br \/>\nNo se comprende c\u00f3mo la rentabilidad puede protagonizar actividad alguna si no es en beneficio de la sociedad; no solo de algunos privilegiados.<br \/>\nEl fundamentalismo calvinista que dio origen al capitalismo, hizo del ser humano un objeto productor cuya actividad era la obtenci\u00f3n de beneficios. Se lleg\u00f3 a la monstruosidad de asumir que \u201cvivimos para trabajar\u201d. Como nuestra salvaci\u00f3n eterna depend\u00eda de la Providencia, era preciso que \u00e9sta nos encontrase trabajando, ahorrando, produciendo sin dejar espacios para el sosiego, la recreaci\u00f3n o el arte, al que pusieron precio. En las \u201cOrdonnances sur le r\u00e9gime du peuple de G\u00e9n\u00e8ve\u201d, Calvino afirma que las se\u00f1ales de la predestinaci\u00f3n son la industriosidad, el trabajo y ascetismo mundano; que ser\u00e1n el medio para alcanzar la salvaci\u00f3n. Re\u00edrse era delito. El padre de Rousseau fue condenado por ense\u00f1ar danza. Condenaron el ocio e idolatraron el \u201cnec-otium\u201d.<br \/>\nEl lucro econ\u00f3mico, condenado por Tom\u00e1s de Aquino y por Arist\u00f3teles, se convirti\u00f3 en clave del sentido de una vida ordenada a alcanzar su perfecci\u00f3n. Se sanciona religiosamente la necesidad del capital y de la banca, la bondad del pr\u00e9stamo y del cr\u00e9dito, as\u00ed como el beneficio que excediera toda necesidad estricta. Rige la m\u00e1xima \u201corar es trabajar\u201d.<br \/>\nCrey\u00e9ndonos libres, vivimos encadenados por el pensamiento m\u00edtico de la productividad, del triunfo y de la victoria sobre los dem\u00e1s. La competitividad ha desplazado a la competencia.<br \/>\nEl individualismo m\u00e1s atroz nos ha desarraigado de nuestras se\u00f1as de identidad como personas. Nos hacen olvidar que vivimos para ser felices; \u00fanico sentido de la existencia. Ser nosotros mismos en relaci\u00f3n con los dem\u00e1s parece obsceno porque las pautas del mercado establecen que pensar, atreverse, discernir, salirse de la rueda de presos consumidores, es pecado. El fin justifica los medios y la guerra es el l\u00f3gico instrumento de esta idolatr\u00eda.<br \/>\nEs preciso cambiar de chip. Organizar la resistencia y rebelarnos. Denunciar la injusticia social y echar del poder a quienes lo detentan. No es viable un modelo basado en las armas, la explotaci\u00f3n de recursos y la deshumanizaci\u00f3n. Una sociedad global, en la que nos sabemos vecinos responsables, solo puede fundamentarse en la solidaridad.<\/p>\n<p>El autor es Profesor Em\u00e9rito UCM.<\/p>\n","protected":false},"excerpt":{"rendered":"<p>Durante la Edad Media, la humanidad vivi\u00f3 enajenada por el pensamiento m\u00e1gico-religioso que, en algunas interpretaciones, negaba la libertad y la responsabilidad de las personas sometidas a la dictadura de las castas y de los privilegios feudales. El Renacimiento y la Ilustraci\u00f3n vinieron al rescate de los seres humanos en nombre la Raz\u00f3n; pero sus [&hellip;]<\/p>\n","protected":false},"author":1,"featured_media":6359,"comment_status":"closed","ping_status":"closed","sticky":false,"template":"","format":"standard","meta":{"_acf_changed":false,"footnotes":""},"categories":[9],"tags":[],"class_list":["post-110613","post","type-post","status-publish","format-standard","has-post-thumbnail","category-opinion"],"acf":{"antetitulo":""},"yoast_head":"<!-- This site is optimized with the Yoast SEO plugin v28.3 - https:\/\/yoast.com\/product\/yoast-seo-wordpress\/ -->\n<title>Cambiemos de chip - El Diario - Bolivia<\/title>\n<meta name=\"robots\" content=\"index, follow, max-snippet:-1, max-image-preview:large, max-video-preview:-1\" \/>\n<link rel=\"canonical\" href=\"https:\/\/www.eldiario.net\/portal\/2022\/09\/14\/cambiemos-de-chip\/\" \/>\n<meta property=\"og:locale\" content=\"es_ES\" \/>\n<meta property=\"og:type\" content=\"article\" \/>\n<meta property=\"og:title\" content=\"Cambiemos de chip - El Diario - Bolivia\" \/>\n<meta property=\"og:description\" content=\"Durante la Edad Media, la humanidad vivi\u00f3 enajenada por el pensamiento m\u00e1gico-religioso que, en algunas interpretaciones, negaba la libertad y la responsabilidad de las personas sometidas a la dictadura de las castas y de los privilegios feudales. El Renacimiento y la Ilustraci\u00f3n vinieron al rescate de los seres humanos en nombre la Raz\u00f3n; pero sus [&hellip;]\" \/>\n<meta property=\"og:url\" content=\"https:\/\/www.eldiario.net\/portal\/2022\/09\/14\/cambiemos-de-chip\/\" \/>\n<meta property=\"og:site_name\" content=\"El Diario - Bolivia\" \/>\n<meta property=\"article:publisher\" content=\"https:\/\/www.facebook.com\/eldiario.bolivia\/\" \/>\n<meta property=\"article:published_time\" content=\"2022-09-14T10:01:36+00:00\" \/>\n<meta property=\"og:image\" content=\"https:\/\/www.eldiario.net\/portal\/wp-content\/uploads\/2021\/05\/Jose-Carlos-Garcia-Fajardo.jpg\" \/>\n\t<meta property=\"og:image:width\" content=\"1200\" \/>\n\t<meta property=\"og:image:height\" content=\"628\" \/>\n\t<meta property=\"og:image:type\" content=\"image\/jpeg\" \/>\n<meta name=\"author\" content=\"Jeanette\" \/>\n<meta name=\"twitter:card\" content=\"summary_large_image\" \/>\n<meta name=\"twitter:creator\" content=\"@eldiario_net\" \/>\n<meta name=\"twitter:site\" content=\"@eldiario_net\" \/>\n<meta name=\"twitter:label1\" content=\"Escrito por\" \/>\n\t<meta name=\"twitter:data1\" content=\"Jeanette\" \/>\n<script type=\"application\/ld+json\" class=\"yoast-schema-graph\">{\"@context\":\"https:\\\/\\\/schema.org\",\"@graph\":[{\"@type\":\"Article\",\"@id\":\"https:\\\/\\\/www.eldiario.net\\\/portal\\\/2022\\\/09\\\/14\\\/cambiemos-de-chip\\\/#article\",\"isPartOf\":{\"@id\":\"https:\\\/\\\/www.eldiario.net\\\/portal\\\/2022\\\/09\\\/14\\\/cambiemos-de-chip\\\/\"},\"author\":{\"name\":\"Jeanette\",\"@id\":\"https:\\\/\\\/www.eldiario.net\\\/portal\\\/#\\\/schema\\\/person\\\/f46445640444750d7d753ccd04ae01b7\"},\"headline\":\"Cambiemos de chip\",\"datePublished\":\"2022-09-14T10:01:36+00:00\",\"mainEntityOfPage\":{\"@id\":\"https:\\\/\\\/www.eldiario.net\\\/portal\\\/2022\\\/09\\\/14\\\/cambiemos-de-chip\\\/\"},\"wordCount\":561,\"publisher\":{\"@id\":\"https:\\\/\\\/www.eldiario.net\\\/portal\\\/#organization\"},\"image\":{\"@id\":\"https:\\\/\\\/www.eldiario.net\\\/portal\\\/2022\\\/09\\\/14\\\/cambiemos-de-chip\\\/#primaryimage\"},\"thumbnailUrl\":\"https:\\\/\\\/www.eldiario.net\\\/portal\\\/wp-content\\\/uploads\\\/2021\\\/05\\\/Jose-Carlos-Garcia-Fajardo.jpg\",\"articleSection\":[\"Opini\u00f3n\"],\"inLanguage\":\"es\"},{\"@type\":\"WebPage\",\"@id\":\"https:\\\/\\\/www.eldiario.net\\\/portal\\\/2022\\\/09\\\/14\\\/cambiemos-de-chip\\\/\",\"url\":\"https:\\\/\\\/www.eldiario.net\\\/portal\\\/2022\\\/09\\\/14\\\/cambiemos-de-chip\\\/\",\"name\":\"Cambiemos de chip - El Diario - Bolivia\",\"isPartOf\":{\"@id\":\"https:\\\/\\\/www.eldiario.net\\\/portal\\\/#website\"},\"primaryImageOfPage\":{\"@id\":\"https:\\\/\\\/www.eldiario.net\\\/portal\\\/2022\\\/09\\\/14\\\/cambiemos-de-chip\\\/#primaryimage\"},\"image\":{\"@id\":\"https:\\\/\\\/www.eldiario.net\\\/portal\\\/2022\\\/09\\\/14\\\/cambiemos-de-chip\\\/#primaryimage\"},\"thumbnailUrl\":\"https:\\\/\\\/www.eldiario.net\\\/portal\\\/wp-content\\\/uploads\\\/2021\\\/05\\\/Jose-Carlos-Garcia-Fajardo.jpg\",\"datePublished\":\"2022-09-14T10:01:36+00:00\",\"breadcrumb\":{\"@id\":\"https:\\\/\\\/www.eldiario.net\\\/portal\\\/2022\\\/09\\\/14\\\/cambiemos-de-chip\\\/#breadcrumb\"},\"inLanguage\":\"es\",\"potentialAction\":[{\"@type\":\"ReadAction\",\"target\":[\"https:\\\/\\\/www.eldiario.net\\\/portal\\\/2022\\\/09\\\/14\\\/cambiemos-de-chip\\\/\"]}]},{\"@type\":\"ImageObject\",\"inLanguage\":\"es\",\"@id\":\"https:\\\/\\\/www.eldiario.net\\\/portal\\\/2022\\\/09\\\/14\\\/cambiemos-de-chip\\\/#primaryimage\",\"url\":\"https:\\\/\\\/www.eldiario.net\\\/portal\\\/wp-content\\\/uploads\\\/2021\\\/05\\\/Jose-Carlos-Garcia-Fajardo.jpg\",\"contentUrl\":\"https:\\\/\\\/www.eldiario.net\\\/portal\\\/wp-content\\\/uploads\\\/2021\\\/05\\\/Jose-Carlos-Garcia-Fajardo.jpg\",\"width\":1200,\"height\":628},{\"@type\":\"BreadcrumbList\",\"@id\":\"https:\\\/\\\/www.eldiario.net\\\/portal\\\/2022\\\/09\\\/14\\\/cambiemos-de-chip\\\/#breadcrumb\",\"itemListElement\":[{\"@type\":\"ListItem\",\"position\":1,\"name\":\"Portada\",\"item\":\"https:\\\/\\\/www.eldiario.net\\\/portal\\\/\"},{\"@type\":\"ListItem\",\"position\":2,\"name\":\"Cambiemos de chip\"}]},{\"@type\":\"WebSite\",\"@id\":\"https:\\\/\\\/www.eldiario.net\\\/portal\\\/#website\",\"url\":\"https:\\\/\\\/www.eldiario.net\\\/portal\\\/\",\"name\":\"El Diario - Decano de la prensa nacional\",\"description\":\"El Diario - Decano de la prensa nacional\",\"publisher\":{\"@id\":\"https:\\\/\\\/www.eldiario.net\\\/portal\\\/#organization\"},\"potentialAction\":[{\"@type\":\"SearchAction\",\"target\":{\"@type\":\"EntryPoint\",\"urlTemplate\":\"https:\\\/\\\/www.eldiario.net\\\/portal\\\/?s={search_term_string}\"},\"query-input\":{\"@type\":\"PropertyValueSpecification\",\"valueRequired\":true,\"valueName\":\"search_term_string\"}}],\"inLanguage\":\"es\"},{\"@type\":\"Organization\",\"@id\":\"https:\\\/\\\/www.eldiario.net\\\/portal\\\/#organization\",\"name\":\"El Diario - Decano de la prensa nacional\",\"url\":\"https:\\\/\\\/www.eldiario.net\\\/portal\\\/\",\"logo\":{\"@type\":\"ImageObject\",\"inLanguage\":\"es\",\"@id\":\"https:\\\/\\\/www.eldiario.net\\\/portal\\\/#\\\/schema\\\/logo\\\/image\\\/\",\"url\":\"https:\\\/\\\/www.eldiario.net\\\/portal\\\/wp-content\\\/uploads\\\/2023\\\/07\\\/logo_ED.jpg\",\"contentUrl\":\"https:\\\/\\\/www.eldiario.net\\\/portal\\\/wp-content\\\/uploads\\\/2023\\\/07\\\/logo_ED.jpg\",\"width\":272,\"height\":52,\"caption\":\"El Diario - Decano de la prensa nacional\"},\"image\":{\"@id\":\"https:\\\/\\\/www.eldiario.net\\\/portal\\\/#\\\/schema\\\/logo\\\/image\\\/\"},\"sameAs\":[\"https:\\\/\\\/www.facebook.com\\\/eldiario.bolivia\\\/\",\"https:\\\/\\\/x.com\\\/eldiario_net\"]},{\"@type\":\"Person\",\"@id\":\"https:\\\/\\\/www.eldiario.net\\\/portal\\\/#\\\/schema\\\/person\\\/f46445640444750d7d753ccd04ae01b7\",\"name\":\"Jeanette\",\"image\":{\"@type\":\"ImageObject\",\"inLanguage\":\"es\",\"@id\":\"https:\\\/\\\/secure.gravatar.com\\\/avatar\\\/3ea2118a5f7dad2b7138b1187a6b7ee55f160b9968b66013c3a3ef39dd7e5798?s=96&d=mm&r=g\",\"url\":\"https:\\\/\\\/secure.gravatar.com\\\/avatar\\\/3ea2118a5f7dad2b7138b1187a6b7ee55f160b9968b66013c3a3ef39dd7e5798?s=96&d=mm&r=g\",\"contentUrl\":\"https:\\\/\\\/secure.gravatar.com\\\/avatar\\\/3ea2118a5f7dad2b7138b1187a6b7ee55f160b9968b66013c3a3ef39dd7e5798?s=96&d=mm&r=g\",\"caption\":\"Jeanette\"},\"sameAs\":[\"https:\\\/\\\/www.eldiario.net\\\/portal\"],\"url\":\"https:\\\/\\\/www.eldiario.net\\\/portal\\\/author\\\/jeanette\\\/\"}]}<\/script>\n<!-- \/ Yoast SEO plugin. -->","yoast_head_json":{"title":"Cambiemos de chip - El Diario - Bolivia","robots":{"index":"index","follow":"follow","max-snippet":"max-snippet:-1","max-image-preview":"max-image-preview:large","max-video-preview":"max-video-preview:-1"},"canonical":"https:\/\/www.eldiario.net\/portal\/2022\/09\/14\/cambiemos-de-chip\/","og_locale":"es_ES","og_type":"article","og_title":"Cambiemos de chip - El Diario - Bolivia","og_description":"Durante la Edad Media, la humanidad vivi\u00f3 enajenada por el pensamiento m\u00e1gico-religioso que, en algunas interpretaciones, negaba la libertad y la responsabilidad de las personas sometidas a la dictadura de las castas y de los privilegios feudales. El Renacimiento y la Ilustraci\u00f3n vinieron al rescate de los seres humanos en nombre la Raz\u00f3n; pero sus [&hellip;]","og_url":"https:\/\/www.eldiario.net\/portal\/2022\/09\/14\/cambiemos-de-chip\/","og_site_name":"El Diario - Bolivia","article_publisher":"https:\/\/www.facebook.com\/eldiario.bolivia\/","article_published_time":"2022-09-14T10:01:36+00:00","og_image":[{"width":1200,"height":628,"url":"https:\/\/www.eldiario.net\/portal\/wp-content\/uploads\/2021\/05\/Jose-Carlos-Garcia-Fajardo.jpg","type":"image\/jpeg"}],"author":"Jeanette","twitter_card":"summary_large_image","twitter_creator":"@eldiario_net","twitter_site":"@eldiario_net","twitter_misc":{"Escrito por":"Jeanette"},"schema":{"@context":"https:\/\/schema.org","@graph":[{"@type":"Article","@id":"https:\/\/www.eldiario.net\/portal\/2022\/09\/14\/cambiemos-de-chip\/#article","isPartOf":{"@id":"https:\/\/www.eldiario.net\/portal\/2022\/09\/14\/cambiemos-de-chip\/"},"author":{"name":"Jeanette","@id":"https:\/\/www.eldiario.net\/portal\/#\/schema\/person\/f46445640444750d7d753ccd04ae01b7"},"headline":"Cambiemos de chip","datePublished":"2022-09-14T10:01:36+00:00","mainEntityOfPage":{"@id":"https:\/\/www.eldiario.net\/portal\/2022\/09\/14\/cambiemos-de-chip\/"},"wordCount":561,"publisher":{"@id":"https:\/\/www.eldiario.net\/portal\/#organization"},"image":{"@id":"https:\/\/www.eldiario.net\/portal\/2022\/09\/14\/cambiemos-de-chip\/#primaryimage"},"thumbnailUrl":"https:\/\/www.eldiario.net\/portal\/wp-content\/uploads\/2021\/05\/Jose-Carlos-Garcia-Fajardo.jpg","articleSection":["Opini\u00f3n"],"inLanguage":"es"},{"@type":"WebPage","@id":"https:\/\/www.eldiario.net\/portal\/2022\/09\/14\/cambiemos-de-chip\/","url":"https:\/\/www.eldiario.net\/portal\/2022\/09\/14\/cambiemos-de-chip\/","name":"Cambiemos de chip - El Diario - Bolivia","isPartOf":{"@id":"https:\/\/www.eldiario.net\/portal\/#website"},"primaryImageOfPage":{"@id":"https:\/\/www.eldiario.net\/portal\/2022\/09\/14\/cambiemos-de-chip\/#primaryimage"},"image":{"@id":"https:\/\/www.eldiario.net\/portal\/2022\/09\/14\/cambiemos-de-chip\/#primaryimage"},"thumbnailUrl":"https:\/\/www.eldiario.net\/portal\/wp-content\/uploads\/2021\/05\/Jose-Carlos-Garcia-Fajardo.jpg","datePublished":"2022-09-14T10:01:36+00:00","breadcrumb":{"@id":"https:\/\/www.eldiario.net\/portal\/2022\/09\/14\/cambiemos-de-chip\/#breadcrumb"},"inLanguage":"es","potentialAction":[{"@type":"ReadAction","target":["https:\/\/www.eldiario.net\/portal\/2022\/09\/14\/cambiemos-de-chip\/"]}]},{"@type":"ImageObject","inLanguage":"es","@id":"https:\/\/www.eldiario.net\/portal\/2022\/09\/14\/cambiemos-de-chip\/#primaryimage","url":"https:\/\/www.eldiario.net\/portal\/wp-content\/uploads\/2021\/05\/Jose-Carlos-Garcia-Fajardo.jpg","contentUrl":"https:\/\/www.eldiario.net\/portal\/wp-content\/uploads\/2021\/05\/Jose-Carlos-Garcia-Fajardo.jpg","width":1200,"height":628},{"@type":"BreadcrumbList","@id":"https:\/\/www.eldiario.net\/portal\/2022\/09\/14\/cambiemos-de-chip\/#breadcrumb","itemListElement":[{"@type":"ListItem","position":1,"name":"Portada","item":"https:\/\/www.eldiario.net\/portal\/"},{"@type":"ListItem","position":2,"name":"Cambiemos de chip"}]},{"@type":"WebSite","@id":"https:\/\/www.eldiario.net\/portal\/#website","url":"https:\/\/www.eldiario.net\/portal\/","name":"El Diario - Decano de la prensa nacional","description":"El Diario - Decano de la prensa nacional","publisher":{"@id":"https:\/\/www.eldiario.net\/portal\/#organization"},"potentialAction":[{"@type":"SearchAction","target":{"@type":"EntryPoint","urlTemplate":"https:\/\/www.eldiario.net\/portal\/?s={search_term_string}"},"query-input":{"@type":"PropertyValueSpecification","valueRequired":true,"valueName":"search_term_string"}}],"inLanguage":"es"},{"@type":"Organization","@id":"https:\/\/www.eldiario.net\/portal\/#organization","name":"El Diario - Decano de la prensa nacional","url":"https:\/\/www.eldiario.net\/portal\/","logo":{"@type":"ImageObject","inLanguage":"es","@id":"https:\/\/www.eldiario.net\/portal\/#\/schema\/logo\/image\/","url":"https:\/\/www.eldiario.net\/portal\/wp-content\/uploads\/2023\/07\/logo_ED.jpg","contentUrl":"https:\/\/www.eldiario.net\/portal\/wp-content\/uploads\/2023\/07\/logo_ED.jpg","width":272,"height":52,"caption":"El Diario - Decano de la prensa nacional"},"image":{"@id":"https:\/\/www.eldiario.net\/portal\/#\/schema\/logo\/image\/"},"sameAs":["https:\/\/www.facebook.com\/eldiario.bolivia\/","https:\/\/x.com\/eldiario_net"]},{"@type":"Person","@id":"https:\/\/www.eldiario.net\/portal\/#\/schema\/person\/f46445640444750d7d753ccd04ae01b7","name":"Jeanette","image":{"@type":"ImageObject","inLanguage":"es","@id":"https:\/\/secure.gravatar.com\/avatar\/3ea2118a5f7dad2b7138b1187a6b7ee55f160b9968b66013c3a3ef39dd7e5798?s=96&d=mm&r=g","url":"https:\/\/secure.gravatar.com\/avatar\/3ea2118a5f7dad2b7138b1187a6b7ee55f160b9968b66013c3a3ef39dd7e5798?s=96&d=mm&r=g","contentUrl":"https:\/\/secure.gravatar.com\/avatar\/3ea2118a5f7dad2b7138b1187a6b7ee55f160b9968b66013c3a3ef39dd7e5798?s=96&d=mm&r=g","caption":"Jeanette"},"sameAs":["https:\/\/www.eldiario.net\/portal"],"url":"https:\/\/www.eldiario.net\/portal\/author\/jeanette\/"}]}},"_links":{"self":[{"href":"https:\/\/www.eldiario.net\/portal\/wp-json\/wp\/v2\/posts\/110613","targetHints":{"allow":["GET"]}}],"collection":[{"href":"https:\/\/www.eldiario.net\/portal\/wp-json\/wp\/v2\/posts"}],"about":[{"href":"https:\/\/www.eldiario.net\/portal\/wp-json\/wp\/v2\/types\/post"}],"author":[{"embeddable":true,"href":"https:\/\/www.eldiario.net\/portal\/wp-json\/wp\/v2\/users\/1"}],"replies":[{"embeddable":true,"href":"https:\/\/www.eldiario.net\/portal\/wp-json\/wp\/v2\/comments?post=110613"}],"version-history":[{"count":0,"href":"https:\/\/www.eldiario.net\/portal\/wp-json\/wp\/v2\/posts\/110613\/revisions"}],"wp:featuredmedia":[{"embeddable":true,"href":"https:\/\/www.eldiario.net\/portal\/wp-json\/wp\/v2\/media\/6359"}],"wp:attachment":[{"href":"https:\/\/www.eldiario.net\/portal\/wp-json\/wp\/v2\/media?parent=110613"}],"wp:term":[{"taxonomy":"category","embeddable":true,"href":"https:\/\/www.eldiario.net\/portal\/wp-json\/wp\/v2\/categories?post=110613"},{"taxonomy":"post_tag","embeddable":true,"href":"https:\/\/www.eldiario.net\/portal\/wp-json\/wp\/v2\/tags?post=110613"}],"curies":[{"name":"wp","href":"https:\/\/api.w.org\/{rel}","templated":true}]}}