{"id":110609,"date":"2022-09-14T06:00:28","date_gmt":"2022-09-14T10:00:28","guid":{"rendered":"https:\/\/www.eldiario.net\/portal\/?p=110609"},"modified":"2022-09-14T06:00:28","modified_gmt":"2022-09-14T10:00:28","slug":"emprendedoras-que-contribuyen-al-estado","status":"publish","type":"post","link":"https:\/\/www.eldiario.net\/portal\/2022\/09\/14\/emprendedoras-que-contribuyen-al-estado\/","title":{"rendered":"Emprendedoras que contribuyen al Estado"},"content":{"rendered":"<p>El 6 de septiembre me sent\u00ed como pez en el agua, cuando junto a mujeres emprendedoras de Cochabamba, a las que capacitaba en el taller de oratoria, organizado por el Banco Econ\u00f3mico en su programa Red Mujer en espacios gratuitos que est\u00e1n contribuyendo positivamente al crecimiento personal y profesional de miles de personas, en el momento de escoger el tema de la pr\u00e1ctica del discurso, eligieron una problem\u00e1tica que nos un\u00eda a todas emp\u00e1ticamente: Los impuestos como contribuyentes formales al Estado.<br \/>\nEsas emprendedoras de las que hablo persiguen el sue\u00f1o de ser econ\u00f3micamente independientes, para tener la libertad de disfrutar calidad de tiempo con sus hijos y no depender de un horario, aunque muchas veces se trabaja m\u00e1s que un asalariado para generar m\u00e1s ingresos.<br \/>\nEl discurso dice as\u00ed:<br \/>\n\u201cPresidente del Estado Plurinacional, Luis Arce.<br \/>\nPresidente del Servicio de Impuestos Nacionales, Mario Caz\u00f3n.<br \/>\nEmpresarios y Emprendedores.<br \/>\n\u00a1Muy buenos d\u00edas!<br \/>\nLa gesti\u00f3n 2021 alcanz\u00f3 a Bs. 35,901.2 millones, 9.4% m\u00e1s que la obtenida en 2020 (Fuente: Memoria Anual del SIN 2021, p\u00e1g. 22). De este monto somos miles de emprendedores con empresas unipersonales (3 de cada 4 empresas) que contribuimos a impuestos nacionales aportando al desarrollo econ\u00f3mico de Bolivia, generando miles de empleos directos e indirectos.<br \/>\nNos sentimos totalmente olvidadas, sin apoyo del gobierno, que no colabora a impulsar nuestros negocios despu\u00e9s de sobrellevar una crisis econ\u00f3mica, por efecto de la pandemia del Covid-19, con reprogramaci\u00f3n de cr\u00e9ditos en los bancos.<br \/>\nDeclar\u00e9 mi formulario de ventas de agosto sin movimiento, mis compras fueron de Bs. 3.000, mis obligaciones en mi peque\u00f1o negocio con carga social ascienden a Bs. 7.000. Para cubrir esto tuve que pedir pr\u00e9stamo a un socio. Aparte est\u00e1n los gastos mensuales familiares (pensiones de colegios, por servicios, salud, alimentaci\u00f3n y alquiler de vivienda, entre otros).<br \/>\n\u00bfAlguna vez se pusieron en los zapatos de este grupo de la poblaci\u00f3n que somos parte del motor econ\u00f3mico?<br \/>\nPor lo expuesto, en nombre de las emprendedoras de Bolivia tengo algunos comentarios y expongo muy resumidamente la siguiente propuesta para aliviar nuestras espaldas, adoloridas por la gran roca que cargamos mes a mes al tributar:<br \/>\n1. Amnist\u00eda tributaria en el primer a\u00f1o de inicio de actividades del negocio a todos los contribuyentes con capital menor o igual a 20 mil d\u00f3lares, hasta que nuestro emprendimiento adquiera un movimiento econ\u00f3mico activo, con una cartera de clientes razonable.<br \/>\n2. Declaraciones tributarias trimestrales, a partir del segundo a\u00f1o.<br \/>\n3. En el tercer a\u00f1o declaraciones juradas mensuales.<br \/>\n4. Renovaci\u00f3n de los talonarios de facturas una vez al a\u00f1o y no dos veces como ocurre ahora.<br \/>\n5. As\u00ed como cumplimos las emprendedoras mensualmente con el Estado, exigimos que las influencers tributen, porque ganan miles de d\u00f3lares por publicidad, con solo postear y etiquetar empresas en sus redes sociales.<br \/>\n6. Capacitaciones presenciales en llenado de formularios. El sistema en su portal web dice supuestamente \u201cFacilito\u201d, que de \u201cfacilito\u201d nada tiene, ya que cada que voy a las oficinas del SIN el funcionario se siente agobiado por tantas preguntas que le hago.<br \/>\n7. Difusi\u00f3n de informaci\u00f3n clara y oportuna sobre sanciones, beneficios y nuevas disposiciones.<br \/>\nEsperamos que hayan escuchado conscientemente estos reales y genuinos pedidos acerca del esfuerzo y trabajo que realizamos para contribuir con nuestros impuestos a mejorar la calidad de vida de la gente en educaci\u00f3n, salud e infraestructura del pa\u00eds en el que vivimos.<br \/>\n\u201cLos grandes logros de cualquier persona, generalmente dependen de muchas manos, corazones y mentes\u201d (W\u00e1lter Elias Disney).<br \/>\n\u00a1Muchas gracias!\u201d.<br \/>\nEso es en cuanto puedo informar, se\u00f1ores autoridades, respecto a lo que pas\u00f3 en este curso. Mis alumnas emprendedoras ahora ya saben estructurar un discurso en saludo protocolar, introducci\u00f3n, desarrollo (problem\u00e1tica y propuesta) y cierre con despedida reflexiva. Ense\u00f1ar a mujeres y hombres de mi pa\u00eds lo que he aprendido en mi profesi\u00f3n, sean funcionarios p\u00fablicos o del sector privado, me hace muy feliz porque lo hago con pasi\u00f3n y entusiasmo, como profesional y patriota que amo a esta tierra Bolivia.<\/p>\n<p>La autora es comunicadora social, emprendedora y capacitadora.<\/p>\n","protected":false},"excerpt":{"rendered":"<p>El 6 de septiembre me sent\u00ed como pez en el agua, cuando junto a mujeres emprendedoras de Cochabamba, a las que capacitaba en el taller de oratoria, organizado por el Banco Econ\u00f3mico en su programa Red Mujer en espacios gratuitos que est\u00e1n contribuyendo positivamente al crecimiento personal y profesional de miles de personas, en el [&hellip;]<\/p>\n","protected":false},"author":1,"featured_media":58528,"comment_status":"closed","ping_status":"closed","sticky":false,"template":"","format":"standard","meta":{"_acf_changed":false,"footnotes":""},"categories":[9],"tags":[],"class_list":["post-110609","post","type-post","status-publish","format-standard","has-post-thumbnail","category-opinion"],"acf":{"antetitulo":""},"yoast_head":"<!-- This site is optimized with the Yoast SEO plugin v28.3 - https:\/\/yoast.com\/product\/yoast-seo-wordpress\/ -->\n<title>Emprendedoras que contribuyen al Estado - El Diario - Bolivia<\/title>\n<meta name=\"robots\" content=\"index, follow, max-snippet:-1, max-image-preview:large, max-video-preview:-1\" \/>\n<link rel=\"canonical\" href=\"https:\/\/www.eldiario.net\/portal\/2022\/09\/14\/emprendedoras-que-contribuyen-al-estado\/\" \/>\n<meta property=\"og:locale\" content=\"es_ES\" \/>\n<meta property=\"og:type\" content=\"article\" \/>\n<meta property=\"og:title\" content=\"Emprendedoras que contribuyen al Estado - El Diario - Bolivia\" \/>\n<meta property=\"og:description\" content=\"El 6 de septiembre me sent\u00ed como pez en el agua, cuando junto a mujeres emprendedoras de Cochabamba, a las que capacitaba en el taller de oratoria, organizado por el Banco Econ\u00f3mico en su programa Red Mujer en espacios gratuitos que est\u00e1n contribuyendo positivamente al crecimiento personal y profesional de miles de personas, en el [&hellip;]\" \/>\n<meta property=\"og:url\" content=\"https:\/\/www.eldiario.net\/portal\/2022\/09\/14\/emprendedoras-que-contribuyen-al-estado\/\" \/>\n<meta property=\"og:site_name\" content=\"El Diario - Bolivia\" \/>\n<meta property=\"article:publisher\" content=\"https:\/\/www.facebook.com\/eldiario.bolivia\/\" \/>\n<meta property=\"article:published_time\" content=\"2022-09-14T10:00:28+00:00\" \/>\n<meta name=\"author\" content=\"Jeanette\" \/>\n<meta name=\"twitter:card\" content=\"summary_large_image\" \/>\n<meta name=\"twitter:creator\" content=\"@eldiario_net\" \/>\n<meta name=\"twitter:site\" content=\"@eldiario_net\" \/>\n<meta name=\"twitter:label1\" content=\"Escrito por\" \/>\n\t<meta name=\"twitter:data1\" content=\"Jeanette\" \/>\n<script type=\"application\/ld+json\" class=\"yoast-schema-graph\">{\"@context\":\"https:\\\/\\\/schema.org\",\"@graph\":[{\"@type\":\"Article\",\"@id\":\"https:\\\/\\\/www.eldiario.net\\\/portal\\\/2022\\\/09\\\/14\\\/emprendedoras-que-contribuyen-al-estado\\\/#article\",\"isPartOf\":{\"@id\":\"https:\\\/\\\/www.eldiario.net\\\/portal\\\/2022\\\/09\\\/14\\\/emprendedoras-que-contribuyen-al-estado\\\/\"},\"author\":{\"name\":\"Jeanette\",\"@id\":\"https:\\\/\\\/www.eldiario.net\\\/portal\\\/#\\\/schema\\\/person\\\/f46445640444750d7d753ccd04ae01b7\"},\"headline\":\"Emprendedoras que contribuyen al Estado\",\"datePublished\":\"2022-09-14T10:00:28+00:00\",\"mainEntityOfPage\":{\"@id\":\"https:\\\/\\\/www.eldiario.net\\\/portal\\\/2022\\\/09\\\/14\\\/emprendedoras-que-contribuyen-al-estado\\\/\"},\"wordCount\":699,\"publisher\":{\"@id\":\"https:\\\/\\\/www.eldiario.net\\\/portal\\\/#organization\"},\"image\":{\"@id\":\"https:\\\/\\\/www.eldiario.net\\\/portal\\\/2022\\\/09\\\/14\\\/emprendedoras-que-contribuyen-al-estado\\\/#primaryimage\"},\"thumbnailUrl\":\"\",\"articleSection\":[\"Opini\u00f3n\"],\"inLanguage\":\"es\"},{\"@type\":\"WebPage\",\"@id\":\"https:\\\/\\\/www.eldiario.net\\\/portal\\\/2022\\\/09\\\/14\\\/emprendedoras-que-contribuyen-al-estado\\\/\",\"url\":\"https:\\\/\\\/www.eldiario.net\\\/portal\\\/2022\\\/09\\\/14\\\/emprendedoras-que-contribuyen-al-estado\\\/\",\"name\":\"Emprendedoras que contribuyen al Estado - El Diario - Bolivia\",\"isPartOf\":{\"@id\":\"https:\\\/\\\/www.eldiario.net\\\/portal\\\/#website\"},\"primaryImageOfPage\":{\"@id\":\"https:\\\/\\\/www.eldiario.net\\\/portal\\\/2022\\\/09\\\/14\\\/emprendedoras-que-contribuyen-al-estado\\\/#primaryimage\"},\"image\":{\"@id\":\"https:\\\/\\\/www.eldiario.net\\\/portal\\\/2022\\\/09\\\/14\\\/emprendedoras-que-contribuyen-al-estado\\\/#primaryimage\"},\"thumbnailUrl\":\"\",\"datePublished\":\"2022-09-14T10:00:28+00:00\",\"breadcrumb\":{\"@id\":\"https:\\\/\\\/www.eldiario.net\\\/portal\\\/2022\\\/09\\\/14\\\/emprendedoras-que-contribuyen-al-estado\\\/#breadcrumb\"},\"inLanguage\":\"es\",\"potentialAction\":[{\"@type\":\"ReadAction\",\"target\":[\"https:\\\/\\\/www.eldiario.net\\\/portal\\\/2022\\\/09\\\/14\\\/emprendedoras-que-contribuyen-al-estado\\\/\"]}]},{\"@type\":\"ImageObject\",\"inLanguage\":\"es\",\"@id\":\"https:\\\/\\\/www.eldiario.net\\\/portal\\\/2022\\\/09\\\/14\\\/emprendedoras-que-contribuyen-al-estado\\\/#primaryimage\",\"url\":\"\",\"contentUrl\":\"\"},{\"@type\":\"BreadcrumbList\",\"@id\":\"https:\\\/\\\/www.eldiario.net\\\/portal\\\/2022\\\/09\\\/14\\\/emprendedoras-que-contribuyen-al-estado\\\/#breadcrumb\",\"itemListElement\":[{\"@type\":\"ListItem\",\"position\":1,\"name\":\"Portada\",\"item\":\"https:\\\/\\\/www.eldiario.net\\\/portal\\\/\"},{\"@type\":\"ListItem\",\"position\":2,\"name\":\"Emprendedoras que contribuyen al Estado\"}]},{\"@type\":\"WebSite\",\"@id\":\"https:\\\/\\\/www.eldiario.net\\\/portal\\\/#website\",\"url\":\"https:\\\/\\\/www.eldiario.net\\\/portal\\\/\",\"name\":\"El Diario - Decano de la prensa nacional\",\"description\":\"El Diario - Decano de la prensa nacional\",\"publisher\":{\"@id\":\"https:\\\/\\\/www.eldiario.net\\\/portal\\\/#organization\"},\"potentialAction\":[{\"@type\":\"SearchAction\",\"target\":{\"@type\":\"EntryPoint\",\"urlTemplate\":\"https:\\\/\\\/www.eldiario.net\\\/portal\\\/?s={search_term_string}\"},\"query-input\":{\"@type\":\"PropertyValueSpecification\",\"valueRequired\":true,\"valueName\":\"search_term_string\"}}],\"inLanguage\":\"es\"},{\"@type\":\"Organization\",\"@id\":\"https:\\\/\\\/www.eldiario.net\\\/portal\\\/#organization\",\"name\":\"El Diario - Decano de la prensa nacional\",\"url\":\"https:\\\/\\\/www.eldiario.net\\\/portal\\\/\",\"logo\":{\"@type\":\"ImageObject\",\"inLanguage\":\"es\",\"@id\":\"https:\\\/\\\/www.eldiario.net\\\/portal\\\/#\\\/schema\\\/logo\\\/image\\\/\",\"url\":\"https:\\\/\\\/www.eldiario.net\\\/portal\\\/wp-content\\\/uploads\\\/2023\\\/07\\\/logo_ED.jpg\",\"contentUrl\":\"https:\\\/\\\/www.eldiario.net\\\/portal\\\/wp-content\\\/uploads\\\/2023\\\/07\\\/logo_ED.jpg\",\"width\":272,\"height\":52,\"caption\":\"El Diario - Decano de la prensa nacional\"},\"image\":{\"@id\":\"https:\\\/\\\/www.eldiario.net\\\/portal\\\/#\\\/schema\\\/logo\\\/image\\\/\"},\"sameAs\":[\"https:\\\/\\\/www.facebook.com\\\/eldiario.bolivia\\\/\",\"https:\\\/\\\/x.com\\\/eldiario_net\"]},{\"@type\":\"Person\",\"@id\":\"https:\\\/\\\/www.eldiario.net\\\/portal\\\/#\\\/schema\\\/person\\\/f46445640444750d7d753ccd04ae01b7\",\"name\":\"Jeanette\",\"image\":{\"@type\":\"ImageObject\",\"inLanguage\":\"es\",\"@id\":\"https:\\\/\\\/secure.gravatar.com\\\/avatar\\\/3ea2118a5f7dad2b7138b1187a6b7ee55f160b9968b66013c3a3ef39dd7e5798?s=96&d=mm&r=g\",\"url\":\"https:\\\/\\\/secure.gravatar.com\\\/avatar\\\/3ea2118a5f7dad2b7138b1187a6b7ee55f160b9968b66013c3a3ef39dd7e5798?s=96&d=mm&r=g\",\"contentUrl\":\"https:\\\/\\\/secure.gravatar.com\\\/avatar\\\/3ea2118a5f7dad2b7138b1187a6b7ee55f160b9968b66013c3a3ef39dd7e5798?s=96&d=mm&r=g\",\"caption\":\"Jeanette\"},\"sameAs\":[\"https:\\\/\\\/www.eldiario.net\\\/portal\"],\"url\":\"https:\\\/\\\/www.eldiario.net\\\/portal\\\/author\\\/jeanette\\\/\"}]}<\/script>\n<!-- \/ Yoast SEO plugin. -->","yoast_head_json":{"title":"Emprendedoras que contribuyen al Estado - El Diario - Bolivia","robots":{"index":"index","follow":"follow","max-snippet":"max-snippet:-1","max-image-preview":"max-image-preview:large","max-video-preview":"max-video-preview:-1"},"canonical":"https:\/\/www.eldiario.net\/portal\/2022\/09\/14\/emprendedoras-que-contribuyen-al-estado\/","og_locale":"es_ES","og_type":"article","og_title":"Emprendedoras que contribuyen al Estado - El Diario - Bolivia","og_description":"El 6 de septiembre me sent\u00ed como pez en el agua, cuando junto a mujeres emprendedoras de Cochabamba, a las que capacitaba en el taller de oratoria, organizado por el Banco Econ\u00f3mico en su programa Red Mujer en espacios gratuitos que est\u00e1n contribuyendo positivamente al crecimiento personal y profesional de miles de personas, en el [&hellip;]","og_url":"https:\/\/www.eldiario.net\/portal\/2022\/09\/14\/emprendedoras-que-contribuyen-al-estado\/","og_site_name":"El Diario - Bolivia","article_publisher":"https:\/\/www.facebook.com\/eldiario.bolivia\/","article_published_time":"2022-09-14T10:00:28+00:00","author":"Jeanette","twitter_card":"summary_large_image","twitter_creator":"@eldiario_net","twitter_site":"@eldiario_net","twitter_misc":{"Escrito por":"Jeanette"},"schema":{"@context":"https:\/\/schema.org","@graph":[{"@type":"Article","@id":"https:\/\/www.eldiario.net\/portal\/2022\/09\/14\/emprendedoras-que-contribuyen-al-estado\/#article","isPartOf":{"@id":"https:\/\/www.eldiario.net\/portal\/2022\/09\/14\/emprendedoras-que-contribuyen-al-estado\/"},"author":{"name":"Jeanette","@id":"https:\/\/www.eldiario.net\/portal\/#\/schema\/person\/f46445640444750d7d753ccd04ae01b7"},"headline":"Emprendedoras que contribuyen al Estado","datePublished":"2022-09-14T10:00:28+00:00","mainEntityOfPage":{"@id":"https:\/\/www.eldiario.net\/portal\/2022\/09\/14\/emprendedoras-que-contribuyen-al-estado\/"},"wordCount":699,"publisher":{"@id":"https:\/\/www.eldiario.net\/portal\/#organization"},"image":{"@id":"https:\/\/www.eldiario.net\/portal\/2022\/09\/14\/emprendedoras-que-contribuyen-al-estado\/#primaryimage"},"thumbnailUrl":"","articleSection":["Opini\u00f3n"],"inLanguage":"es"},{"@type":"WebPage","@id":"https:\/\/www.eldiario.net\/portal\/2022\/09\/14\/emprendedoras-que-contribuyen-al-estado\/","url":"https:\/\/www.eldiario.net\/portal\/2022\/09\/14\/emprendedoras-que-contribuyen-al-estado\/","name":"Emprendedoras que contribuyen al Estado - El Diario - Bolivia","isPartOf":{"@id":"https:\/\/www.eldiario.net\/portal\/#website"},"primaryImageOfPage":{"@id":"https:\/\/www.eldiario.net\/portal\/2022\/09\/14\/emprendedoras-que-contribuyen-al-estado\/#primaryimage"},"image":{"@id":"https:\/\/www.eldiario.net\/portal\/2022\/09\/14\/emprendedoras-que-contribuyen-al-estado\/#primaryimage"},"thumbnailUrl":"","datePublished":"2022-09-14T10:00:28+00:00","breadcrumb":{"@id":"https:\/\/www.eldiario.net\/portal\/2022\/09\/14\/emprendedoras-que-contribuyen-al-estado\/#breadcrumb"},"inLanguage":"es","potentialAction":[{"@type":"ReadAction","target":["https:\/\/www.eldiario.net\/portal\/2022\/09\/14\/emprendedoras-que-contribuyen-al-estado\/"]}]},{"@type":"ImageObject","inLanguage":"es","@id":"https:\/\/www.eldiario.net\/portal\/2022\/09\/14\/emprendedoras-que-contribuyen-al-estado\/#primaryimage","url":"","contentUrl":""},{"@type":"BreadcrumbList","@id":"https:\/\/www.eldiario.net\/portal\/2022\/09\/14\/emprendedoras-que-contribuyen-al-estado\/#breadcrumb","itemListElement":[{"@type":"ListItem","position":1,"name":"Portada","item":"https:\/\/www.eldiario.net\/portal\/"},{"@type":"ListItem","position":2,"name":"Emprendedoras que contribuyen al Estado"}]},{"@type":"WebSite","@id":"https:\/\/www.eldiario.net\/portal\/#website","url":"https:\/\/www.eldiario.net\/portal\/","name":"El Diario - Decano de la prensa nacional","description":"El Diario - Decano de la prensa nacional","publisher":{"@id":"https:\/\/www.eldiario.net\/portal\/#organization"},"potentialAction":[{"@type":"SearchAction","target":{"@type":"EntryPoint","urlTemplate":"https:\/\/www.eldiario.net\/portal\/?s={search_term_string}"},"query-input":{"@type":"PropertyValueSpecification","valueRequired":true,"valueName":"search_term_string"}}],"inLanguage":"es"},{"@type":"Organization","@id":"https:\/\/www.eldiario.net\/portal\/#organization","name":"El Diario - Decano de la prensa nacional","url":"https:\/\/www.eldiario.net\/portal\/","logo":{"@type":"ImageObject","inLanguage":"es","@id":"https:\/\/www.eldiario.net\/portal\/#\/schema\/logo\/image\/","url":"https:\/\/www.eldiario.net\/portal\/wp-content\/uploads\/2023\/07\/logo_ED.jpg","contentUrl":"https:\/\/www.eldiario.net\/portal\/wp-content\/uploads\/2023\/07\/logo_ED.jpg","width":272,"height":52,"caption":"El Diario - Decano de la prensa nacional"},"image":{"@id":"https:\/\/www.eldiario.net\/portal\/#\/schema\/logo\/image\/"},"sameAs":["https:\/\/www.facebook.com\/eldiario.bolivia\/","https:\/\/x.com\/eldiario_net"]},{"@type":"Person","@id":"https:\/\/www.eldiario.net\/portal\/#\/schema\/person\/f46445640444750d7d753ccd04ae01b7","name":"Jeanette","image":{"@type":"ImageObject","inLanguage":"es","@id":"https:\/\/secure.gravatar.com\/avatar\/3ea2118a5f7dad2b7138b1187a6b7ee55f160b9968b66013c3a3ef39dd7e5798?s=96&d=mm&r=g","url":"https:\/\/secure.gravatar.com\/avatar\/3ea2118a5f7dad2b7138b1187a6b7ee55f160b9968b66013c3a3ef39dd7e5798?s=96&d=mm&r=g","contentUrl":"https:\/\/secure.gravatar.com\/avatar\/3ea2118a5f7dad2b7138b1187a6b7ee55f160b9968b66013c3a3ef39dd7e5798?s=96&d=mm&r=g","caption":"Jeanette"},"sameAs":["https:\/\/www.eldiario.net\/portal"],"url":"https:\/\/www.eldiario.net\/portal\/author\/jeanette\/"}]}},"_links":{"self":[{"href":"https:\/\/www.eldiario.net\/portal\/wp-json\/wp\/v2\/posts\/110609","targetHints":{"allow":["GET"]}}],"collection":[{"href":"https:\/\/www.eldiario.net\/portal\/wp-json\/wp\/v2\/posts"}],"about":[{"href":"https:\/\/www.eldiario.net\/portal\/wp-json\/wp\/v2\/types\/post"}],"author":[{"embeddable":true,"href":"https:\/\/www.eldiario.net\/portal\/wp-json\/wp\/v2\/users\/1"}],"replies":[{"embeddable":true,"href":"https:\/\/www.eldiario.net\/portal\/wp-json\/wp\/v2\/comments?post=110609"}],"version-history":[{"count":0,"href":"https:\/\/www.eldiario.net\/portal\/wp-json\/wp\/v2\/posts\/110609\/revisions"}],"wp:attachment":[{"href":"https:\/\/www.eldiario.net\/portal\/wp-json\/wp\/v2\/media?parent=110609"}],"wp:term":[{"taxonomy":"category","embeddable":true,"href":"https:\/\/www.eldiario.net\/portal\/wp-json\/wp\/v2\/categories?post=110609"},{"taxonomy":"post_tag","embeddable":true,"href":"https:\/\/www.eldiario.net\/portal\/wp-json\/wp\/v2\/tags?post=110609"}],"curies":[{"name":"wp","href":"https:\/\/api.w.org\/{rel}","templated":true}]}}