{"id":110605,"date":"2022-09-14T05:59:28","date_gmt":"2022-09-14T09:59:28","guid":{"rendered":"https:\/\/www.eldiario.net\/portal\/?p=110605"},"modified":"2022-09-14T05:59:28","modified_gmt":"2022-09-14T09:59:28","slug":"cochabamba-esperanzada-con-recuperar-nivel-de-exportacion","status":"publish","type":"post","link":"https:\/\/www.eldiario.net\/portal\/2022\/09\/14\/cochabamba-esperanzada-con-recuperar-nivel-de-exportacion\/","title":{"rendered":"Cochabamba esperanzada con recuperar nivel de exportaci\u00f3n"},"content":{"rendered":"<p>Cochabamba llega a su 212 aniversario con la esperanza de recuperar su nivel de exportaci\u00f3n como productor a mercados internacionales y generar recursos para la regi\u00f3n, ya que en los \u00faltimos dos a\u00f1os fueron rezagadas por efectos negativos de la pandemia de coronavirus. Seg\u00fan estad\u00edsticas, se avizora nuevos r\u00e9cords de exportaci\u00f3n para la gesti\u00f3n 2022.<br \/>\nEl Instituto Boliviano de Comercio Exterior (IBCE) sostiene que las exportaciones de Cochabamba, desde el a\u00f1o 2006 hasta julio del 2022, suman 6.007 millones de d\u00f3lares con un promedio exportado por a\u00f1o de 354 millones de d\u00f3lares americanos.<br \/>\nRefiere, asimismo que, de 281 productos exportados por el departamento en el 2021, destacaron el gas natural, bananas frescas y urea. Los principales mercados para los productos cochabambinos fueron Argentina, Brasil y Per\u00fa.<\/p>\n<p>INDUSTRIA DE<br \/>\nMANUFACTURAS<br \/>\nUn informe de Eco Bolivia, del Ministerio de Econom\u00eda y Finanza P\u00fablicas, da cuenta que a julio de 2022 las exportaciones de Cochabamba llegaron a $us 341 millones y, en comparaci\u00f3n con el mismo per\u00edodo de 2021, representa un aumento del 97%, cuando se registraron ventas por $us 173 millones.<br \/>\nPor productos, se destaca las exportaciones de Urea de la planta de Amoniaco y Urea de Yacimientos Petrol\u00edferos Fiscales Bolivianos (YPFB) con $us 143 millones, gas natural con $us 56 millones, bananas con $us 29 millones, entre los m\u00e1s representativos.<\/p>\n<p>INDICADORES MACROECON\u00d3MICOS<br \/>\nPor el mes aniversario de Cochabamba, el Ministerio de Econom\u00eda y Finanzas P\u00fablicas (MEFP) presenta los principales indicadores econ\u00f3micos del departamento, en los cuales se refleja una recuperaci\u00f3n de las actividades productivas. El Producto Interno Bruto (PIB) del departamento creci\u00f3 en 4,3% en 2021.<br \/>\nLas ventas facturadas de los restaurantes llegaron a Bs 337 millones a junio de 2022 y se incrementaron en 32%, respecto al mismo per\u00edodo de 2021, en tanto que las ventas de supermercados llegaron a Bs75 millones con un aumento del 30% comparado con 2021.<br \/>\nEl sistema financiero tambi\u00e9n contribuye al desarrollo econ\u00f3mico del departamento. Los cr\u00e9ditos del Banco de Desarrollo Productivo (BDP) llegaron a $us111,9 millones a junio de 2022, de los cuales el 84% se destin\u00f3 al rubro de alimentos.<br \/>\nLos cr\u00e9ditos bajo la modalidad del SIBOLIVIA que tiene el objetivo de fomentar la sustituci\u00f3n de importaciones llegaron a Bs242,4 millones con una tasa de 0,5%.<br \/>\nLos cr\u00e9ditos de Vivienda de Inter\u00e9s Social (VIS) a julio de 2022 superaron los $us750 millones y hasta esa fecha se logr\u00f3 beneficiar a 15.572 familias cochabambinas con un techo propio.<br \/>\nEn 2021 la inversi\u00f3n p\u00fablica en el departamento lleg\u00f3 a $us543 millones con un aumento del 76% en comparaci\u00f3n con 2020.<br \/>\nEntre los principales proyectos que actualmente se encuentran en ejecuci\u00f3n destacan: la construcci\u00f3n del Tren Metropolitano de Cochabamba, la V\u00eda f\u00e9rrea Montero-Bulo Bulo, la construcci\u00f3n de doble v\u00eda Central El Sillar, Villa Tunari-Puente Chimor\u00e9 y Confital Bombeo, la planta hidroel\u00e9ctrica Ivirizu, la construcci\u00f3n del tramo 2 de aducci\u00f3n entre la planta de tratamiento de agua del Complejo M\u00faltiple Misicuni y la zona sur de la ciudad Cochabamba, la construcci\u00f3n de un Sistema de Agua Potable en Sacaba, entre otros proyectos.<\/p>\n<p>INDICADORES SOCIALES<br \/>\nEn 2021, m\u00e1s de 423 mil ni\u00f1as, ni\u00f1os y adolescentes mantuvieron sus estudios y cobraron el Bono Juancito Pinto. Con la entrega de este bono se busca reducir la deserci\u00f3n escolar de los estudiantes.<br \/>\nA julio de 2022, m\u00e1s de 22 mil madres gestantes y ni\u00f1os cochabambinos recibieron el Bono Juana Azurduy, con la aplicaci\u00f3n de esta medida social se pretende reducir la mortalidad materna infantil y la desnutrici\u00f3n de los ni\u00f1os y ni\u00f1as menores a dos a\u00f1os.<br \/>\nEn cuanto a la Renta Dignidad, a julio de 2022, m\u00e1s de 203 mil adultos mayores cochabambinos cobraron \u00e9ste beneficio, con esta medida se mejora las condiciones de vida de esta poblaci\u00f3n para que puedan tener una vejez digna.<\/p>\n<p>EXPORTACIONES<br \/>\nBOLIVIANAS<br \/>\nPor otro lado, Gary Rodr\u00edguez, Gerente General en Instituto Boliviano de Comercio Exterior (IBCE), en su primer n\u00famero de \u201cInforme Especial\u201d, sostiene que las exportaciones bolivianas, descontando las reexportaciones, bordearon los 7.000 millones de d\u00f3lares al primer semestre del 2022, superando los casi 5.800 millones de d\u00f3lares, por importaci\u00f3n.<br \/>\n\u201cEs una muy buena noticia para el pa\u00eds, sin duda, en momentos en que el planeta atraviesa por una complicad\u00edsima situaci\u00f3n econ\u00f3mica, el hecho que Bolivia experimente un super\u00e1vit comercial de portento, superando los 1.200 millones de d\u00f3lares, resulta muy importante, especialmente, en el inter\u00e9s de mantener la estabilidad econ\u00f3mica y el tipo de cambio fijo, frente a los desaf\u00edos que vienen de aqu\u00ed en adelante\u201d, manifiesta.<br \/>\nLa soya y derivados, creci\u00f3 341 millones de d\u00f3lares; la casta\u00f1a, 29 millones; girasol y derivados, 25 millones; madera y manufacturas, 15 millones; alcohol et\u00edlico, 12 millones; leche, 8 millones; bananas, 6 millones; frijol, 4 millones; confecciones textiles, casi 4 millones; cueros 2,5 millones; az\u00facar, 2 millones; caf\u00e9, casi 2 millones; palmito 1 mill\u00f3n. Los productos que cayeron en sus valores a mayo, fueron: joyer\u00eda, carne bovina y quinua.<br \/>\nIndia y Brasil siguen siendo los principales mercados de exportaci\u00f3n, con 864 millones y 836 millones, principalmente por la venta de oro y gas, respectivamente; seguidamente, est\u00e1n, en millones de d\u00f3lares: Argentina (643), Colombia (470) y Jap\u00f3n (400).<\/p>\n<p><a href=\"https:\/\/www.eldiario.net\/portal\/wp-content\/uploads\/2022\/09\/Eco-131-15cm-x-13cm-ByN.jpg\"><img loading=\"lazy\" decoding=\"async\" class=\"aligncenter wp-image-110606 size-full\" src=\"https:\/\/www.eldiario.net\/portal\/wp-content\/uploads\/2022\/09\/Eco-131-15cm-x-13cm-ByN.jpg\" alt=\"\" width=\"1000\" height=\"875\" srcset=\"https:\/\/www.eldiario.net\/portal\/wp-content\/uploads\/2022\/09\/Eco-131-15cm-x-13cm-ByN.jpg 1000w, https:\/\/www.eldiario.net\/portal\/wp-content\/uploads\/2022\/09\/Eco-131-15cm-x-13cm-ByN-300x263.jpg 300w, https:\/\/www.eldiario.net\/portal\/wp-content\/uploads\/2022\/09\/Eco-131-15cm-x-13cm-ByN-768x672.jpg 768w, https:\/\/www.eldiario.net\/portal\/wp-content\/uploads\/2022\/09\/Eco-131-15cm-x-13cm-ByN-696x609.jpg 696w\" sizes=\"auto, (max-width: 1000px) 100vw, 1000px\" \/><\/a><\/p>\n","protected":false},"excerpt":{"rendered":"<p>Cochabamba llega a su 212 aniversario con la esperanza de recuperar su nivel de exportaci\u00f3n como productor a mercados internacionales y generar recursos para la regi\u00f3n, ya que en los \u00faltimos dos a\u00f1os fueron rezagadas por efectos negativos de la pandemia de coronavirus. Seg\u00fan estad\u00edsticas, se avizora nuevos r\u00e9cords de exportaci\u00f3n para la gesti\u00f3n 2022. [&hellip;]<\/p>\n","protected":false},"author":1,"featured_media":110607,"comment_status":"closed","ping_status":"closed","sticky":false,"template":"","format":"standard","meta":{"_acf_changed":false,"footnotes":""},"categories":[7],"tags":[],"class_list":["post-110605","post","type-post","status-publish","format-standard","has-post-thumbnail","category-economia"],"acf":{"antetitulo":""},"yoast_head":"<!-- This site is optimized with the Yoast SEO plugin v28.3 - https:\/\/yoast.com\/product\/yoast-seo-wordpress\/ -->\n<title>Cochabamba esperanzada con recuperar nivel de exportaci\u00f3n - El Diario - Bolivia<\/title>\n<meta name=\"robots\" content=\"index, follow, max-snippet:-1, max-image-preview:large, max-video-preview:-1\" \/>\n<link rel=\"canonical\" href=\"https:\/\/www.eldiario.net\/portal\/2022\/09\/14\/cochabamba-esperanzada-con-recuperar-nivel-de-exportacion\/\" \/>\n<meta property=\"og:locale\" content=\"es_ES\" \/>\n<meta property=\"og:type\" content=\"article\" \/>\n<meta property=\"og:title\" content=\"Cochabamba esperanzada con recuperar nivel de exportaci\u00f3n - El Diario - Bolivia\" \/>\n<meta property=\"og:description\" content=\"Cochabamba llega a su 212 aniversario con la esperanza de recuperar su nivel de exportaci\u00f3n como productor a mercados internacionales y generar recursos para la regi\u00f3n, ya que en los \u00faltimos dos a\u00f1os fueron rezagadas por efectos negativos de la pandemia de coronavirus. Seg\u00fan estad\u00edsticas, se avizora nuevos r\u00e9cords de exportaci\u00f3n para la gesti\u00f3n 2022. [&hellip;]\" \/>\n<meta property=\"og:url\" content=\"https:\/\/www.eldiario.net\/portal\/2022\/09\/14\/cochabamba-esperanzada-con-recuperar-nivel-de-exportacion\/\" \/>\n<meta property=\"og:site_name\" content=\"El Diario - Bolivia\" \/>\n<meta property=\"article:publisher\" content=\"https:\/\/www.facebook.com\/eldiario.bolivia\/\" \/>\n<meta property=\"article:published_time\" content=\"2022-09-14T09:59:28+00:00\" \/>\n<meta name=\"author\" content=\"Jeanette\" \/>\n<meta name=\"twitter:card\" content=\"summary_large_image\" \/>\n<meta name=\"twitter:creator\" content=\"@eldiario_net\" \/>\n<meta name=\"twitter:site\" content=\"@eldiario_net\" \/>\n<meta name=\"twitter:label1\" content=\"Escrito por\" \/>\n\t<meta name=\"twitter:data1\" content=\"Jeanette\" \/>\n\t<meta name=\"twitter:label2\" content=\"Tiempo de lectura\" \/>\n\t<meta name=\"twitter:data2\" content=\"5 minutos\" \/>\n<script type=\"application\/ld+json\" class=\"yoast-schema-graph\">{\"@context\":\"https:\\\/\\\/schema.org\",\"@graph\":[{\"@type\":\"Article\",\"@id\":\"https:\\\/\\\/www.eldiario.net\\\/portal\\\/2022\\\/09\\\/14\\\/cochabamba-esperanzada-con-recuperar-nivel-de-exportacion\\\/#article\",\"isPartOf\":{\"@id\":\"https:\\\/\\\/www.eldiario.net\\\/portal\\\/2022\\\/09\\\/14\\\/cochabamba-esperanzada-con-recuperar-nivel-de-exportacion\\\/\"},\"author\":{\"name\":\"Jeanette\",\"@id\":\"https:\\\/\\\/www.eldiario.net\\\/portal\\\/#\\\/schema\\\/person\\\/f46445640444750d7d753ccd04ae01b7\"},\"headline\":\"Cochabamba esperanzada con recuperar nivel de exportaci\u00f3n\",\"datePublished\":\"2022-09-14T09:59:28+00:00\",\"mainEntityOfPage\":{\"@id\":\"https:\\\/\\\/www.eldiario.net\\\/portal\\\/2022\\\/09\\\/14\\\/cochabamba-esperanzada-con-recuperar-nivel-de-exportacion\\\/\"},\"wordCount\":878,\"publisher\":{\"@id\":\"https:\\\/\\\/www.eldiario.net\\\/portal\\\/#organization\"},\"image\":{\"@id\":\"https:\\\/\\\/www.eldiario.net\\\/portal\\\/2022\\\/09\\\/14\\\/cochabamba-esperanzada-con-recuperar-nivel-de-exportacion\\\/#primaryimage\"},\"thumbnailUrl\":\"\",\"articleSection\":[\"Econom\u00eda\"],\"inLanguage\":\"es\"},{\"@type\":\"WebPage\",\"@id\":\"https:\\\/\\\/www.eldiario.net\\\/portal\\\/2022\\\/09\\\/14\\\/cochabamba-esperanzada-con-recuperar-nivel-de-exportacion\\\/\",\"url\":\"https:\\\/\\\/www.eldiario.net\\\/portal\\\/2022\\\/09\\\/14\\\/cochabamba-esperanzada-con-recuperar-nivel-de-exportacion\\\/\",\"name\":\"Cochabamba esperanzada con recuperar nivel de exportaci\u00f3n - El Diario - Bolivia\",\"isPartOf\":{\"@id\":\"https:\\\/\\\/www.eldiario.net\\\/portal\\\/#website\"},\"primaryImageOfPage\":{\"@id\":\"https:\\\/\\\/www.eldiario.net\\\/portal\\\/2022\\\/09\\\/14\\\/cochabamba-esperanzada-con-recuperar-nivel-de-exportacion\\\/#primaryimage\"},\"image\":{\"@id\":\"https:\\\/\\\/www.eldiario.net\\\/portal\\\/2022\\\/09\\\/14\\\/cochabamba-esperanzada-con-recuperar-nivel-de-exportacion\\\/#primaryimage\"},\"thumbnailUrl\":\"\",\"datePublished\":\"2022-09-14T09:59:28+00:00\",\"breadcrumb\":{\"@id\":\"https:\\\/\\\/www.eldiario.net\\\/portal\\\/2022\\\/09\\\/14\\\/cochabamba-esperanzada-con-recuperar-nivel-de-exportacion\\\/#breadcrumb\"},\"inLanguage\":\"es\",\"potentialAction\":[{\"@type\":\"ReadAction\",\"target\":[\"https:\\\/\\\/www.eldiario.net\\\/portal\\\/2022\\\/09\\\/14\\\/cochabamba-esperanzada-con-recuperar-nivel-de-exportacion\\\/\"]}]},{\"@type\":\"ImageObject\",\"inLanguage\":\"es\",\"@id\":\"https:\\\/\\\/www.eldiario.net\\\/portal\\\/2022\\\/09\\\/14\\\/cochabamba-esperanzada-con-recuperar-nivel-de-exportacion\\\/#primaryimage\",\"url\":\"\",\"contentUrl\":\"\"},{\"@type\":\"BreadcrumbList\",\"@id\":\"https:\\\/\\\/www.eldiario.net\\\/portal\\\/2022\\\/09\\\/14\\\/cochabamba-esperanzada-con-recuperar-nivel-de-exportacion\\\/#breadcrumb\",\"itemListElement\":[{\"@type\":\"ListItem\",\"position\":1,\"name\":\"Portada\",\"item\":\"https:\\\/\\\/www.eldiario.net\\\/portal\\\/\"},{\"@type\":\"ListItem\",\"position\":2,\"name\":\"Cochabamba esperanzada con recuperar nivel de exportaci\u00f3n\"}]},{\"@type\":\"WebSite\",\"@id\":\"https:\\\/\\\/www.eldiario.net\\\/portal\\\/#website\",\"url\":\"https:\\\/\\\/www.eldiario.net\\\/portal\\\/\",\"name\":\"El Diario - Decano de la prensa nacional\",\"description\":\"El Diario - Decano de la prensa nacional\",\"publisher\":{\"@id\":\"https:\\\/\\\/www.eldiario.net\\\/portal\\\/#organization\"},\"potentialAction\":[{\"@type\":\"SearchAction\",\"target\":{\"@type\":\"EntryPoint\",\"urlTemplate\":\"https:\\\/\\\/www.eldiario.net\\\/portal\\\/?s={search_term_string}\"},\"query-input\":{\"@type\":\"PropertyValueSpecification\",\"valueRequired\":true,\"valueName\":\"search_term_string\"}}],\"inLanguage\":\"es\"},{\"@type\":\"Organization\",\"@id\":\"https:\\\/\\\/www.eldiario.net\\\/portal\\\/#organization\",\"name\":\"El Diario - Decano de la prensa nacional\",\"url\":\"https:\\\/\\\/www.eldiario.net\\\/portal\\\/\",\"logo\":{\"@type\":\"ImageObject\",\"inLanguage\":\"es\",\"@id\":\"https:\\\/\\\/www.eldiario.net\\\/portal\\\/#\\\/schema\\\/logo\\\/image\\\/\",\"url\":\"https:\\\/\\\/www.eldiario.net\\\/portal\\\/wp-content\\\/uploads\\\/2023\\\/07\\\/logo_ED.jpg\",\"contentUrl\":\"https:\\\/\\\/www.eldiario.net\\\/portal\\\/wp-content\\\/uploads\\\/2023\\\/07\\\/logo_ED.jpg\",\"width\":272,\"height\":52,\"caption\":\"El Diario - Decano de la prensa nacional\"},\"image\":{\"@id\":\"https:\\\/\\\/www.eldiario.net\\\/portal\\\/#\\\/schema\\\/logo\\\/image\\\/\"},\"sameAs\":[\"https:\\\/\\\/www.facebook.com\\\/eldiario.bolivia\\\/\",\"https:\\\/\\\/x.com\\\/eldiario_net\"]},{\"@type\":\"Person\",\"@id\":\"https:\\\/\\\/www.eldiario.net\\\/portal\\\/#\\\/schema\\\/person\\\/f46445640444750d7d753ccd04ae01b7\",\"name\":\"Jeanette\",\"image\":{\"@type\":\"ImageObject\",\"inLanguage\":\"es\",\"@id\":\"https:\\\/\\\/secure.gravatar.com\\\/avatar\\\/3ea2118a5f7dad2b7138b1187a6b7ee55f160b9968b66013c3a3ef39dd7e5798?s=96&d=mm&r=g\",\"url\":\"https:\\\/\\\/secure.gravatar.com\\\/avatar\\\/3ea2118a5f7dad2b7138b1187a6b7ee55f160b9968b66013c3a3ef39dd7e5798?s=96&d=mm&r=g\",\"contentUrl\":\"https:\\\/\\\/secure.gravatar.com\\\/avatar\\\/3ea2118a5f7dad2b7138b1187a6b7ee55f160b9968b66013c3a3ef39dd7e5798?s=96&d=mm&r=g\",\"caption\":\"Jeanette\"},\"sameAs\":[\"https:\\\/\\\/www.eldiario.net\\\/portal\"],\"url\":\"https:\\\/\\\/www.eldiario.net\\\/portal\\\/author\\\/jeanette\\\/\"}]}<\/script>\n<!-- \/ Yoast SEO plugin. -->","yoast_head_json":{"title":"Cochabamba esperanzada con recuperar nivel de exportaci\u00f3n - El Diario - Bolivia","robots":{"index":"index","follow":"follow","max-snippet":"max-snippet:-1","max-image-preview":"max-image-preview:large","max-video-preview":"max-video-preview:-1"},"canonical":"https:\/\/www.eldiario.net\/portal\/2022\/09\/14\/cochabamba-esperanzada-con-recuperar-nivel-de-exportacion\/","og_locale":"es_ES","og_type":"article","og_title":"Cochabamba esperanzada con recuperar nivel de exportaci\u00f3n - El Diario - Bolivia","og_description":"Cochabamba llega a su 212 aniversario con la esperanza de recuperar su nivel de exportaci\u00f3n como productor a mercados internacionales y generar recursos para la regi\u00f3n, ya que en los \u00faltimos dos a\u00f1os fueron rezagadas por efectos negativos de la pandemia de coronavirus. Seg\u00fan estad\u00edsticas, se avizora nuevos r\u00e9cords de exportaci\u00f3n para la gesti\u00f3n 2022. [&hellip;]","og_url":"https:\/\/www.eldiario.net\/portal\/2022\/09\/14\/cochabamba-esperanzada-con-recuperar-nivel-de-exportacion\/","og_site_name":"El Diario - Bolivia","article_publisher":"https:\/\/www.facebook.com\/eldiario.bolivia\/","article_published_time":"2022-09-14T09:59:28+00:00","author":"Jeanette","twitter_card":"summary_large_image","twitter_creator":"@eldiario_net","twitter_site":"@eldiario_net","twitter_misc":{"Escrito por":"Jeanette","Tiempo de lectura":"5 minutos"},"schema":{"@context":"https:\/\/schema.org","@graph":[{"@type":"Article","@id":"https:\/\/www.eldiario.net\/portal\/2022\/09\/14\/cochabamba-esperanzada-con-recuperar-nivel-de-exportacion\/#article","isPartOf":{"@id":"https:\/\/www.eldiario.net\/portal\/2022\/09\/14\/cochabamba-esperanzada-con-recuperar-nivel-de-exportacion\/"},"author":{"name":"Jeanette","@id":"https:\/\/www.eldiario.net\/portal\/#\/schema\/person\/f46445640444750d7d753ccd04ae01b7"},"headline":"Cochabamba esperanzada con recuperar nivel de exportaci\u00f3n","datePublished":"2022-09-14T09:59:28+00:00","mainEntityOfPage":{"@id":"https:\/\/www.eldiario.net\/portal\/2022\/09\/14\/cochabamba-esperanzada-con-recuperar-nivel-de-exportacion\/"},"wordCount":878,"publisher":{"@id":"https:\/\/www.eldiario.net\/portal\/#organization"},"image":{"@id":"https:\/\/www.eldiario.net\/portal\/2022\/09\/14\/cochabamba-esperanzada-con-recuperar-nivel-de-exportacion\/#primaryimage"},"thumbnailUrl":"","articleSection":["Econom\u00eda"],"inLanguage":"es"},{"@type":"WebPage","@id":"https:\/\/www.eldiario.net\/portal\/2022\/09\/14\/cochabamba-esperanzada-con-recuperar-nivel-de-exportacion\/","url":"https:\/\/www.eldiario.net\/portal\/2022\/09\/14\/cochabamba-esperanzada-con-recuperar-nivel-de-exportacion\/","name":"Cochabamba esperanzada con recuperar nivel de exportaci\u00f3n - El Diario - Bolivia","isPartOf":{"@id":"https:\/\/www.eldiario.net\/portal\/#website"},"primaryImageOfPage":{"@id":"https:\/\/www.eldiario.net\/portal\/2022\/09\/14\/cochabamba-esperanzada-con-recuperar-nivel-de-exportacion\/#primaryimage"},"image":{"@id":"https:\/\/www.eldiario.net\/portal\/2022\/09\/14\/cochabamba-esperanzada-con-recuperar-nivel-de-exportacion\/#primaryimage"},"thumbnailUrl":"","datePublished":"2022-09-14T09:59:28+00:00","breadcrumb":{"@id":"https:\/\/www.eldiario.net\/portal\/2022\/09\/14\/cochabamba-esperanzada-con-recuperar-nivel-de-exportacion\/#breadcrumb"},"inLanguage":"es","potentialAction":[{"@type":"ReadAction","target":["https:\/\/www.eldiario.net\/portal\/2022\/09\/14\/cochabamba-esperanzada-con-recuperar-nivel-de-exportacion\/"]}]},{"@type":"ImageObject","inLanguage":"es","@id":"https:\/\/www.eldiario.net\/portal\/2022\/09\/14\/cochabamba-esperanzada-con-recuperar-nivel-de-exportacion\/#primaryimage","url":"","contentUrl":""},{"@type":"BreadcrumbList","@id":"https:\/\/www.eldiario.net\/portal\/2022\/09\/14\/cochabamba-esperanzada-con-recuperar-nivel-de-exportacion\/#breadcrumb","itemListElement":[{"@type":"ListItem","position":1,"name":"Portada","item":"https:\/\/www.eldiario.net\/portal\/"},{"@type":"ListItem","position":2,"name":"Cochabamba esperanzada con recuperar nivel de exportaci\u00f3n"}]},{"@type":"WebSite","@id":"https:\/\/www.eldiario.net\/portal\/#website","url":"https:\/\/www.eldiario.net\/portal\/","name":"El Diario - Decano de la prensa nacional","description":"El Diario - Decano de la prensa nacional","publisher":{"@id":"https:\/\/www.eldiario.net\/portal\/#organization"},"potentialAction":[{"@type":"SearchAction","target":{"@type":"EntryPoint","urlTemplate":"https:\/\/www.eldiario.net\/portal\/?s={search_term_string}"},"query-input":{"@type":"PropertyValueSpecification","valueRequired":true,"valueName":"search_term_string"}}],"inLanguage":"es"},{"@type":"Organization","@id":"https:\/\/www.eldiario.net\/portal\/#organization","name":"El Diario - Decano de la prensa nacional","url":"https:\/\/www.eldiario.net\/portal\/","logo":{"@type":"ImageObject","inLanguage":"es","@id":"https:\/\/www.eldiario.net\/portal\/#\/schema\/logo\/image\/","url":"https:\/\/www.eldiario.net\/portal\/wp-content\/uploads\/2023\/07\/logo_ED.jpg","contentUrl":"https:\/\/www.eldiario.net\/portal\/wp-content\/uploads\/2023\/07\/logo_ED.jpg","width":272,"height":52,"caption":"El Diario - Decano de la prensa nacional"},"image":{"@id":"https:\/\/www.eldiario.net\/portal\/#\/schema\/logo\/image\/"},"sameAs":["https:\/\/www.facebook.com\/eldiario.bolivia\/","https:\/\/x.com\/eldiario_net"]},{"@type":"Person","@id":"https:\/\/www.eldiario.net\/portal\/#\/schema\/person\/f46445640444750d7d753ccd04ae01b7","name":"Jeanette","image":{"@type":"ImageObject","inLanguage":"es","@id":"https:\/\/secure.gravatar.com\/avatar\/3ea2118a5f7dad2b7138b1187a6b7ee55f160b9968b66013c3a3ef39dd7e5798?s=96&d=mm&r=g","url":"https:\/\/secure.gravatar.com\/avatar\/3ea2118a5f7dad2b7138b1187a6b7ee55f160b9968b66013c3a3ef39dd7e5798?s=96&d=mm&r=g","contentUrl":"https:\/\/secure.gravatar.com\/avatar\/3ea2118a5f7dad2b7138b1187a6b7ee55f160b9968b66013c3a3ef39dd7e5798?s=96&d=mm&r=g","caption":"Jeanette"},"sameAs":["https:\/\/www.eldiario.net\/portal"],"url":"https:\/\/www.eldiario.net\/portal\/author\/jeanette\/"}]}},"_links":{"self":[{"href":"https:\/\/www.eldiario.net\/portal\/wp-json\/wp\/v2\/posts\/110605","targetHints":{"allow":["GET"]}}],"collection":[{"href":"https:\/\/www.eldiario.net\/portal\/wp-json\/wp\/v2\/posts"}],"about":[{"href":"https:\/\/www.eldiario.net\/portal\/wp-json\/wp\/v2\/types\/post"}],"author":[{"embeddable":true,"href":"https:\/\/www.eldiario.net\/portal\/wp-json\/wp\/v2\/users\/1"}],"replies":[{"embeddable":true,"href":"https:\/\/www.eldiario.net\/portal\/wp-json\/wp\/v2\/comments?post=110605"}],"version-history":[{"count":0,"href":"https:\/\/www.eldiario.net\/portal\/wp-json\/wp\/v2\/posts\/110605\/revisions"}],"wp:attachment":[{"href":"https:\/\/www.eldiario.net\/portal\/wp-json\/wp\/v2\/media?parent=110605"}],"wp:term":[{"taxonomy":"category","embeddable":true,"href":"https:\/\/www.eldiario.net\/portal\/wp-json\/wp\/v2\/categories?post=110605"},{"taxonomy":"post_tag","embeddable":true,"href":"https:\/\/www.eldiario.net\/portal\/wp-json\/wp\/v2\/tags?post=110605"}],"curies":[{"name":"wp","href":"https:\/\/api.w.org\/{rel}","templated":true}]}}