{"id":110602,"date":"2022-09-14T05:57:59","date_gmt":"2022-09-14T09:57:59","guid":{"rendered":"https:\/\/www.eldiario.net\/portal\/?p=110602"},"modified":"2022-09-14T05:57:59","modified_gmt":"2022-09-14T09:57:59","slug":"vestimenta-de-chola-pacena-a-expocruz","status":"publish","type":"post","link":"https:\/\/www.eldiario.net\/portal\/2022\/09\/14\/vestimenta-de-chola-pacena-a-expocruz\/","title":{"rendered":"Vestimenta de chola pace\u00f1a a Expocruz"},"content":{"rendered":"<p>Los artesanos de La Paz suman su participaci\u00f3n en la Expocruz 2022 con la exposici\u00f3n y comercializaci\u00f3n de la vestimenta de la chola pace\u00f1a, desde sombreros, mantas, polleras, blusas, calzados hasta joyas, tambi\u00e9n podr\u00e1n cerrar contratos con fraternidades que realizan entradas folkl\u00f3ricas en la capital y otras poblaciones cruce\u00f1as.<br \/>\nLa informaci\u00f3n fue dada a conocer por el secretario municipal de Culturas y Turismo, Rodney Miranda; quien dijo que \u201cla vestimenta no solamente va a estar exhibida, sino que va a estar a la venta para que la gente de Santa Cruz pueda comprar una manta, un sombrero, hacer contratos con las fraternidades que hay en Santa Cruz; no olvidemos que hay muchos residentes pace\u00f1os\u201dacot\u00f3.<br \/>\nMiranda afirm\u00f3 que, en el stand destinado a la vestimenta de la chola pace\u00f1a, en el pabell\u00f3n \u201cLa Paz en paz\u201d, tambi\u00e9n se expondr\u00e1n y comercializar\u00e1n telas diversas que son utilizadas para la confecci\u00f3n de la ropa de las cholitas, como blusas, polleras, mantas, entre otras.<br \/>\nEn la clausura de la Fexpocruz, el 25 de septiembre, en el pabell\u00f3n \u201cLa Paz en paz\u201d se tendr\u00e1 un desfile de modas de la chola pace\u00f1a y donde se mostrar\u00e1n trajes dise\u00f1ados exclusivamente para el evento. Al menos 15 cholitas desfilar\u00e1n en \u201cuna gran pasarela, con luces y una producci\u00f3n que estamos cerrando con broche de oro\u201d, destac\u00f3 Miranda.<br \/>\n\u201cVamos a tener 15 modelos, cholitas que est\u00e1n yendo de la ciudad de La Paz para hacer gala de esta vestimenta original y que es aut\u00e9ntica entre nosotros porque a\u00fan la vemos en las calles. Pocas ciudades del mundo tienen una mujer con la vestimenta originaria todav\u00eda conviviendo y haciendo actividades cotidianas\u201d, remarc\u00f3.<br \/>\nPara instalar el stand y realizar el desfile de modas, la Alcald\u00eda de La Paz coordin\u00f3 con la Asociaci\u00f3n de la Vestimenta de la Chola Pace\u00f1a (Asvepa), cuyo equipo t\u00e9cnico ya prepara la instalaci\u00f3n de la pasarela para el 25 de septiembre.<br \/>\nMiranda record\u00f3 que la chola pace\u00f1a en 2013, con la aprobaci\u00f3n de una ley municipal, fue declarada como Patrimonio Cultural e Intangible del municipio de La Paz. \u201cDebemos sentirnos orgullosos de la chola pace\u00f1a, que adema es patrimonio\u201d, afirm\u00f3.<br \/>\nLa chola pace\u00f1a tambi\u00e9n ser\u00e1 parte de las cholitas luchadoras en un cuadril\u00e1tero el 17 del presente mes. \u201cEl s\u00edmbolo de la mujer, de la chola pace\u00f1a va a estar presente en la Feria Internacional de Santa Cruz con un atractivo tur\u00edstico que es la pelea de las cholitas luchadoras. Vamos a llevarlas para que puedan hacer sus demostraciones en el pabell\u00f3n \u2018La Paz en paz\u2019, ese es el nombre que tiene nuestro pabell\u00f3n en la Expocruz\u201d, enfatiz\u00f3 Miranda.<br \/>\nLa Alcald\u00eda de La Paz tendr\u00e1 este 2022 por primera vez su pabell\u00f3n para mostrar los emprendimiento e industrias pace\u00f1as. Para ello se realiz\u00f3 un proceso de selecci\u00f3n de varias propuestas que recibi\u00f3 en mes pasado. Un total de 17 empresas de gastronom\u00eda, cosm\u00e9tica, moda, textiles y artesanales, entre otras fueron seleccionadas y expondr\u00e1n sus productos y servicios en el pabell\u00f3n pace\u00f1o, del 16 al 25 de septiembre.<br \/>\nLa participaci\u00f3n de empresas y emprendimientos diversos pace\u00f1os est\u00e1 dirigido a \u201cgenerar un flujo de turistas hacia la ciudad de La Paz\u201d, como parte de la reactivaci\u00f3n econ\u00f3mica, la reactivaci\u00f3n tur\u00edstica, ya que tambi\u00e9n participar\u00e1 la C\u00e1mara Hotelera de La Paz, agreg\u00f3.<\/p>\n","protected":false},"excerpt":{"rendered":"<p>Los artesanos de La Paz suman su participaci\u00f3n en la Expocruz 2022 con la exposici\u00f3n y comercializaci\u00f3n de la vestimenta de la chola pace\u00f1a, desde sombreros, mantas, polleras, blusas, calzados hasta joyas, tambi\u00e9n podr\u00e1n cerrar contratos con fraternidades que realizan entradas folkl\u00f3ricas en la capital y otras poblaciones cruce\u00f1as. La informaci\u00f3n fue dada a conocer [&hellip;]<\/p>\n","protected":false},"author":1,"featured_media":110603,"comment_status":"closed","ping_status":"closed","sticky":false,"template":"","format":"standard","meta":{"_acf_changed":false,"footnotes":""},"categories":[7],"tags":[],"class_list":["post-110602","post","type-post","status-publish","format-standard","has-post-thumbnail","category-economia"],"acf":{"antetitulo":""},"yoast_head":"<!-- This site is optimized with the Yoast SEO plugin v28.3 - https:\/\/yoast.com\/product\/yoast-seo-wordpress\/ -->\n<title>Vestimenta de chola pace\u00f1a a Expocruz - El Diario - Bolivia<\/title>\n<meta name=\"robots\" content=\"index, follow, max-snippet:-1, max-image-preview:large, max-video-preview:-1\" \/>\n<link rel=\"canonical\" href=\"https:\/\/www.eldiario.net\/portal\/2022\/09\/14\/vestimenta-de-chola-pacena-a-expocruz\/\" \/>\n<meta property=\"og:locale\" content=\"es_ES\" \/>\n<meta property=\"og:type\" content=\"article\" \/>\n<meta property=\"og:title\" content=\"Vestimenta de chola pace\u00f1a a Expocruz - El Diario - Bolivia\" \/>\n<meta property=\"og:description\" content=\"Los artesanos de La Paz suman su participaci\u00f3n en la Expocruz 2022 con la exposici\u00f3n y comercializaci\u00f3n de la vestimenta de la chola pace\u00f1a, desde sombreros, mantas, polleras, blusas, calzados hasta joyas, tambi\u00e9n podr\u00e1n cerrar contratos con fraternidades que realizan entradas folkl\u00f3ricas en la capital y otras poblaciones cruce\u00f1as. La informaci\u00f3n fue dada a conocer [&hellip;]\" \/>\n<meta property=\"og:url\" content=\"https:\/\/www.eldiario.net\/portal\/2022\/09\/14\/vestimenta-de-chola-pacena-a-expocruz\/\" \/>\n<meta property=\"og:site_name\" content=\"El Diario - Bolivia\" \/>\n<meta property=\"article:publisher\" content=\"https:\/\/www.facebook.com\/eldiario.bolivia\/\" \/>\n<meta property=\"article:published_time\" content=\"2022-09-14T09:57:59+00:00\" \/>\n<meta name=\"author\" content=\"Jeanette\" \/>\n<meta name=\"twitter:card\" content=\"summary_large_image\" \/>\n<meta name=\"twitter:creator\" content=\"@eldiario_net\" \/>\n<meta name=\"twitter:site\" content=\"@eldiario_net\" \/>\n<meta name=\"twitter:label1\" content=\"Escrito por\" \/>\n\t<meta name=\"twitter:data1\" content=\"Jeanette\" \/>\n\t<meta name=\"twitter:label2\" content=\"Tiempo de lectura\" \/>\n\t<meta name=\"twitter:data2\" content=\"3 minutos\" \/>\n<script type=\"application\/ld+json\" class=\"yoast-schema-graph\">{\"@context\":\"https:\\\/\\\/schema.org\",\"@graph\":[{\"@type\":\"Article\",\"@id\":\"https:\\\/\\\/www.eldiario.net\\\/portal\\\/2022\\\/09\\\/14\\\/vestimenta-de-chola-pacena-a-expocruz\\\/#article\",\"isPartOf\":{\"@id\":\"https:\\\/\\\/www.eldiario.net\\\/portal\\\/2022\\\/09\\\/14\\\/vestimenta-de-chola-pacena-a-expocruz\\\/\"},\"author\":{\"name\":\"Jeanette\",\"@id\":\"https:\\\/\\\/www.eldiario.net\\\/portal\\\/#\\\/schema\\\/person\\\/f46445640444750d7d753ccd04ae01b7\"},\"headline\":\"Vestimenta de chola pace\u00f1a a Expocruz\",\"datePublished\":\"2022-09-14T09:57:59+00:00\",\"mainEntityOfPage\":{\"@id\":\"https:\\\/\\\/www.eldiario.net\\\/portal\\\/2022\\\/09\\\/14\\\/vestimenta-de-chola-pacena-a-expocruz\\\/\"},\"wordCount\":599,\"publisher\":{\"@id\":\"https:\\\/\\\/www.eldiario.net\\\/portal\\\/#organization\"},\"image\":{\"@id\":\"https:\\\/\\\/www.eldiario.net\\\/portal\\\/2022\\\/09\\\/14\\\/vestimenta-de-chola-pacena-a-expocruz\\\/#primaryimage\"},\"thumbnailUrl\":\"\",\"articleSection\":[\"Econom\u00eda\"],\"inLanguage\":\"es\"},{\"@type\":\"WebPage\",\"@id\":\"https:\\\/\\\/www.eldiario.net\\\/portal\\\/2022\\\/09\\\/14\\\/vestimenta-de-chola-pacena-a-expocruz\\\/\",\"url\":\"https:\\\/\\\/www.eldiario.net\\\/portal\\\/2022\\\/09\\\/14\\\/vestimenta-de-chola-pacena-a-expocruz\\\/\",\"name\":\"Vestimenta de chola pace\u00f1a a Expocruz - El Diario - Bolivia\",\"isPartOf\":{\"@id\":\"https:\\\/\\\/www.eldiario.net\\\/portal\\\/#website\"},\"primaryImageOfPage\":{\"@id\":\"https:\\\/\\\/www.eldiario.net\\\/portal\\\/2022\\\/09\\\/14\\\/vestimenta-de-chola-pacena-a-expocruz\\\/#primaryimage\"},\"image\":{\"@id\":\"https:\\\/\\\/www.eldiario.net\\\/portal\\\/2022\\\/09\\\/14\\\/vestimenta-de-chola-pacena-a-expocruz\\\/#primaryimage\"},\"thumbnailUrl\":\"\",\"datePublished\":\"2022-09-14T09:57:59+00:00\",\"breadcrumb\":{\"@id\":\"https:\\\/\\\/www.eldiario.net\\\/portal\\\/2022\\\/09\\\/14\\\/vestimenta-de-chola-pacena-a-expocruz\\\/#breadcrumb\"},\"inLanguage\":\"es\",\"potentialAction\":[{\"@type\":\"ReadAction\",\"target\":[\"https:\\\/\\\/www.eldiario.net\\\/portal\\\/2022\\\/09\\\/14\\\/vestimenta-de-chola-pacena-a-expocruz\\\/\"]}]},{\"@type\":\"ImageObject\",\"inLanguage\":\"es\",\"@id\":\"https:\\\/\\\/www.eldiario.net\\\/portal\\\/2022\\\/09\\\/14\\\/vestimenta-de-chola-pacena-a-expocruz\\\/#primaryimage\",\"url\":\"\",\"contentUrl\":\"\"},{\"@type\":\"BreadcrumbList\",\"@id\":\"https:\\\/\\\/www.eldiario.net\\\/portal\\\/2022\\\/09\\\/14\\\/vestimenta-de-chola-pacena-a-expocruz\\\/#breadcrumb\",\"itemListElement\":[{\"@type\":\"ListItem\",\"position\":1,\"name\":\"Portada\",\"item\":\"https:\\\/\\\/www.eldiario.net\\\/portal\\\/\"},{\"@type\":\"ListItem\",\"position\":2,\"name\":\"Vestimenta de chola pace\u00f1a a Expocruz\"}]},{\"@type\":\"WebSite\",\"@id\":\"https:\\\/\\\/www.eldiario.net\\\/portal\\\/#website\",\"url\":\"https:\\\/\\\/www.eldiario.net\\\/portal\\\/\",\"name\":\"El Diario - Decano de la prensa nacional\",\"description\":\"El Diario - Decano de la prensa nacional\",\"publisher\":{\"@id\":\"https:\\\/\\\/www.eldiario.net\\\/portal\\\/#organization\"},\"potentialAction\":[{\"@type\":\"SearchAction\",\"target\":{\"@type\":\"EntryPoint\",\"urlTemplate\":\"https:\\\/\\\/www.eldiario.net\\\/portal\\\/?s={search_term_string}\"},\"query-input\":{\"@type\":\"PropertyValueSpecification\",\"valueRequired\":true,\"valueName\":\"search_term_string\"}}],\"inLanguage\":\"es\"},{\"@type\":\"Organization\",\"@id\":\"https:\\\/\\\/www.eldiario.net\\\/portal\\\/#organization\",\"name\":\"El Diario - Decano de la prensa nacional\",\"url\":\"https:\\\/\\\/www.eldiario.net\\\/portal\\\/\",\"logo\":{\"@type\":\"ImageObject\",\"inLanguage\":\"es\",\"@id\":\"https:\\\/\\\/www.eldiario.net\\\/portal\\\/#\\\/schema\\\/logo\\\/image\\\/\",\"url\":\"https:\\\/\\\/www.eldiario.net\\\/portal\\\/wp-content\\\/uploads\\\/2023\\\/07\\\/logo_ED.jpg\",\"contentUrl\":\"https:\\\/\\\/www.eldiario.net\\\/portal\\\/wp-content\\\/uploads\\\/2023\\\/07\\\/logo_ED.jpg\",\"width\":272,\"height\":52,\"caption\":\"El Diario - Decano de la prensa nacional\"},\"image\":{\"@id\":\"https:\\\/\\\/www.eldiario.net\\\/portal\\\/#\\\/schema\\\/logo\\\/image\\\/\"},\"sameAs\":[\"https:\\\/\\\/www.facebook.com\\\/eldiario.bolivia\\\/\",\"https:\\\/\\\/x.com\\\/eldiario_net\"]},{\"@type\":\"Person\",\"@id\":\"https:\\\/\\\/www.eldiario.net\\\/portal\\\/#\\\/schema\\\/person\\\/f46445640444750d7d753ccd04ae01b7\",\"name\":\"Jeanette\",\"image\":{\"@type\":\"ImageObject\",\"inLanguage\":\"es\",\"@id\":\"https:\\\/\\\/secure.gravatar.com\\\/avatar\\\/3ea2118a5f7dad2b7138b1187a6b7ee55f160b9968b66013c3a3ef39dd7e5798?s=96&d=mm&r=g\",\"url\":\"https:\\\/\\\/secure.gravatar.com\\\/avatar\\\/3ea2118a5f7dad2b7138b1187a6b7ee55f160b9968b66013c3a3ef39dd7e5798?s=96&d=mm&r=g\",\"contentUrl\":\"https:\\\/\\\/secure.gravatar.com\\\/avatar\\\/3ea2118a5f7dad2b7138b1187a6b7ee55f160b9968b66013c3a3ef39dd7e5798?s=96&d=mm&r=g\",\"caption\":\"Jeanette\"},\"sameAs\":[\"https:\\\/\\\/www.eldiario.net\\\/portal\"],\"url\":\"https:\\\/\\\/www.eldiario.net\\\/portal\\\/author\\\/jeanette\\\/\"}]}<\/script>\n<!-- \/ Yoast SEO plugin. -->","yoast_head_json":{"title":"Vestimenta de chola pace\u00f1a a Expocruz - El Diario - Bolivia","robots":{"index":"index","follow":"follow","max-snippet":"max-snippet:-1","max-image-preview":"max-image-preview:large","max-video-preview":"max-video-preview:-1"},"canonical":"https:\/\/www.eldiario.net\/portal\/2022\/09\/14\/vestimenta-de-chola-pacena-a-expocruz\/","og_locale":"es_ES","og_type":"article","og_title":"Vestimenta de chola pace\u00f1a a Expocruz - El Diario - Bolivia","og_description":"Los artesanos de La Paz suman su participaci\u00f3n en la Expocruz 2022 con la exposici\u00f3n y comercializaci\u00f3n de la vestimenta de la chola pace\u00f1a, desde sombreros, mantas, polleras, blusas, calzados hasta joyas, tambi\u00e9n podr\u00e1n cerrar contratos con fraternidades que realizan entradas folkl\u00f3ricas en la capital y otras poblaciones cruce\u00f1as. La informaci\u00f3n fue dada a conocer [&hellip;]","og_url":"https:\/\/www.eldiario.net\/portal\/2022\/09\/14\/vestimenta-de-chola-pacena-a-expocruz\/","og_site_name":"El Diario - Bolivia","article_publisher":"https:\/\/www.facebook.com\/eldiario.bolivia\/","article_published_time":"2022-09-14T09:57:59+00:00","author":"Jeanette","twitter_card":"summary_large_image","twitter_creator":"@eldiario_net","twitter_site":"@eldiario_net","twitter_misc":{"Escrito por":"Jeanette","Tiempo de lectura":"3 minutos"},"schema":{"@context":"https:\/\/schema.org","@graph":[{"@type":"Article","@id":"https:\/\/www.eldiario.net\/portal\/2022\/09\/14\/vestimenta-de-chola-pacena-a-expocruz\/#article","isPartOf":{"@id":"https:\/\/www.eldiario.net\/portal\/2022\/09\/14\/vestimenta-de-chola-pacena-a-expocruz\/"},"author":{"name":"Jeanette","@id":"https:\/\/www.eldiario.net\/portal\/#\/schema\/person\/f46445640444750d7d753ccd04ae01b7"},"headline":"Vestimenta de chola pace\u00f1a a Expocruz","datePublished":"2022-09-14T09:57:59+00:00","mainEntityOfPage":{"@id":"https:\/\/www.eldiario.net\/portal\/2022\/09\/14\/vestimenta-de-chola-pacena-a-expocruz\/"},"wordCount":599,"publisher":{"@id":"https:\/\/www.eldiario.net\/portal\/#organization"},"image":{"@id":"https:\/\/www.eldiario.net\/portal\/2022\/09\/14\/vestimenta-de-chola-pacena-a-expocruz\/#primaryimage"},"thumbnailUrl":"","articleSection":["Econom\u00eda"],"inLanguage":"es"},{"@type":"WebPage","@id":"https:\/\/www.eldiario.net\/portal\/2022\/09\/14\/vestimenta-de-chola-pacena-a-expocruz\/","url":"https:\/\/www.eldiario.net\/portal\/2022\/09\/14\/vestimenta-de-chola-pacena-a-expocruz\/","name":"Vestimenta de chola pace\u00f1a a Expocruz - El Diario - Bolivia","isPartOf":{"@id":"https:\/\/www.eldiario.net\/portal\/#website"},"primaryImageOfPage":{"@id":"https:\/\/www.eldiario.net\/portal\/2022\/09\/14\/vestimenta-de-chola-pacena-a-expocruz\/#primaryimage"},"image":{"@id":"https:\/\/www.eldiario.net\/portal\/2022\/09\/14\/vestimenta-de-chola-pacena-a-expocruz\/#primaryimage"},"thumbnailUrl":"","datePublished":"2022-09-14T09:57:59+00:00","breadcrumb":{"@id":"https:\/\/www.eldiario.net\/portal\/2022\/09\/14\/vestimenta-de-chola-pacena-a-expocruz\/#breadcrumb"},"inLanguage":"es","potentialAction":[{"@type":"ReadAction","target":["https:\/\/www.eldiario.net\/portal\/2022\/09\/14\/vestimenta-de-chola-pacena-a-expocruz\/"]}]},{"@type":"ImageObject","inLanguage":"es","@id":"https:\/\/www.eldiario.net\/portal\/2022\/09\/14\/vestimenta-de-chola-pacena-a-expocruz\/#primaryimage","url":"","contentUrl":""},{"@type":"BreadcrumbList","@id":"https:\/\/www.eldiario.net\/portal\/2022\/09\/14\/vestimenta-de-chola-pacena-a-expocruz\/#breadcrumb","itemListElement":[{"@type":"ListItem","position":1,"name":"Portada","item":"https:\/\/www.eldiario.net\/portal\/"},{"@type":"ListItem","position":2,"name":"Vestimenta de chola pace\u00f1a a Expocruz"}]},{"@type":"WebSite","@id":"https:\/\/www.eldiario.net\/portal\/#website","url":"https:\/\/www.eldiario.net\/portal\/","name":"El Diario - Decano de la prensa nacional","description":"El Diario - Decano de la prensa nacional","publisher":{"@id":"https:\/\/www.eldiario.net\/portal\/#organization"},"potentialAction":[{"@type":"SearchAction","target":{"@type":"EntryPoint","urlTemplate":"https:\/\/www.eldiario.net\/portal\/?s={search_term_string}"},"query-input":{"@type":"PropertyValueSpecification","valueRequired":true,"valueName":"search_term_string"}}],"inLanguage":"es"},{"@type":"Organization","@id":"https:\/\/www.eldiario.net\/portal\/#organization","name":"El Diario - Decano de la prensa nacional","url":"https:\/\/www.eldiario.net\/portal\/","logo":{"@type":"ImageObject","inLanguage":"es","@id":"https:\/\/www.eldiario.net\/portal\/#\/schema\/logo\/image\/","url":"https:\/\/www.eldiario.net\/portal\/wp-content\/uploads\/2023\/07\/logo_ED.jpg","contentUrl":"https:\/\/www.eldiario.net\/portal\/wp-content\/uploads\/2023\/07\/logo_ED.jpg","width":272,"height":52,"caption":"El Diario - Decano de la prensa nacional"},"image":{"@id":"https:\/\/www.eldiario.net\/portal\/#\/schema\/logo\/image\/"},"sameAs":["https:\/\/www.facebook.com\/eldiario.bolivia\/","https:\/\/x.com\/eldiario_net"]},{"@type":"Person","@id":"https:\/\/www.eldiario.net\/portal\/#\/schema\/person\/f46445640444750d7d753ccd04ae01b7","name":"Jeanette","image":{"@type":"ImageObject","inLanguage":"es","@id":"https:\/\/secure.gravatar.com\/avatar\/3ea2118a5f7dad2b7138b1187a6b7ee55f160b9968b66013c3a3ef39dd7e5798?s=96&d=mm&r=g","url":"https:\/\/secure.gravatar.com\/avatar\/3ea2118a5f7dad2b7138b1187a6b7ee55f160b9968b66013c3a3ef39dd7e5798?s=96&d=mm&r=g","contentUrl":"https:\/\/secure.gravatar.com\/avatar\/3ea2118a5f7dad2b7138b1187a6b7ee55f160b9968b66013c3a3ef39dd7e5798?s=96&d=mm&r=g","caption":"Jeanette"},"sameAs":["https:\/\/www.eldiario.net\/portal"],"url":"https:\/\/www.eldiario.net\/portal\/author\/jeanette\/"}]}},"_links":{"self":[{"href":"https:\/\/www.eldiario.net\/portal\/wp-json\/wp\/v2\/posts\/110602","targetHints":{"allow":["GET"]}}],"collection":[{"href":"https:\/\/www.eldiario.net\/portal\/wp-json\/wp\/v2\/posts"}],"about":[{"href":"https:\/\/www.eldiario.net\/portal\/wp-json\/wp\/v2\/types\/post"}],"author":[{"embeddable":true,"href":"https:\/\/www.eldiario.net\/portal\/wp-json\/wp\/v2\/users\/1"}],"replies":[{"embeddable":true,"href":"https:\/\/www.eldiario.net\/portal\/wp-json\/wp\/v2\/comments?post=110602"}],"version-history":[{"count":0,"href":"https:\/\/www.eldiario.net\/portal\/wp-json\/wp\/v2\/posts\/110602\/revisions"}],"wp:attachment":[{"href":"https:\/\/www.eldiario.net\/portal\/wp-json\/wp\/v2\/media?parent=110602"}],"wp:term":[{"taxonomy":"category","embeddable":true,"href":"https:\/\/www.eldiario.net\/portal\/wp-json\/wp\/v2\/categories?post=110602"},{"taxonomy":"post_tag","embeddable":true,"href":"https:\/\/www.eldiario.net\/portal\/wp-json\/wp\/v2\/tags?post=110602"}],"curies":[{"name":"wp","href":"https:\/\/api.w.org\/{rel}","templated":true}]}}