{"id":110599,"date":"2022-09-14T05:56:57","date_gmt":"2022-09-14T09:56:57","guid":{"rendered":"https:\/\/www.eldiario.net\/portal\/?p=110599"},"modified":"2022-09-14T05:56:57","modified_gmt":"2022-09-14T09:56:57","slug":"entro-en-funcionamiento-tren-metropolitano-en-cochabamba","status":"publish","type":"post","link":"https:\/\/www.eldiario.net\/portal\/2022\/09\/14\/entro-en-funcionamiento-tren-metropolitano-en-cochabamba\/","title":{"rendered":"Entr\u00f3 en funcionamiento Tren Metropolitano en Cochabamba"},"content":{"rendered":"<p>El Tren Metropolitano empieza a operar en la capital del Valle y el servicio ser\u00e1 gratuito temporalmente. La inauguraci\u00f3n de las l\u00edneas roja y verde, realizada este martes, estuvo a cargo del presidente Luis Arce, quien junto al ministro Edgar Monta\u00f1o y el gobernador Humberto S\u00e1nchez, sostuvo que Cochabamba ingresa a uno de los sistemas de transporte m\u00e1s modernos del pa\u00eds.<br \/>\n\u201cHoy el Gobierno hace la entrega oficial del Tren Metropolitano a nuestros hermanos de Cochabamba (\u2026). Es una obra financiada 100% con recursos del Tesoro General de la Naci\u00f3n (TGN) y se trata de un medio que fue dise\u00f1ado para mejorar el flujo de transporte de los cochabambinos\u201d, dijo el mandatario.<br \/>\nEn el acto de entrega, el dignatario de Estado destac\u00f3 que este 13 de septiembre es una fecha hist\u00f3rica no solo para Cochabamba sino tambi\u00e9n para todo el pa\u00eds, principalmente para el sector del transporte.<br \/>\nSeg\u00fan datos del Ministerio de Obras P\u00fablicas, Servicios y Vivienda, el Tren Metropolitano brinda todas las comodidades a los pasajeros, pues cuenta con servicio de Wi-Fi, cargadores para celular, c\u00f3modos asientos, c\u00e1maras de seguridad, entre otros.<\/p>\n<p>INVERSI\u00d3N<br \/>\nLa obra que cuenta con una inversi\u00f3n total de m\u00e1s de 3.112,1 millones de bolivianos, de los cuales, hasta mayo, se ejecutaron 2.608 millones, beneficiar\u00e1 a los municipios de Sacaba, Cercado, Quillacollo, Colcapirhua, Vinto y Sipe Sipe pues los unir\u00e1 diariamente en recorridos ininterrumpidos de 16 horas, en un trayecto con 43 paradas y tres l\u00edneas.<br \/>\nSeg\u00fan informes, la l\u00ednea roja tuvo una inversi\u00f3n de 256,1 millones de bolivianos, har\u00e1 un recorrido de 5,5 kil\u00f3metros entre la Estaci\u00f3n Central (avenida 6 de Agosto y Barrientos) hasta la Facultad de Agronom\u00eda de la Universidad Mayor de San Sim\u00f3n, en la avenida Petrolera. Las estaciones intermedias son El Arco, Santa B\u00e1rbara, Alejo Calatayud, OTB, Universitario, Polit\u00e9cnico y El Molino. El trayecto se cubrir\u00e1 en 12 minutos. Contar\u00e1 con tres trenes que circular\u00e1n 16 horas diarias con un intervalo de espera de 10 minutos.<br \/>\nPor otro lado, la l\u00ednea verde requiri\u00f3 936,5 millones de bolivianos. Recorrer\u00e1 27 kil\u00f3metros entre la Estaci\u00f3n Central y Suticollo, atravesar\u00e1 el Cercado, Colcapirhua, Quillacollo, Vinto y Sipe Sipe, y contar\u00e1 con 23 estaciones en 45 minutos con cuatro vagones que operar\u00e1n con una frecuencia de 15 a 20 minutos.<br \/>\nEste medio de transporte tiene 12 trenes Metelitsa, que funciona con electricidad y bidireccionales, cada vag\u00f3n tiene 33 metros de largo y 2,5 de ancho, con una capacidad de 376 pasajeros (66 sentados). Tiene una capacidad de transportar 376 pasajeros.<\/p>\n<p>&nbsp;<\/p>\n","protected":false},"excerpt":{"rendered":"<p>El Tren Metropolitano empieza a operar en la capital del Valle y el servicio ser\u00e1 gratuito temporalmente. La inauguraci\u00f3n de las l\u00edneas roja y verde, realizada este martes, estuvo a cargo del presidente Luis Arce, quien junto al ministro Edgar Monta\u00f1o y el gobernador Humberto S\u00e1nchez, sostuvo que Cochabamba ingresa a uno de los sistemas [&hellip;]<\/p>\n","protected":false},"author":1,"featured_media":110600,"comment_status":"closed","ping_status":"closed","sticky":false,"template":"","format":"standard","meta":{"_acf_changed":false,"footnotes":""},"categories":[7],"tags":[],"class_list":["post-110599","post","type-post","status-publish","format-standard","has-post-thumbnail","category-economia"],"acf":{"antetitulo":""},"yoast_head":"<!-- This site is optimized with the Yoast SEO plugin v28.4 - https:\/\/yoast.com\/product\/yoast-seo-wordpress\/ -->\n<title>Entr\u00f3 en funcionamiento Tren Metropolitano en Cochabamba - El Diario - Bolivia<\/title>\n<meta name=\"robots\" content=\"index, follow, max-snippet:-1, max-image-preview:large, max-video-preview:-1\" \/>\n<link rel=\"canonical\" href=\"https:\/\/www.eldiario.net\/portal\/2022\/09\/14\/entro-en-funcionamiento-tren-metropolitano-en-cochabamba\/\" \/>\n<meta property=\"og:locale\" content=\"es_ES\" \/>\n<meta property=\"og:type\" content=\"article\" \/>\n<meta property=\"og:title\" content=\"Entr\u00f3 en funcionamiento Tren Metropolitano en Cochabamba - El Diario - Bolivia\" \/>\n<meta property=\"og:description\" content=\"El Tren Metropolitano empieza a operar en la capital del Valle y el servicio ser\u00e1 gratuito temporalmente. La inauguraci\u00f3n de las l\u00edneas roja y verde, realizada este martes, estuvo a cargo del presidente Luis Arce, quien junto al ministro Edgar Monta\u00f1o y el gobernador Humberto S\u00e1nchez, sostuvo que Cochabamba ingresa a uno de los sistemas [&hellip;]\" \/>\n<meta property=\"og:url\" content=\"https:\/\/www.eldiario.net\/portal\/2022\/09\/14\/entro-en-funcionamiento-tren-metropolitano-en-cochabamba\/\" \/>\n<meta property=\"og:site_name\" content=\"El Diario - Bolivia\" \/>\n<meta property=\"article:publisher\" content=\"https:\/\/www.facebook.com\/eldiario.bolivia\/\" \/>\n<meta property=\"article:published_time\" content=\"2022-09-14T09:56:57+00:00\" \/>\n<meta name=\"author\" content=\"Jeanette\" \/>\n<meta name=\"twitter:card\" content=\"summary_large_image\" \/>\n<meta name=\"twitter:creator\" content=\"@eldiario_net\" \/>\n<meta name=\"twitter:site\" content=\"@eldiario_net\" \/>\n<meta name=\"twitter:label1\" content=\"Escrito por\" \/>\n\t<meta name=\"twitter:data1\" content=\"Jeanette\" \/>\n\t<meta name=\"twitter:label2\" content=\"Tiempo de lectura\" \/>\n\t<meta name=\"twitter:data2\" content=\"2 minutos\" \/>\n<script type=\"application\/ld+json\" class=\"yoast-schema-graph\">{\"@context\":\"https:\\\/\\\/schema.org\",\"@graph\":[{\"@type\":\"Article\",\"@id\":\"https:\\\/\\\/www.eldiario.net\\\/portal\\\/2022\\\/09\\\/14\\\/entro-en-funcionamiento-tren-metropolitano-en-cochabamba\\\/#article\",\"isPartOf\":{\"@id\":\"https:\\\/\\\/www.eldiario.net\\\/portal\\\/2022\\\/09\\\/14\\\/entro-en-funcionamiento-tren-metropolitano-en-cochabamba\\\/\"},\"author\":{\"name\":\"Jeanette\",\"@id\":\"https:\\\/\\\/www.eldiario.net\\\/portal\\\/#\\\/schema\\\/person\\\/2c57cf2b7a7ae032e449e4c9b1019eac\"},\"headline\":\"Entr\u00f3 en funcionamiento Tren Metropolitano en Cochabamba\",\"datePublished\":\"2022-09-14T09:56:57+00:00\",\"mainEntityOfPage\":{\"@id\":\"https:\\\/\\\/www.eldiario.net\\\/portal\\\/2022\\\/09\\\/14\\\/entro-en-funcionamiento-tren-metropolitano-en-cochabamba\\\/\"},\"wordCount\":432,\"publisher\":{\"@id\":\"https:\\\/\\\/www.eldiario.net\\\/portal\\\/#organization\"},\"image\":{\"@id\":\"https:\\\/\\\/www.eldiario.net\\\/portal\\\/2022\\\/09\\\/14\\\/entro-en-funcionamiento-tren-metropolitano-en-cochabamba\\\/#primaryimage\"},\"thumbnailUrl\":\"\",\"articleSection\":[\"Econom\u00eda\"],\"inLanguage\":\"es\"},{\"@type\":\"WebPage\",\"@id\":\"https:\\\/\\\/www.eldiario.net\\\/portal\\\/2022\\\/09\\\/14\\\/entro-en-funcionamiento-tren-metropolitano-en-cochabamba\\\/\",\"url\":\"https:\\\/\\\/www.eldiario.net\\\/portal\\\/2022\\\/09\\\/14\\\/entro-en-funcionamiento-tren-metropolitano-en-cochabamba\\\/\",\"name\":\"Entr\u00f3 en funcionamiento Tren Metropolitano en Cochabamba - El Diario - Bolivia\",\"isPartOf\":{\"@id\":\"https:\\\/\\\/www.eldiario.net\\\/portal\\\/#website\"},\"primaryImageOfPage\":{\"@id\":\"https:\\\/\\\/www.eldiario.net\\\/portal\\\/2022\\\/09\\\/14\\\/entro-en-funcionamiento-tren-metropolitano-en-cochabamba\\\/#primaryimage\"},\"image\":{\"@id\":\"https:\\\/\\\/www.eldiario.net\\\/portal\\\/2022\\\/09\\\/14\\\/entro-en-funcionamiento-tren-metropolitano-en-cochabamba\\\/#primaryimage\"},\"thumbnailUrl\":\"\",\"datePublished\":\"2022-09-14T09:56:57+00:00\",\"breadcrumb\":{\"@id\":\"https:\\\/\\\/www.eldiario.net\\\/portal\\\/2022\\\/09\\\/14\\\/entro-en-funcionamiento-tren-metropolitano-en-cochabamba\\\/#breadcrumb\"},\"inLanguage\":\"es\",\"potentialAction\":[{\"@type\":\"ReadAction\",\"target\":[\"https:\\\/\\\/www.eldiario.net\\\/portal\\\/2022\\\/09\\\/14\\\/entro-en-funcionamiento-tren-metropolitano-en-cochabamba\\\/\"]}]},{\"@type\":\"ImageObject\",\"inLanguage\":\"es\",\"@id\":\"https:\\\/\\\/www.eldiario.net\\\/portal\\\/2022\\\/09\\\/14\\\/entro-en-funcionamiento-tren-metropolitano-en-cochabamba\\\/#primaryimage\",\"url\":\"\",\"contentUrl\":\"\"},{\"@type\":\"BreadcrumbList\",\"@id\":\"https:\\\/\\\/www.eldiario.net\\\/portal\\\/2022\\\/09\\\/14\\\/entro-en-funcionamiento-tren-metropolitano-en-cochabamba\\\/#breadcrumb\",\"itemListElement\":[{\"@type\":\"ListItem\",\"position\":1,\"name\":\"Portada\",\"item\":\"https:\\\/\\\/www.eldiario.net\\\/portal\\\/\"},{\"@type\":\"ListItem\",\"position\":2,\"name\":\"Entr\u00f3 en funcionamiento Tren Metropolitano en Cochabamba\"}]},{\"@type\":\"WebSite\",\"@id\":\"https:\\\/\\\/www.eldiario.net\\\/portal\\\/#website\",\"url\":\"https:\\\/\\\/www.eldiario.net\\\/portal\\\/\",\"name\":\"El Diario - Decano de la prensa nacional\",\"description\":\"El Diario - Decano de la prensa nacional\",\"publisher\":{\"@id\":\"https:\\\/\\\/www.eldiario.net\\\/portal\\\/#organization\"},\"potentialAction\":[{\"@type\":\"SearchAction\",\"target\":{\"@type\":\"EntryPoint\",\"urlTemplate\":\"https:\\\/\\\/www.eldiario.net\\\/portal\\\/?s={search_term_string}\"},\"query-input\":{\"@type\":\"PropertyValueSpecification\",\"valueRequired\":true,\"valueName\":\"search_term_string\"}}],\"inLanguage\":\"es\"},{\"@type\":\"Organization\",\"@id\":\"https:\\\/\\\/www.eldiario.net\\\/portal\\\/#organization\",\"name\":\"El Diario - Decano de la prensa nacional\",\"url\":\"https:\\\/\\\/www.eldiario.net\\\/portal\\\/\",\"logo\":{\"@type\":\"ImageObject\",\"inLanguage\":\"es\",\"@id\":\"https:\\\/\\\/www.eldiario.net\\\/portal\\\/#\\\/schema\\\/logo\\\/image\\\/\",\"url\":\"https:\\\/\\\/www.eldiario.net\\\/portal\\\/wp-content\\\/uploads\\\/2023\\\/07\\\/logo_ED.jpg\",\"contentUrl\":\"https:\\\/\\\/www.eldiario.net\\\/portal\\\/wp-content\\\/uploads\\\/2023\\\/07\\\/logo_ED.jpg\",\"width\":272,\"height\":52,\"caption\":\"El Diario - Decano de la prensa nacional\"},\"image\":{\"@id\":\"https:\\\/\\\/www.eldiario.net\\\/portal\\\/#\\\/schema\\\/logo\\\/image\\\/\"},\"sameAs\":[\"https:\\\/\\\/www.facebook.com\\\/eldiario.bolivia\\\/\",\"https:\\\/\\\/x.com\\\/eldiario_net\"]},{\"@type\":\"Person\",\"@id\":\"https:\\\/\\\/www.eldiario.net\\\/portal\\\/#\\\/schema\\\/person\\\/2c57cf2b7a7ae032e449e4c9b1019eac\",\"name\":\"Jeanette\",\"image\":{\"@type\":\"ImageObject\",\"inLanguage\":\"es\",\"@id\":\"https:\\\/\\\/secure.gravatar.com\\\/avatar\\\/3ea2118a5f7dad2b7138b1187a6b7ee55f160b9968b66013c3a3ef39dd7e5798?s=96&d=mm&r=g\",\"url\":\"https:\\\/\\\/secure.gravatar.com\\\/avatar\\\/3ea2118a5f7dad2b7138b1187a6b7ee55f160b9968b66013c3a3ef39dd7e5798?s=96&d=mm&r=g\",\"contentUrl\":\"https:\\\/\\\/secure.gravatar.com\\\/avatar\\\/3ea2118a5f7dad2b7138b1187a6b7ee55f160b9968b66013c3a3ef39dd7e5798?s=96&d=mm&r=g\",\"caption\":\"Jeanette\"},\"sameAs\":[\"https:\\\/\\\/www.eldiario.net\\\/portal\"],\"url\":\"https:\\\/\\\/www.eldiario.net\\\/portal\\\/author\\\/jeanette\\\/\"}]}<\/script>\n<!-- \/ Yoast SEO plugin. -->","yoast_head_json":{"title":"Entr\u00f3 en funcionamiento Tren Metropolitano en Cochabamba - El Diario - Bolivia","robots":{"index":"index","follow":"follow","max-snippet":"max-snippet:-1","max-image-preview":"max-image-preview:large","max-video-preview":"max-video-preview:-1"},"canonical":"https:\/\/www.eldiario.net\/portal\/2022\/09\/14\/entro-en-funcionamiento-tren-metropolitano-en-cochabamba\/","og_locale":"es_ES","og_type":"article","og_title":"Entr\u00f3 en funcionamiento Tren Metropolitano en Cochabamba - El Diario - Bolivia","og_description":"El Tren Metropolitano empieza a operar en la capital del Valle y el servicio ser\u00e1 gratuito temporalmente. La inauguraci\u00f3n de las l\u00edneas roja y verde, realizada este martes, estuvo a cargo del presidente Luis Arce, quien junto al ministro Edgar Monta\u00f1o y el gobernador Humberto S\u00e1nchez, sostuvo que Cochabamba ingresa a uno de los sistemas [&hellip;]","og_url":"https:\/\/www.eldiario.net\/portal\/2022\/09\/14\/entro-en-funcionamiento-tren-metropolitano-en-cochabamba\/","og_site_name":"El Diario - Bolivia","article_publisher":"https:\/\/www.facebook.com\/eldiario.bolivia\/","article_published_time":"2022-09-14T09:56:57+00:00","author":"Jeanette","twitter_card":"summary_large_image","twitter_creator":"@eldiario_net","twitter_site":"@eldiario_net","twitter_misc":{"Escrito por":"Jeanette","Tiempo de lectura":"2 minutos"},"schema":{"@context":"https:\/\/schema.org","@graph":[{"@type":"Article","@id":"https:\/\/www.eldiario.net\/portal\/2022\/09\/14\/entro-en-funcionamiento-tren-metropolitano-en-cochabamba\/#article","isPartOf":{"@id":"https:\/\/www.eldiario.net\/portal\/2022\/09\/14\/entro-en-funcionamiento-tren-metropolitano-en-cochabamba\/"},"author":{"name":"Jeanette","@id":"https:\/\/www.eldiario.net\/portal\/#\/schema\/person\/2c57cf2b7a7ae032e449e4c9b1019eac"},"headline":"Entr\u00f3 en funcionamiento Tren Metropolitano en Cochabamba","datePublished":"2022-09-14T09:56:57+00:00","mainEntityOfPage":{"@id":"https:\/\/www.eldiario.net\/portal\/2022\/09\/14\/entro-en-funcionamiento-tren-metropolitano-en-cochabamba\/"},"wordCount":432,"publisher":{"@id":"https:\/\/www.eldiario.net\/portal\/#organization"},"image":{"@id":"https:\/\/www.eldiario.net\/portal\/2022\/09\/14\/entro-en-funcionamiento-tren-metropolitano-en-cochabamba\/#primaryimage"},"thumbnailUrl":"","articleSection":["Econom\u00eda"],"inLanguage":"es"},{"@type":"WebPage","@id":"https:\/\/www.eldiario.net\/portal\/2022\/09\/14\/entro-en-funcionamiento-tren-metropolitano-en-cochabamba\/","url":"https:\/\/www.eldiario.net\/portal\/2022\/09\/14\/entro-en-funcionamiento-tren-metropolitano-en-cochabamba\/","name":"Entr\u00f3 en funcionamiento Tren Metropolitano en Cochabamba - El Diario - Bolivia","isPartOf":{"@id":"https:\/\/www.eldiario.net\/portal\/#website"},"primaryImageOfPage":{"@id":"https:\/\/www.eldiario.net\/portal\/2022\/09\/14\/entro-en-funcionamiento-tren-metropolitano-en-cochabamba\/#primaryimage"},"image":{"@id":"https:\/\/www.eldiario.net\/portal\/2022\/09\/14\/entro-en-funcionamiento-tren-metropolitano-en-cochabamba\/#primaryimage"},"thumbnailUrl":"","datePublished":"2022-09-14T09:56:57+00:00","breadcrumb":{"@id":"https:\/\/www.eldiario.net\/portal\/2022\/09\/14\/entro-en-funcionamiento-tren-metropolitano-en-cochabamba\/#breadcrumb"},"inLanguage":"es","potentialAction":[{"@type":"ReadAction","target":["https:\/\/www.eldiario.net\/portal\/2022\/09\/14\/entro-en-funcionamiento-tren-metropolitano-en-cochabamba\/"]}]},{"@type":"ImageObject","inLanguage":"es","@id":"https:\/\/www.eldiario.net\/portal\/2022\/09\/14\/entro-en-funcionamiento-tren-metropolitano-en-cochabamba\/#primaryimage","url":"","contentUrl":""},{"@type":"BreadcrumbList","@id":"https:\/\/www.eldiario.net\/portal\/2022\/09\/14\/entro-en-funcionamiento-tren-metropolitano-en-cochabamba\/#breadcrumb","itemListElement":[{"@type":"ListItem","position":1,"name":"Portada","item":"https:\/\/www.eldiario.net\/portal\/"},{"@type":"ListItem","position":2,"name":"Entr\u00f3 en funcionamiento Tren Metropolitano en Cochabamba"}]},{"@type":"WebSite","@id":"https:\/\/www.eldiario.net\/portal\/#website","url":"https:\/\/www.eldiario.net\/portal\/","name":"El Diario - Decano de la prensa nacional","description":"El Diario - Decano de la prensa nacional","publisher":{"@id":"https:\/\/www.eldiario.net\/portal\/#organization"},"potentialAction":[{"@type":"SearchAction","target":{"@type":"EntryPoint","urlTemplate":"https:\/\/www.eldiario.net\/portal\/?s={search_term_string}"},"query-input":{"@type":"PropertyValueSpecification","valueRequired":true,"valueName":"search_term_string"}}],"inLanguage":"es"},{"@type":"Organization","@id":"https:\/\/www.eldiario.net\/portal\/#organization","name":"El Diario - Decano de la prensa nacional","url":"https:\/\/www.eldiario.net\/portal\/","logo":{"@type":"ImageObject","inLanguage":"es","@id":"https:\/\/www.eldiario.net\/portal\/#\/schema\/logo\/image\/","url":"https:\/\/www.eldiario.net\/portal\/wp-content\/uploads\/2023\/07\/logo_ED.jpg","contentUrl":"https:\/\/www.eldiario.net\/portal\/wp-content\/uploads\/2023\/07\/logo_ED.jpg","width":272,"height":52,"caption":"El Diario - Decano de la prensa nacional"},"image":{"@id":"https:\/\/www.eldiario.net\/portal\/#\/schema\/logo\/image\/"},"sameAs":["https:\/\/www.facebook.com\/eldiario.bolivia\/","https:\/\/x.com\/eldiario_net"]},{"@type":"Person","@id":"https:\/\/www.eldiario.net\/portal\/#\/schema\/person\/2c57cf2b7a7ae032e449e4c9b1019eac","name":"Jeanette","image":{"@type":"ImageObject","inLanguage":"es","@id":"https:\/\/secure.gravatar.com\/avatar\/3ea2118a5f7dad2b7138b1187a6b7ee55f160b9968b66013c3a3ef39dd7e5798?s=96&d=mm&r=g","url":"https:\/\/secure.gravatar.com\/avatar\/3ea2118a5f7dad2b7138b1187a6b7ee55f160b9968b66013c3a3ef39dd7e5798?s=96&d=mm&r=g","contentUrl":"https:\/\/secure.gravatar.com\/avatar\/3ea2118a5f7dad2b7138b1187a6b7ee55f160b9968b66013c3a3ef39dd7e5798?s=96&d=mm&r=g","caption":"Jeanette"},"sameAs":["https:\/\/www.eldiario.net\/portal"],"url":"https:\/\/www.eldiario.net\/portal\/author\/jeanette\/"}]}},"_links":{"self":[{"href":"https:\/\/www.eldiario.net\/portal\/wp-json\/wp\/v2\/posts\/110599","targetHints":{"allow":["GET"]}}],"collection":[{"href":"https:\/\/www.eldiario.net\/portal\/wp-json\/wp\/v2\/posts"}],"about":[{"href":"https:\/\/www.eldiario.net\/portal\/wp-json\/wp\/v2\/types\/post"}],"author":[{"embeddable":true,"href":"https:\/\/www.eldiario.net\/portal\/wp-json\/wp\/v2\/users\/1"}],"replies":[{"embeddable":true,"href":"https:\/\/www.eldiario.net\/portal\/wp-json\/wp\/v2\/comments?post=110599"}],"version-history":[{"count":0,"href":"https:\/\/www.eldiario.net\/portal\/wp-json\/wp\/v2\/posts\/110599\/revisions"}],"wp:attachment":[{"href":"https:\/\/www.eldiario.net\/portal\/wp-json\/wp\/v2\/media?parent=110599"}],"wp:term":[{"taxonomy":"category","embeddable":true,"href":"https:\/\/www.eldiario.net\/portal\/wp-json\/wp\/v2\/categories?post=110599"},{"taxonomy":"post_tag","embeddable":true,"href":"https:\/\/www.eldiario.net\/portal\/wp-json\/wp\/v2\/tags?post=110599"}],"curies":[{"name":"wp","href":"https:\/\/api.w.org\/{rel}","templated":true}]}}