{"id":110595,"date":"2022-09-14T05:54:32","date_gmt":"2022-09-14T09:54:32","guid":{"rendered":"https:\/\/www.eldiario.net\/portal\/?p=110595"},"modified":"2022-09-14T05:54:32","modified_gmt":"2022-09-14T09:54:32","slug":"carlos-iii-subraya-compromiso-con-irlanda-del-norte-en-visita-a-belfast","status":"publish","type":"post","link":"https:\/\/www.eldiario.net\/portal\/2022\/09\/14\/carlos-iii-subraya-compromiso-con-irlanda-del-norte-en-visita-a-belfast\/","title":{"rendered":"Carlos III subraya compromiso con  Irlanda del Norte en visita a Belfast"},"content":{"rendered":"<p>El presidente de la Asamblea de Irlanda del Norte, Alex Maskey, un hist\u00f3rico del IRA y del Sinn F\u00e9in, ha expresado sus condolencias a Carlos III en nombre de la instituci\u00f3n y del pueblo norirland\u00e9s.<br \/>\nR. Unido.- El rey Carlos III ha prometido en Belfast recoger el testigo de su madre, Isabel II, tambi\u00e9n en lo referente a los compromisos de la corona con Irlanda del Norte, un territorio marcado durante d\u00e9cadas por un conflicto que, a\u00fan hoy, sigue reflej\u00e1ndose en las claras divisiones pol\u00edticas y sociales.<br \/>\nEl nuevo monarca ha proseguido por Belfast la gira emprendida tras el fallecimiento de Isabel II, en un gesto protocolario que sirve tambi\u00e9n como aval hacia la nueva etapa. As\u00ed, en un discurso ante diputados, se ha comprometido a seguir el \u201cbrillante ejemplo\u201d de su madre y a trabajar en aras \u201cdel bienestar de todos los habitantes de Irlanda del Norte\u201d.<br \/>\n\u201cEn los a\u00f1os transcurridos desde que comenz\u00f3 su larga vida de servicio p\u00fablico, mi madre vio a Irlanda del Norte pasar por cambios hist\u00f3ricos\u201d, ha dicho el nuevo monarca, quien ha recordado que tambi\u00e9n su familia sinti\u00f3 como propias las \u201cpenas\u201d de este territorio.<br \/>\nEl presidente de la Asamblea de Irlanda del Norte, Alex Maskey, un hist\u00f3rico del IRA y del Sinn F\u00e9in, ha expresado sus condolencias a Carlos III en nombre de la instituci\u00f3n y del pueblo norirland\u00e9s, destacando que su madre no hab\u00eda sido \u201cuna observadora distante\u201d de la transformaci\u00f3n vivida.<br \/>\nLa reina, ha a\u00f1adido, \u201cdemostr\u00f3 personalmente c\u00f3mo las acciones individuales pueden ayudar a derribar barreras y alentar la reconciliaci\u00f3n\u201d. \u201cDemostr\u00f3 c\u00f3mo un peque\u00f1o pero significativo gesto, una visita, un apret\u00f3n de manos, un cruce de calle o hablar unas pocas palabras en irland\u00e9s pueden marcar una gran diferencia\u201d, ha sostenido.<br \/>\nMaskey tambi\u00e9n ha resaltado lo mucho que ha cambiado Irlanda del Norte desde la primera vez que Isabel II la visit\u00f3, en 1953, hasta la \u00faltima, en 2012, haciendo hincapi\u00e9 en que ahora la Asamblea agrupa a \u201cunionistas, republicanos, nacionalistas\u201d capaces de honrar en conjunto la memoria de la difunta reina.<br \/>\nLos actos oficiales se han trasladado a continuaci\u00f3n a la catedral de Santa Ana, donde ha tenido lugar una nueva misa en memoria de Isabel II con presencia de la primera ministra de Reino Unido, Liz Truss, y tambi\u00e9n de las principales autoridades de Irlanda, entre ellas el presidente, Michael D. Higgins, y el primer ministro, Miche\u00e1l Martin.<br \/>\nUNIONISTAS Y NACIONALISTAS<br \/>\nIrlanda del Norte carece de un gobierno efectivo desde las elecciones de mayo, a pesar de que del acuerdo pol\u00edtico depende en gran medida el cumplimiento de los Acuerdos de Viernes Santo que pusieron fin al conflicto en 1998.<br \/>\nEn los \u00faltimos comicios, alrededor del 42 por ciento de los votantes optaron por opciones de \u00edndole unionista, que abogan por que Irlanda del Norte siga formando parte de Reino Unido y tienen, en l\u00edneas generales, un sentimiento de mayor afinidad hacia la monarqu\u00eda que ahora representar\u00e1 Carlos III.<br \/>\nLos nacionalistas, en cambio, quieren la integraci\u00f3n del territorio en Irlanda y aglutinaron un 40 por ciento de los sufragios en mayo. Su principal exponente es el Sinn F\u00e9in, que se ausent\u00f3 el domingo de la ceremonia formal organizada en Belfast para proclamar al nuevo rey.<br \/>\nCarlos III se ha visto con el l\u00edder del Partido Unionista Democr\u00e1tico (DUP), Jeffrey Donaldson, y con la vicepresidenta del Sinn F\u00e9in, Michelle O\u2019Neill, quien ha reconocido la labor de la reina en favor de la \u201creconciliaci\u00f3n\u201d. (Europa Press).<\/p>\n","protected":false},"excerpt":{"rendered":"<p>El presidente de la Asamblea de Irlanda del Norte, Alex Maskey, un hist\u00f3rico del IRA y del Sinn F\u00e9in, ha expresado sus condolencias a Carlos III en nombre de la instituci\u00f3n y del pueblo norirland\u00e9s. R. Unido.- El rey Carlos III ha prometido en Belfast recoger el testigo de su madre, Isabel II, tambi\u00e9n en [&hellip;]<\/p>\n","protected":false},"author":1,"featured_media":110596,"comment_status":"closed","ping_status":"closed","sticky":false,"template":"","format":"standard","meta":{"_acf_changed":false,"footnotes":""},"categories":[3],"tags":[],"class_list":["post-110595","post","type-post","status-publish","format-standard","has-post-thumbnail","category-internacional"],"acf":{"antetitulo":""},"yoast_head":"<!-- This site is optimized with the Yoast SEO plugin v28.4 - https:\/\/yoast.com\/product\/yoast-seo-wordpress\/ -->\n<title>Carlos III subraya compromiso con Irlanda del Norte en visita a Belfast - El Diario - Bolivia<\/title>\n<meta name=\"robots\" content=\"index, follow, max-snippet:-1, max-image-preview:large, max-video-preview:-1\" \/>\n<link rel=\"canonical\" href=\"https:\/\/www.eldiario.net\/portal\/2022\/09\/14\/carlos-iii-subraya-compromiso-con-irlanda-del-norte-en-visita-a-belfast\/\" \/>\n<meta property=\"og:locale\" content=\"es_ES\" \/>\n<meta property=\"og:type\" content=\"article\" \/>\n<meta property=\"og:title\" content=\"Carlos III subraya compromiso con Irlanda del Norte en visita a Belfast - El Diario - Bolivia\" \/>\n<meta property=\"og:description\" content=\"El presidente de la Asamblea de Irlanda del Norte, Alex Maskey, un hist\u00f3rico del IRA y del Sinn F\u00e9in, ha expresado sus condolencias a Carlos III en nombre de la instituci\u00f3n y del pueblo norirland\u00e9s. R. Unido.- El rey Carlos III ha prometido en Belfast recoger el testigo de su madre, Isabel II, tambi\u00e9n en [&hellip;]\" \/>\n<meta property=\"og:url\" content=\"https:\/\/www.eldiario.net\/portal\/2022\/09\/14\/carlos-iii-subraya-compromiso-con-irlanda-del-norte-en-visita-a-belfast\/\" \/>\n<meta property=\"og:site_name\" content=\"El Diario - Bolivia\" \/>\n<meta property=\"article:publisher\" content=\"https:\/\/www.facebook.com\/eldiario.bolivia\/\" \/>\n<meta property=\"article:published_time\" content=\"2022-09-14T09:54:32+00:00\" \/>\n<meta name=\"author\" content=\"Jeanette\" \/>\n<meta name=\"twitter:card\" content=\"summary_large_image\" \/>\n<meta name=\"twitter:creator\" content=\"@eldiario_net\" \/>\n<meta name=\"twitter:site\" content=\"@eldiario_net\" \/>\n<meta name=\"twitter:label1\" content=\"Escrito por\" \/>\n\t<meta name=\"twitter:data1\" content=\"Jeanette\" \/>\n\t<meta name=\"twitter:label2\" content=\"Tiempo de lectura\" \/>\n\t<meta name=\"twitter:data2\" content=\"3 minutos\" \/>\n<script type=\"application\/ld+json\" class=\"yoast-schema-graph\">{\"@context\":\"https:\\\/\\\/schema.org\",\"@graph\":[{\"@type\":\"Article\",\"@id\":\"https:\\\/\\\/www.eldiario.net\\\/portal\\\/2022\\\/09\\\/14\\\/carlos-iii-subraya-compromiso-con-irlanda-del-norte-en-visita-a-belfast\\\/#article\",\"isPartOf\":{\"@id\":\"https:\\\/\\\/www.eldiario.net\\\/portal\\\/2022\\\/09\\\/14\\\/carlos-iii-subraya-compromiso-con-irlanda-del-norte-en-visita-a-belfast\\\/\"},\"author\":{\"name\":\"Jeanette\",\"@id\":\"https:\\\/\\\/www.eldiario.net\\\/portal\\\/#\\\/schema\\\/person\\\/2c57cf2b7a7ae032e449e4c9b1019eac\"},\"headline\":\"Carlos III subraya compromiso con Irlanda del Norte en visita a Belfast\",\"datePublished\":\"2022-09-14T09:54:32+00:00\",\"mainEntityOfPage\":{\"@id\":\"https:\\\/\\\/www.eldiario.net\\\/portal\\\/2022\\\/09\\\/14\\\/carlos-iii-subraya-compromiso-con-irlanda-del-norte-en-visita-a-belfast\\\/\"},\"wordCount\":625,\"publisher\":{\"@id\":\"https:\\\/\\\/www.eldiario.net\\\/portal\\\/#organization\"},\"image\":{\"@id\":\"https:\\\/\\\/www.eldiario.net\\\/portal\\\/2022\\\/09\\\/14\\\/carlos-iii-subraya-compromiso-con-irlanda-del-norte-en-visita-a-belfast\\\/#primaryimage\"},\"thumbnailUrl\":\"\",\"articleSection\":[\"Internacional\"],\"inLanguage\":\"es\"},{\"@type\":\"WebPage\",\"@id\":\"https:\\\/\\\/www.eldiario.net\\\/portal\\\/2022\\\/09\\\/14\\\/carlos-iii-subraya-compromiso-con-irlanda-del-norte-en-visita-a-belfast\\\/\",\"url\":\"https:\\\/\\\/www.eldiario.net\\\/portal\\\/2022\\\/09\\\/14\\\/carlos-iii-subraya-compromiso-con-irlanda-del-norte-en-visita-a-belfast\\\/\",\"name\":\"Carlos III subraya compromiso con Irlanda del Norte en visita a Belfast - El Diario - Bolivia\",\"isPartOf\":{\"@id\":\"https:\\\/\\\/www.eldiario.net\\\/portal\\\/#website\"},\"primaryImageOfPage\":{\"@id\":\"https:\\\/\\\/www.eldiario.net\\\/portal\\\/2022\\\/09\\\/14\\\/carlos-iii-subraya-compromiso-con-irlanda-del-norte-en-visita-a-belfast\\\/#primaryimage\"},\"image\":{\"@id\":\"https:\\\/\\\/www.eldiario.net\\\/portal\\\/2022\\\/09\\\/14\\\/carlos-iii-subraya-compromiso-con-irlanda-del-norte-en-visita-a-belfast\\\/#primaryimage\"},\"thumbnailUrl\":\"\",\"datePublished\":\"2022-09-14T09:54:32+00:00\",\"breadcrumb\":{\"@id\":\"https:\\\/\\\/www.eldiario.net\\\/portal\\\/2022\\\/09\\\/14\\\/carlos-iii-subraya-compromiso-con-irlanda-del-norte-en-visita-a-belfast\\\/#breadcrumb\"},\"inLanguage\":\"es\",\"potentialAction\":[{\"@type\":\"ReadAction\",\"target\":[\"https:\\\/\\\/www.eldiario.net\\\/portal\\\/2022\\\/09\\\/14\\\/carlos-iii-subraya-compromiso-con-irlanda-del-norte-en-visita-a-belfast\\\/\"]}]},{\"@type\":\"ImageObject\",\"inLanguage\":\"es\",\"@id\":\"https:\\\/\\\/www.eldiario.net\\\/portal\\\/2022\\\/09\\\/14\\\/carlos-iii-subraya-compromiso-con-irlanda-del-norte-en-visita-a-belfast\\\/#primaryimage\",\"url\":\"\",\"contentUrl\":\"\"},{\"@type\":\"BreadcrumbList\",\"@id\":\"https:\\\/\\\/www.eldiario.net\\\/portal\\\/2022\\\/09\\\/14\\\/carlos-iii-subraya-compromiso-con-irlanda-del-norte-en-visita-a-belfast\\\/#breadcrumb\",\"itemListElement\":[{\"@type\":\"ListItem\",\"position\":1,\"name\":\"Portada\",\"item\":\"https:\\\/\\\/www.eldiario.net\\\/portal\\\/\"},{\"@type\":\"ListItem\",\"position\":2,\"name\":\"Carlos III subraya compromiso con Irlanda del Norte en visita a Belfast\"}]},{\"@type\":\"WebSite\",\"@id\":\"https:\\\/\\\/www.eldiario.net\\\/portal\\\/#website\",\"url\":\"https:\\\/\\\/www.eldiario.net\\\/portal\\\/\",\"name\":\"El Diario - Decano de la prensa nacional\",\"description\":\"El Diario - Decano de la prensa nacional\",\"publisher\":{\"@id\":\"https:\\\/\\\/www.eldiario.net\\\/portal\\\/#organization\"},\"potentialAction\":[{\"@type\":\"SearchAction\",\"target\":{\"@type\":\"EntryPoint\",\"urlTemplate\":\"https:\\\/\\\/www.eldiario.net\\\/portal\\\/?s={search_term_string}\"},\"query-input\":{\"@type\":\"PropertyValueSpecification\",\"valueRequired\":true,\"valueName\":\"search_term_string\"}}],\"inLanguage\":\"es\"},{\"@type\":\"Organization\",\"@id\":\"https:\\\/\\\/www.eldiario.net\\\/portal\\\/#organization\",\"name\":\"El Diario - Decano de la prensa nacional\",\"url\":\"https:\\\/\\\/www.eldiario.net\\\/portal\\\/\",\"logo\":{\"@type\":\"ImageObject\",\"inLanguage\":\"es\",\"@id\":\"https:\\\/\\\/www.eldiario.net\\\/portal\\\/#\\\/schema\\\/logo\\\/image\\\/\",\"url\":\"https:\\\/\\\/www.eldiario.net\\\/portal\\\/wp-content\\\/uploads\\\/2023\\\/07\\\/logo_ED.jpg\",\"contentUrl\":\"https:\\\/\\\/www.eldiario.net\\\/portal\\\/wp-content\\\/uploads\\\/2023\\\/07\\\/logo_ED.jpg\",\"width\":272,\"height\":52,\"caption\":\"El Diario - Decano de la prensa nacional\"},\"image\":{\"@id\":\"https:\\\/\\\/www.eldiario.net\\\/portal\\\/#\\\/schema\\\/logo\\\/image\\\/\"},\"sameAs\":[\"https:\\\/\\\/www.facebook.com\\\/eldiario.bolivia\\\/\",\"https:\\\/\\\/x.com\\\/eldiario_net\"]},{\"@type\":\"Person\",\"@id\":\"https:\\\/\\\/www.eldiario.net\\\/portal\\\/#\\\/schema\\\/person\\\/2c57cf2b7a7ae032e449e4c9b1019eac\",\"name\":\"Jeanette\",\"image\":{\"@type\":\"ImageObject\",\"inLanguage\":\"es\",\"@id\":\"https:\\\/\\\/secure.gravatar.com\\\/avatar\\\/3ea2118a5f7dad2b7138b1187a6b7ee55f160b9968b66013c3a3ef39dd7e5798?s=96&d=mm&r=g\",\"url\":\"https:\\\/\\\/secure.gravatar.com\\\/avatar\\\/3ea2118a5f7dad2b7138b1187a6b7ee55f160b9968b66013c3a3ef39dd7e5798?s=96&d=mm&r=g\",\"contentUrl\":\"https:\\\/\\\/secure.gravatar.com\\\/avatar\\\/3ea2118a5f7dad2b7138b1187a6b7ee55f160b9968b66013c3a3ef39dd7e5798?s=96&d=mm&r=g\",\"caption\":\"Jeanette\"},\"sameAs\":[\"https:\\\/\\\/www.eldiario.net\\\/portal\"],\"url\":\"https:\\\/\\\/www.eldiario.net\\\/portal\\\/author\\\/jeanette\\\/\"}]}<\/script>\n<!-- \/ Yoast SEO plugin. -->","yoast_head_json":{"title":"Carlos III subraya compromiso con Irlanda del Norte en visita a Belfast - El Diario - Bolivia","robots":{"index":"index","follow":"follow","max-snippet":"max-snippet:-1","max-image-preview":"max-image-preview:large","max-video-preview":"max-video-preview:-1"},"canonical":"https:\/\/www.eldiario.net\/portal\/2022\/09\/14\/carlos-iii-subraya-compromiso-con-irlanda-del-norte-en-visita-a-belfast\/","og_locale":"es_ES","og_type":"article","og_title":"Carlos III subraya compromiso con Irlanda del Norte en visita a Belfast - El Diario - Bolivia","og_description":"El presidente de la Asamblea de Irlanda del Norte, Alex Maskey, un hist\u00f3rico del IRA y del Sinn F\u00e9in, ha expresado sus condolencias a Carlos III en nombre de la instituci\u00f3n y del pueblo norirland\u00e9s. R. Unido.- El rey Carlos III ha prometido en Belfast recoger el testigo de su madre, Isabel II, tambi\u00e9n en [&hellip;]","og_url":"https:\/\/www.eldiario.net\/portal\/2022\/09\/14\/carlos-iii-subraya-compromiso-con-irlanda-del-norte-en-visita-a-belfast\/","og_site_name":"El Diario - Bolivia","article_publisher":"https:\/\/www.facebook.com\/eldiario.bolivia\/","article_published_time":"2022-09-14T09:54:32+00:00","author":"Jeanette","twitter_card":"summary_large_image","twitter_creator":"@eldiario_net","twitter_site":"@eldiario_net","twitter_misc":{"Escrito por":"Jeanette","Tiempo de lectura":"3 minutos"},"schema":{"@context":"https:\/\/schema.org","@graph":[{"@type":"Article","@id":"https:\/\/www.eldiario.net\/portal\/2022\/09\/14\/carlos-iii-subraya-compromiso-con-irlanda-del-norte-en-visita-a-belfast\/#article","isPartOf":{"@id":"https:\/\/www.eldiario.net\/portal\/2022\/09\/14\/carlos-iii-subraya-compromiso-con-irlanda-del-norte-en-visita-a-belfast\/"},"author":{"name":"Jeanette","@id":"https:\/\/www.eldiario.net\/portal\/#\/schema\/person\/2c57cf2b7a7ae032e449e4c9b1019eac"},"headline":"Carlos III subraya compromiso con Irlanda del Norte en visita a Belfast","datePublished":"2022-09-14T09:54:32+00:00","mainEntityOfPage":{"@id":"https:\/\/www.eldiario.net\/portal\/2022\/09\/14\/carlos-iii-subraya-compromiso-con-irlanda-del-norte-en-visita-a-belfast\/"},"wordCount":625,"publisher":{"@id":"https:\/\/www.eldiario.net\/portal\/#organization"},"image":{"@id":"https:\/\/www.eldiario.net\/portal\/2022\/09\/14\/carlos-iii-subraya-compromiso-con-irlanda-del-norte-en-visita-a-belfast\/#primaryimage"},"thumbnailUrl":"","articleSection":["Internacional"],"inLanguage":"es"},{"@type":"WebPage","@id":"https:\/\/www.eldiario.net\/portal\/2022\/09\/14\/carlos-iii-subraya-compromiso-con-irlanda-del-norte-en-visita-a-belfast\/","url":"https:\/\/www.eldiario.net\/portal\/2022\/09\/14\/carlos-iii-subraya-compromiso-con-irlanda-del-norte-en-visita-a-belfast\/","name":"Carlos III subraya compromiso con Irlanda del Norte en visita a Belfast - El Diario - Bolivia","isPartOf":{"@id":"https:\/\/www.eldiario.net\/portal\/#website"},"primaryImageOfPage":{"@id":"https:\/\/www.eldiario.net\/portal\/2022\/09\/14\/carlos-iii-subraya-compromiso-con-irlanda-del-norte-en-visita-a-belfast\/#primaryimage"},"image":{"@id":"https:\/\/www.eldiario.net\/portal\/2022\/09\/14\/carlos-iii-subraya-compromiso-con-irlanda-del-norte-en-visita-a-belfast\/#primaryimage"},"thumbnailUrl":"","datePublished":"2022-09-14T09:54:32+00:00","breadcrumb":{"@id":"https:\/\/www.eldiario.net\/portal\/2022\/09\/14\/carlos-iii-subraya-compromiso-con-irlanda-del-norte-en-visita-a-belfast\/#breadcrumb"},"inLanguage":"es","potentialAction":[{"@type":"ReadAction","target":["https:\/\/www.eldiario.net\/portal\/2022\/09\/14\/carlos-iii-subraya-compromiso-con-irlanda-del-norte-en-visita-a-belfast\/"]}]},{"@type":"ImageObject","inLanguage":"es","@id":"https:\/\/www.eldiario.net\/portal\/2022\/09\/14\/carlos-iii-subraya-compromiso-con-irlanda-del-norte-en-visita-a-belfast\/#primaryimage","url":"","contentUrl":""},{"@type":"BreadcrumbList","@id":"https:\/\/www.eldiario.net\/portal\/2022\/09\/14\/carlos-iii-subraya-compromiso-con-irlanda-del-norte-en-visita-a-belfast\/#breadcrumb","itemListElement":[{"@type":"ListItem","position":1,"name":"Portada","item":"https:\/\/www.eldiario.net\/portal\/"},{"@type":"ListItem","position":2,"name":"Carlos III subraya compromiso con Irlanda del Norte en visita a Belfast"}]},{"@type":"WebSite","@id":"https:\/\/www.eldiario.net\/portal\/#website","url":"https:\/\/www.eldiario.net\/portal\/","name":"El Diario - Decano de la prensa nacional","description":"El Diario - Decano de la prensa nacional","publisher":{"@id":"https:\/\/www.eldiario.net\/portal\/#organization"},"potentialAction":[{"@type":"SearchAction","target":{"@type":"EntryPoint","urlTemplate":"https:\/\/www.eldiario.net\/portal\/?s={search_term_string}"},"query-input":{"@type":"PropertyValueSpecification","valueRequired":true,"valueName":"search_term_string"}}],"inLanguage":"es"},{"@type":"Organization","@id":"https:\/\/www.eldiario.net\/portal\/#organization","name":"El Diario - Decano de la prensa nacional","url":"https:\/\/www.eldiario.net\/portal\/","logo":{"@type":"ImageObject","inLanguage":"es","@id":"https:\/\/www.eldiario.net\/portal\/#\/schema\/logo\/image\/","url":"https:\/\/www.eldiario.net\/portal\/wp-content\/uploads\/2023\/07\/logo_ED.jpg","contentUrl":"https:\/\/www.eldiario.net\/portal\/wp-content\/uploads\/2023\/07\/logo_ED.jpg","width":272,"height":52,"caption":"El Diario - Decano de la prensa nacional"},"image":{"@id":"https:\/\/www.eldiario.net\/portal\/#\/schema\/logo\/image\/"},"sameAs":["https:\/\/www.facebook.com\/eldiario.bolivia\/","https:\/\/x.com\/eldiario_net"]},{"@type":"Person","@id":"https:\/\/www.eldiario.net\/portal\/#\/schema\/person\/2c57cf2b7a7ae032e449e4c9b1019eac","name":"Jeanette","image":{"@type":"ImageObject","inLanguage":"es","@id":"https:\/\/secure.gravatar.com\/avatar\/3ea2118a5f7dad2b7138b1187a6b7ee55f160b9968b66013c3a3ef39dd7e5798?s=96&d=mm&r=g","url":"https:\/\/secure.gravatar.com\/avatar\/3ea2118a5f7dad2b7138b1187a6b7ee55f160b9968b66013c3a3ef39dd7e5798?s=96&d=mm&r=g","contentUrl":"https:\/\/secure.gravatar.com\/avatar\/3ea2118a5f7dad2b7138b1187a6b7ee55f160b9968b66013c3a3ef39dd7e5798?s=96&d=mm&r=g","caption":"Jeanette"},"sameAs":["https:\/\/www.eldiario.net\/portal"],"url":"https:\/\/www.eldiario.net\/portal\/author\/jeanette\/"}]}},"_links":{"self":[{"href":"https:\/\/www.eldiario.net\/portal\/wp-json\/wp\/v2\/posts\/110595","targetHints":{"allow":["GET"]}}],"collection":[{"href":"https:\/\/www.eldiario.net\/portal\/wp-json\/wp\/v2\/posts"}],"about":[{"href":"https:\/\/www.eldiario.net\/portal\/wp-json\/wp\/v2\/types\/post"}],"author":[{"embeddable":true,"href":"https:\/\/www.eldiario.net\/portal\/wp-json\/wp\/v2\/users\/1"}],"replies":[{"embeddable":true,"href":"https:\/\/www.eldiario.net\/portal\/wp-json\/wp\/v2\/comments?post=110595"}],"version-history":[{"count":0,"href":"https:\/\/www.eldiario.net\/portal\/wp-json\/wp\/v2\/posts\/110595\/revisions"}],"wp:attachment":[{"href":"https:\/\/www.eldiario.net\/portal\/wp-json\/wp\/v2\/media?parent=110595"}],"wp:term":[{"taxonomy":"category","embeddable":true,"href":"https:\/\/www.eldiario.net\/portal\/wp-json\/wp\/v2\/categories?post=110595"},{"taxonomy":"post_tag","embeddable":true,"href":"https:\/\/www.eldiario.net\/portal\/wp-json\/wp\/v2\/tags?post=110595"}],"curies":[{"name":"wp","href":"https:\/\/api.w.org\/{rel}","templated":true}]}}