{"id":110592,"date":"2022-09-14T05:53:46","date_gmt":"2022-09-14T09:53:46","guid":{"rendered":"https:\/\/www.eldiario.net\/portal\/?p=110592"},"modified":"2022-09-14T05:53:46","modified_gmt":"2022-09-14T09:53:46","slug":"ue-exige-cese-de-hostilidades-y-se-ofrece-como-mediador","status":"publish","type":"post","link":"https:\/\/www.eldiario.net\/portal\/2022\/09\/14\/ue-exige-cese-de-hostilidades-y-se-ofrece-como-mediador\/","title":{"rendered":"UE exige cese de hostilidades  y se ofrece como mediador"},"content":{"rendered":"<p>Armenia\/Azerbaiy\u00e1n.- La Uni\u00f3n Europea ha exigido ayer el cese de hostilidades entre Armenia y Azerbaiy\u00e1n afirmando que es \u201cimperativo\u201d poner fin a la violencia en la regi\u00f3n del C\u00e1ucaso y volver a la mesa de negociaci\u00f3n.<br \/>\n\u201cCombates serios han sucedido en la frontera durante las \u00faltimas horas y se ha informado de v\u00edctimas mortales. Es imperativo cesar las hostilidades y que se vuelva a la mesa de negociaci\u00f3n\u201d, ha afirmado el Alto Representante de la UE para Pol\u00edtica Exterior, Josep Borrell, en un comunicado, que insiste en que todas las partes vuelvan a sus posiciones previas a la escalada tensiones y se respete el alto el fuego que reinaba hasta ahora.<br \/>\nAdem\u00e1s, la diplomacia comunitaria se compromete a continuar jugando un papel como \u201cmediador honesto\u201d entre Armenia y Azerbaiy\u00e1n para \u201clograr el objetivo com\u00fan de un C\u00e1ucaso seguro, pr\u00f3spero y pac\u00edfico\u201d.<br \/>\nEn este sentido, la oficina de Borrell ha informado de los contactos del presidente del Consejo Europeo, Charles Michel, con los l\u00edderes de ambos pa\u00edses y las correspondientes llamadas del Alto Representante con los ministros de Exteriores armenio y azer\u00ed.<br \/>\nIgualmente, el enviado especial de la UE a la regi\u00f3n, Toivo Klaar, se desplazar\u00e1 \u201cinmediatamente\u201d a ambos pa\u00edses para ayudar a encontrar la forma de rebajar las tensiones y discutir los pr\u00f3ximos pasos en el di\u00e1logo auspiciado por Bruselas.<br \/>\nLos \u00faltimos choques militares en la frontera se han saldado con la muerte de alrededor de 50 militares armenios, seg\u00fan el balance facilitado por Erev\u00e1n que denuncia una ofensiva azer\u00ed.<br \/>\nPAPEL DE MICHEL<br \/>\nEn un mensaje separado en redes sociales, el presidente del Consejo ha pedido un \u201calto el fuego completo y sostenible\u201d. \u201cNo hay alternativa a la paz y la estabilidad y no hay alternativa a la diplomacia para lograr eso\u201d, ha afirmado.<br \/>\nPrecisamente Michel ha jugado un papel de mediador en el conflicto desde 2020 y hace tan solo dos semanas reuni\u00f3 en Bruselas a los l\u00edderes armenio y azer\u00ed para avanzar en los compromisos para la estabilidad en el C\u00e1ucaso.<br \/>\nAsimismo, en el marco de la campa\u00f1a de Bruselas por diversificar los suministradores de energ\u00eda, el ex primer ministro belga ha viajado recientemente a Azerbaiy\u00e1n, donde alab\u00f3 al pa\u00eds como un socio fiable en materia energ\u00e9tica.<br \/>\nArmenia y Azerbaiy\u00e1n protagonizaron un recrudecimiento del conflicto en 2020 por hacerse con el control de Nagorno Karabaj, un territorio con poblaci\u00f3n mayoritariamente armenia que es foco de tensi\u00f3n desde que decidiera separarse en 1988 de la regi\u00f3n de Azerbaiy\u00e1n integrada en la Uni\u00f3n Sovi\u00e9tica. (Europa Press).<\/p>\n","protected":false},"excerpt":{"rendered":"<p>Armenia\/Azerbaiy\u00e1n.- La Uni\u00f3n Europea ha exigido ayer el cese de hostilidades entre Armenia y Azerbaiy\u00e1n afirmando que es \u201cimperativo\u201d poner fin a la violencia en la regi\u00f3n del C\u00e1ucaso y volver a la mesa de negociaci\u00f3n. \u201cCombates serios han sucedido en la frontera durante las \u00faltimas horas y se ha informado de v\u00edctimas mortales. Es [&hellip;]<\/p>\n","protected":false},"author":1,"featured_media":110593,"comment_status":"closed","ping_status":"closed","sticky":false,"template":"","format":"standard","meta":{"_acf_changed":false,"footnotes":""},"categories":[3],"tags":[],"class_list":["post-110592","post","type-post","status-publish","format-standard","has-post-thumbnail","category-internacional"],"acf":{"antetitulo":""},"yoast_head":"<!-- This site is optimized with the Yoast SEO plugin v28.4 - https:\/\/yoast.com\/product\/yoast-seo-wordpress\/ -->\n<title>UE exige cese de hostilidades y se ofrece como mediador - El Diario - Bolivia<\/title>\n<meta name=\"robots\" content=\"index, follow, max-snippet:-1, max-image-preview:large, max-video-preview:-1\" \/>\n<link rel=\"canonical\" href=\"https:\/\/www.eldiario.net\/portal\/2022\/09\/14\/ue-exige-cese-de-hostilidades-y-se-ofrece-como-mediador\/\" \/>\n<meta property=\"og:locale\" content=\"es_ES\" \/>\n<meta property=\"og:type\" content=\"article\" \/>\n<meta property=\"og:title\" content=\"UE exige cese de hostilidades y se ofrece como mediador - El Diario - Bolivia\" \/>\n<meta property=\"og:description\" content=\"Armenia\/Azerbaiy\u00e1n.- La Uni\u00f3n Europea ha exigido ayer el cese de hostilidades entre Armenia y Azerbaiy\u00e1n afirmando que es \u201cimperativo\u201d poner fin a la violencia en la regi\u00f3n del C\u00e1ucaso y volver a la mesa de negociaci\u00f3n. \u201cCombates serios han sucedido en la frontera durante las \u00faltimas horas y se ha informado de v\u00edctimas mortales. Es [&hellip;]\" \/>\n<meta property=\"og:url\" content=\"https:\/\/www.eldiario.net\/portal\/2022\/09\/14\/ue-exige-cese-de-hostilidades-y-se-ofrece-como-mediador\/\" \/>\n<meta property=\"og:site_name\" content=\"El Diario - Bolivia\" \/>\n<meta property=\"article:publisher\" content=\"https:\/\/www.facebook.com\/eldiario.bolivia\/\" \/>\n<meta property=\"article:published_time\" content=\"2022-09-14T09:53:46+00:00\" \/>\n<meta name=\"author\" content=\"Jeanette\" \/>\n<meta name=\"twitter:card\" content=\"summary_large_image\" \/>\n<meta name=\"twitter:creator\" content=\"@eldiario_net\" \/>\n<meta name=\"twitter:site\" content=\"@eldiario_net\" \/>\n<meta name=\"twitter:label1\" content=\"Escrito por\" \/>\n\t<meta name=\"twitter:data1\" content=\"Jeanette\" \/>\n\t<meta name=\"twitter:label2\" content=\"Tiempo de lectura\" \/>\n\t<meta name=\"twitter:data2\" content=\"2 minutos\" \/>\n<script type=\"application\/ld+json\" class=\"yoast-schema-graph\">{\"@context\":\"https:\\\/\\\/schema.org\",\"@graph\":[{\"@type\":\"Article\",\"@id\":\"https:\\\/\\\/www.eldiario.net\\\/portal\\\/2022\\\/09\\\/14\\\/ue-exige-cese-de-hostilidades-y-se-ofrece-como-mediador\\\/#article\",\"isPartOf\":{\"@id\":\"https:\\\/\\\/www.eldiario.net\\\/portal\\\/2022\\\/09\\\/14\\\/ue-exige-cese-de-hostilidades-y-se-ofrece-como-mediador\\\/\"},\"author\":{\"name\":\"Jeanette\",\"@id\":\"https:\\\/\\\/www.eldiario.net\\\/portal\\\/#\\\/schema\\\/person\\\/2c57cf2b7a7ae032e449e4c9b1019eac\"},\"headline\":\"UE exige cese de hostilidades y se ofrece como mediador\",\"datePublished\":\"2022-09-14T09:53:46+00:00\",\"mainEntityOfPage\":{\"@id\":\"https:\\\/\\\/www.eldiario.net\\\/portal\\\/2022\\\/09\\\/14\\\/ue-exige-cese-de-hostilidades-y-se-ofrece-como-mediador\\\/\"},\"wordCount\":461,\"publisher\":{\"@id\":\"https:\\\/\\\/www.eldiario.net\\\/portal\\\/#organization\"},\"image\":{\"@id\":\"https:\\\/\\\/www.eldiario.net\\\/portal\\\/2022\\\/09\\\/14\\\/ue-exige-cese-de-hostilidades-y-se-ofrece-como-mediador\\\/#primaryimage\"},\"thumbnailUrl\":\"\",\"articleSection\":[\"Internacional\"],\"inLanguage\":\"es\"},{\"@type\":\"WebPage\",\"@id\":\"https:\\\/\\\/www.eldiario.net\\\/portal\\\/2022\\\/09\\\/14\\\/ue-exige-cese-de-hostilidades-y-se-ofrece-como-mediador\\\/\",\"url\":\"https:\\\/\\\/www.eldiario.net\\\/portal\\\/2022\\\/09\\\/14\\\/ue-exige-cese-de-hostilidades-y-se-ofrece-como-mediador\\\/\",\"name\":\"UE exige cese de hostilidades y se ofrece como mediador - El Diario - Bolivia\",\"isPartOf\":{\"@id\":\"https:\\\/\\\/www.eldiario.net\\\/portal\\\/#website\"},\"primaryImageOfPage\":{\"@id\":\"https:\\\/\\\/www.eldiario.net\\\/portal\\\/2022\\\/09\\\/14\\\/ue-exige-cese-de-hostilidades-y-se-ofrece-como-mediador\\\/#primaryimage\"},\"image\":{\"@id\":\"https:\\\/\\\/www.eldiario.net\\\/portal\\\/2022\\\/09\\\/14\\\/ue-exige-cese-de-hostilidades-y-se-ofrece-como-mediador\\\/#primaryimage\"},\"thumbnailUrl\":\"\",\"datePublished\":\"2022-09-14T09:53:46+00:00\",\"breadcrumb\":{\"@id\":\"https:\\\/\\\/www.eldiario.net\\\/portal\\\/2022\\\/09\\\/14\\\/ue-exige-cese-de-hostilidades-y-se-ofrece-como-mediador\\\/#breadcrumb\"},\"inLanguage\":\"es\",\"potentialAction\":[{\"@type\":\"ReadAction\",\"target\":[\"https:\\\/\\\/www.eldiario.net\\\/portal\\\/2022\\\/09\\\/14\\\/ue-exige-cese-de-hostilidades-y-se-ofrece-como-mediador\\\/\"]}]},{\"@type\":\"ImageObject\",\"inLanguage\":\"es\",\"@id\":\"https:\\\/\\\/www.eldiario.net\\\/portal\\\/2022\\\/09\\\/14\\\/ue-exige-cese-de-hostilidades-y-se-ofrece-como-mediador\\\/#primaryimage\",\"url\":\"\",\"contentUrl\":\"\"},{\"@type\":\"BreadcrumbList\",\"@id\":\"https:\\\/\\\/www.eldiario.net\\\/portal\\\/2022\\\/09\\\/14\\\/ue-exige-cese-de-hostilidades-y-se-ofrece-como-mediador\\\/#breadcrumb\",\"itemListElement\":[{\"@type\":\"ListItem\",\"position\":1,\"name\":\"Portada\",\"item\":\"https:\\\/\\\/www.eldiario.net\\\/portal\\\/\"},{\"@type\":\"ListItem\",\"position\":2,\"name\":\"UE exige cese de hostilidades y se ofrece como mediador\"}]},{\"@type\":\"WebSite\",\"@id\":\"https:\\\/\\\/www.eldiario.net\\\/portal\\\/#website\",\"url\":\"https:\\\/\\\/www.eldiario.net\\\/portal\\\/\",\"name\":\"El Diario - Decano de la prensa nacional\",\"description\":\"El Diario - Decano de la prensa nacional\",\"publisher\":{\"@id\":\"https:\\\/\\\/www.eldiario.net\\\/portal\\\/#organization\"},\"potentialAction\":[{\"@type\":\"SearchAction\",\"target\":{\"@type\":\"EntryPoint\",\"urlTemplate\":\"https:\\\/\\\/www.eldiario.net\\\/portal\\\/?s={search_term_string}\"},\"query-input\":{\"@type\":\"PropertyValueSpecification\",\"valueRequired\":true,\"valueName\":\"search_term_string\"}}],\"inLanguage\":\"es\"},{\"@type\":\"Organization\",\"@id\":\"https:\\\/\\\/www.eldiario.net\\\/portal\\\/#organization\",\"name\":\"El Diario - Decano de la prensa nacional\",\"url\":\"https:\\\/\\\/www.eldiario.net\\\/portal\\\/\",\"logo\":{\"@type\":\"ImageObject\",\"inLanguage\":\"es\",\"@id\":\"https:\\\/\\\/www.eldiario.net\\\/portal\\\/#\\\/schema\\\/logo\\\/image\\\/\",\"url\":\"https:\\\/\\\/www.eldiario.net\\\/portal\\\/wp-content\\\/uploads\\\/2023\\\/07\\\/logo_ED.jpg\",\"contentUrl\":\"https:\\\/\\\/www.eldiario.net\\\/portal\\\/wp-content\\\/uploads\\\/2023\\\/07\\\/logo_ED.jpg\",\"width\":272,\"height\":52,\"caption\":\"El Diario - Decano de la prensa nacional\"},\"image\":{\"@id\":\"https:\\\/\\\/www.eldiario.net\\\/portal\\\/#\\\/schema\\\/logo\\\/image\\\/\"},\"sameAs\":[\"https:\\\/\\\/www.facebook.com\\\/eldiario.bolivia\\\/\",\"https:\\\/\\\/x.com\\\/eldiario_net\"]},{\"@type\":\"Person\",\"@id\":\"https:\\\/\\\/www.eldiario.net\\\/portal\\\/#\\\/schema\\\/person\\\/2c57cf2b7a7ae032e449e4c9b1019eac\",\"name\":\"Jeanette\",\"image\":{\"@type\":\"ImageObject\",\"inLanguage\":\"es\",\"@id\":\"https:\\\/\\\/secure.gravatar.com\\\/avatar\\\/3ea2118a5f7dad2b7138b1187a6b7ee55f160b9968b66013c3a3ef39dd7e5798?s=96&d=mm&r=g\",\"url\":\"https:\\\/\\\/secure.gravatar.com\\\/avatar\\\/3ea2118a5f7dad2b7138b1187a6b7ee55f160b9968b66013c3a3ef39dd7e5798?s=96&d=mm&r=g\",\"contentUrl\":\"https:\\\/\\\/secure.gravatar.com\\\/avatar\\\/3ea2118a5f7dad2b7138b1187a6b7ee55f160b9968b66013c3a3ef39dd7e5798?s=96&d=mm&r=g\",\"caption\":\"Jeanette\"},\"sameAs\":[\"https:\\\/\\\/www.eldiario.net\\\/portal\"],\"url\":\"https:\\\/\\\/www.eldiario.net\\\/portal\\\/author\\\/jeanette\\\/\"}]}<\/script>\n<!-- \/ Yoast SEO plugin. -->","yoast_head_json":{"title":"UE exige cese de hostilidades y se ofrece como mediador - El Diario - Bolivia","robots":{"index":"index","follow":"follow","max-snippet":"max-snippet:-1","max-image-preview":"max-image-preview:large","max-video-preview":"max-video-preview:-1"},"canonical":"https:\/\/www.eldiario.net\/portal\/2022\/09\/14\/ue-exige-cese-de-hostilidades-y-se-ofrece-como-mediador\/","og_locale":"es_ES","og_type":"article","og_title":"UE exige cese de hostilidades y se ofrece como mediador - El Diario - Bolivia","og_description":"Armenia\/Azerbaiy\u00e1n.- La Uni\u00f3n Europea ha exigido ayer el cese de hostilidades entre Armenia y Azerbaiy\u00e1n afirmando que es \u201cimperativo\u201d poner fin a la violencia en la regi\u00f3n del C\u00e1ucaso y volver a la mesa de negociaci\u00f3n. \u201cCombates serios han sucedido en la frontera durante las \u00faltimas horas y se ha informado de v\u00edctimas mortales. Es [&hellip;]","og_url":"https:\/\/www.eldiario.net\/portal\/2022\/09\/14\/ue-exige-cese-de-hostilidades-y-se-ofrece-como-mediador\/","og_site_name":"El Diario - Bolivia","article_publisher":"https:\/\/www.facebook.com\/eldiario.bolivia\/","article_published_time":"2022-09-14T09:53:46+00:00","author":"Jeanette","twitter_card":"summary_large_image","twitter_creator":"@eldiario_net","twitter_site":"@eldiario_net","twitter_misc":{"Escrito por":"Jeanette","Tiempo de lectura":"2 minutos"},"schema":{"@context":"https:\/\/schema.org","@graph":[{"@type":"Article","@id":"https:\/\/www.eldiario.net\/portal\/2022\/09\/14\/ue-exige-cese-de-hostilidades-y-se-ofrece-como-mediador\/#article","isPartOf":{"@id":"https:\/\/www.eldiario.net\/portal\/2022\/09\/14\/ue-exige-cese-de-hostilidades-y-se-ofrece-como-mediador\/"},"author":{"name":"Jeanette","@id":"https:\/\/www.eldiario.net\/portal\/#\/schema\/person\/2c57cf2b7a7ae032e449e4c9b1019eac"},"headline":"UE exige cese de hostilidades y se ofrece como mediador","datePublished":"2022-09-14T09:53:46+00:00","mainEntityOfPage":{"@id":"https:\/\/www.eldiario.net\/portal\/2022\/09\/14\/ue-exige-cese-de-hostilidades-y-se-ofrece-como-mediador\/"},"wordCount":461,"publisher":{"@id":"https:\/\/www.eldiario.net\/portal\/#organization"},"image":{"@id":"https:\/\/www.eldiario.net\/portal\/2022\/09\/14\/ue-exige-cese-de-hostilidades-y-se-ofrece-como-mediador\/#primaryimage"},"thumbnailUrl":"","articleSection":["Internacional"],"inLanguage":"es"},{"@type":"WebPage","@id":"https:\/\/www.eldiario.net\/portal\/2022\/09\/14\/ue-exige-cese-de-hostilidades-y-se-ofrece-como-mediador\/","url":"https:\/\/www.eldiario.net\/portal\/2022\/09\/14\/ue-exige-cese-de-hostilidades-y-se-ofrece-como-mediador\/","name":"UE exige cese de hostilidades y se ofrece como mediador - El Diario - Bolivia","isPartOf":{"@id":"https:\/\/www.eldiario.net\/portal\/#website"},"primaryImageOfPage":{"@id":"https:\/\/www.eldiario.net\/portal\/2022\/09\/14\/ue-exige-cese-de-hostilidades-y-se-ofrece-como-mediador\/#primaryimage"},"image":{"@id":"https:\/\/www.eldiario.net\/portal\/2022\/09\/14\/ue-exige-cese-de-hostilidades-y-se-ofrece-como-mediador\/#primaryimage"},"thumbnailUrl":"","datePublished":"2022-09-14T09:53:46+00:00","breadcrumb":{"@id":"https:\/\/www.eldiario.net\/portal\/2022\/09\/14\/ue-exige-cese-de-hostilidades-y-se-ofrece-como-mediador\/#breadcrumb"},"inLanguage":"es","potentialAction":[{"@type":"ReadAction","target":["https:\/\/www.eldiario.net\/portal\/2022\/09\/14\/ue-exige-cese-de-hostilidades-y-se-ofrece-como-mediador\/"]}]},{"@type":"ImageObject","inLanguage":"es","@id":"https:\/\/www.eldiario.net\/portal\/2022\/09\/14\/ue-exige-cese-de-hostilidades-y-se-ofrece-como-mediador\/#primaryimage","url":"","contentUrl":""},{"@type":"BreadcrumbList","@id":"https:\/\/www.eldiario.net\/portal\/2022\/09\/14\/ue-exige-cese-de-hostilidades-y-se-ofrece-como-mediador\/#breadcrumb","itemListElement":[{"@type":"ListItem","position":1,"name":"Portada","item":"https:\/\/www.eldiario.net\/portal\/"},{"@type":"ListItem","position":2,"name":"UE exige cese de hostilidades y se ofrece como mediador"}]},{"@type":"WebSite","@id":"https:\/\/www.eldiario.net\/portal\/#website","url":"https:\/\/www.eldiario.net\/portal\/","name":"El Diario - Decano de la prensa nacional","description":"El Diario - Decano de la prensa nacional","publisher":{"@id":"https:\/\/www.eldiario.net\/portal\/#organization"},"potentialAction":[{"@type":"SearchAction","target":{"@type":"EntryPoint","urlTemplate":"https:\/\/www.eldiario.net\/portal\/?s={search_term_string}"},"query-input":{"@type":"PropertyValueSpecification","valueRequired":true,"valueName":"search_term_string"}}],"inLanguage":"es"},{"@type":"Organization","@id":"https:\/\/www.eldiario.net\/portal\/#organization","name":"El Diario - Decano de la prensa nacional","url":"https:\/\/www.eldiario.net\/portal\/","logo":{"@type":"ImageObject","inLanguage":"es","@id":"https:\/\/www.eldiario.net\/portal\/#\/schema\/logo\/image\/","url":"https:\/\/www.eldiario.net\/portal\/wp-content\/uploads\/2023\/07\/logo_ED.jpg","contentUrl":"https:\/\/www.eldiario.net\/portal\/wp-content\/uploads\/2023\/07\/logo_ED.jpg","width":272,"height":52,"caption":"El Diario - Decano de la prensa nacional"},"image":{"@id":"https:\/\/www.eldiario.net\/portal\/#\/schema\/logo\/image\/"},"sameAs":["https:\/\/www.facebook.com\/eldiario.bolivia\/","https:\/\/x.com\/eldiario_net"]},{"@type":"Person","@id":"https:\/\/www.eldiario.net\/portal\/#\/schema\/person\/2c57cf2b7a7ae032e449e4c9b1019eac","name":"Jeanette","image":{"@type":"ImageObject","inLanguage":"es","@id":"https:\/\/secure.gravatar.com\/avatar\/3ea2118a5f7dad2b7138b1187a6b7ee55f160b9968b66013c3a3ef39dd7e5798?s=96&d=mm&r=g","url":"https:\/\/secure.gravatar.com\/avatar\/3ea2118a5f7dad2b7138b1187a6b7ee55f160b9968b66013c3a3ef39dd7e5798?s=96&d=mm&r=g","contentUrl":"https:\/\/secure.gravatar.com\/avatar\/3ea2118a5f7dad2b7138b1187a6b7ee55f160b9968b66013c3a3ef39dd7e5798?s=96&d=mm&r=g","caption":"Jeanette"},"sameAs":["https:\/\/www.eldiario.net\/portal"],"url":"https:\/\/www.eldiario.net\/portal\/author\/jeanette\/"}]}},"_links":{"self":[{"href":"https:\/\/www.eldiario.net\/portal\/wp-json\/wp\/v2\/posts\/110592","targetHints":{"allow":["GET"]}}],"collection":[{"href":"https:\/\/www.eldiario.net\/portal\/wp-json\/wp\/v2\/posts"}],"about":[{"href":"https:\/\/www.eldiario.net\/portal\/wp-json\/wp\/v2\/types\/post"}],"author":[{"embeddable":true,"href":"https:\/\/www.eldiario.net\/portal\/wp-json\/wp\/v2\/users\/1"}],"replies":[{"embeddable":true,"href":"https:\/\/www.eldiario.net\/portal\/wp-json\/wp\/v2\/comments?post=110592"}],"version-history":[{"count":0,"href":"https:\/\/www.eldiario.net\/portal\/wp-json\/wp\/v2\/posts\/110592\/revisions"}],"wp:attachment":[{"href":"https:\/\/www.eldiario.net\/portal\/wp-json\/wp\/v2\/media?parent=110592"}],"wp:term":[{"taxonomy":"category","embeddable":true,"href":"https:\/\/www.eldiario.net\/portal\/wp-json\/wp\/v2\/categories?post=110592"},{"taxonomy":"post_tag","embeddable":true,"href":"https:\/\/www.eldiario.net\/portal\/wp-json\/wp\/v2\/tags?post=110592"}],"curies":[{"name":"wp","href":"https:\/\/api.w.org\/{rel}","templated":true}]}}