{"id":110589,"date":"2022-09-14T05:53:03","date_gmt":"2022-09-14T09:53:03","guid":{"rendered":"https:\/\/www.eldiario.net\/portal\/?p=110589"},"modified":"2022-09-14T05:53:03","modified_gmt":"2022-09-14T09:53:03","slug":"la-inflacion-interanual-de-estados-unidos-cae-menos-de-lo-esperado","status":"publish","type":"post","link":"https:\/\/www.eldiario.net\/portal\/2022\/09\/14\/la-inflacion-interanual-de-estados-unidos-cae-menos-de-lo-esperado\/","title":{"rendered":"La inflaci\u00f3n interanual de Estados  Unidos cae menos de lo esperado"},"content":{"rendered":"<p>La inflaci\u00f3n de Estados Unidos volvi\u00f3 a bajar en agosto, por segundo mes consecutivo, y situ\u00f3 su tasa interanual en el 8,3%, dos d\u00e9cimas menos que en julio, seg\u00fan los datos publicados ayer por la Oficina de Estad\u00edsticas Laborales (BLS).<br \/>\nSin embargo, los precios al consumidor subieron inesperadamente en agosto, ya que el descenso de los precios de la gasolina se vio compensado por el aumento de los costos de los alquileres y los alimentos, lo que da pie a la Reserva Federal a realizar otra fuerte subida de las tasas de inter\u00e9s este mi\u00e9rcoles.<br \/>\nCon respecto al mes anterior, los precios de consumo subieron una d\u00e9cima, despu\u00e9s de haberse mantenido estables en julio.<br \/>\nR\u00e1pidamente, los mercados reaccionaron al informe con bruscas ca\u00eddas, tanto en las bolsas de Europa como en el premarket estadounidense antes de la apertura.<br \/>\n\u201cLos datos de hoy muestran m\u00e1s avances en la reducci\u00f3n de la inflaci\u00f3n global en la econom\u00eda estadounidense. En general, los precios se han mantenido esencialmente planos en nuestro pa\u00eds estos dos \u00faltimos meses\u201d, dijo Joe Biden. Sin embargo, \u201cse necesitar\u00e1 m\u00e1s tiempo y determinaci\u00f3n para bajar la inflaci\u00f3n\u201d, a\u00f1adi\u00f3 el presidente.<br \/>\nLa fuerte bajada de los precios de la gasolina y el abaratamiento de los coches usados frenaron la inflaci\u00f3n por segundo mes consecutivo, aunque muchos otros art\u00edculos subieron de precio, lo que indica que la inflaci\u00f3n sigue siendo una pesada carga para los hogares estadounidenses.<br \/>\nAunque siguen siendo n\u00fameros dolorosamente altos, esta cifra es inferior al 8,5% de julio y al 9,1% de junio, el nivel m\u00e1s alto en cuatro d\u00e9cadas. En t\u00e9rminos mensuales, los precios subieron un 0,1%, tras una lectura plana en julio.<br \/>\nExcluyendo las vol\u00e1tiles categor\u00edas de alimentos y energ\u00eda, los llamados precios b\u00e1sicos subieron un 0,6% de julio a agosto, m\u00e1s de lo que muchos economistas esperaban y una se\u00f1al de la persistencia de la inflaci\u00f3n.<br \/>\nLa inflaci\u00f3n sigue siendo mucho m\u00e1s alta de lo que muchos estadounidenses han experimentado nunca y mantiene la presi\u00f3n sobre la Reserva Federal, el organismo encargado de mantener los precios estables. Se espera que la Fed anuncie la semana que viene otra gran subida de su tipo de inter\u00e9s de referencia, lo que supondr\u00e1 un aumento de los costes de muchos pr\u00e9stamos a consumidores y empresas.<br \/>\nLa inflaci\u00f3n general se est\u00e1 desacelerando a medida que los precios de los bienes retroceden despu\u00e9s de haber subido a principios de este a\u00f1o, en medio de una relajaci\u00f3n de los cuellos de botella en las cadenas de suministro mundiales y un cambio en el gasto hacia los servicios.<br \/>\nLa inflaci\u00f3n ha disparado las facturas de los alimentos, los alquileres y los costes de los servicios p\u00fablicos de las familias, entre otros gastos, infligiendo dificultades a muchos hogares y profundizando el pesimismo sobre la econom\u00eda a pesar del fuerte crecimiento del empleo y el bajo desempleo.<br \/>\nIncluso si la inflaci\u00f3n alcanza su punto m\u00e1ximo, los economistas prev\u00e9n que podr\u00eda tardar dos a\u00f1os o m\u00e1s en volver a acercarse al objetivo anual del 2% de la Reserva Federal. Es probable que el coste de los pisos de alquiler y de otros servicios, como la sanidad, siga subiendo en los pr\u00f3ximos meses.<br \/>\nLos republicanos han tratado de hacer de la inflaci\u00f3n un tema central en las elecciones legislativas de mitad de mandato. Culpan al paquete de est\u00edmulo del presidente Joe Biden, de 1,9 billones de d\u00f3lares, aprobado el a\u00f1o pasado, de gran parte del aumento. Muchos economistas est\u00e1n de acuerdo en general, aunque tambi\u00e9n afirman que las cadenas de suministro atascadas, la invasi\u00f3n rusa de Ucrania y la escasez generalizada de art\u00edculos como los semiconductores han sido factores clave en el aumento de la inflaci\u00f3n. (Infobae).<\/p>\n","protected":false},"excerpt":{"rendered":"<p>La inflaci\u00f3n de Estados Unidos volvi\u00f3 a bajar en agosto, por segundo mes consecutivo, y situ\u00f3 su tasa interanual en el 8,3%, dos d\u00e9cimas menos que en julio, seg\u00fan los datos publicados ayer por la Oficina de Estad\u00edsticas Laborales (BLS). Sin embargo, los precios al consumidor subieron inesperadamente en agosto, ya que el descenso de [&hellip;]<\/p>\n","protected":false},"author":1,"featured_media":110590,"comment_status":"closed","ping_status":"closed","sticky":false,"template":"","format":"standard","meta":{"_acf_changed":false,"footnotes":""},"categories":[3],"tags":[],"class_list":["post-110589","post","type-post","status-publish","format-standard","has-post-thumbnail","category-internacional"],"acf":{"antetitulo":""},"yoast_head":"<!-- This site is optimized with the Yoast SEO plugin v28.4 - https:\/\/yoast.com\/product\/yoast-seo-wordpress\/ -->\n<title>La inflaci\u00f3n interanual de Estados Unidos cae menos de lo esperado - El Diario - Bolivia<\/title>\n<meta name=\"robots\" content=\"index, follow, max-snippet:-1, max-image-preview:large, max-video-preview:-1\" \/>\n<link rel=\"canonical\" href=\"https:\/\/www.eldiario.net\/portal\/2022\/09\/14\/la-inflacion-interanual-de-estados-unidos-cae-menos-de-lo-esperado\/\" \/>\n<meta property=\"og:locale\" content=\"es_ES\" \/>\n<meta property=\"og:type\" content=\"article\" \/>\n<meta property=\"og:title\" content=\"La inflaci\u00f3n interanual de Estados Unidos cae menos de lo esperado - El Diario - Bolivia\" \/>\n<meta property=\"og:description\" content=\"La inflaci\u00f3n de Estados Unidos volvi\u00f3 a bajar en agosto, por segundo mes consecutivo, y situ\u00f3 su tasa interanual en el 8,3%, dos d\u00e9cimas menos que en julio, seg\u00fan los datos publicados ayer por la Oficina de Estad\u00edsticas Laborales (BLS). Sin embargo, los precios al consumidor subieron inesperadamente en agosto, ya que el descenso de [&hellip;]\" \/>\n<meta property=\"og:url\" content=\"https:\/\/www.eldiario.net\/portal\/2022\/09\/14\/la-inflacion-interanual-de-estados-unidos-cae-menos-de-lo-esperado\/\" \/>\n<meta property=\"og:site_name\" content=\"El Diario - Bolivia\" \/>\n<meta property=\"article:publisher\" content=\"https:\/\/www.facebook.com\/eldiario.bolivia\/\" \/>\n<meta property=\"article:published_time\" content=\"2022-09-14T09:53:03+00:00\" \/>\n<meta property=\"og:image\" content=\"https:\/\/www.eldiario.net\/portal\/wp-content\/uploads\/2022\/09\/VENTA.jpg\" \/>\n\t<meta property=\"og:image:width\" content=\"1000\" \/>\n\t<meta property=\"og:image:height\" content=\"666\" \/>\n\t<meta property=\"og:image:type\" content=\"image\/jpeg\" \/>\n<meta name=\"author\" content=\"Jeanette\" \/>\n<meta name=\"twitter:card\" content=\"summary_large_image\" \/>\n<meta name=\"twitter:creator\" content=\"@eldiario_net\" \/>\n<meta name=\"twitter:site\" content=\"@eldiario_net\" \/>\n<meta name=\"twitter:label1\" content=\"Escrito por\" \/>\n\t<meta name=\"twitter:data1\" content=\"Jeanette\" \/>\n\t<meta name=\"twitter:label2\" content=\"Tiempo de lectura\" \/>\n\t<meta name=\"twitter:data2\" content=\"3 minutos\" \/>\n<script type=\"application\/ld+json\" class=\"yoast-schema-graph\">{\"@context\":\"https:\\\/\\\/schema.org\",\"@graph\":[{\"@type\":\"Article\",\"@id\":\"https:\\\/\\\/www.eldiario.net\\\/portal\\\/2022\\\/09\\\/14\\\/la-inflacion-interanual-de-estados-unidos-cae-menos-de-lo-esperado\\\/#article\",\"isPartOf\":{\"@id\":\"https:\\\/\\\/www.eldiario.net\\\/portal\\\/2022\\\/09\\\/14\\\/la-inflacion-interanual-de-estados-unidos-cae-menos-de-lo-esperado\\\/\"},\"author\":{\"name\":\"Jeanette\",\"@id\":\"https:\\\/\\\/www.eldiario.net\\\/portal\\\/#\\\/schema\\\/person\\\/2c57cf2b7a7ae032e449e4c9b1019eac\"},\"headline\":\"La inflaci\u00f3n interanual de Estados Unidos cae menos de lo esperado\",\"datePublished\":\"2022-09-14T09:53:03+00:00\",\"mainEntityOfPage\":{\"@id\":\"https:\\\/\\\/www.eldiario.net\\\/portal\\\/2022\\\/09\\\/14\\\/la-inflacion-interanual-de-estados-unidos-cae-menos-de-lo-esperado\\\/\"},\"wordCount\":676,\"publisher\":{\"@id\":\"https:\\\/\\\/www.eldiario.net\\\/portal\\\/#organization\"},\"image\":{\"@id\":\"https:\\\/\\\/www.eldiario.net\\\/portal\\\/2022\\\/09\\\/14\\\/la-inflacion-interanual-de-estados-unidos-cae-menos-de-lo-esperado\\\/#primaryimage\"},\"thumbnailUrl\":\"https:\\\/\\\/www.eldiario.net\\\/portal\\\/wp-content\\\/uploads\\\/2022\\\/09\\\/VENTA.jpg\",\"articleSection\":[\"Internacional\"],\"inLanguage\":\"es\"},{\"@type\":\"WebPage\",\"@id\":\"https:\\\/\\\/www.eldiario.net\\\/portal\\\/2022\\\/09\\\/14\\\/la-inflacion-interanual-de-estados-unidos-cae-menos-de-lo-esperado\\\/\",\"url\":\"https:\\\/\\\/www.eldiario.net\\\/portal\\\/2022\\\/09\\\/14\\\/la-inflacion-interanual-de-estados-unidos-cae-menos-de-lo-esperado\\\/\",\"name\":\"La inflaci\u00f3n interanual de Estados Unidos cae menos de lo esperado - El Diario - Bolivia\",\"isPartOf\":{\"@id\":\"https:\\\/\\\/www.eldiario.net\\\/portal\\\/#website\"},\"primaryImageOfPage\":{\"@id\":\"https:\\\/\\\/www.eldiario.net\\\/portal\\\/2022\\\/09\\\/14\\\/la-inflacion-interanual-de-estados-unidos-cae-menos-de-lo-esperado\\\/#primaryimage\"},\"image\":{\"@id\":\"https:\\\/\\\/www.eldiario.net\\\/portal\\\/2022\\\/09\\\/14\\\/la-inflacion-interanual-de-estados-unidos-cae-menos-de-lo-esperado\\\/#primaryimage\"},\"thumbnailUrl\":\"https:\\\/\\\/www.eldiario.net\\\/portal\\\/wp-content\\\/uploads\\\/2022\\\/09\\\/VENTA.jpg\",\"datePublished\":\"2022-09-14T09:53:03+00:00\",\"breadcrumb\":{\"@id\":\"https:\\\/\\\/www.eldiario.net\\\/portal\\\/2022\\\/09\\\/14\\\/la-inflacion-interanual-de-estados-unidos-cae-menos-de-lo-esperado\\\/#breadcrumb\"},\"inLanguage\":\"es\",\"potentialAction\":[{\"@type\":\"ReadAction\",\"target\":[\"https:\\\/\\\/www.eldiario.net\\\/portal\\\/2022\\\/09\\\/14\\\/la-inflacion-interanual-de-estados-unidos-cae-menos-de-lo-esperado\\\/\"]}]},{\"@type\":\"ImageObject\",\"inLanguage\":\"es\",\"@id\":\"https:\\\/\\\/www.eldiario.net\\\/portal\\\/2022\\\/09\\\/14\\\/la-inflacion-interanual-de-estados-unidos-cae-menos-de-lo-esperado\\\/#primaryimage\",\"url\":\"https:\\\/\\\/www.eldiario.net\\\/portal\\\/wp-content\\\/uploads\\\/2022\\\/09\\\/VENTA.jpg\",\"contentUrl\":\"https:\\\/\\\/www.eldiario.net\\\/portal\\\/wp-content\\\/uploads\\\/2022\\\/09\\\/VENTA.jpg\",\"width\":1000,\"height\":666,\"caption\":\"LOS PRECIOS AL CONSUMIDOR SUBIERON INESPERADAMENTE EN AGOSTO. infobae\"},{\"@type\":\"BreadcrumbList\",\"@id\":\"https:\\\/\\\/www.eldiario.net\\\/portal\\\/2022\\\/09\\\/14\\\/la-inflacion-interanual-de-estados-unidos-cae-menos-de-lo-esperado\\\/#breadcrumb\",\"itemListElement\":[{\"@type\":\"ListItem\",\"position\":1,\"name\":\"Portada\",\"item\":\"https:\\\/\\\/www.eldiario.net\\\/portal\\\/\"},{\"@type\":\"ListItem\",\"position\":2,\"name\":\"La inflaci\u00f3n interanual de Estados Unidos cae menos de lo esperado\"}]},{\"@type\":\"WebSite\",\"@id\":\"https:\\\/\\\/www.eldiario.net\\\/portal\\\/#website\",\"url\":\"https:\\\/\\\/www.eldiario.net\\\/portal\\\/\",\"name\":\"El Diario - Decano de la prensa nacional\",\"description\":\"El Diario - Decano de la prensa nacional\",\"publisher\":{\"@id\":\"https:\\\/\\\/www.eldiario.net\\\/portal\\\/#organization\"},\"potentialAction\":[{\"@type\":\"SearchAction\",\"target\":{\"@type\":\"EntryPoint\",\"urlTemplate\":\"https:\\\/\\\/www.eldiario.net\\\/portal\\\/?s={search_term_string}\"},\"query-input\":{\"@type\":\"PropertyValueSpecification\",\"valueRequired\":true,\"valueName\":\"search_term_string\"}}],\"inLanguage\":\"es\"},{\"@type\":\"Organization\",\"@id\":\"https:\\\/\\\/www.eldiario.net\\\/portal\\\/#organization\",\"name\":\"El Diario - Decano de la prensa nacional\",\"url\":\"https:\\\/\\\/www.eldiario.net\\\/portal\\\/\",\"logo\":{\"@type\":\"ImageObject\",\"inLanguage\":\"es\",\"@id\":\"https:\\\/\\\/www.eldiario.net\\\/portal\\\/#\\\/schema\\\/logo\\\/image\\\/\",\"url\":\"https:\\\/\\\/www.eldiario.net\\\/portal\\\/wp-content\\\/uploads\\\/2023\\\/07\\\/logo_ED.jpg\",\"contentUrl\":\"https:\\\/\\\/www.eldiario.net\\\/portal\\\/wp-content\\\/uploads\\\/2023\\\/07\\\/logo_ED.jpg\",\"width\":272,\"height\":52,\"caption\":\"El Diario - Decano de la prensa nacional\"},\"image\":{\"@id\":\"https:\\\/\\\/www.eldiario.net\\\/portal\\\/#\\\/schema\\\/logo\\\/image\\\/\"},\"sameAs\":[\"https:\\\/\\\/www.facebook.com\\\/eldiario.bolivia\\\/\",\"https:\\\/\\\/x.com\\\/eldiario_net\"]},{\"@type\":\"Person\",\"@id\":\"https:\\\/\\\/www.eldiario.net\\\/portal\\\/#\\\/schema\\\/person\\\/2c57cf2b7a7ae032e449e4c9b1019eac\",\"name\":\"Jeanette\",\"image\":{\"@type\":\"ImageObject\",\"inLanguage\":\"es\",\"@id\":\"https:\\\/\\\/secure.gravatar.com\\\/avatar\\\/3ea2118a5f7dad2b7138b1187a6b7ee55f160b9968b66013c3a3ef39dd7e5798?s=96&d=mm&r=g\",\"url\":\"https:\\\/\\\/secure.gravatar.com\\\/avatar\\\/3ea2118a5f7dad2b7138b1187a6b7ee55f160b9968b66013c3a3ef39dd7e5798?s=96&d=mm&r=g\",\"contentUrl\":\"https:\\\/\\\/secure.gravatar.com\\\/avatar\\\/3ea2118a5f7dad2b7138b1187a6b7ee55f160b9968b66013c3a3ef39dd7e5798?s=96&d=mm&r=g\",\"caption\":\"Jeanette\"},\"sameAs\":[\"https:\\\/\\\/www.eldiario.net\\\/portal\"],\"url\":\"https:\\\/\\\/www.eldiario.net\\\/portal\\\/author\\\/jeanette\\\/\"}]}<\/script>\n<!-- \/ Yoast SEO plugin. -->","yoast_head_json":{"title":"La inflaci\u00f3n interanual de Estados Unidos cae menos de lo esperado - El Diario - Bolivia","robots":{"index":"index","follow":"follow","max-snippet":"max-snippet:-1","max-image-preview":"max-image-preview:large","max-video-preview":"max-video-preview:-1"},"canonical":"https:\/\/www.eldiario.net\/portal\/2022\/09\/14\/la-inflacion-interanual-de-estados-unidos-cae-menos-de-lo-esperado\/","og_locale":"es_ES","og_type":"article","og_title":"La inflaci\u00f3n interanual de Estados Unidos cae menos de lo esperado - El Diario - Bolivia","og_description":"La inflaci\u00f3n de Estados Unidos volvi\u00f3 a bajar en agosto, por segundo mes consecutivo, y situ\u00f3 su tasa interanual en el 8,3%, dos d\u00e9cimas menos que en julio, seg\u00fan los datos publicados ayer por la Oficina de Estad\u00edsticas Laborales (BLS). Sin embargo, los precios al consumidor subieron inesperadamente en agosto, ya que el descenso de [&hellip;]","og_url":"https:\/\/www.eldiario.net\/portal\/2022\/09\/14\/la-inflacion-interanual-de-estados-unidos-cae-menos-de-lo-esperado\/","og_site_name":"El Diario - Bolivia","article_publisher":"https:\/\/www.facebook.com\/eldiario.bolivia\/","article_published_time":"2022-09-14T09:53:03+00:00","og_image":[{"width":1000,"height":666,"url":"https:\/\/www.eldiario.net\/portal\/wp-content\/uploads\/2022\/09\/VENTA.jpg","type":"image\/jpeg"}],"author":"Jeanette","twitter_card":"summary_large_image","twitter_creator":"@eldiario_net","twitter_site":"@eldiario_net","twitter_misc":{"Escrito por":"Jeanette","Tiempo de lectura":"3 minutos"},"schema":{"@context":"https:\/\/schema.org","@graph":[{"@type":"Article","@id":"https:\/\/www.eldiario.net\/portal\/2022\/09\/14\/la-inflacion-interanual-de-estados-unidos-cae-menos-de-lo-esperado\/#article","isPartOf":{"@id":"https:\/\/www.eldiario.net\/portal\/2022\/09\/14\/la-inflacion-interanual-de-estados-unidos-cae-menos-de-lo-esperado\/"},"author":{"name":"Jeanette","@id":"https:\/\/www.eldiario.net\/portal\/#\/schema\/person\/2c57cf2b7a7ae032e449e4c9b1019eac"},"headline":"La inflaci\u00f3n interanual de Estados Unidos cae menos de lo esperado","datePublished":"2022-09-14T09:53:03+00:00","mainEntityOfPage":{"@id":"https:\/\/www.eldiario.net\/portal\/2022\/09\/14\/la-inflacion-interanual-de-estados-unidos-cae-menos-de-lo-esperado\/"},"wordCount":676,"publisher":{"@id":"https:\/\/www.eldiario.net\/portal\/#organization"},"image":{"@id":"https:\/\/www.eldiario.net\/portal\/2022\/09\/14\/la-inflacion-interanual-de-estados-unidos-cae-menos-de-lo-esperado\/#primaryimage"},"thumbnailUrl":"https:\/\/www.eldiario.net\/portal\/wp-content\/uploads\/2022\/09\/VENTA.jpg","articleSection":["Internacional"],"inLanguage":"es"},{"@type":"WebPage","@id":"https:\/\/www.eldiario.net\/portal\/2022\/09\/14\/la-inflacion-interanual-de-estados-unidos-cae-menos-de-lo-esperado\/","url":"https:\/\/www.eldiario.net\/portal\/2022\/09\/14\/la-inflacion-interanual-de-estados-unidos-cae-menos-de-lo-esperado\/","name":"La inflaci\u00f3n interanual de Estados Unidos cae menos de lo esperado - El Diario - Bolivia","isPartOf":{"@id":"https:\/\/www.eldiario.net\/portal\/#website"},"primaryImageOfPage":{"@id":"https:\/\/www.eldiario.net\/portal\/2022\/09\/14\/la-inflacion-interanual-de-estados-unidos-cae-menos-de-lo-esperado\/#primaryimage"},"image":{"@id":"https:\/\/www.eldiario.net\/portal\/2022\/09\/14\/la-inflacion-interanual-de-estados-unidos-cae-menos-de-lo-esperado\/#primaryimage"},"thumbnailUrl":"https:\/\/www.eldiario.net\/portal\/wp-content\/uploads\/2022\/09\/VENTA.jpg","datePublished":"2022-09-14T09:53:03+00:00","breadcrumb":{"@id":"https:\/\/www.eldiario.net\/portal\/2022\/09\/14\/la-inflacion-interanual-de-estados-unidos-cae-menos-de-lo-esperado\/#breadcrumb"},"inLanguage":"es","potentialAction":[{"@type":"ReadAction","target":["https:\/\/www.eldiario.net\/portal\/2022\/09\/14\/la-inflacion-interanual-de-estados-unidos-cae-menos-de-lo-esperado\/"]}]},{"@type":"ImageObject","inLanguage":"es","@id":"https:\/\/www.eldiario.net\/portal\/2022\/09\/14\/la-inflacion-interanual-de-estados-unidos-cae-menos-de-lo-esperado\/#primaryimage","url":"https:\/\/www.eldiario.net\/portal\/wp-content\/uploads\/2022\/09\/VENTA.jpg","contentUrl":"https:\/\/www.eldiario.net\/portal\/wp-content\/uploads\/2022\/09\/VENTA.jpg","width":1000,"height":666,"caption":"LOS PRECIOS AL CONSUMIDOR SUBIERON INESPERADAMENTE EN AGOSTO. infobae"},{"@type":"BreadcrumbList","@id":"https:\/\/www.eldiario.net\/portal\/2022\/09\/14\/la-inflacion-interanual-de-estados-unidos-cae-menos-de-lo-esperado\/#breadcrumb","itemListElement":[{"@type":"ListItem","position":1,"name":"Portada","item":"https:\/\/www.eldiario.net\/portal\/"},{"@type":"ListItem","position":2,"name":"La inflaci\u00f3n interanual de Estados Unidos cae menos de lo esperado"}]},{"@type":"WebSite","@id":"https:\/\/www.eldiario.net\/portal\/#website","url":"https:\/\/www.eldiario.net\/portal\/","name":"El Diario - Decano de la prensa nacional","description":"El Diario - Decano de la prensa nacional","publisher":{"@id":"https:\/\/www.eldiario.net\/portal\/#organization"},"potentialAction":[{"@type":"SearchAction","target":{"@type":"EntryPoint","urlTemplate":"https:\/\/www.eldiario.net\/portal\/?s={search_term_string}"},"query-input":{"@type":"PropertyValueSpecification","valueRequired":true,"valueName":"search_term_string"}}],"inLanguage":"es"},{"@type":"Organization","@id":"https:\/\/www.eldiario.net\/portal\/#organization","name":"El Diario - Decano de la prensa nacional","url":"https:\/\/www.eldiario.net\/portal\/","logo":{"@type":"ImageObject","inLanguage":"es","@id":"https:\/\/www.eldiario.net\/portal\/#\/schema\/logo\/image\/","url":"https:\/\/www.eldiario.net\/portal\/wp-content\/uploads\/2023\/07\/logo_ED.jpg","contentUrl":"https:\/\/www.eldiario.net\/portal\/wp-content\/uploads\/2023\/07\/logo_ED.jpg","width":272,"height":52,"caption":"El Diario - Decano de la prensa nacional"},"image":{"@id":"https:\/\/www.eldiario.net\/portal\/#\/schema\/logo\/image\/"},"sameAs":["https:\/\/www.facebook.com\/eldiario.bolivia\/","https:\/\/x.com\/eldiario_net"]},{"@type":"Person","@id":"https:\/\/www.eldiario.net\/portal\/#\/schema\/person\/2c57cf2b7a7ae032e449e4c9b1019eac","name":"Jeanette","image":{"@type":"ImageObject","inLanguage":"es","@id":"https:\/\/secure.gravatar.com\/avatar\/3ea2118a5f7dad2b7138b1187a6b7ee55f160b9968b66013c3a3ef39dd7e5798?s=96&d=mm&r=g","url":"https:\/\/secure.gravatar.com\/avatar\/3ea2118a5f7dad2b7138b1187a6b7ee55f160b9968b66013c3a3ef39dd7e5798?s=96&d=mm&r=g","contentUrl":"https:\/\/secure.gravatar.com\/avatar\/3ea2118a5f7dad2b7138b1187a6b7ee55f160b9968b66013c3a3ef39dd7e5798?s=96&d=mm&r=g","caption":"Jeanette"},"sameAs":["https:\/\/www.eldiario.net\/portal"],"url":"https:\/\/www.eldiario.net\/portal\/author\/jeanette\/"}]}},"_links":{"self":[{"href":"https:\/\/www.eldiario.net\/portal\/wp-json\/wp\/v2\/posts\/110589","targetHints":{"allow":["GET"]}}],"collection":[{"href":"https:\/\/www.eldiario.net\/portal\/wp-json\/wp\/v2\/posts"}],"about":[{"href":"https:\/\/www.eldiario.net\/portal\/wp-json\/wp\/v2\/types\/post"}],"author":[{"embeddable":true,"href":"https:\/\/www.eldiario.net\/portal\/wp-json\/wp\/v2\/users\/1"}],"replies":[{"embeddable":true,"href":"https:\/\/www.eldiario.net\/portal\/wp-json\/wp\/v2\/comments?post=110589"}],"version-history":[{"count":0,"href":"https:\/\/www.eldiario.net\/portal\/wp-json\/wp\/v2\/posts\/110589\/revisions"}],"wp:featuredmedia":[{"embeddable":true,"href":"https:\/\/www.eldiario.net\/portal\/wp-json\/wp\/v2\/media\/110590"}],"wp:attachment":[{"href":"https:\/\/www.eldiario.net\/portal\/wp-json\/wp\/v2\/media?parent=110589"}],"wp:term":[{"taxonomy":"category","embeddable":true,"href":"https:\/\/www.eldiario.net\/portal\/wp-json\/wp\/v2\/categories?post=110589"},{"taxonomy":"post_tag","embeddable":true,"href":"https:\/\/www.eldiario.net\/portal\/wp-json\/wp\/v2\/tags?post=110589"}],"curies":[{"name":"wp","href":"https:\/\/api.w.org\/{rel}","templated":true}]}}