{"id":110583,"date":"2022-09-14T05:50:17","date_gmt":"2022-09-14T09:50:17","guid":{"rendered":"https:\/\/www.eldiario.net\/portal\/?p=110583"},"modified":"2022-09-14T05:50:17","modified_gmt":"2022-09-14T09:50:17","slug":"sip-repudia-asesinatos-contra-periodistas-en-haiti-y-ee-uu","status":"publish","type":"post","link":"https:\/\/www.eldiario.net\/portal\/2022\/09\/14\/sip-repudia-asesinatos-contra-periodistas-en-haiti-y-ee-uu\/","title":{"rendered":"SIP repudia asesinatos contra  periodistas en Hait\u00ed y EE.UU"},"content":{"rendered":"<p>Miami.- La Sociedad Interamericana de Prensa (SIP) expres\u00f3 su profunda condena por el asesinato de dos periodistas en Hait\u00ed y otro en Estados Unidos. La organizaci\u00f3n inst\u00f3 a las autoridades de ambos pa\u00edses a disponer las medidas necesarias para dar con los responsables materiales e intelectuales y a frenar la violencia.<br \/>\nFrantzsen Charles, de FS News, y Tayson Lartigue, de Tij\u00e8n Jounalis, fueron asesinados el 11 de septiembre, mientras cubr\u00edan enfrentamientos entre pandillas rivales en Cit\u00e9 Soleil, el barrio m\u00e1s violento de la capital haitiana, Puerto Pr\u00edncipe. Sus cuerpos tambi\u00e9n fueron quemados. Otros cinco periodistas, quienes junto a Charles y Lartigue realizaban un reportaje sobre la inseguridad en el lugar, tambi\u00e9n fueron atacados y lograron salir ilesos. Los periodistas habr\u00edan sido emboscados por supuestos miembros de la banda G9 cuando regresaban de entrevistar a los padres de una adolescente asesinada all\u00ed el d\u00eda anterior.<br \/>\nEl presidente de la SIP, Jorge Canahuati, expres\u00f3 la solidaridad de la organizaci\u00f3n con los y las periodistas de Hait\u00ed que \u201cdesempe\u00f1an su trabajo en condiciones de extremo riesgo y en desventaja de recursos y protecci\u00f3n, lo que deja cinco colegas ultimados en lo que va del a\u00f1o\u201d. Canahuati, CEO de Grupo Opsa, de Honduras, a\u00f1adi\u00f3: \u201cLa crueldad mostrada por los asesinos y la total impunidad con la que act\u00faan estos grupos violentos merecen nuestro m\u00e1s en\u00e9rgico repudio\u201d.<br \/>\nEl presidente de la Comisi\u00f3n de Libertad de Prensa e Informaci\u00f3n de la SIP, Carlos Jornet, record\u00f3 a las autoridades haitianas que \u201cel asesinato, la intimidaci\u00f3n y los actos de violencia contra periodistas durante el ejercicio de su profesi\u00f3n tienen consecuencias nefastas sobre las libertades de expresi\u00f3n y de prensa\u201d, tal como lo destaca la Declaraci\u00f3n de Chapultepec de la SIP. En ese sentido, Jornet, director period\u00edstico del diario La Voz del Interior, de Argentina, cit\u00f3 lo que dicho documento establece: \u201cEstos actos deben ser investigados con prontitud y sancionados con severidad\u201d.<br \/>\nAdem\u00e1s de Charles y Latigue, tambi\u00e9n fueron asesinados este a\u00f1o los periodistas John Wesley Amady, de \u00c9coute FM, y Wilguens Louissaint, colaborador de medios digitales, el 6 de enero, y el fotorreportero Maxihen Lazarre, de Rois des infos, el 23 de febrero. Durante las manifestaciones contra el gobierno en Puerto Pr\u00edncipe la semana pasada, fueron heridos tres reporteros de Radio T\u00e9l\u00e9 Zenith: Yvenson Joinvil recibi\u00f3 una bala en el muslo, Youly Destin\u00e9 tambi\u00e9n fue herido por una bala de goma y Robest Dimanche fue agredido por agentes de la polic\u00eda.<br \/>\nCanahuati y Jornet apuntaron que este ha sido uno de los a\u00f1os m\u00e1s violentos contra la prensa en las Am\u00e9ricas desde 1987, cuando la SIP comenz\u00f3 a registrar los cr\u00edmenes contra periodistas. En los algo m\u00e1s de ocho meses transcurridos, fueron asesinados 34 comunicadores; 18 de ellos en M\u00e9xico, 5 en Hait\u00ed, 2 en Colombia, Ecuador y Honduras, y uno en Brasil, Chile, Estados Unidos, Guatemala y Paraguay.<br \/>\nLos directivos de la SIP condenaron asimismo el asesinato del periodista investigativo estadounidense Jeff German, de Las Vegas Review-Journal, en la ciudad de Las Vegas, estado de Nevada, ocurrido el 2 de septiembre y sobre el cual ahora se afianza la hip\u00f3tesis de que fue un crimen vinculado con el ejercicio de la profesi\u00f3n. Un funcionario p\u00fablico fue acusado por apu\u00f1alar en repetidas ocasiones a German, molesto por los reportajes del periodista sobre su gesti\u00f3n administrativa y el ambiente t\u00f3xico en la oficina que dirig\u00eda.<br \/>\nGerman, de 69 a\u00f1os, contaba con una reconocida y larga trayectoria period\u00edstica de m\u00e1s de 40 a\u00f1os. En 2010 se uni\u00f3 a Las Vegas Review-Journal, donde informaba sobre crimen organizado, corrupci\u00f3n y esc\u00e1ndalos pol\u00edticos, entre otros asuntos de inter\u00e9s de la comunidad. Durante m\u00e1s de 20 a\u00f1os tambi\u00e9n labor\u00f3 en el diario Las Vegas Sun. Colegas de German expresaron que su trabajo de investigaci\u00f3n tuvo repercusi\u00f3n y provoc\u00f3 en ocasiones reformas y cambios.<br \/>\nLa SIP es una organizaci\u00f3n sin fines de lucro dedicada a la defensa y promoci\u00f3n de las libertades de prensa y de expresi\u00f3n en las Am\u00e9ricas. Est\u00e1 compuesta por m\u00e1s de 1.300 publicaciones del hemisferio occidental, y tiene sede en Miami, Florida, Estados Unidos.<\/p>\n","protected":false},"excerpt":{"rendered":"<p>Miami.- La Sociedad Interamericana de Prensa (SIP) expres\u00f3 su profunda condena por el asesinato de dos periodistas en Hait\u00ed y otro en Estados Unidos. La organizaci\u00f3n inst\u00f3 a las autoridades de ambos pa\u00edses a disponer las medidas necesarias para dar con los responsables materiales e intelectuales y a frenar la violencia. Frantzsen Charles, de FS [&hellip;]<\/p>\n","protected":false},"author":1,"featured_media":110584,"comment_status":"closed","ping_status":"closed","sticky":false,"template":"","format":"standard","meta":{"_acf_changed":false,"footnotes":""},"categories":[3],"tags":[],"class_list":["post-110583","post","type-post","status-publish","format-standard","has-post-thumbnail","category-internacional"],"acf":{"antetitulo":""},"yoast_head":"<!-- This site is optimized with the Yoast SEO plugin v28.4 - https:\/\/yoast.com\/product\/yoast-seo-wordpress\/ -->\n<title>SIP repudia asesinatos contra periodistas en Hait\u00ed y EE.UU - El Diario - Bolivia<\/title>\n<meta name=\"robots\" content=\"index, follow, max-snippet:-1, max-image-preview:large, max-video-preview:-1\" \/>\n<link rel=\"canonical\" href=\"https:\/\/www.eldiario.net\/portal\/2022\/09\/14\/sip-repudia-asesinatos-contra-periodistas-en-haiti-y-ee-uu\/\" \/>\n<meta property=\"og:locale\" content=\"es_ES\" \/>\n<meta property=\"og:type\" content=\"article\" \/>\n<meta property=\"og:title\" content=\"SIP repudia asesinatos contra periodistas en Hait\u00ed y EE.UU - El Diario - Bolivia\" \/>\n<meta property=\"og:description\" content=\"Miami.- La Sociedad Interamericana de Prensa (SIP) expres\u00f3 su profunda condena por el asesinato de dos periodistas en Hait\u00ed y otro en Estados Unidos. La organizaci\u00f3n inst\u00f3 a las autoridades de ambos pa\u00edses a disponer las medidas necesarias para dar con los responsables materiales e intelectuales y a frenar la violencia. Frantzsen Charles, de FS [&hellip;]\" \/>\n<meta property=\"og:url\" content=\"https:\/\/www.eldiario.net\/portal\/2022\/09\/14\/sip-repudia-asesinatos-contra-periodistas-en-haiti-y-ee-uu\/\" \/>\n<meta property=\"og:site_name\" content=\"El Diario - Bolivia\" \/>\n<meta property=\"article:publisher\" content=\"https:\/\/www.facebook.com\/eldiario.bolivia\/\" \/>\n<meta property=\"article:published_time\" content=\"2022-09-14T09:50:17+00:00\" \/>\n<meta name=\"author\" content=\"Jeanette\" \/>\n<meta name=\"twitter:card\" content=\"summary_large_image\" \/>\n<meta name=\"twitter:creator\" content=\"@eldiario_net\" \/>\n<meta name=\"twitter:site\" content=\"@eldiario_net\" \/>\n<meta name=\"twitter:label1\" content=\"Escrito por\" \/>\n\t<meta name=\"twitter:data1\" content=\"Jeanette\" \/>\n\t<meta name=\"twitter:label2\" content=\"Tiempo de lectura\" \/>\n\t<meta name=\"twitter:data2\" content=\"4 minutos\" \/>\n<script type=\"application\/ld+json\" class=\"yoast-schema-graph\">{\"@context\":\"https:\\\/\\\/schema.org\",\"@graph\":[{\"@type\":\"Article\",\"@id\":\"https:\\\/\\\/www.eldiario.net\\\/portal\\\/2022\\\/09\\\/14\\\/sip-repudia-asesinatos-contra-periodistas-en-haiti-y-ee-uu\\\/#article\",\"isPartOf\":{\"@id\":\"https:\\\/\\\/www.eldiario.net\\\/portal\\\/2022\\\/09\\\/14\\\/sip-repudia-asesinatos-contra-periodistas-en-haiti-y-ee-uu\\\/\"},\"author\":{\"name\":\"Jeanette\",\"@id\":\"https:\\\/\\\/www.eldiario.net\\\/portal\\\/#\\\/schema\\\/person\\\/2c57cf2b7a7ae032e449e4c9b1019eac\"},\"headline\":\"SIP repudia asesinatos contra periodistas en Hait\u00ed y EE.UU\",\"datePublished\":\"2022-09-14T09:50:17+00:00\",\"mainEntityOfPage\":{\"@id\":\"https:\\\/\\\/www.eldiario.net\\\/portal\\\/2022\\\/09\\\/14\\\/sip-repudia-asesinatos-contra-periodistas-en-haiti-y-ee-uu\\\/\"},\"wordCount\":734,\"publisher\":{\"@id\":\"https:\\\/\\\/www.eldiario.net\\\/portal\\\/#organization\"},\"image\":{\"@id\":\"https:\\\/\\\/www.eldiario.net\\\/portal\\\/2022\\\/09\\\/14\\\/sip-repudia-asesinatos-contra-periodistas-en-haiti-y-ee-uu\\\/#primaryimage\"},\"thumbnailUrl\":\"\",\"articleSection\":[\"Internacional\"],\"inLanguage\":\"es\"},{\"@type\":\"WebPage\",\"@id\":\"https:\\\/\\\/www.eldiario.net\\\/portal\\\/2022\\\/09\\\/14\\\/sip-repudia-asesinatos-contra-periodistas-en-haiti-y-ee-uu\\\/\",\"url\":\"https:\\\/\\\/www.eldiario.net\\\/portal\\\/2022\\\/09\\\/14\\\/sip-repudia-asesinatos-contra-periodistas-en-haiti-y-ee-uu\\\/\",\"name\":\"SIP repudia asesinatos contra periodistas en Hait\u00ed y EE.UU - El Diario - Bolivia\",\"isPartOf\":{\"@id\":\"https:\\\/\\\/www.eldiario.net\\\/portal\\\/#website\"},\"primaryImageOfPage\":{\"@id\":\"https:\\\/\\\/www.eldiario.net\\\/portal\\\/2022\\\/09\\\/14\\\/sip-repudia-asesinatos-contra-periodistas-en-haiti-y-ee-uu\\\/#primaryimage\"},\"image\":{\"@id\":\"https:\\\/\\\/www.eldiario.net\\\/portal\\\/2022\\\/09\\\/14\\\/sip-repudia-asesinatos-contra-periodistas-en-haiti-y-ee-uu\\\/#primaryimage\"},\"thumbnailUrl\":\"\",\"datePublished\":\"2022-09-14T09:50:17+00:00\",\"breadcrumb\":{\"@id\":\"https:\\\/\\\/www.eldiario.net\\\/portal\\\/2022\\\/09\\\/14\\\/sip-repudia-asesinatos-contra-periodistas-en-haiti-y-ee-uu\\\/#breadcrumb\"},\"inLanguage\":\"es\",\"potentialAction\":[{\"@type\":\"ReadAction\",\"target\":[\"https:\\\/\\\/www.eldiario.net\\\/portal\\\/2022\\\/09\\\/14\\\/sip-repudia-asesinatos-contra-periodistas-en-haiti-y-ee-uu\\\/\"]}]},{\"@type\":\"ImageObject\",\"inLanguage\":\"es\",\"@id\":\"https:\\\/\\\/www.eldiario.net\\\/portal\\\/2022\\\/09\\\/14\\\/sip-repudia-asesinatos-contra-periodistas-en-haiti-y-ee-uu\\\/#primaryimage\",\"url\":\"\",\"contentUrl\":\"\"},{\"@type\":\"BreadcrumbList\",\"@id\":\"https:\\\/\\\/www.eldiario.net\\\/portal\\\/2022\\\/09\\\/14\\\/sip-repudia-asesinatos-contra-periodistas-en-haiti-y-ee-uu\\\/#breadcrumb\",\"itemListElement\":[{\"@type\":\"ListItem\",\"position\":1,\"name\":\"Portada\",\"item\":\"https:\\\/\\\/www.eldiario.net\\\/portal\\\/\"},{\"@type\":\"ListItem\",\"position\":2,\"name\":\"SIP repudia asesinatos contra periodistas en Hait\u00ed y EE.UU\"}]},{\"@type\":\"WebSite\",\"@id\":\"https:\\\/\\\/www.eldiario.net\\\/portal\\\/#website\",\"url\":\"https:\\\/\\\/www.eldiario.net\\\/portal\\\/\",\"name\":\"El Diario - Decano de la prensa nacional\",\"description\":\"El Diario - Decano de la prensa nacional\",\"publisher\":{\"@id\":\"https:\\\/\\\/www.eldiario.net\\\/portal\\\/#organization\"},\"potentialAction\":[{\"@type\":\"SearchAction\",\"target\":{\"@type\":\"EntryPoint\",\"urlTemplate\":\"https:\\\/\\\/www.eldiario.net\\\/portal\\\/?s={search_term_string}\"},\"query-input\":{\"@type\":\"PropertyValueSpecification\",\"valueRequired\":true,\"valueName\":\"search_term_string\"}}],\"inLanguage\":\"es\"},{\"@type\":\"Organization\",\"@id\":\"https:\\\/\\\/www.eldiario.net\\\/portal\\\/#organization\",\"name\":\"El Diario - Decano de la prensa nacional\",\"url\":\"https:\\\/\\\/www.eldiario.net\\\/portal\\\/\",\"logo\":{\"@type\":\"ImageObject\",\"inLanguage\":\"es\",\"@id\":\"https:\\\/\\\/www.eldiario.net\\\/portal\\\/#\\\/schema\\\/logo\\\/image\\\/\",\"url\":\"https:\\\/\\\/www.eldiario.net\\\/portal\\\/wp-content\\\/uploads\\\/2023\\\/07\\\/logo_ED.jpg\",\"contentUrl\":\"https:\\\/\\\/www.eldiario.net\\\/portal\\\/wp-content\\\/uploads\\\/2023\\\/07\\\/logo_ED.jpg\",\"width\":272,\"height\":52,\"caption\":\"El Diario - Decano de la prensa nacional\"},\"image\":{\"@id\":\"https:\\\/\\\/www.eldiario.net\\\/portal\\\/#\\\/schema\\\/logo\\\/image\\\/\"},\"sameAs\":[\"https:\\\/\\\/www.facebook.com\\\/eldiario.bolivia\\\/\",\"https:\\\/\\\/x.com\\\/eldiario_net\"]},{\"@type\":\"Person\",\"@id\":\"https:\\\/\\\/www.eldiario.net\\\/portal\\\/#\\\/schema\\\/person\\\/2c57cf2b7a7ae032e449e4c9b1019eac\",\"name\":\"Jeanette\",\"image\":{\"@type\":\"ImageObject\",\"inLanguage\":\"es\",\"@id\":\"https:\\\/\\\/secure.gravatar.com\\\/avatar\\\/3ea2118a5f7dad2b7138b1187a6b7ee55f160b9968b66013c3a3ef39dd7e5798?s=96&d=mm&r=g\",\"url\":\"https:\\\/\\\/secure.gravatar.com\\\/avatar\\\/3ea2118a5f7dad2b7138b1187a6b7ee55f160b9968b66013c3a3ef39dd7e5798?s=96&d=mm&r=g\",\"contentUrl\":\"https:\\\/\\\/secure.gravatar.com\\\/avatar\\\/3ea2118a5f7dad2b7138b1187a6b7ee55f160b9968b66013c3a3ef39dd7e5798?s=96&d=mm&r=g\",\"caption\":\"Jeanette\"},\"sameAs\":[\"https:\\\/\\\/www.eldiario.net\\\/portal\"],\"url\":\"https:\\\/\\\/www.eldiario.net\\\/portal\\\/author\\\/jeanette\\\/\"}]}<\/script>\n<!-- \/ Yoast SEO plugin. -->","yoast_head_json":{"title":"SIP repudia asesinatos contra periodistas en Hait\u00ed y EE.UU - El Diario - Bolivia","robots":{"index":"index","follow":"follow","max-snippet":"max-snippet:-1","max-image-preview":"max-image-preview:large","max-video-preview":"max-video-preview:-1"},"canonical":"https:\/\/www.eldiario.net\/portal\/2022\/09\/14\/sip-repudia-asesinatos-contra-periodistas-en-haiti-y-ee-uu\/","og_locale":"es_ES","og_type":"article","og_title":"SIP repudia asesinatos contra periodistas en Hait\u00ed y EE.UU - El Diario - Bolivia","og_description":"Miami.- La Sociedad Interamericana de Prensa (SIP) expres\u00f3 su profunda condena por el asesinato de dos periodistas en Hait\u00ed y otro en Estados Unidos. La organizaci\u00f3n inst\u00f3 a las autoridades de ambos pa\u00edses a disponer las medidas necesarias para dar con los responsables materiales e intelectuales y a frenar la violencia. Frantzsen Charles, de FS [&hellip;]","og_url":"https:\/\/www.eldiario.net\/portal\/2022\/09\/14\/sip-repudia-asesinatos-contra-periodistas-en-haiti-y-ee-uu\/","og_site_name":"El Diario - Bolivia","article_publisher":"https:\/\/www.facebook.com\/eldiario.bolivia\/","article_published_time":"2022-09-14T09:50:17+00:00","author":"Jeanette","twitter_card":"summary_large_image","twitter_creator":"@eldiario_net","twitter_site":"@eldiario_net","twitter_misc":{"Escrito por":"Jeanette","Tiempo de lectura":"4 minutos"},"schema":{"@context":"https:\/\/schema.org","@graph":[{"@type":"Article","@id":"https:\/\/www.eldiario.net\/portal\/2022\/09\/14\/sip-repudia-asesinatos-contra-periodistas-en-haiti-y-ee-uu\/#article","isPartOf":{"@id":"https:\/\/www.eldiario.net\/portal\/2022\/09\/14\/sip-repudia-asesinatos-contra-periodistas-en-haiti-y-ee-uu\/"},"author":{"name":"Jeanette","@id":"https:\/\/www.eldiario.net\/portal\/#\/schema\/person\/2c57cf2b7a7ae032e449e4c9b1019eac"},"headline":"SIP repudia asesinatos contra periodistas en Hait\u00ed y EE.UU","datePublished":"2022-09-14T09:50:17+00:00","mainEntityOfPage":{"@id":"https:\/\/www.eldiario.net\/portal\/2022\/09\/14\/sip-repudia-asesinatos-contra-periodistas-en-haiti-y-ee-uu\/"},"wordCount":734,"publisher":{"@id":"https:\/\/www.eldiario.net\/portal\/#organization"},"image":{"@id":"https:\/\/www.eldiario.net\/portal\/2022\/09\/14\/sip-repudia-asesinatos-contra-periodistas-en-haiti-y-ee-uu\/#primaryimage"},"thumbnailUrl":"","articleSection":["Internacional"],"inLanguage":"es"},{"@type":"WebPage","@id":"https:\/\/www.eldiario.net\/portal\/2022\/09\/14\/sip-repudia-asesinatos-contra-periodistas-en-haiti-y-ee-uu\/","url":"https:\/\/www.eldiario.net\/portal\/2022\/09\/14\/sip-repudia-asesinatos-contra-periodistas-en-haiti-y-ee-uu\/","name":"SIP repudia asesinatos contra periodistas en Hait\u00ed y EE.UU - El Diario - Bolivia","isPartOf":{"@id":"https:\/\/www.eldiario.net\/portal\/#website"},"primaryImageOfPage":{"@id":"https:\/\/www.eldiario.net\/portal\/2022\/09\/14\/sip-repudia-asesinatos-contra-periodistas-en-haiti-y-ee-uu\/#primaryimage"},"image":{"@id":"https:\/\/www.eldiario.net\/portal\/2022\/09\/14\/sip-repudia-asesinatos-contra-periodistas-en-haiti-y-ee-uu\/#primaryimage"},"thumbnailUrl":"","datePublished":"2022-09-14T09:50:17+00:00","breadcrumb":{"@id":"https:\/\/www.eldiario.net\/portal\/2022\/09\/14\/sip-repudia-asesinatos-contra-periodistas-en-haiti-y-ee-uu\/#breadcrumb"},"inLanguage":"es","potentialAction":[{"@type":"ReadAction","target":["https:\/\/www.eldiario.net\/portal\/2022\/09\/14\/sip-repudia-asesinatos-contra-periodistas-en-haiti-y-ee-uu\/"]}]},{"@type":"ImageObject","inLanguage":"es","@id":"https:\/\/www.eldiario.net\/portal\/2022\/09\/14\/sip-repudia-asesinatos-contra-periodistas-en-haiti-y-ee-uu\/#primaryimage","url":"","contentUrl":""},{"@type":"BreadcrumbList","@id":"https:\/\/www.eldiario.net\/portal\/2022\/09\/14\/sip-repudia-asesinatos-contra-periodistas-en-haiti-y-ee-uu\/#breadcrumb","itemListElement":[{"@type":"ListItem","position":1,"name":"Portada","item":"https:\/\/www.eldiario.net\/portal\/"},{"@type":"ListItem","position":2,"name":"SIP repudia asesinatos contra periodistas en Hait\u00ed y EE.UU"}]},{"@type":"WebSite","@id":"https:\/\/www.eldiario.net\/portal\/#website","url":"https:\/\/www.eldiario.net\/portal\/","name":"El Diario - Decano de la prensa nacional","description":"El Diario - Decano de la prensa nacional","publisher":{"@id":"https:\/\/www.eldiario.net\/portal\/#organization"},"potentialAction":[{"@type":"SearchAction","target":{"@type":"EntryPoint","urlTemplate":"https:\/\/www.eldiario.net\/portal\/?s={search_term_string}"},"query-input":{"@type":"PropertyValueSpecification","valueRequired":true,"valueName":"search_term_string"}}],"inLanguage":"es"},{"@type":"Organization","@id":"https:\/\/www.eldiario.net\/portal\/#organization","name":"El Diario - Decano de la prensa nacional","url":"https:\/\/www.eldiario.net\/portal\/","logo":{"@type":"ImageObject","inLanguage":"es","@id":"https:\/\/www.eldiario.net\/portal\/#\/schema\/logo\/image\/","url":"https:\/\/www.eldiario.net\/portal\/wp-content\/uploads\/2023\/07\/logo_ED.jpg","contentUrl":"https:\/\/www.eldiario.net\/portal\/wp-content\/uploads\/2023\/07\/logo_ED.jpg","width":272,"height":52,"caption":"El Diario - Decano de la prensa nacional"},"image":{"@id":"https:\/\/www.eldiario.net\/portal\/#\/schema\/logo\/image\/"},"sameAs":["https:\/\/www.facebook.com\/eldiario.bolivia\/","https:\/\/x.com\/eldiario_net"]},{"@type":"Person","@id":"https:\/\/www.eldiario.net\/portal\/#\/schema\/person\/2c57cf2b7a7ae032e449e4c9b1019eac","name":"Jeanette","image":{"@type":"ImageObject","inLanguage":"es","@id":"https:\/\/secure.gravatar.com\/avatar\/3ea2118a5f7dad2b7138b1187a6b7ee55f160b9968b66013c3a3ef39dd7e5798?s=96&d=mm&r=g","url":"https:\/\/secure.gravatar.com\/avatar\/3ea2118a5f7dad2b7138b1187a6b7ee55f160b9968b66013c3a3ef39dd7e5798?s=96&d=mm&r=g","contentUrl":"https:\/\/secure.gravatar.com\/avatar\/3ea2118a5f7dad2b7138b1187a6b7ee55f160b9968b66013c3a3ef39dd7e5798?s=96&d=mm&r=g","caption":"Jeanette"},"sameAs":["https:\/\/www.eldiario.net\/portal"],"url":"https:\/\/www.eldiario.net\/portal\/author\/jeanette\/"}]}},"_links":{"self":[{"href":"https:\/\/www.eldiario.net\/portal\/wp-json\/wp\/v2\/posts\/110583","targetHints":{"allow":["GET"]}}],"collection":[{"href":"https:\/\/www.eldiario.net\/portal\/wp-json\/wp\/v2\/posts"}],"about":[{"href":"https:\/\/www.eldiario.net\/portal\/wp-json\/wp\/v2\/types\/post"}],"author":[{"embeddable":true,"href":"https:\/\/www.eldiario.net\/portal\/wp-json\/wp\/v2\/users\/1"}],"replies":[{"embeddable":true,"href":"https:\/\/www.eldiario.net\/portal\/wp-json\/wp\/v2\/comments?post=110583"}],"version-history":[{"count":0,"href":"https:\/\/www.eldiario.net\/portal\/wp-json\/wp\/v2\/posts\/110583\/revisions"}],"wp:attachment":[{"href":"https:\/\/www.eldiario.net\/portal\/wp-json\/wp\/v2\/media?parent=110583"}],"wp:term":[{"taxonomy":"category","embeddable":true,"href":"https:\/\/www.eldiario.net\/portal\/wp-json\/wp\/v2\/categories?post=110583"},{"taxonomy":"post_tag","embeddable":true,"href":"https:\/\/www.eldiario.net\/portal\/wp-json\/wp\/v2\/tags?post=110583"}],"curies":[{"name":"wp","href":"https:\/\/api.w.org\/{rel}","templated":true}]}}