{"id":110424,"date":"2022-09-13T06:11:07","date_gmt":"2022-09-13T10:11:07","guid":{"rendered":"https:\/\/www.eldiario.net\/portal\/?p=110424"},"modified":"2022-09-13T06:11:07","modified_gmt":"2022-09-13T10:11:07","slug":"comision-parlamentaria-viajara-a-brasil-para-reunirse-con-comunidad-boliviana","status":"publish","type":"post","link":"https:\/\/www.eldiario.net\/portal\/2022\/09\/13\/comision-parlamentaria-viajara-a-brasil-para-reunirse-con-comunidad-boliviana\/","title":{"rendered":"Comisi\u00f3n parlamentaria viajar\u00e1 a Brasil  para reunirse con comunidad boliviana"},"content":{"rendered":"<p>El diputado por el Movimiento al Socialismo (MAS), Gabriel Antonio Colque, presidente de la Comisi\u00f3n de Pol\u00edtica Internacional y Protecci\u00f3n al Migrante, anuncio que una delegaci\u00f3n de esta instancia legislativa viajar\u00e1 en octubre a Sao Paulo, Brasil, para sostener un encuentro con la comunidad boliviana y atender sus necesidades, en temas referentes a salud, educaci\u00f3n y derechos.<\/p>\n<p>\u201cYa hemos coordinado con las diferentes autoridades de ese lugar que representan a los bolivianos. Este encuentro servir\u00e1 para que se cumplan sus derechos, porque los migrantes sufren en diferentes temas, en sus tr\u00e1mites, servicios b\u00e1sicos, sus derechos est\u00e1n vulnerados. Eso vamos a verificar y en base a eso, nosotros podamos ayudar a gestionar ante las autoridades competentes que tenemos en Bolivia\u201d, anunci\u00f3 Colque.<\/p>\n<p>El legislador, inform\u00f3 que, dentro del plan de trabajo para la presente gesti\u00f3n, la comisi\u00f3n program\u00f3 el viaje de siete parlamentarios de esa instancia legislativa al vecino pa\u00eds, para cumplir con la agenda entre el 12 y 16 de octubre.<\/p>\n<p>Esta visita se realizar\u00e1 en coordinaci\u00f3n con el Ministerio de Relaciones Exteriores. Durante su estad\u00eda, la comisi\u00f3n de diputados visitar\u00e1 el consulado de Bolivia en Brasil, donde tambi\u00e9n se sostendr\u00e1n reuniones para saber de qu\u00e9 forma se apoya a los connacionales.<\/p>\n<p>Por \u00faltimo, la autoridad indic\u00f3, que antes del viaje a Sao Paulo, dentro de las fechas mencionadas, se tiene prevista la sesi\u00f3n de la comisi\u00f3n en la localidad fronteriza de Puerto Quijarro, Santa Cruz.<\/p>\n","protected":false},"excerpt":{"rendered":"<p>El diputado por el Movimiento al Socialismo (MAS), Gabriel Antonio Colque, presidente de la Comisi\u00f3n de Pol\u00edtica Internacional y Protecci\u00f3n al Migrante, anuncio que una delegaci\u00f3n de esta instancia legislativa viajar\u00e1 en octubre a Sao Paulo, Brasil, para sostener un encuentro con la comunidad boliviana y atender sus necesidades, en temas referentes a salud, educaci\u00f3n [&hellip;]<\/p>\n","protected":false},"author":1,"featured_media":110425,"comment_status":"closed","ping_status":"closed","sticky":false,"template":"","format":"standard","meta":{"_acf_changed":false,"footnotes":""},"categories":[14],"tags":[],"class_list":["post-110424","post","type-post","status-publish","format-standard","has-post-thumbnail","category-politica"],"acf":{"antetitulo":""},"yoast_head":"<!-- This site is optimized with the Yoast SEO plugin v28.4 - https:\/\/yoast.com\/product\/yoast-seo-wordpress\/ -->\n<title>Comisi\u00f3n parlamentaria viajar\u00e1 a Brasil para reunirse con comunidad boliviana - El Diario - Bolivia<\/title>\n<meta name=\"robots\" content=\"index, follow, max-snippet:-1, max-image-preview:large, max-video-preview:-1\" \/>\n<link rel=\"canonical\" href=\"https:\/\/www.eldiario.net\/portal\/2022\/09\/13\/comision-parlamentaria-viajara-a-brasil-para-reunirse-con-comunidad-boliviana\/\" \/>\n<meta property=\"og:locale\" content=\"es_ES\" \/>\n<meta property=\"og:type\" content=\"article\" \/>\n<meta property=\"og:title\" content=\"Comisi\u00f3n parlamentaria viajar\u00e1 a Brasil para reunirse con comunidad boliviana - El Diario - Bolivia\" \/>\n<meta property=\"og:description\" content=\"El diputado por el Movimiento al Socialismo (MAS), Gabriel Antonio Colque, presidente de la Comisi\u00f3n de Pol\u00edtica Internacional y Protecci\u00f3n al Migrante, anuncio que una delegaci\u00f3n de esta instancia legislativa viajar\u00e1 en octubre a Sao Paulo, Brasil, para sostener un encuentro con la comunidad boliviana y atender sus necesidades, en temas referentes a salud, educaci\u00f3n [&hellip;]\" \/>\n<meta property=\"og:url\" content=\"https:\/\/www.eldiario.net\/portal\/2022\/09\/13\/comision-parlamentaria-viajara-a-brasil-para-reunirse-con-comunidad-boliviana\/\" \/>\n<meta property=\"og:site_name\" content=\"El Diario - Bolivia\" \/>\n<meta property=\"article:publisher\" content=\"https:\/\/www.facebook.com\/eldiario.bolivia\/\" \/>\n<meta property=\"article:published_time\" content=\"2022-09-13T10:11:07+00:00\" \/>\n<meta name=\"author\" content=\"Jeanette\" \/>\n<meta name=\"twitter:card\" content=\"summary_large_image\" \/>\n<meta name=\"twitter:creator\" content=\"@eldiario_net\" \/>\n<meta name=\"twitter:site\" content=\"@eldiario_net\" \/>\n<meta name=\"twitter:label1\" content=\"Escrito por\" \/>\n\t<meta name=\"twitter:data1\" content=\"Jeanette\" \/>\n\t<meta name=\"twitter:label2\" content=\"Tiempo de lectura\" \/>\n\t<meta name=\"twitter:data2\" content=\"2 minutos\" \/>\n<script type=\"application\/ld+json\" class=\"yoast-schema-graph\">{\"@context\":\"https:\\\/\\\/schema.org\",\"@graph\":[{\"@type\":\"Article\",\"@id\":\"https:\\\/\\\/www.eldiario.net\\\/portal\\\/2022\\\/09\\\/13\\\/comision-parlamentaria-viajara-a-brasil-para-reunirse-con-comunidad-boliviana\\\/#article\",\"isPartOf\":{\"@id\":\"https:\\\/\\\/www.eldiario.net\\\/portal\\\/2022\\\/09\\\/13\\\/comision-parlamentaria-viajara-a-brasil-para-reunirse-con-comunidad-boliviana\\\/\"},\"author\":{\"name\":\"Jeanette\",\"@id\":\"https:\\\/\\\/www.eldiario.net\\\/portal\\\/#\\\/schema\\\/person\\\/2c57cf2b7a7ae032e449e4c9b1019eac\"},\"headline\":\"Comisi\u00f3n parlamentaria viajar\u00e1 a Brasil para reunirse con comunidad boliviana\",\"datePublished\":\"2022-09-13T10:11:07+00:00\",\"mainEntityOfPage\":{\"@id\":\"https:\\\/\\\/www.eldiario.net\\\/portal\\\/2022\\\/09\\\/13\\\/comision-parlamentaria-viajara-a-brasil-para-reunirse-con-comunidad-boliviana\\\/\"},\"wordCount\":263,\"publisher\":{\"@id\":\"https:\\\/\\\/www.eldiario.net\\\/portal\\\/#organization\"},\"image\":{\"@id\":\"https:\\\/\\\/www.eldiario.net\\\/portal\\\/2022\\\/09\\\/13\\\/comision-parlamentaria-viajara-a-brasil-para-reunirse-con-comunidad-boliviana\\\/#primaryimage\"},\"thumbnailUrl\":\"\",\"articleSection\":[\"Pol\u00edtica\"],\"inLanguage\":\"es\"},{\"@type\":\"WebPage\",\"@id\":\"https:\\\/\\\/www.eldiario.net\\\/portal\\\/2022\\\/09\\\/13\\\/comision-parlamentaria-viajara-a-brasil-para-reunirse-con-comunidad-boliviana\\\/\",\"url\":\"https:\\\/\\\/www.eldiario.net\\\/portal\\\/2022\\\/09\\\/13\\\/comision-parlamentaria-viajara-a-brasil-para-reunirse-con-comunidad-boliviana\\\/\",\"name\":\"Comisi\u00f3n parlamentaria viajar\u00e1 a Brasil para reunirse con comunidad boliviana - El Diario - Bolivia\",\"isPartOf\":{\"@id\":\"https:\\\/\\\/www.eldiario.net\\\/portal\\\/#website\"},\"primaryImageOfPage\":{\"@id\":\"https:\\\/\\\/www.eldiario.net\\\/portal\\\/2022\\\/09\\\/13\\\/comision-parlamentaria-viajara-a-brasil-para-reunirse-con-comunidad-boliviana\\\/#primaryimage\"},\"image\":{\"@id\":\"https:\\\/\\\/www.eldiario.net\\\/portal\\\/2022\\\/09\\\/13\\\/comision-parlamentaria-viajara-a-brasil-para-reunirse-con-comunidad-boliviana\\\/#primaryimage\"},\"thumbnailUrl\":\"\",\"datePublished\":\"2022-09-13T10:11:07+00:00\",\"breadcrumb\":{\"@id\":\"https:\\\/\\\/www.eldiario.net\\\/portal\\\/2022\\\/09\\\/13\\\/comision-parlamentaria-viajara-a-brasil-para-reunirse-con-comunidad-boliviana\\\/#breadcrumb\"},\"inLanguage\":\"es\",\"potentialAction\":[{\"@type\":\"ReadAction\",\"target\":[\"https:\\\/\\\/www.eldiario.net\\\/portal\\\/2022\\\/09\\\/13\\\/comision-parlamentaria-viajara-a-brasil-para-reunirse-con-comunidad-boliviana\\\/\"]}]},{\"@type\":\"ImageObject\",\"inLanguage\":\"es\",\"@id\":\"https:\\\/\\\/www.eldiario.net\\\/portal\\\/2022\\\/09\\\/13\\\/comision-parlamentaria-viajara-a-brasil-para-reunirse-con-comunidad-boliviana\\\/#primaryimage\",\"url\":\"\",\"contentUrl\":\"\"},{\"@type\":\"BreadcrumbList\",\"@id\":\"https:\\\/\\\/www.eldiario.net\\\/portal\\\/2022\\\/09\\\/13\\\/comision-parlamentaria-viajara-a-brasil-para-reunirse-con-comunidad-boliviana\\\/#breadcrumb\",\"itemListElement\":[{\"@type\":\"ListItem\",\"position\":1,\"name\":\"Portada\",\"item\":\"https:\\\/\\\/www.eldiario.net\\\/portal\\\/\"},{\"@type\":\"ListItem\",\"position\":2,\"name\":\"Comisi\u00f3n parlamentaria viajar\u00e1 a Brasil para reunirse con comunidad boliviana\"}]},{\"@type\":\"WebSite\",\"@id\":\"https:\\\/\\\/www.eldiario.net\\\/portal\\\/#website\",\"url\":\"https:\\\/\\\/www.eldiario.net\\\/portal\\\/\",\"name\":\"El Diario - Decano de la prensa nacional\",\"description\":\"El Diario - Decano de la prensa nacional\",\"publisher\":{\"@id\":\"https:\\\/\\\/www.eldiario.net\\\/portal\\\/#organization\"},\"potentialAction\":[{\"@type\":\"SearchAction\",\"target\":{\"@type\":\"EntryPoint\",\"urlTemplate\":\"https:\\\/\\\/www.eldiario.net\\\/portal\\\/?s={search_term_string}\"},\"query-input\":{\"@type\":\"PropertyValueSpecification\",\"valueRequired\":true,\"valueName\":\"search_term_string\"}}],\"inLanguage\":\"es\"},{\"@type\":\"Organization\",\"@id\":\"https:\\\/\\\/www.eldiario.net\\\/portal\\\/#organization\",\"name\":\"El Diario - Decano de la prensa nacional\",\"url\":\"https:\\\/\\\/www.eldiario.net\\\/portal\\\/\",\"logo\":{\"@type\":\"ImageObject\",\"inLanguage\":\"es\",\"@id\":\"https:\\\/\\\/www.eldiario.net\\\/portal\\\/#\\\/schema\\\/logo\\\/image\\\/\",\"url\":\"https:\\\/\\\/www.eldiario.net\\\/portal\\\/wp-content\\\/uploads\\\/2023\\\/07\\\/logo_ED.jpg\",\"contentUrl\":\"https:\\\/\\\/www.eldiario.net\\\/portal\\\/wp-content\\\/uploads\\\/2023\\\/07\\\/logo_ED.jpg\",\"width\":272,\"height\":52,\"caption\":\"El Diario - Decano de la prensa nacional\"},\"image\":{\"@id\":\"https:\\\/\\\/www.eldiario.net\\\/portal\\\/#\\\/schema\\\/logo\\\/image\\\/\"},\"sameAs\":[\"https:\\\/\\\/www.facebook.com\\\/eldiario.bolivia\\\/\",\"https:\\\/\\\/x.com\\\/eldiario_net\"]},{\"@type\":\"Person\",\"@id\":\"https:\\\/\\\/www.eldiario.net\\\/portal\\\/#\\\/schema\\\/person\\\/2c57cf2b7a7ae032e449e4c9b1019eac\",\"name\":\"Jeanette\",\"image\":{\"@type\":\"ImageObject\",\"inLanguage\":\"es\",\"@id\":\"https:\\\/\\\/secure.gravatar.com\\\/avatar\\\/3ea2118a5f7dad2b7138b1187a6b7ee55f160b9968b66013c3a3ef39dd7e5798?s=96&d=mm&r=g\",\"url\":\"https:\\\/\\\/secure.gravatar.com\\\/avatar\\\/3ea2118a5f7dad2b7138b1187a6b7ee55f160b9968b66013c3a3ef39dd7e5798?s=96&d=mm&r=g\",\"contentUrl\":\"https:\\\/\\\/secure.gravatar.com\\\/avatar\\\/3ea2118a5f7dad2b7138b1187a6b7ee55f160b9968b66013c3a3ef39dd7e5798?s=96&d=mm&r=g\",\"caption\":\"Jeanette\"},\"sameAs\":[\"https:\\\/\\\/www.eldiario.net\\\/portal\"],\"url\":\"https:\\\/\\\/www.eldiario.net\\\/portal\\\/author\\\/jeanette\\\/\"}]}<\/script>\n<!-- \/ Yoast SEO plugin. -->","yoast_head_json":{"title":"Comisi\u00f3n parlamentaria viajar\u00e1 a Brasil para reunirse con comunidad boliviana - El Diario - Bolivia","robots":{"index":"index","follow":"follow","max-snippet":"max-snippet:-1","max-image-preview":"max-image-preview:large","max-video-preview":"max-video-preview:-1"},"canonical":"https:\/\/www.eldiario.net\/portal\/2022\/09\/13\/comision-parlamentaria-viajara-a-brasil-para-reunirse-con-comunidad-boliviana\/","og_locale":"es_ES","og_type":"article","og_title":"Comisi\u00f3n parlamentaria viajar\u00e1 a Brasil para reunirse con comunidad boliviana - El Diario - Bolivia","og_description":"El diputado por el Movimiento al Socialismo (MAS), Gabriel Antonio Colque, presidente de la Comisi\u00f3n de Pol\u00edtica Internacional y Protecci\u00f3n al Migrante, anuncio que una delegaci\u00f3n de esta instancia legislativa viajar\u00e1 en octubre a Sao Paulo, Brasil, para sostener un encuentro con la comunidad boliviana y atender sus necesidades, en temas referentes a salud, educaci\u00f3n [&hellip;]","og_url":"https:\/\/www.eldiario.net\/portal\/2022\/09\/13\/comision-parlamentaria-viajara-a-brasil-para-reunirse-con-comunidad-boliviana\/","og_site_name":"El Diario - Bolivia","article_publisher":"https:\/\/www.facebook.com\/eldiario.bolivia\/","article_published_time":"2022-09-13T10:11:07+00:00","author":"Jeanette","twitter_card":"summary_large_image","twitter_creator":"@eldiario_net","twitter_site":"@eldiario_net","twitter_misc":{"Escrito por":"Jeanette","Tiempo de lectura":"2 minutos"},"schema":{"@context":"https:\/\/schema.org","@graph":[{"@type":"Article","@id":"https:\/\/www.eldiario.net\/portal\/2022\/09\/13\/comision-parlamentaria-viajara-a-brasil-para-reunirse-con-comunidad-boliviana\/#article","isPartOf":{"@id":"https:\/\/www.eldiario.net\/portal\/2022\/09\/13\/comision-parlamentaria-viajara-a-brasil-para-reunirse-con-comunidad-boliviana\/"},"author":{"name":"Jeanette","@id":"https:\/\/www.eldiario.net\/portal\/#\/schema\/person\/2c57cf2b7a7ae032e449e4c9b1019eac"},"headline":"Comisi\u00f3n parlamentaria viajar\u00e1 a Brasil para reunirse con comunidad boliviana","datePublished":"2022-09-13T10:11:07+00:00","mainEntityOfPage":{"@id":"https:\/\/www.eldiario.net\/portal\/2022\/09\/13\/comision-parlamentaria-viajara-a-brasil-para-reunirse-con-comunidad-boliviana\/"},"wordCount":263,"publisher":{"@id":"https:\/\/www.eldiario.net\/portal\/#organization"},"image":{"@id":"https:\/\/www.eldiario.net\/portal\/2022\/09\/13\/comision-parlamentaria-viajara-a-brasil-para-reunirse-con-comunidad-boliviana\/#primaryimage"},"thumbnailUrl":"","articleSection":["Pol\u00edtica"],"inLanguage":"es"},{"@type":"WebPage","@id":"https:\/\/www.eldiario.net\/portal\/2022\/09\/13\/comision-parlamentaria-viajara-a-brasil-para-reunirse-con-comunidad-boliviana\/","url":"https:\/\/www.eldiario.net\/portal\/2022\/09\/13\/comision-parlamentaria-viajara-a-brasil-para-reunirse-con-comunidad-boliviana\/","name":"Comisi\u00f3n parlamentaria viajar\u00e1 a Brasil para reunirse con comunidad boliviana - El Diario - Bolivia","isPartOf":{"@id":"https:\/\/www.eldiario.net\/portal\/#website"},"primaryImageOfPage":{"@id":"https:\/\/www.eldiario.net\/portal\/2022\/09\/13\/comision-parlamentaria-viajara-a-brasil-para-reunirse-con-comunidad-boliviana\/#primaryimage"},"image":{"@id":"https:\/\/www.eldiario.net\/portal\/2022\/09\/13\/comision-parlamentaria-viajara-a-brasil-para-reunirse-con-comunidad-boliviana\/#primaryimage"},"thumbnailUrl":"","datePublished":"2022-09-13T10:11:07+00:00","breadcrumb":{"@id":"https:\/\/www.eldiario.net\/portal\/2022\/09\/13\/comision-parlamentaria-viajara-a-brasil-para-reunirse-con-comunidad-boliviana\/#breadcrumb"},"inLanguage":"es","potentialAction":[{"@type":"ReadAction","target":["https:\/\/www.eldiario.net\/portal\/2022\/09\/13\/comision-parlamentaria-viajara-a-brasil-para-reunirse-con-comunidad-boliviana\/"]}]},{"@type":"ImageObject","inLanguage":"es","@id":"https:\/\/www.eldiario.net\/portal\/2022\/09\/13\/comision-parlamentaria-viajara-a-brasil-para-reunirse-con-comunidad-boliviana\/#primaryimage","url":"","contentUrl":""},{"@type":"BreadcrumbList","@id":"https:\/\/www.eldiario.net\/portal\/2022\/09\/13\/comision-parlamentaria-viajara-a-brasil-para-reunirse-con-comunidad-boliviana\/#breadcrumb","itemListElement":[{"@type":"ListItem","position":1,"name":"Portada","item":"https:\/\/www.eldiario.net\/portal\/"},{"@type":"ListItem","position":2,"name":"Comisi\u00f3n parlamentaria viajar\u00e1 a Brasil para reunirse con comunidad boliviana"}]},{"@type":"WebSite","@id":"https:\/\/www.eldiario.net\/portal\/#website","url":"https:\/\/www.eldiario.net\/portal\/","name":"El Diario - Decano de la prensa nacional","description":"El Diario - Decano de la prensa nacional","publisher":{"@id":"https:\/\/www.eldiario.net\/portal\/#organization"},"potentialAction":[{"@type":"SearchAction","target":{"@type":"EntryPoint","urlTemplate":"https:\/\/www.eldiario.net\/portal\/?s={search_term_string}"},"query-input":{"@type":"PropertyValueSpecification","valueRequired":true,"valueName":"search_term_string"}}],"inLanguage":"es"},{"@type":"Organization","@id":"https:\/\/www.eldiario.net\/portal\/#organization","name":"El Diario - Decano de la prensa nacional","url":"https:\/\/www.eldiario.net\/portal\/","logo":{"@type":"ImageObject","inLanguage":"es","@id":"https:\/\/www.eldiario.net\/portal\/#\/schema\/logo\/image\/","url":"https:\/\/www.eldiario.net\/portal\/wp-content\/uploads\/2023\/07\/logo_ED.jpg","contentUrl":"https:\/\/www.eldiario.net\/portal\/wp-content\/uploads\/2023\/07\/logo_ED.jpg","width":272,"height":52,"caption":"El Diario - Decano de la prensa nacional"},"image":{"@id":"https:\/\/www.eldiario.net\/portal\/#\/schema\/logo\/image\/"},"sameAs":["https:\/\/www.facebook.com\/eldiario.bolivia\/","https:\/\/x.com\/eldiario_net"]},{"@type":"Person","@id":"https:\/\/www.eldiario.net\/portal\/#\/schema\/person\/2c57cf2b7a7ae032e449e4c9b1019eac","name":"Jeanette","image":{"@type":"ImageObject","inLanguage":"es","@id":"https:\/\/secure.gravatar.com\/avatar\/3ea2118a5f7dad2b7138b1187a6b7ee55f160b9968b66013c3a3ef39dd7e5798?s=96&d=mm&r=g","url":"https:\/\/secure.gravatar.com\/avatar\/3ea2118a5f7dad2b7138b1187a6b7ee55f160b9968b66013c3a3ef39dd7e5798?s=96&d=mm&r=g","contentUrl":"https:\/\/secure.gravatar.com\/avatar\/3ea2118a5f7dad2b7138b1187a6b7ee55f160b9968b66013c3a3ef39dd7e5798?s=96&d=mm&r=g","caption":"Jeanette"},"sameAs":["https:\/\/www.eldiario.net\/portal"],"url":"https:\/\/www.eldiario.net\/portal\/author\/jeanette\/"}]}},"_links":{"self":[{"href":"https:\/\/www.eldiario.net\/portal\/wp-json\/wp\/v2\/posts\/110424","targetHints":{"allow":["GET"]}}],"collection":[{"href":"https:\/\/www.eldiario.net\/portal\/wp-json\/wp\/v2\/posts"}],"about":[{"href":"https:\/\/www.eldiario.net\/portal\/wp-json\/wp\/v2\/types\/post"}],"author":[{"embeddable":true,"href":"https:\/\/www.eldiario.net\/portal\/wp-json\/wp\/v2\/users\/1"}],"replies":[{"embeddable":true,"href":"https:\/\/www.eldiario.net\/portal\/wp-json\/wp\/v2\/comments?post=110424"}],"version-history":[{"count":0,"href":"https:\/\/www.eldiario.net\/portal\/wp-json\/wp\/v2\/posts\/110424\/revisions"}],"wp:attachment":[{"href":"https:\/\/www.eldiario.net\/portal\/wp-json\/wp\/v2\/media?parent=110424"}],"wp:term":[{"taxonomy":"category","embeddable":true,"href":"https:\/\/www.eldiario.net\/portal\/wp-json\/wp\/v2\/categories?post=110424"},{"taxonomy":"post_tag","embeddable":true,"href":"https:\/\/www.eldiario.net\/portal\/wp-json\/wp\/v2\/tags?post=110424"}],"curies":[{"name":"wp","href":"https:\/\/api.w.org\/{rel}","templated":true}]}}