{"id":110420,"date":"2022-09-13T06:09:52","date_gmt":"2022-09-13T10:09:52","guid":{"rendered":"https:\/\/www.eldiario.net\/portal\/?p=110420"},"modified":"2022-09-13T06:09:52","modified_gmt":"2022-09-13T10:09:52","slug":"santa-cruz-tiene-200-mil-hectareas-afectadas-por-incendios-forestales","status":"publish","type":"post","link":"https:\/\/www.eldiario.net\/portal\/2022\/09\/13\/santa-cruz-tiene-200-mil-hectareas-afectadas-por-incendios-forestales\/","title":{"rendered":"Santa Cruz tiene 200 mil hect\u00e1reas afectadas por incendios forestales"},"content":{"rendered":"<p>Los incendios registrados en el departamento de Santa Cruz afectan una superficie aproximada a las 200.000 hect\u00e1reas. La Gobernaci\u00f3n continuar\u00e1 realizando las gestiones necesarias ante el Viceministerio de Defensa Civil, para desplegar militares de las Fuerzas Armadas y proceder con intervenci\u00f3n a\u00e9rea para combatir el fuego por tierra y aire.<\/p>\n<p>\u201cAdem\u00e1s de las gestiones con Defensa Civil se ha enviado una nota oficial a la Administradora Boliviana de Caminos (ABC) para que puedan instruir que las maquinarias que tengan cerca de las emergencias forestales puedan ser desplazadas y coadyuvar en las tareas de combate\u201d, se inform\u00f3 desde la Direcci\u00f3n de Recursos Naturales de la Gobernaci\u00f3n.<\/p>\n<p>El Sistema de Alerta Temprana por Incendios Forestales (Satif) detect\u00f3 ayer, 26 incendios activos en 16 municipios de los cuales 11 de ellos se han declarado en desastre por incendios forestales. De igual manera report\u00f3 96 focos de quema nuevos, teniendo un acumulado de 4.041 focos de quema, haciendo un acumulado en la presente gesti\u00f3n de 21.781 focos de quema.<\/p>\n<p>San Rafael, San Mat\u00edas, Guti\u00e9rrez, San Antonio del Lomer\u00edo, Charagua, San Ignacio de Velasco, Carmen Rivero Torrez, Puerto Su\u00e1rez, Robor\u00e9, Urubich\u00e1, y El Torno son los municipios que se han declarado en desastre por los incendios.<\/p>\n<p>Por otra parte, la Gobernaci\u00f3n ha desplazado brigadas a cada uno de los incendios en donde est\u00e1n planificando y coordinando junto con otras brigadas de bomberos el combate a realizarse en cada una de las emergencias.<\/p>\n<p>SOFOCAN FUEGO<\/p>\n<p>Bomberos Forestales de la Direcci\u00f3n de Recursos Naturales (Direna) lograron apagar incendios en comunidades alejadas del distrito de Buen Retiro en el municipio de San Carlos.<\/p>\n<p>Por cinco d\u00edas consecutivos un equipo de bomberos de Direna con el apoyo de la Subalcald\u00eda de este distrito, estuvieron sofocando los incendios que se presentaron en las comunidades de Villa F\u00e1tima y Madre Negra, mientras que ayer estuvieron en el distrito de Antofagasta donde tambi\u00e9n se logr\u00f3 sofocar el incendio.<\/p>\n<p>La Subgobernadora de Ichilo, Mariel R\u00edos, sostuvo una reuni\u00f3n informativa donde manifest\u00f3 que los incendios ya est\u00e1n controlados, pero se mantienen en alerta pues no se descartan m\u00e1s incendios en comunidades aleda\u00f1as.<\/p>\n<p>AYUDA<\/p>\n<p>El Comit\u00e9 de Emergencia Departamental (COED) envi\u00f3 ayer alimentos para la olla com\u00fan y agua, hidratantes y otras bebidas para los 300 bomberos forestales y personal operativo que combaten los incendios forestales en los municipios declarados en desastres.<\/p>\n<p>Las comunidades con incendios activos son Santiago de Chiquitos, Agua Calientes, San Lorenzo &#8211; Quitunuqui\u00f1a, Tobite y Sabinal. Asimismo, los 34 \u00edtems de alimentos y bebidas es para apoyar a los bomberos para los pr\u00f3ximos cinco d\u00edas. (Santa Cruz, agencias)<\/p>\n","protected":false},"excerpt":{"rendered":"<p>Los incendios registrados en el departamento de Santa Cruz afectan una superficie aproximada a las 200.000 hect\u00e1reas. La Gobernaci\u00f3n continuar\u00e1 realizando las gestiones necesarias ante el Viceministerio de Defensa Civil, para desplegar militares de las Fuerzas Armadas y proceder con intervenci\u00f3n a\u00e9rea para combatir el fuego por tierra y aire. \u201cAdem\u00e1s de las gestiones con [&hellip;]<\/p>\n","protected":false},"author":1,"featured_media":110421,"comment_status":"closed","ping_status":"closed","sticky":false,"template":"","format":"standard","meta":{"_acf_changed":false,"footnotes":""},"categories":[12],"tags":[],"class_list":["post-110420","post","type-post","status-publish","format-standard","has-post-thumbnail","category-nacional"],"acf":{"antetitulo":""},"yoast_head":"<!-- This site is optimized with the Yoast SEO plugin v28.4 - https:\/\/yoast.com\/product\/yoast-seo-wordpress\/ -->\n<title>Santa Cruz tiene 200 mil hect\u00e1reas afectadas por incendios forestales - El Diario - Bolivia<\/title>\n<meta name=\"robots\" content=\"index, follow, max-snippet:-1, max-image-preview:large, max-video-preview:-1\" \/>\n<link rel=\"canonical\" href=\"https:\/\/www.eldiario.net\/portal\/2022\/09\/13\/santa-cruz-tiene-200-mil-hectareas-afectadas-por-incendios-forestales\/\" \/>\n<meta property=\"og:locale\" content=\"es_ES\" \/>\n<meta property=\"og:type\" content=\"article\" \/>\n<meta property=\"og:title\" content=\"Santa Cruz tiene 200 mil hect\u00e1reas afectadas por incendios forestales - El Diario - Bolivia\" \/>\n<meta property=\"og:description\" content=\"Los incendios registrados en el departamento de Santa Cruz afectan una superficie aproximada a las 200.000 hect\u00e1reas. La Gobernaci\u00f3n continuar\u00e1 realizando las gestiones necesarias ante el Viceministerio de Defensa Civil, para desplegar militares de las Fuerzas Armadas y proceder con intervenci\u00f3n a\u00e9rea para combatir el fuego por tierra y aire. \u201cAdem\u00e1s de las gestiones con [&hellip;]\" \/>\n<meta property=\"og:url\" content=\"https:\/\/www.eldiario.net\/portal\/2022\/09\/13\/santa-cruz-tiene-200-mil-hectareas-afectadas-por-incendios-forestales\/\" \/>\n<meta property=\"og:site_name\" content=\"El Diario - Bolivia\" \/>\n<meta property=\"article:publisher\" content=\"https:\/\/www.facebook.com\/eldiario.bolivia\/\" \/>\n<meta property=\"article:published_time\" content=\"2022-09-13T10:09:52+00:00\" \/>\n<meta name=\"author\" content=\"Jeanette\" \/>\n<meta name=\"twitter:card\" content=\"summary_large_image\" \/>\n<meta name=\"twitter:creator\" content=\"@eldiario_net\" \/>\n<meta name=\"twitter:site\" content=\"@eldiario_net\" \/>\n<meta name=\"twitter:label1\" content=\"Escrito por\" \/>\n\t<meta name=\"twitter:data1\" content=\"Jeanette\" \/>\n\t<meta name=\"twitter:label2\" content=\"Tiempo de lectura\" \/>\n\t<meta name=\"twitter:data2\" content=\"2 minutos\" \/>\n<script type=\"application\/ld+json\" class=\"yoast-schema-graph\">{\"@context\":\"https:\\\/\\\/schema.org\",\"@graph\":[{\"@type\":\"Article\",\"@id\":\"https:\\\/\\\/www.eldiario.net\\\/portal\\\/2022\\\/09\\\/13\\\/santa-cruz-tiene-200-mil-hectareas-afectadas-por-incendios-forestales\\\/#article\",\"isPartOf\":{\"@id\":\"https:\\\/\\\/www.eldiario.net\\\/portal\\\/2022\\\/09\\\/13\\\/santa-cruz-tiene-200-mil-hectareas-afectadas-por-incendios-forestales\\\/\"},\"author\":{\"name\":\"Jeanette\",\"@id\":\"https:\\\/\\\/www.eldiario.net\\\/portal\\\/#\\\/schema\\\/person\\\/2c57cf2b7a7ae032e449e4c9b1019eac\"},\"headline\":\"Santa Cruz tiene 200 mil hect\u00e1reas afectadas por incendios forestales\",\"datePublished\":\"2022-09-13T10:09:52+00:00\",\"mainEntityOfPage\":{\"@id\":\"https:\\\/\\\/www.eldiario.net\\\/portal\\\/2022\\\/09\\\/13\\\/santa-cruz-tiene-200-mil-hectareas-afectadas-por-incendios-forestales\\\/\"},\"wordCount\":456,\"publisher\":{\"@id\":\"https:\\\/\\\/www.eldiario.net\\\/portal\\\/#organization\"},\"image\":{\"@id\":\"https:\\\/\\\/www.eldiario.net\\\/portal\\\/2022\\\/09\\\/13\\\/santa-cruz-tiene-200-mil-hectareas-afectadas-por-incendios-forestales\\\/#primaryimage\"},\"thumbnailUrl\":\"\",\"articleSection\":[\"Nacional\"],\"inLanguage\":\"es\"},{\"@type\":\"WebPage\",\"@id\":\"https:\\\/\\\/www.eldiario.net\\\/portal\\\/2022\\\/09\\\/13\\\/santa-cruz-tiene-200-mil-hectareas-afectadas-por-incendios-forestales\\\/\",\"url\":\"https:\\\/\\\/www.eldiario.net\\\/portal\\\/2022\\\/09\\\/13\\\/santa-cruz-tiene-200-mil-hectareas-afectadas-por-incendios-forestales\\\/\",\"name\":\"Santa Cruz tiene 200 mil hect\u00e1reas afectadas por incendios forestales - El Diario - Bolivia\",\"isPartOf\":{\"@id\":\"https:\\\/\\\/www.eldiario.net\\\/portal\\\/#website\"},\"primaryImageOfPage\":{\"@id\":\"https:\\\/\\\/www.eldiario.net\\\/portal\\\/2022\\\/09\\\/13\\\/santa-cruz-tiene-200-mil-hectareas-afectadas-por-incendios-forestales\\\/#primaryimage\"},\"image\":{\"@id\":\"https:\\\/\\\/www.eldiario.net\\\/portal\\\/2022\\\/09\\\/13\\\/santa-cruz-tiene-200-mil-hectareas-afectadas-por-incendios-forestales\\\/#primaryimage\"},\"thumbnailUrl\":\"\",\"datePublished\":\"2022-09-13T10:09:52+00:00\",\"breadcrumb\":{\"@id\":\"https:\\\/\\\/www.eldiario.net\\\/portal\\\/2022\\\/09\\\/13\\\/santa-cruz-tiene-200-mil-hectareas-afectadas-por-incendios-forestales\\\/#breadcrumb\"},\"inLanguage\":\"es\",\"potentialAction\":[{\"@type\":\"ReadAction\",\"target\":[\"https:\\\/\\\/www.eldiario.net\\\/portal\\\/2022\\\/09\\\/13\\\/santa-cruz-tiene-200-mil-hectareas-afectadas-por-incendios-forestales\\\/\"]}]},{\"@type\":\"ImageObject\",\"inLanguage\":\"es\",\"@id\":\"https:\\\/\\\/www.eldiario.net\\\/portal\\\/2022\\\/09\\\/13\\\/santa-cruz-tiene-200-mil-hectareas-afectadas-por-incendios-forestales\\\/#primaryimage\",\"url\":\"\",\"contentUrl\":\"\"},{\"@type\":\"BreadcrumbList\",\"@id\":\"https:\\\/\\\/www.eldiario.net\\\/portal\\\/2022\\\/09\\\/13\\\/santa-cruz-tiene-200-mil-hectareas-afectadas-por-incendios-forestales\\\/#breadcrumb\",\"itemListElement\":[{\"@type\":\"ListItem\",\"position\":1,\"name\":\"Portada\",\"item\":\"https:\\\/\\\/www.eldiario.net\\\/portal\\\/\"},{\"@type\":\"ListItem\",\"position\":2,\"name\":\"Santa Cruz tiene 200 mil hect\u00e1reas afectadas por incendios forestales\"}]},{\"@type\":\"WebSite\",\"@id\":\"https:\\\/\\\/www.eldiario.net\\\/portal\\\/#website\",\"url\":\"https:\\\/\\\/www.eldiario.net\\\/portal\\\/\",\"name\":\"El Diario - Decano de la prensa nacional\",\"description\":\"El Diario - Decano de la prensa nacional\",\"publisher\":{\"@id\":\"https:\\\/\\\/www.eldiario.net\\\/portal\\\/#organization\"},\"potentialAction\":[{\"@type\":\"SearchAction\",\"target\":{\"@type\":\"EntryPoint\",\"urlTemplate\":\"https:\\\/\\\/www.eldiario.net\\\/portal\\\/?s={search_term_string}\"},\"query-input\":{\"@type\":\"PropertyValueSpecification\",\"valueRequired\":true,\"valueName\":\"search_term_string\"}}],\"inLanguage\":\"es\"},{\"@type\":\"Organization\",\"@id\":\"https:\\\/\\\/www.eldiario.net\\\/portal\\\/#organization\",\"name\":\"El Diario - Decano de la prensa nacional\",\"url\":\"https:\\\/\\\/www.eldiario.net\\\/portal\\\/\",\"logo\":{\"@type\":\"ImageObject\",\"inLanguage\":\"es\",\"@id\":\"https:\\\/\\\/www.eldiario.net\\\/portal\\\/#\\\/schema\\\/logo\\\/image\\\/\",\"url\":\"https:\\\/\\\/www.eldiario.net\\\/portal\\\/wp-content\\\/uploads\\\/2023\\\/07\\\/logo_ED.jpg\",\"contentUrl\":\"https:\\\/\\\/www.eldiario.net\\\/portal\\\/wp-content\\\/uploads\\\/2023\\\/07\\\/logo_ED.jpg\",\"width\":272,\"height\":52,\"caption\":\"El Diario - Decano de la prensa nacional\"},\"image\":{\"@id\":\"https:\\\/\\\/www.eldiario.net\\\/portal\\\/#\\\/schema\\\/logo\\\/image\\\/\"},\"sameAs\":[\"https:\\\/\\\/www.facebook.com\\\/eldiario.bolivia\\\/\",\"https:\\\/\\\/x.com\\\/eldiario_net\"]},{\"@type\":\"Person\",\"@id\":\"https:\\\/\\\/www.eldiario.net\\\/portal\\\/#\\\/schema\\\/person\\\/2c57cf2b7a7ae032e449e4c9b1019eac\",\"name\":\"Jeanette\",\"image\":{\"@type\":\"ImageObject\",\"inLanguage\":\"es\",\"@id\":\"https:\\\/\\\/secure.gravatar.com\\\/avatar\\\/3ea2118a5f7dad2b7138b1187a6b7ee55f160b9968b66013c3a3ef39dd7e5798?s=96&d=mm&r=g\",\"url\":\"https:\\\/\\\/secure.gravatar.com\\\/avatar\\\/3ea2118a5f7dad2b7138b1187a6b7ee55f160b9968b66013c3a3ef39dd7e5798?s=96&d=mm&r=g\",\"contentUrl\":\"https:\\\/\\\/secure.gravatar.com\\\/avatar\\\/3ea2118a5f7dad2b7138b1187a6b7ee55f160b9968b66013c3a3ef39dd7e5798?s=96&d=mm&r=g\",\"caption\":\"Jeanette\"},\"sameAs\":[\"https:\\\/\\\/www.eldiario.net\\\/portal\"],\"url\":\"https:\\\/\\\/www.eldiario.net\\\/portal\\\/author\\\/jeanette\\\/\"}]}<\/script>\n<!-- \/ Yoast SEO plugin. -->","yoast_head_json":{"title":"Santa Cruz tiene 200 mil hect\u00e1reas afectadas por incendios forestales - El Diario - Bolivia","robots":{"index":"index","follow":"follow","max-snippet":"max-snippet:-1","max-image-preview":"max-image-preview:large","max-video-preview":"max-video-preview:-1"},"canonical":"https:\/\/www.eldiario.net\/portal\/2022\/09\/13\/santa-cruz-tiene-200-mil-hectareas-afectadas-por-incendios-forestales\/","og_locale":"es_ES","og_type":"article","og_title":"Santa Cruz tiene 200 mil hect\u00e1reas afectadas por incendios forestales - El Diario - Bolivia","og_description":"Los incendios registrados en el departamento de Santa Cruz afectan una superficie aproximada a las 200.000 hect\u00e1reas. La Gobernaci\u00f3n continuar\u00e1 realizando las gestiones necesarias ante el Viceministerio de Defensa Civil, para desplegar militares de las Fuerzas Armadas y proceder con intervenci\u00f3n a\u00e9rea para combatir el fuego por tierra y aire. \u201cAdem\u00e1s de las gestiones con [&hellip;]","og_url":"https:\/\/www.eldiario.net\/portal\/2022\/09\/13\/santa-cruz-tiene-200-mil-hectareas-afectadas-por-incendios-forestales\/","og_site_name":"El Diario - Bolivia","article_publisher":"https:\/\/www.facebook.com\/eldiario.bolivia\/","article_published_time":"2022-09-13T10:09:52+00:00","author":"Jeanette","twitter_card":"summary_large_image","twitter_creator":"@eldiario_net","twitter_site":"@eldiario_net","twitter_misc":{"Escrito por":"Jeanette","Tiempo de lectura":"2 minutos"},"schema":{"@context":"https:\/\/schema.org","@graph":[{"@type":"Article","@id":"https:\/\/www.eldiario.net\/portal\/2022\/09\/13\/santa-cruz-tiene-200-mil-hectareas-afectadas-por-incendios-forestales\/#article","isPartOf":{"@id":"https:\/\/www.eldiario.net\/portal\/2022\/09\/13\/santa-cruz-tiene-200-mil-hectareas-afectadas-por-incendios-forestales\/"},"author":{"name":"Jeanette","@id":"https:\/\/www.eldiario.net\/portal\/#\/schema\/person\/2c57cf2b7a7ae032e449e4c9b1019eac"},"headline":"Santa Cruz tiene 200 mil hect\u00e1reas afectadas por incendios forestales","datePublished":"2022-09-13T10:09:52+00:00","mainEntityOfPage":{"@id":"https:\/\/www.eldiario.net\/portal\/2022\/09\/13\/santa-cruz-tiene-200-mil-hectareas-afectadas-por-incendios-forestales\/"},"wordCount":456,"publisher":{"@id":"https:\/\/www.eldiario.net\/portal\/#organization"},"image":{"@id":"https:\/\/www.eldiario.net\/portal\/2022\/09\/13\/santa-cruz-tiene-200-mil-hectareas-afectadas-por-incendios-forestales\/#primaryimage"},"thumbnailUrl":"","articleSection":["Nacional"],"inLanguage":"es"},{"@type":"WebPage","@id":"https:\/\/www.eldiario.net\/portal\/2022\/09\/13\/santa-cruz-tiene-200-mil-hectareas-afectadas-por-incendios-forestales\/","url":"https:\/\/www.eldiario.net\/portal\/2022\/09\/13\/santa-cruz-tiene-200-mil-hectareas-afectadas-por-incendios-forestales\/","name":"Santa Cruz tiene 200 mil hect\u00e1reas afectadas por incendios forestales - El Diario - Bolivia","isPartOf":{"@id":"https:\/\/www.eldiario.net\/portal\/#website"},"primaryImageOfPage":{"@id":"https:\/\/www.eldiario.net\/portal\/2022\/09\/13\/santa-cruz-tiene-200-mil-hectareas-afectadas-por-incendios-forestales\/#primaryimage"},"image":{"@id":"https:\/\/www.eldiario.net\/portal\/2022\/09\/13\/santa-cruz-tiene-200-mil-hectareas-afectadas-por-incendios-forestales\/#primaryimage"},"thumbnailUrl":"","datePublished":"2022-09-13T10:09:52+00:00","breadcrumb":{"@id":"https:\/\/www.eldiario.net\/portal\/2022\/09\/13\/santa-cruz-tiene-200-mil-hectareas-afectadas-por-incendios-forestales\/#breadcrumb"},"inLanguage":"es","potentialAction":[{"@type":"ReadAction","target":["https:\/\/www.eldiario.net\/portal\/2022\/09\/13\/santa-cruz-tiene-200-mil-hectareas-afectadas-por-incendios-forestales\/"]}]},{"@type":"ImageObject","inLanguage":"es","@id":"https:\/\/www.eldiario.net\/portal\/2022\/09\/13\/santa-cruz-tiene-200-mil-hectareas-afectadas-por-incendios-forestales\/#primaryimage","url":"","contentUrl":""},{"@type":"BreadcrumbList","@id":"https:\/\/www.eldiario.net\/portal\/2022\/09\/13\/santa-cruz-tiene-200-mil-hectareas-afectadas-por-incendios-forestales\/#breadcrumb","itemListElement":[{"@type":"ListItem","position":1,"name":"Portada","item":"https:\/\/www.eldiario.net\/portal\/"},{"@type":"ListItem","position":2,"name":"Santa Cruz tiene 200 mil hect\u00e1reas afectadas por incendios forestales"}]},{"@type":"WebSite","@id":"https:\/\/www.eldiario.net\/portal\/#website","url":"https:\/\/www.eldiario.net\/portal\/","name":"El Diario - Decano de la prensa nacional","description":"El Diario - Decano de la prensa nacional","publisher":{"@id":"https:\/\/www.eldiario.net\/portal\/#organization"},"potentialAction":[{"@type":"SearchAction","target":{"@type":"EntryPoint","urlTemplate":"https:\/\/www.eldiario.net\/portal\/?s={search_term_string}"},"query-input":{"@type":"PropertyValueSpecification","valueRequired":true,"valueName":"search_term_string"}}],"inLanguage":"es"},{"@type":"Organization","@id":"https:\/\/www.eldiario.net\/portal\/#organization","name":"El Diario - Decano de la prensa nacional","url":"https:\/\/www.eldiario.net\/portal\/","logo":{"@type":"ImageObject","inLanguage":"es","@id":"https:\/\/www.eldiario.net\/portal\/#\/schema\/logo\/image\/","url":"https:\/\/www.eldiario.net\/portal\/wp-content\/uploads\/2023\/07\/logo_ED.jpg","contentUrl":"https:\/\/www.eldiario.net\/portal\/wp-content\/uploads\/2023\/07\/logo_ED.jpg","width":272,"height":52,"caption":"El Diario - Decano de la prensa nacional"},"image":{"@id":"https:\/\/www.eldiario.net\/portal\/#\/schema\/logo\/image\/"},"sameAs":["https:\/\/www.facebook.com\/eldiario.bolivia\/","https:\/\/x.com\/eldiario_net"]},{"@type":"Person","@id":"https:\/\/www.eldiario.net\/portal\/#\/schema\/person\/2c57cf2b7a7ae032e449e4c9b1019eac","name":"Jeanette","image":{"@type":"ImageObject","inLanguage":"es","@id":"https:\/\/secure.gravatar.com\/avatar\/3ea2118a5f7dad2b7138b1187a6b7ee55f160b9968b66013c3a3ef39dd7e5798?s=96&d=mm&r=g","url":"https:\/\/secure.gravatar.com\/avatar\/3ea2118a5f7dad2b7138b1187a6b7ee55f160b9968b66013c3a3ef39dd7e5798?s=96&d=mm&r=g","contentUrl":"https:\/\/secure.gravatar.com\/avatar\/3ea2118a5f7dad2b7138b1187a6b7ee55f160b9968b66013c3a3ef39dd7e5798?s=96&d=mm&r=g","caption":"Jeanette"},"sameAs":["https:\/\/www.eldiario.net\/portal"],"url":"https:\/\/www.eldiario.net\/portal\/author\/jeanette\/"}]}},"_links":{"self":[{"href":"https:\/\/www.eldiario.net\/portal\/wp-json\/wp\/v2\/posts\/110420","targetHints":{"allow":["GET"]}}],"collection":[{"href":"https:\/\/www.eldiario.net\/portal\/wp-json\/wp\/v2\/posts"}],"about":[{"href":"https:\/\/www.eldiario.net\/portal\/wp-json\/wp\/v2\/types\/post"}],"author":[{"embeddable":true,"href":"https:\/\/www.eldiario.net\/portal\/wp-json\/wp\/v2\/users\/1"}],"replies":[{"embeddable":true,"href":"https:\/\/www.eldiario.net\/portal\/wp-json\/wp\/v2\/comments?post=110420"}],"version-history":[{"count":0,"href":"https:\/\/www.eldiario.net\/portal\/wp-json\/wp\/v2\/posts\/110420\/revisions"}],"wp:attachment":[{"href":"https:\/\/www.eldiario.net\/portal\/wp-json\/wp\/v2\/media?parent=110420"}],"wp:term":[{"taxonomy":"category","embeddable":true,"href":"https:\/\/www.eldiario.net\/portal\/wp-json\/wp\/v2\/categories?post=110420"},{"taxonomy":"post_tag","embeddable":true,"href":"https:\/\/www.eldiario.net\/portal\/wp-json\/wp\/v2\/tags?post=110420"}],"curies":[{"name":"wp","href":"https:\/\/api.w.org\/{rel}","templated":true}]}}