{"id":110417,"date":"2022-09-13T06:08:27","date_gmt":"2022-09-13T10:08:27","guid":{"rendered":"https:\/\/www.eldiario.net\/portal\/?p=110417"},"modified":"2022-09-13T06:08:27","modified_gmt":"2022-09-13T10:08:27","slug":"robore-sin-agua-por-combatir-incendios","status":"publish","type":"post","link":"https:\/\/www.eldiario.net\/portal\/2022\/09\/13\/robore-sin-agua-por-combatir-incendios\/","title":{"rendered":"Robor\u00e9 sin agua por  combatir incendios"},"content":{"rendered":"<p>El presidente del Comit\u00e9 C\u00edvico de Robor\u00e9, Rub\u00e9n Dar\u00edo Arias, inform\u00f3 que el municipio se qued\u00f3 sin agua para combatir los ocho focos de incendios que fueron provocados por avasalladores.<\/p>\n<p>\u201cSi no logramos controlar lo incendios en m\u00e1ximo 10 d\u00edas, vamos a tener un incendio de sexta generaci\u00f3n en Robor\u00e9. No tenemos la capacidad econ\u00f3mica ni log\u00edstica, nos hacen falta veh\u00edculos. Por los climas y el viento, es mejor atacar al fuego de noche, pero no hay linternas de cabeza. Ayer nos quedamos sin una gota de agua y hemos tenido que empezar a salir por el pueblo a tocar puertas para conseguir agua\u201d, alert\u00f3 Arias.<\/p>\n<p>De los ocho focos de incendio, cinco se encuentran dentro del \u00e1rea protegida de Tucavaca y tres en el Valle de Tucavaca. Seg\u00fan el c\u00edvico, el fuego es provocado por avasalladores que pretenden que el Instituto Nacional de Reforma Agraria (INRA) reconozca a comunidades fantasmas.<\/p>\n<p>\u201cLo llamativo es que cuando el INRA indica que va ingresar a estas comunidades de nuevos asentamientos totalmente ilegales, que nosotros llamamos comunidades fantasmas, empiezan los incendios. Si hacemos un seguimiento georeferencial, desde a donde se han iniciado los incendios, concluimos que son incendios provocados y son por esta gente\u201d, asegur\u00f3.<\/p>\n<p>El municipio cruce\u00f1o se declar\u00f3 en desastre hace cuatro d\u00edas y el viceministro de Defensa Civil, Juan Carlos Calvimontes, inform\u00f3 que en Santa Cruz existen 17 incendios activos. (Santa Cruz, ANF)<\/p>\n","protected":false},"excerpt":{"rendered":"<p>El presidente del Comit\u00e9 C\u00edvico de Robor\u00e9, Rub\u00e9n Dar\u00edo Arias, inform\u00f3 que el municipio se qued\u00f3 sin agua para combatir los ocho focos de incendios que fueron provocados por avasalladores. \u201cSi no logramos controlar lo incendios en m\u00e1ximo 10 d\u00edas, vamos a tener un incendio de sexta generaci\u00f3n en Robor\u00e9. No tenemos la capacidad econ\u00f3mica [&hellip;]<\/p>\n","protected":false},"author":1,"featured_media":110418,"comment_status":"closed","ping_status":"closed","sticky":false,"template":"","format":"standard","meta":{"_acf_changed":false,"footnotes":""},"categories":[12],"tags":[],"class_list":["post-110417","post","type-post","status-publish","format-standard","has-post-thumbnail","category-nacional"],"acf":{"antetitulo":""},"yoast_head":"<!-- This site is optimized with the Yoast SEO plugin v28.4 - https:\/\/yoast.com\/product\/yoast-seo-wordpress\/ -->\n<title>Robor\u00e9 sin agua por combatir incendios - El Diario - Bolivia<\/title>\n<meta name=\"robots\" content=\"index, follow, max-snippet:-1, max-image-preview:large, max-video-preview:-1\" \/>\n<link rel=\"canonical\" href=\"https:\/\/www.eldiario.net\/portal\/2022\/09\/13\/robore-sin-agua-por-combatir-incendios\/\" \/>\n<meta property=\"og:locale\" content=\"es_ES\" \/>\n<meta property=\"og:type\" content=\"article\" \/>\n<meta property=\"og:title\" content=\"Robor\u00e9 sin agua por combatir incendios - El Diario - Bolivia\" \/>\n<meta property=\"og:description\" content=\"El presidente del Comit\u00e9 C\u00edvico de Robor\u00e9, Rub\u00e9n Dar\u00edo Arias, inform\u00f3 que el municipio se qued\u00f3 sin agua para combatir los ocho focos de incendios que fueron provocados por avasalladores. \u201cSi no logramos controlar lo incendios en m\u00e1ximo 10 d\u00edas, vamos a tener un incendio de sexta generaci\u00f3n en Robor\u00e9. No tenemos la capacidad econ\u00f3mica [&hellip;]\" \/>\n<meta property=\"og:url\" content=\"https:\/\/www.eldiario.net\/portal\/2022\/09\/13\/robore-sin-agua-por-combatir-incendios\/\" \/>\n<meta property=\"og:site_name\" content=\"El Diario - Bolivia\" \/>\n<meta property=\"article:publisher\" content=\"https:\/\/www.facebook.com\/eldiario.bolivia\/\" \/>\n<meta property=\"article:published_time\" content=\"2022-09-13T10:08:27+00:00\" \/>\n<meta name=\"author\" content=\"Jeanette\" \/>\n<meta name=\"twitter:card\" content=\"summary_large_image\" \/>\n<meta name=\"twitter:creator\" content=\"@eldiario_net\" \/>\n<meta name=\"twitter:site\" content=\"@eldiario_net\" \/>\n<meta name=\"twitter:label1\" content=\"Escrito por\" \/>\n\t<meta name=\"twitter:data1\" content=\"Jeanette\" \/>\n\t<meta name=\"twitter:label2\" content=\"Tiempo de lectura\" \/>\n\t<meta name=\"twitter:data2\" content=\"2 minutos\" \/>\n<script type=\"application\/ld+json\" class=\"yoast-schema-graph\">{\"@context\":\"https:\\\/\\\/schema.org\",\"@graph\":[{\"@type\":\"Article\",\"@id\":\"https:\\\/\\\/www.eldiario.net\\\/portal\\\/2022\\\/09\\\/13\\\/robore-sin-agua-por-combatir-incendios\\\/#article\",\"isPartOf\":{\"@id\":\"https:\\\/\\\/www.eldiario.net\\\/portal\\\/2022\\\/09\\\/13\\\/robore-sin-agua-por-combatir-incendios\\\/\"},\"author\":{\"name\":\"Jeanette\",\"@id\":\"https:\\\/\\\/www.eldiario.net\\\/portal\\\/#\\\/schema\\\/person\\\/2c57cf2b7a7ae032e449e4c9b1019eac\"},\"headline\":\"Robor\u00e9 sin agua por combatir incendios\",\"datePublished\":\"2022-09-13T10:08:27+00:00\",\"mainEntityOfPage\":{\"@id\":\"https:\\\/\\\/www.eldiario.net\\\/portal\\\/2022\\\/09\\\/13\\\/robore-sin-agua-por-combatir-incendios\\\/\"},\"wordCount\":250,\"publisher\":{\"@id\":\"https:\\\/\\\/www.eldiario.net\\\/portal\\\/#organization\"},\"image\":{\"@id\":\"https:\\\/\\\/www.eldiario.net\\\/portal\\\/2022\\\/09\\\/13\\\/robore-sin-agua-por-combatir-incendios\\\/#primaryimage\"},\"thumbnailUrl\":\"\",\"articleSection\":[\"Nacional\"],\"inLanguage\":\"es\"},{\"@type\":\"WebPage\",\"@id\":\"https:\\\/\\\/www.eldiario.net\\\/portal\\\/2022\\\/09\\\/13\\\/robore-sin-agua-por-combatir-incendios\\\/\",\"url\":\"https:\\\/\\\/www.eldiario.net\\\/portal\\\/2022\\\/09\\\/13\\\/robore-sin-agua-por-combatir-incendios\\\/\",\"name\":\"Robor\u00e9 sin agua por combatir incendios - El Diario - Bolivia\",\"isPartOf\":{\"@id\":\"https:\\\/\\\/www.eldiario.net\\\/portal\\\/#website\"},\"primaryImageOfPage\":{\"@id\":\"https:\\\/\\\/www.eldiario.net\\\/portal\\\/2022\\\/09\\\/13\\\/robore-sin-agua-por-combatir-incendios\\\/#primaryimage\"},\"image\":{\"@id\":\"https:\\\/\\\/www.eldiario.net\\\/portal\\\/2022\\\/09\\\/13\\\/robore-sin-agua-por-combatir-incendios\\\/#primaryimage\"},\"thumbnailUrl\":\"\",\"datePublished\":\"2022-09-13T10:08:27+00:00\",\"breadcrumb\":{\"@id\":\"https:\\\/\\\/www.eldiario.net\\\/portal\\\/2022\\\/09\\\/13\\\/robore-sin-agua-por-combatir-incendios\\\/#breadcrumb\"},\"inLanguage\":\"es\",\"potentialAction\":[{\"@type\":\"ReadAction\",\"target\":[\"https:\\\/\\\/www.eldiario.net\\\/portal\\\/2022\\\/09\\\/13\\\/robore-sin-agua-por-combatir-incendios\\\/\"]}]},{\"@type\":\"ImageObject\",\"inLanguage\":\"es\",\"@id\":\"https:\\\/\\\/www.eldiario.net\\\/portal\\\/2022\\\/09\\\/13\\\/robore-sin-agua-por-combatir-incendios\\\/#primaryimage\",\"url\":\"\",\"contentUrl\":\"\"},{\"@type\":\"BreadcrumbList\",\"@id\":\"https:\\\/\\\/www.eldiario.net\\\/portal\\\/2022\\\/09\\\/13\\\/robore-sin-agua-por-combatir-incendios\\\/#breadcrumb\",\"itemListElement\":[{\"@type\":\"ListItem\",\"position\":1,\"name\":\"Portada\",\"item\":\"https:\\\/\\\/www.eldiario.net\\\/portal\\\/\"},{\"@type\":\"ListItem\",\"position\":2,\"name\":\"Robor\u00e9 sin agua por combatir incendios\"}]},{\"@type\":\"WebSite\",\"@id\":\"https:\\\/\\\/www.eldiario.net\\\/portal\\\/#website\",\"url\":\"https:\\\/\\\/www.eldiario.net\\\/portal\\\/\",\"name\":\"El Diario - Decano de la prensa nacional\",\"description\":\"El Diario - Decano de la prensa nacional\",\"publisher\":{\"@id\":\"https:\\\/\\\/www.eldiario.net\\\/portal\\\/#organization\"},\"potentialAction\":[{\"@type\":\"SearchAction\",\"target\":{\"@type\":\"EntryPoint\",\"urlTemplate\":\"https:\\\/\\\/www.eldiario.net\\\/portal\\\/?s={search_term_string}\"},\"query-input\":{\"@type\":\"PropertyValueSpecification\",\"valueRequired\":true,\"valueName\":\"search_term_string\"}}],\"inLanguage\":\"es\"},{\"@type\":\"Organization\",\"@id\":\"https:\\\/\\\/www.eldiario.net\\\/portal\\\/#organization\",\"name\":\"El Diario - Decano de la prensa nacional\",\"url\":\"https:\\\/\\\/www.eldiario.net\\\/portal\\\/\",\"logo\":{\"@type\":\"ImageObject\",\"inLanguage\":\"es\",\"@id\":\"https:\\\/\\\/www.eldiario.net\\\/portal\\\/#\\\/schema\\\/logo\\\/image\\\/\",\"url\":\"https:\\\/\\\/www.eldiario.net\\\/portal\\\/wp-content\\\/uploads\\\/2023\\\/07\\\/logo_ED.jpg\",\"contentUrl\":\"https:\\\/\\\/www.eldiario.net\\\/portal\\\/wp-content\\\/uploads\\\/2023\\\/07\\\/logo_ED.jpg\",\"width\":272,\"height\":52,\"caption\":\"El Diario - Decano de la prensa nacional\"},\"image\":{\"@id\":\"https:\\\/\\\/www.eldiario.net\\\/portal\\\/#\\\/schema\\\/logo\\\/image\\\/\"},\"sameAs\":[\"https:\\\/\\\/www.facebook.com\\\/eldiario.bolivia\\\/\",\"https:\\\/\\\/x.com\\\/eldiario_net\"]},{\"@type\":\"Person\",\"@id\":\"https:\\\/\\\/www.eldiario.net\\\/portal\\\/#\\\/schema\\\/person\\\/2c57cf2b7a7ae032e449e4c9b1019eac\",\"name\":\"Jeanette\",\"image\":{\"@type\":\"ImageObject\",\"inLanguage\":\"es\",\"@id\":\"https:\\\/\\\/secure.gravatar.com\\\/avatar\\\/3ea2118a5f7dad2b7138b1187a6b7ee55f160b9968b66013c3a3ef39dd7e5798?s=96&d=mm&r=g\",\"url\":\"https:\\\/\\\/secure.gravatar.com\\\/avatar\\\/3ea2118a5f7dad2b7138b1187a6b7ee55f160b9968b66013c3a3ef39dd7e5798?s=96&d=mm&r=g\",\"contentUrl\":\"https:\\\/\\\/secure.gravatar.com\\\/avatar\\\/3ea2118a5f7dad2b7138b1187a6b7ee55f160b9968b66013c3a3ef39dd7e5798?s=96&d=mm&r=g\",\"caption\":\"Jeanette\"},\"sameAs\":[\"https:\\\/\\\/www.eldiario.net\\\/portal\"],\"url\":\"https:\\\/\\\/www.eldiario.net\\\/portal\\\/author\\\/jeanette\\\/\"}]}<\/script>\n<!-- \/ Yoast SEO plugin. -->","yoast_head_json":{"title":"Robor\u00e9 sin agua por combatir incendios - El Diario - Bolivia","robots":{"index":"index","follow":"follow","max-snippet":"max-snippet:-1","max-image-preview":"max-image-preview:large","max-video-preview":"max-video-preview:-1"},"canonical":"https:\/\/www.eldiario.net\/portal\/2022\/09\/13\/robore-sin-agua-por-combatir-incendios\/","og_locale":"es_ES","og_type":"article","og_title":"Robor\u00e9 sin agua por combatir incendios - El Diario - Bolivia","og_description":"El presidente del Comit\u00e9 C\u00edvico de Robor\u00e9, Rub\u00e9n Dar\u00edo Arias, inform\u00f3 que el municipio se qued\u00f3 sin agua para combatir los ocho focos de incendios que fueron provocados por avasalladores. \u201cSi no logramos controlar lo incendios en m\u00e1ximo 10 d\u00edas, vamos a tener un incendio de sexta generaci\u00f3n en Robor\u00e9. No tenemos la capacidad econ\u00f3mica [&hellip;]","og_url":"https:\/\/www.eldiario.net\/portal\/2022\/09\/13\/robore-sin-agua-por-combatir-incendios\/","og_site_name":"El Diario - Bolivia","article_publisher":"https:\/\/www.facebook.com\/eldiario.bolivia\/","article_published_time":"2022-09-13T10:08:27+00:00","author":"Jeanette","twitter_card":"summary_large_image","twitter_creator":"@eldiario_net","twitter_site":"@eldiario_net","twitter_misc":{"Escrito por":"Jeanette","Tiempo de lectura":"2 minutos"},"schema":{"@context":"https:\/\/schema.org","@graph":[{"@type":"Article","@id":"https:\/\/www.eldiario.net\/portal\/2022\/09\/13\/robore-sin-agua-por-combatir-incendios\/#article","isPartOf":{"@id":"https:\/\/www.eldiario.net\/portal\/2022\/09\/13\/robore-sin-agua-por-combatir-incendios\/"},"author":{"name":"Jeanette","@id":"https:\/\/www.eldiario.net\/portal\/#\/schema\/person\/2c57cf2b7a7ae032e449e4c9b1019eac"},"headline":"Robor\u00e9 sin agua por combatir incendios","datePublished":"2022-09-13T10:08:27+00:00","mainEntityOfPage":{"@id":"https:\/\/www.eldiario.net\/portal\/2022\/09\/13\/robore-sin-agua-por-combatir-incendios\/"},"wordCount":250,"publisher":{"@id":"https:\/\/www.eldiario.net\/portal\/#organization"},"image":{"@id":"https:\/\/www.eldiario.net\/portal\/2022\/09\/13\/robore-sin-agua-por-combatir-incendios\/#primaryimage"},"thumbnailUrl":"","articleSection":["Nacional"],"inLanguage":"es"},{"@type":"WebPage","@id":"https:\/\/www.eldiario.net\/portal\/2022\/09\/13\/robore-sin-agua-por-combatir-incendios\/","url":"https:\/\/www.eldiario.net\/portal\/2022\/09\/13\/robore-sin-agua-por-combatir-incendios\/","name":"Robor\u00e9 sin agua por combatir incendios - El Diario - Bolivia","isPartOf":{"@id":"https:\/\/www.eldiario.net\/portal\/#website"},"primaryImageOfPage":{"@id":"https:\/\/www.eldiario.net\/portal\/2022\/09\/13\/robore-sin-agua-por-combatir-incendios\/#primaryimage"},"image":{"@id":"https:\/\/www.eldiario.net\/portal\/2022\/09\/13\/robore-sin-agua-por-combatir-incendios\/#primaryimage"},"thumbnailUrl":"","datePublished":"2022-09-13T10:08:27+00:00","breadcrumb":{"@id":"https:\/\/www.eldiario.net\/portal\/2022\/09\/13\/robore-sin-agua-por-combatir-incendios\/#breadcrumb"},"inLanguage":"es","potentialAction":[{"@type":"ReadAction","target":["https:\/\/www.eldiario.net\/portal\/2022\/09\/13\/robore-sin-agua-por-combatir-incendios\/"]}]},{"@type":"ImageObject","inLanguage":"es","@id":"https:\/\/www.eldiario.net\/portal\/2022\/09\/13\/robore-sin-agua-por-combatir-incendios\/#primaryimage","url":"","contentUrl":""},{"@type":"BreadcrumbList","@id":"https:\/\/www.eldiario.net\/portal\/2022\/09\/13\/robore-sin-agua-por-combatir-incendios\/#breadcrumb","itemListElement":[{"@type":"ListItem","position":1,"name":"Portada","item":"https:\/\/www.eldiario.net\/portal\/"},{"@type":"ListItem","position":2,"name":"Robor\u00e9 sin agua por combatir incendios"}]},{"@type":"WebSite","@id":"https:\/\/www.eldiario.net\/portal\/#website","url":"https:\/\/www.eldiario.net\/portal\/","name":"El Diario - Decano de la prensa nacional","description":"El Diario - Decano de la prensa nacional","publisher":{"@id":"https:\/\/www.eldiario.net\/portal\/#organization"},"potentialAction":[{"@type":"SearchAction","target":{"@type":"EntryPoint","urlTemplate":"https:\/\/www.eldiario.net\/portal\/?s={search_term_string}"},"query-input":{"@type":"PropertyValueSpecification","valueRequired":true,"valueName":"search_term_string"}}],"inLanguage":"es"},{"@type":"Organization","@id":"https:\/\/www.eldiario.net\/portal\/#organization","name":"El Diario - Decano de la prensa nacional","url":"https:\/\/www.eldiario.net\/portal\/","logo":{"@type":"ImageObject","inLanguage":"es","@id":"https:\/\/www.eldiario.net\/portal\/#\/schema\/logo\/image\/","url":"https:\/\/www.eldiario.net\/portal\/wp-content\/uploads\/2023\/07\/logo_ED.jpg","contentUrl":"https:\/\/www.eldiario.net\/portal\/wp-content\/uploads\/2023\/07\/logo_ED.jpg","width":272,"height":52,"caption":"El Diario - Decano de la prensa nacional"},"image":{"@id":"https:\/\/www.eldiario.net\/portal\/#\/schema\/logo\/image\/"},"sameAs":["https:\/\/www.facebook.com\/eldiario.bolivia\/","https:\/\/x.com\/eldiario_net"]},{"@type":"Person","@id":"https:\/\/www.eldiario.net\/portal\/#\/schema\/person\/2c57cf2b7a7ae032e449e4c9b1019eac","name":"Jeanette","image":{"@type":"ImageObject","inLanguage":"es","@id":"https:\/\/secure.gravatar.com\/avatar\/3ea2118a5f7dad2b7138b1187a6b7ee55f160b9968b66013c3a3ef39dd7e5798?s=96&d=mm&r=g","url":"https:\/\/secure.gravatar.com\/avatar\/3ea2118a5f7dad2b7138b1187a6b7ee55f160b9968b66013c3a3ef39dd7e5798?s=96&d=mm&r=g","contentUrl":"https:\/\/secure.gravatar.com\/avatar\/3ea2118a5f7dad2b7138b1187a6b7ee55f160b9968b66013c3a3ef39dd7e5798?s=96&d=mm&r=g","caption":"Jeanette"},"sameAs":["https:\/\/www.eldiario.net\/portal"],"url":"https:\/\/www.eldiario.net\/portal\/author\/jeanette\/"}]}},"_links":{"self":[{"href":"https:\/\/www.eldiario.net\/portal\/wp-json\/wp\/v2\/posts\/110417","targetHints":{"allow":["GET"]}}],"collection":[{"href":"https:\/\/www.eldiario.net\/portal\/wp-json\/wp\/v2\/posts"}],"about":[{"href":"https:\/\/www.eldiario.net\/portal\/wp-json\/wp\/v2\/types\/post"}],"author":[{"embeddable":true,"href":"https:\/\/www.eldiario.net\/portal\/wp-json\/wp\/v2\/users\/1"}],"replies":[{"embeddable":true,"href":"https:\/\/www.eldiario.net\/portal\/wp-json\/wp\/v2\/comments?post=110417"}],"version-history":[{"count":0,"href":"https:\/\/www.eldiario.net\/portal\/wp-json\/wp\/v2\/posts\/110417\/revisions"}],"wp:attachment":[{"href":"https:\/\/www.eldiario.net\/portal\/wp-json\/wp\/v2\/media?parent=110417"}],"wp:term":[{"taxonomy":"category","embeddable":true,"href":"https:\/\/www.eldiario.net\/portal\/wp-json\/wp\/v2\/categories?post=110417"},{"taxonomy":"post_tag","embeddable":true,"href":"https:\/\/www.eldiario.net\/portal\/wp-json\/wp\/v2\/tags?post=110417"}],"curies":[{"name":"wp","href":"https:\/\/api.w.org\/{rel}","templated":true}]}}