{"id":110410,"date":"2022-09-13T06:06:33","date_gmt":"2022-09-13T10:06:33","guid":{"rendered":"https:\/\/www.eldiario.net\/portal\/?p=110410"},"modified":"2022-09-13T06:06:33","modified_gmt":"2022-09-13T10:06:33","slug":"municipio-de-el-alto-cuenta-con-mas-de-un-millon-de-habitantes","status":"publish","type":"post","link":"https:\/\/www.eldiario.net\/portal\/2022\/09\/13\/municipio-de-el-alto-cuenta-con-mas-de-un-millon-de-habitantes\/","title":{"rendered":"Municipio de El Alto cuenta con  m\u00e1s de un mill\u00f3n de habitantes"},"content":{"rendered":"<p>Producto de la migraci\u00f3n, el comercio y territorio, la ciudad de El Alto en el momento cuenta con 1.109.048 de habitantes, hasta 1976 solo alcanzaba a 95.744 personas, seg\u00fan datos de la Alcald\u00eda.<\/p>\n<p>La urbe alte\u00f1a tuvo un crecimiento acelerado. A comienzo del siglo XX el territorio era parte de la jurisdicci\u00f3n del municipio de La Paz, en ese espacio hab\u00eda un grupo de hacendados y con la aparici\u00f3n de f\u00e1bricas, oficinas de Yacimientos Petrol\u00edferos Fiscales Bolivianos (YPFB) y Lloyd A\u00e9reo Boliviano (LAB) los due\u00f1os comenzaron a asentarse y apropiarse del territorio; es as\u00ed que se conformaron las primeras urbanizaciones: Villa Dolores, 12 de Octubre, Bol\u00edvar \u201cA\u201d, 16 de Julio, Ballivi\u00e1n y Alto Lima.<\/p>\n<p>En 1976, el Alto registr\u00f3 95.744 habitantes y el valor intercensal fue de 8.68%, seg\u00fan datos del Instituto Nacional de Estad\u00edstica (INE).<\/p>\n<p>El 6 de marzo de 1985, el entonces Congreso Nacional, a trav\u00e9s de la Ley 728, cre\u00f3 la Cuarta Secci\u00f3n Municipal de la provincia Murillo. Esa fue el g\u00e9nesis del municipio de El Alto y result\u00f3 atractivo para la migraci\u00f3n.<\/p>\n<p>Para 1992, seg\u00fan informaci\u00f3n del INE, la poblaci\u00f3n alcanz\u00f3 a 405.492. El crecimiento intercensal era de 9.23%. La ciudad era un municipio de reciente creaci\u00f3n con la formaci\u00f3n de algunos distritos.<\/p>\n<p>En el Censo del 2001 se registr\u00f3 649.958 habitantes, el crecimiento intercensal fue de 5,10%. Seg\u00fan el art\u00edculo \u201cEl Rugir de la Multitud\u201d, de Pablo Mamani, el 81,29% de la poblaci\u00f3n se autoidentific\u00f3 como ind\u00edgena, debido a que la mayor parte de los habitantes eran aimaras.<\/p>\n<p>A 27 a\u00f1os de la creaci\u00f3n de El Alto, en 2012, la poblaci\u00f3n alcanzaba a 848.452, con un crecimiento intercensal de 2.40%. Para entonces, el n\u00famero de inmigrantes lleg\u00f3 a 172.091, el 83,4% proven\u00edan de municipios del departamento de La Paz y el resto, 16,6%, de otras regiones del pa\u00eds.<\/p>\n<p>Fueron 31.899 personas que emigraron, de los cuales, el 57,4% se fueron a otras urbes del territorio pace\u00f1o y el resto, 42,6% a otras jurisdicciones del territorio nacional.<\/p>\n<p>La proporci\u00f3n de la poblaci\u00f3n que emigr\u00f3 el 2012 representa el 3,8% del municipio y no afectaba el crecimiento poblacional como es el caso de la inmigraci\u00f3n que si fue importante para el aumento poblacional.<\/p>\n<p>El comercio fue otro elemento importante para el crecimiento, con la expansi\u00f3n de empleos informales. Seg\u00fan el Ministerio de Desarrollo Productivo y Econom\u00eda Plural, la cantidad de empresas en El Alto creci\u00f3 en 23%, entre 2016 y 2020; adem\u00e1s, subi\u00f3 de 23.150 a 28.513 emprendimientos comerciales y del total, el 42% se encuentran en operaci\u00f3n y el resto est\u00e1n inactivas.<\/p>\n<p>La Direcci\u00f3n de Desarrollo Productivo de Peque\u00f1as y Medianas Empresas de la Alcald\u00eda, seg\u00fan datos registrados, menciona que entre 2016 y 2019, la cantidad de actividades econ\u00f3micas informales lleg\u00f3 a un 22%, similar crecimiento hubo de las empresas autorizadas. Para 2019, la cifra de los negocios no autorizados alcanz\u00f3 a 31.234.<\/p>\n<p>El espacio territorial fue otro factor para el desarrollo de la ciudad, los distritos 9, 10, 11 y 13 considerados rurales, en los \u00faltimos a\u00f1os, superaron el radio urbano. En los 46 a\u00f1os, 1.058 % fue el crecimiento de El Alto. En comparaci\u00f3n con La Paz, en 1976 esta urbe ten\u00eda 539.828 habitantes y el 2022 lleg\u00f3 a 956.732, actualmente la diferencia entre ambas ciudades es de 152.316.<\/p>\n<p>&nbsp;<\/p>\n","protected":false},"excerpt":{"rendered":"<p>Producto de la migraci\u00f3n, el comercio y territorio, la ciudad de El Alto en el momento cuenta con 1.109.048 de habitantes, hasta 1976 solo alcanzaba a 95.744 personas, seg\u00fan datos de la Alcald\u00eda. La urbe alte\u00f1a tuvo un crecimiento acelerado. A comienzo del siglo XX el territorio era parte de la jurisdicci\u00f3n del municipio de [&hellip;]<\/p>\n","protected":false},"author":1,"featured_media":110411,"comment_status":"closed","ping_status":"closed","sticky":false,"template":"","format":"standard","meta":{"_acf_changed":false,"footnotes":""},"categories":[12],"tags":[],"class_list":["post-110410","post","type-post","status-publish","format-standard","has-post-thumbnail","category-nacional"],"acf":{"antetitulo":""},"yoast_head":"<!-- This site is optimized with the Yoast SEO plugin v28.4 - https:\/\/yoast.com\/product\/yoast-seo-wordpress\/ -->\n<title>Municipio de El Alto cuenta con m\u00e1s de un mill\u00f3n de habitantes - El Diario - Bolivia<\/title>\n<meta name=\"robots\" content=\"index, follow, max-snippet:-1, max-image-preview:large, max-video-preview:-1\" \/>\n<link rel=\"canonical\" href=\"https:\/\/www.eldiario.net\/portal\/2022\/09\/13\/municipio-de-el-alto-cuenta-con-mas-de-un-millon-de-habitantes\/\" \/>\n<meta property=\"og:locale\" content=\"es_ES\" \/>\n<meta property=\"og:type\" content=\"article\" \/>\n<meta property=\"og:title\" content=\"Municipio de El Alto cuenta con m\u00e1s de un mill\u00f3n de habitantes - El Diario - Bolivia\" \/>\n<meta property=\"og:description\" content=\"Producto de la migraci\u00f3n, el comercio y territorio, la ciudad de El Alto en el momento cuenta con 1.109.048 de habitantes, hasta 1976 solo alcanzaba a 95.744 personas, seg\u00fan datos de la Alcald\u00eda. La urbe alte\u00f1a tuvo un crecimiento acelerado. A comienzo del siglo XX el territorio era parte de la jurisdicci\u00f3n del municipio de [&hellip;]\" \/>\n<meta property=\"og:url\" content=\"https:\/\/www.eldiario.net\/portal\/2022\/09\/13\/municipio-de-el-alto-cuenta-con-mas-de-un-millon-de-habitantes\/\" \/>\n<meta property=\"og:site_name\" content=\"El Diario - Bolivia\" \/>\n<meta property=\"article:publisher\" content=\"https:\/\/www.facebook.com\/eldiario.bolivia\/\" \/>\n<meta property=\"article:published_time\" content=\"2022-09-13T10:06:33+00:00\" \/>\n<meta name=\"author\" content=\"Jeanette\" \/>\n<meta name=\"twitter:card\" content=\"summary_large_image\" \/>\n<meta name=\"twitter:creator\" content=\"@eldiario_net\" \/>\n<meta name=\"twitter:site\" content=\"@eldiario_net\" \/>\n<meta name=\"twitter:label1\" content=\"Escrito por\" \/>\n\t<meta name=\"twitter:data1\" content=\"Jeanette\" \/>\n\t<meta name=\"twitter:label2\" content=\"Tiempo de lectura\" \/>\n\t<meta name=\"twitter:data2\" content=\"3 minutos\" \/>\n<script type=\"application\/ld+json\" class=\"yoast-schema-graph\">{\"@context\":\"https:\\\/\\\/schema.org\",\"@graph\":[{\"@type\":\"Article\",\"@id\":\"https:\\\/\\\/www.eldiario.net\\\/portal\\\/2022\\\/09\\\/13\\\/municipio-de-el-alto-cuenta-con-mas-de-un-millon-de-habitantes\\\/#article\",\"isPartOf\":{\"@id\":\"https:\\\/\\\/www.eldiario.net\\\/portal\\\/2022\\\/09\\\/13\\\/municipio-de-el-alto-cuenta-con-mas-de-un-millon-de-habitantes\\\/\"},\"author\":{\"name\":\"Jeanette\",\"@id\":\"https:\\\/\\\/www.eldiario.net\\\/portal\\\/#\\\/schema\\\/person\\\/2c57cf2b7a7ae032e449e4c9b1019eac\"},\"headline\":\"Municipio de El Alto cuenta con m\u00e1s de un mill\u00f3n de habitantes\",\"datePublished\":\"2022-09-13T10:06:33+00:00\",\"mainEntityOfPage\":{\"@id\":\"https:\\\/\\\/www.eldiario.net\\\/portal\\\/2022\\\/09\\\/13\\\/municipio-de-el-alto-cuenta-con-mas-de-un-millon-de-habitantes\\\/\"},\"wordCount\":560,\"publisher\":{\"@id\":\"https:\\\/\\\/www.eldiario.net\\\/portal\\\/#organization\"},\"image\":{\"@id\":\"https:\\\/\\\/www.eldiario.net\\\/portal\\\/2022\\\/09\\\/13\\\/municipio-de-el-alto-cuenta-con-mas-de-un-millon-de-habitantes\\\/#primaryimage\"},\"thumbnailUrl\":\"\",\"articleSection\":[\"Nacional\"],\"inLanguage\":\"es\"},{\"@type\":\"WebPage\",\"@id\":\"https:\\\/\\\/www.eldiario.net\\\/portal\\\/2022\\\/09\\\/13\\\/municipio-de-el-alto-cuenta-con-mas-de-un-millon-de-habitantes\\\/\",\"url\":\"https:\\\/\\\/www.eldiario.net\\\/portal\\\/2022\\\/09\\\/13\\\/municipio-de-el-alto-cuenta-con-mas-de-un-millon-de-habitantes\\\/\",\"name\":\"Municipio de El Alto cuenta con m\u00e1s de un mill\u00f3n de habitantes - El Diario - Bolivia\",\"isPartOf\":{\"@id\":\"https:\\\/\\\/www.eldiario.net\\\/portal\\\/#website\"},\"primaryImageOfPage\":{\"@id\":\"https:\\\/\\\/www.eldiario.net\\\/portal\\\/2022\\\/09\\\/13\\\/municipio-de-el-alto-cuenta-con-mas-de-un-millon-de-habitantes\\\/#primaryimage\"},\"image\":{\"@id\":\"https:\\\/\\\/www.eldiario.net\\\/portal\\\/2022\\\/09\\\/13\\\/municipio-de-el-alto-cuenta-con-mas-de-un-millon-de-habitantes\\\/#primaryimage\"},\"thumbnailUrl\":\"\",\"datePublished\":\"2022-09-13T10:06:33+00:00\",\"breadcrumb\":{\"@id\":\"https:\\\/\\\/www.eldiario.net\\\/portal\\\/2022\\\/09\\\/13\\\/municipio-de-el-alto-cuenta-con-mas-de-un-millon-de-habitantes\\\/#breadcrumb\"},\"inLanguage\":\"es\",\"potentialAction\":[{\"@type\":\"ReadAction\",\"target\":[\"https:\\\/\\\/www.eldiario.net\\\/portal\\\/2022\\\/09\\\/13\\\/municipio-de-el-alto-cuenta-con-mas-de-un-millon-de-habitantes\\\/\"]}]},{\"@type\":\"ImageObject\",\"inLanguage\":\"es\",\"@id\":\"https:\\\/\\\/www.eldiario.net\\\/portal\\\/2022\\\/09\\\/13\\\/municipio-de-el-alto-cuenta-con-mas-de-un-millon-de-habitantes\\\/#primaryimage\",\"url\":\"\",\"contentUrl\":\"\"},{\"@type\":\"BreadcrumbList\",\"@id\":\"https:\\\/\\\/www.eldiario.net\\\/portal\\\/2022\\\/09\\\/13\\\/municipio-de-el-alto-cuenta-con-mas-de-un-millon-de-habitantes\\\/#breadcrumb\",\"itemListElement\":[{\"@type\":\"ListItem\",\"position\":1,\"name\":\"Portada\",\"item\":\"https:\\\/\\\/www.eldiario.net\\\/portal\\\/\"},{\"@type\":\"ListItem\",\"position\":2,\"name\":\"Municipio de El Alto cuenta con m\u00e1s de un mill\u00f3n de habitantes\"}]},{\"@type\":\"WebSite\",\"@id\":\"https:\\\/\\\/www.eldiario.net\\\/portal\\\/#website\",\"url\":\"https:\\\/\\\/www.eldiario.net\\\/portal\\\/\",\"name\":\"El Diario - Decano de la prensa nacional\",\"description\":\"El Diario - Decano de la prensa nacional\",\"publisher\":{\"@id\":\"https:\\\/\\\/www.eldiario.net\\\/portal\\\/#organization\"},\"potentialAction\":[{\"@type\":\"SearchAction\",\"target\":{\"@type\":\"EntryPoint\",\"urlTemplate\":\"https:\\\/\\\/www.eldiario.net\\\/portal\\\/?s={search_term_string}\"},\"query-input\":{\"@type\":\"PropertyValueSpecification\",\"valueRequired\":true,\"valueName\":\"search_term_string\"}}],\"inLanguage\":\"es\"},{\"@type\":\"Organization\",\"@id\":\"https:\\\/\\\/www.eldiario.net\\\/portal\\\/#organization\",\"name\":\"El Diario - Decano de la prensa nacional\",\"url\":\"https:\\\/\\\/www.eldiario.net\\\/portal\\\/\",\"logo\":{\"@type\":\"ImageObject\",\"inLanguage\":\"es\",\"@id\":\"https:\\\/\\\/www.eldiario.net\\\/portal\\\/#\\\/schema\\\/logo\\\/image\\\/\",\"url\":\"https:\\\/\\\/www.eldiario.net\\\/portal\\\/wp-content\\\/uploads\\\/2023\\\/07\\\/logo_ED.jpg\",\"contentUrl\":\"https:\\\/\\\/www.eldiario.net\\\/portal\\\/wp-content\\\/uploads\\\/2023\\\/07\\\/logo_ED.jpg\",\"width\":272,\"height\":52,\"caption\":\"El Diario - Decano de la prensa nacional\"},\"image\":{\"@id\":\"https:\\\/\\\/www.eldiario.net\\\/portal\\\/#\\\/schema\\\/logo\\\/image\\\/\"},\"sameAs\":[\"https:\\\/\\\/www.facebook.com\\\/eldiario.bolivia\\\/\",\"https:\\\/\\\/x.com\\\/eldiario_net\"]},{\"@type\":\"Person\",\"@id\":\"https:\\\/\\\/www.eldiario.net\\\/portal\\\/#\\\/schema\\\/person\\\/2c57cf2b7a7ae032e449e4c9b1019eac\",\"name\":\"Jeanette\",\"image\":{\"@type\":\"ImageObject\",\"inLanguage\":\"es\",\"@id\":\"https:\\\/\\\/secure.gravatar.com\\\/avatar\\\/3ea2118a5f7dad2b7138b1187a6b7ee55f160b9968b66013c3a3ef39dd7e5798?s=96&d=mm&r=g\",\"url\":\"https:\\\/\\\/secure.gravatar.com\\\/avatar\\\/3ea2118a5f7dad2b7138b1187a6b7ee55f160b9968b66013c3a3ef39dd7e5798?s=96&d=mm&r=g\",\"contentUrl\":\"https:\\\/\\\/secure.gravatar.com\\\/avatar\\\/3ea2118a5f7dad2b7138b1187a6b7ee55f160b9968b66013c3a3ef39dd7e5798?s=96&d=mm&r=g\",\"caption\":\"Jeanette\"},\"sameAs\":[\"https:\\\/\\\/www.eldiario.net\\\/portal\"],\"url\":\"https:\\\/\\\/www.eldiario.net\\\/portal\\\/author\\\/jeanette\\\/\"}]}<\/script>\n<!-- \/ Yoast SEO plugin. -->","yoast_head_json":{"title":"Municipio de El Alto cuenta con m\u00e1s de un mill\u00f3n de habitantes - El Diario - Bolivia","robots":{"index":"index","follow":"follow","max-snippet":"max-snippet:-1","max-image-preview":"max-image-preview:large","max-video-preview":"max-video-preview:-1"},"canonical":"https:\/\/www.eldiario.net\/portal\/2022\/09\/13\/municipio-de-el-alto-cuenta-con-mas-de-un-millon-de-habitantes\/","og_locale":"es_ES","og_type":"article","og_title":"Municipio de El Alto cuenta con m\u00e1s de un mill\u00f3n de habitantes - El Diario - Bolivia","og_description":"Producto de la migraci\u00f3n, el comercio y territorio, la ciudad de El Alto en el momento cuenta con 1.109.048 de habitantes, hasta 1976 solo alcanzaba a 95.744 personas, seg\u00fan datos de la Alcald\u00eda. La urbe alte\u00f1a tuvo un crecimiento acelerado. A comienzo del siglo XX el territorio era parte de la jurisdicci\u00f3n del municipio de [&hellip;]","og_url":"https:\/\/www.eldiario.net\/portal\/2022\/09\/13\/municipio-de-el-alto-cuenta-con-mas-de-un-millon-de-habitantes\/","og_site_name":"El Diario - Bolivia","article_publisher":"https:\/\/www.facebook.com\/eldiario.bolivia\/","article_published_time":"2022-09-13T10:06:33+00:00","author":"Jeanette","twitter_card":"summary_large_image","twitter_creator":"@eldiario_net","twitter_site":"@eldiario_net","twitter_misc":{"Escrito por":"Jeanette","Tiempo de lectura":"3 minutos"},"schema":{"@context":"https:\/\/schema.org","@graph":[{"@type":"Article","@id":"https:\/\/www.eldiario.net\/portal\/2022\/09\/13\/municipio-de-el-alto-cuenta-con-mas-de-un-millon-de-habitantes\/#article","isPartOf":{"@id":"https:\/\/www.eldiario.net\/portal\/2022\/09\/13\/municipio-de-el-alto-cuenta-con-mas-de-un-millon-de-habitantes\/"},"author":{"name":"Jeanette","@id":"https:\/\/www.eldiario.net\/portal\/#\/schema\/person\/2c57cf2b7a7ae032e449e4c9b1019eac"},"headline":"Municipio de El Alto cuenta con m\u00e1s de un mill\u00f3n de habitantes","datePublished":"2022-09-13T10:06:33+00:00","mainEntityOfPage":{"@id":"https:\/\/www.eldiario.net\/portal\/2022\/09\/13\/municipio-de-el-alto-cuenta-con-mas-de-un-millon-de-habitantes\/"},"wordCount":560,"publisher":{"@id":"https:\/\/www.eldiario.net\/portal\/#organization"},"image":{"@id":"https:\/\/www.eldiario.net\/portal\/2022\/09\/13\/municipio-de-el-alto-cuenta-con-mas-de-un-millon-de-habitantes\/#primaryimage"},"thumbnailUrl":"","articleSection":["Nacional"],"inLanguage":"es"},{"@type":"WebPage","@id":"https:\/\/www.eldiario.net\/portal\/2022\/09\/13\/municipio-de-el-alto-cuenta-con-mas-de-un-millon-de-habitantes\/","url":"https:\/\/www.eldiario.net\/portal\/2022\/09\/13\/municipio-de-el-alto-cuenta-con-mas-de-un-millon-de-habitantes\/","name":"Municipio de El Alto cuenta con m\u00e1s de un mill\u00f3n de habitantes - El Diario - Bolivia","isPartOf":{"@id":"https:\/\/www.eldiario.net\/portal\/#website"},"primaryImageOfPage":{"@id":"https:\/\/www.eldiario.net\/portal\/2022\/09\/13\/municipio-de-el-alto-cuenta-con-mas-de-un-millon-de-habitantes\/#primaryimage"},"image":{"@id":"https:\/\/www.eldiario.net\/portal\/2022\/09\/13\/municipio-de-el-alto-cuenta-con-mas-de-un-millon-de-habitantes\/#primaryimage"},"thumbnailUrl":"","datePublished":"2022-09-13T10:06:33+00:00","breadcrumb":{"@id":"https:\/\/www.eldiario.net\/portal\/2022\/09\/13\/municipio-de-el-alto-cuenta-con-mas-de-un-millon-de-habitantes\/#breadcrumb"},"inLanguage":"es","potentialAction":[{"@type":"ReadAction","target":["https:\/\/www.eldiario.net\/portal\/2022\/09\/13\/municipio-de-el-alto-cuenta-con-mas-de-un-millon-de-habitantes\/"]}]},{"@type":"ImageObject","inLanguage":"es","@id":"https:\/\/www.eldiario.net\/portal\/2022\/09\/13\/municipio-de-el-alto-cuenta-con-mas-de-un-millon-de-habitantes\/#primaryimage","url":"","contentUrl":""},{"@type":"BreadcrumbList","@id":"https:\/\/www.eldiario.net\/portal\/2022\/09\/13\/municipio-de-el-alto-cuenta-con-mas-de-un-millon-de-habitantes\/#breadcrumb","itemListElement":[{"@type":"ListItem","position":1,"name":"Portada","item":"https:\/\/www.eldiario.net\/portal\/"},{"@type":"ListItem","position":2,"name":"Municipio de El Alto cuenta con m\u00e1s de un mill\u00f3n de habitantes"}]},{"@type":"WebSite","@id":"https:\/\/www.eldiario.net\/portal\/#website","url":"https:\/\/www.eldiario.net\/portal\/","name":"El Diario - Decano de la prensa nacional","description":"El Diario - Decano de la prensa nacional","publisher":{"@id":"https:\/\/www.eldiario.net\/portal\/#organization"},"potentialAction":[{"@type":"SearchAction","target":{"@type":"EntryPoint","urlTemplate":"https:\/\/www.eldiario.net\/portal\/?s={search_term_string}"},"query-input":{"@type":"PropertyValueSpecification","valueRequired":true,"valueName":"search_term_string"}}],"inLanguage":"es"},{"@type":"Organization","@id":"https:\/\/www.eldiario.net\/portal\/#organization","name":"El Diario - Decano de la prensa nacional","url":"https:\/\/www.eldiario.net\/portal\/","logo":{"@type":"ImageObject","inLanguage":"es","@id":"https:\/\/www.eldiario.net\/portal\/#\/schema\/logo\/image\/","url":"https:\/\/www.eldiario.net\/portal\/wp-content\/uploads\/2023\/07\/logo_ED.jpg","contentUrl":"https:\/\/www.eldiario.net\/portal\/wp-content\/uploads\/2023\/07\/logo_ED.jpg","width":272,"height":52,"caption":"El Diario - Decano de la prensa nacional"},"image":{"@id":"https:\/\/www.eldiario.net\/portal\/#\/schema\/logo\/image\/"},"sameAs":["https:\/\/www.facebook.com\/eldiario.bolivia\/","https:\/\/x.com\/eldiario_net"]},{"@type":"Person","@id":"https:\/\/www.eldiario.net\/portal\/#\/schema\/person\/2c57cf2b7a7ae032e449e4c9b1019eac","name":"Jeanette","image":{"@type":"ImageObject","inLanguage":"es","@id":"https:\/\/secure.gravatar.com\/avatar\/3ea2118a5f7dad2b7138b1187a6b7ee55f160b9968b66013c3a3ef39dd7e5798?s=96&d=mm&r=g","url":"https:\/\/secure.gravatar.com\/avatar\/3ea2118a5f7dad2b7138b1187a6b7ee55f160b9968b66013c3a3ef39dd7e5798?s=96&d=mm&r=g","contentUrl":"https:\/\/secure.gravatar.com\/avatar\/3ea2118a5f7dad2b7138b1187a6b7ee55f160b9968b66013c3a3ef39dd7e5798?s=96&d=mm&r=g","caption":"Jeanette"},"sameAs":["https:\/\/www.eldiario.net\/portal"],"url":"https:\/\/www.eldiario.net\/portal\/author\/jeanette\/"}]}},"_links":{"self":[{"href":"https:\/\/www.eldiario.net\/portal\/wp-json\/wp\/v2\/posts\/110410","targetHints":{"allow":["GET"]}}],"collection":[{"href":"https:\/\/www.eldiario.net\/portal\/wp-json\/wp\/v2\/posts"}],"about":[{"href":"https:\/\/www.eldiario.net\/portal\/wp-json\/wp\/v2\/types\/post"}],"author":[{"embeddable":true,"href":"https:\/\/www.eldiario.net\/portal\/wp-json\/wp\/v2\/users\/1"}],"replies":[{"embeddable":true,"href":"https:\/\/www.eldiario.net\/portal\/wp-json\/wp\/v2\/comments?post=110410"}],"version-history":[{"count":0,"href":"https:\/\/www.eldiario.net\/portal\/wp-json\/wp\/v2\/posts\/110410\/revisions"}],"wp:attachment":[{"href":"https:\/\/www.eldiario.net\/portal\/wp-json\/wp\/v2\/media?parent=110410"}],"wp:term":[{"taxonomy":"category","embeddable":true,"href":"https:\/\/www.eldiario.net\/portal\/wp-json\/wp\/v2\/categories?post=110410"},{"taxonomy":"post_tag","embeddable":true,"href":"https:\/\/www.eldiario.net\/portal\/wp-json\/wp\/v2\/tags?post=110410"}],"curies":[{"name":"wp","href":"https:\/\/api.w.org\/{rel}","templated":true}]}}