{"id":110407,"date":"2022-09-13T06:05:24","date_gmt":"2022-09-13T10:05:24","guid":{"rendered":"https:\/\/www.eldiario.net\/portal\/?p=110407"},"modified":"2022-09-13T06:05:24","modified_gmt":"2022-09-13T10:05:24","slug":"concejo-municipal-transfiere-terreno-destinado-a-felcv","status":"publish","type":"post","link":"https:\/\/www.eldiario.net\/portal\/2022\/09\/13\/concejo-municipal-transfiere-terreno-destinado-a-felcv\/","title":{"rendered":"Concejo Municipal transfiere  terreno destinado a Felcv"},"content":{"rendered":"<p>El Concejo Municipal de El Alto aprob\u00f3 la transferencia a t\u00edtulo gratuito de un terreno en la zona de Santa Rosa del Distrito 1, para la Fuerza Especial de Lucha Contra la Violencia (Felcv), seg\u00fan el presidente del legislativo alte\u00f1o, Rogelio Maldonado.<\/p>\n<p>Dichas oficinas policiales fueron quemadas en los conflictos sociales de 2019, ambientes que se encontraban en la avenida de Kil\u00f3metro 7, inmediaciones del Campo Ferial de la Ceja de El Alto, momento desde el cual la instancia de la Felcv, permanece en oficinas que fueron prestadas en la zona Ferropetrol.<\/p>\n<p>\u201cSe ha logrado este beneficio para este sector de la Polic\u00eda Boliviana, porque estamos seguros de que por su importancia debe contar con ambientes propios y todas las garant\u00edas de seguridad para las personas y es por eso que se ha hecho posible que la Felcv de El Alto, pueda tener sus propios espacios\u201d, explic\u00f3 el concejal Maldonado.<\/p>\n<p>El terreno que fue otorgado de manera gratuita cuenta con una superficie de 2.875.17 metros cuadrados, una vez efectuada la promulgaci\u00f3n de la ley municipal por parte del Ejecutivo la Polic\u00eda Boliviana ya podr\u00e1 tener la posibilidad de construir sus ambientes.<\/p>\n<p>La autoridad del Legislativo municipal se\u00f1al\u00f3 que una vez garantizado el espacio se podr\u00e1 posibilitar el financiamiento econ\u00f3mico para la construcci\u00f3n de la infraestructura el cual deber\u00e1 tener ambientes y espacios acordes a la necesidad que debe tener para la instancia policial.<\/p>\n<p>\u201cSabemos que la construcci\u00f3n y el equipamiento es un proceso largo, pero lo de bueno es que esta instancia policial ya contar\u00e1 con un espacio propio, donde se tiene que prevenir ambientes adecuados para el trabajo del personal, as\u00ed como el servicio a la poblaci\u00f3n que acuda a la Felcv\u201d, expres\u00f3 la autoridad del Legislativo.<\/p>\n<p>El presidente del Concejo indic\u00f3 que la superficie del terreno dar\u00e1 la posibilidad de que dicha repartici\u00f3n policial pueda contar con varios ambientes para las diferentes reparticiones que debe tener, as\u00ed como el tema administrativo como el personal del equipo multidisciplinario que atiende los m\u00faltiples casos que se presentan a diario.<\/p>\n","protected":false},"excerpt":{"rendered":"<p>El Concejo Municipal de El Alto aprob\u00f3 la transferencia a t\u00edtulo gratuito de un terreno en la zona de Santa Rosa del Distrito 1, para la Fuerza Especial de Lucha Contra la Violencia (Felcv), seg\u00fan el presidente del legislativo alte\u00f1o, Rogelio Maldonado. Dichas oficinas policiales fueron quemadas en los conflictos sociales de 2019, ambientes que [&hellip;]<\/p>\n","protected":false},"author":1,"featured_media":110408,"comment_status":"closed","ping_status":"closed","sticky":false,"template":"","format":"standard","meta":{"_acf_changed":false,"footnotes":""},"categories":[12],"tags":[],"class_list":["post-110407","post","type-post","status-publish","format-standard","has-post-thumbnail","category-nacional"],"acf":{"antetitulo":""},"yoast_head":"<!-- This site is optimized with the Yoast SEO plugin v28.4 - https:\/\/yoast.com\/product\/yoast-seo-wordpress\/ -->\n<title>Concejo Municipal transfiere terreno destinado a Felcv - El Diario - Bolivia<\/title>\n<meta name=\"robots\" content=\"index, follow, max-snippet:-1, max-image-preview:large, max-video-preview:-1\" \/>\n<link rel=\"canonical\" href=\"https:\/\/www.eldiario.net\/portal\/2022\/09\/13\/concejo-municipal-transfiere-terreno-destinado-a-felcv\/\" \/>\n<meta property=\"og:locale\" content=\"es_ES\" \/>\n<meta property=\"og:type\" content=\"article\" \/>\n<meta property=\"og:title\" content=\"Concejo Municipal transfiere terreno destinado a Felcv - El Diario - Bolivia\" \/>\n<meta property=\"og:description\" content=\"El Concejo Municipal de El Alto aprob\u00f3 la transferencia a t\u00edtulo gratuito de un terreno en la zona de Santa Rosa del Distrito 1, para la Fuerza Especial de Lucha Contra la Violencia (Felcv), seg\u00fan el presidente del legislativo alte\u00f1o, Rogelio Maldonado. Dichas oficinas policiales fueron quemadas en los conflictos sociales de 2019, ambientes que [&hellip;]\" \/>\n<meta property=\"og:url\" content=\"https:\/\/www.eldiario.net\/portal\/2022\/09\/13\/concejo-municipal-transfiere-terreno-destinado-a-felcv\/\" \/>\n<meta property=\"og:site_name\" content=\"El Diario - Bolivia\" \/>\n<meta property=\"article:publisher\" content=\"https:\/\/www.facebook.com\/eldiario.bolivia\/\" \/>\n<meta property=\"article:published_time\" content=\"2022-09-13T10:05:24+00:00\" \/>\n<meta name=\"author\" content=\"Jeanette\" \/>\n<meta name=\"twitter:card\" content=\"summary_large_image\" \/>\n<meta name=\"twitter:creator\" content=\"@eldiario_net\" \/>\n<meta name=\"twitter:site\" content=\"@eldiario_net\" \/>\n<meta name=\"twitter:label1\" content=\"Escrito por\" \/>\n\t<meta name=\"twitter:data1\" content=\"Jeanette\" \/>\n\t<meta name=\"twitter:label2\" content=\"Tiempo de lectura\" \/>\n\t<meta name=\"twitter:data2\" content=\"2 minutos\" \/>\n<script type=\"application\/ld+json\" class=\"yoast-schema-graph\">{\"@context\":\"https:\\\/\\\/schema.org\",\"@graph\":[{\"@type\":\"Article\",\"@id\":\"https:\\\/\\\/www.eldiario.net\\\/portal\\\/2022\\\/09\\\/13\\\/concejo-municipal-transfiere-terreno-destinado-a-felcv\\\/#article\",\"isPartOf\":{\"@id\":\"https:\\\/\\\/www.eldiario.net\\\/portal\\\/2022\\\/09\\\/13\\\/concejo-municipal-transfiere-terreno-destinado-a-felcv\\\/\"},\"author\":{\"name\":\"Jeanette\",\"@id\":\"https:\\\/\\\/www.eldiario.net\\\/portal\\\/#\\\/schema\\\/person\\\/2c57cf2b7a7ae032e449e4c9b1019eac\"},\"headline\":\"Concejo Municipal transfiere terreno destinado a Felcv\",\"datePublished\":\"2022-09-13T10:05:24+00:00\",\"mainEntityOfPage\":{\"@id\":\"https:\\\/\\\/www.eldiario.net\\\/portal\\\/2022\\\/09\\\/13\\\/concejo-municipal-transfiere-terreno-destinado-a-felcv\\\/\"},\"wordCount\":357,\"publisher\":{\"@id\":\"https:\\\/\\\/www.eldiario.net\\\/portal\\\/#organization\"},\"image\":{\"@id\":\"https:\\\/\\\/www.eldiario.net\\\/portal\\\/2022\\\/09\\\/13\\\/concejo-municipal-transfiere-terreno-destinado-a-felcv\\\/#primaryimage\"},\"thumbnailUrl\":\"\",\"articleSection\":[\"Nacional\"],\"inLanguage\":\"es\"},{\"@type\":\"WebPage\",\"@id\":\"https:\\\/\\\/www.eldiario.net\\\/portal\\\/2022\\\/09\\\/13\\\/concejo-municipal-transfiere-terreno-destinado-a-felcv\\\/\",\"url\":\"https:\\\/\\\/www.eldiario.net\\\/portal\\\/2022\\\/09\\\/13\\\/concejo-municipal-transfiere-terreno-destinado-a-felcv\\\/\",\"name\":\"Concejo Municipal transfiere terreno destinado a Felcv - El Diario - Bolivia\",\"isPartOf\":{\"@id\":\"https:\\\/\\\/www.eldiario.net\\\/portal\\\/#website\"},\"primaryImageOfPage\":{\"@id\":\"https:\\\/\\\/www.eldiario.net\\\/portal\\\/2022\\\/09\\\/13\\\/concejo-municipal-transfiere-terreno-destinado-a-felcv\\\/#primaryimage\"},\"image\":{\"@id\":\"https:\\\/\\\/www.eldiario.net\\\/portal\\\/2022\\\/09\\\/13\\\/concejo-municipal-transfiere-terreno-destinado-a-felcv\\\/#primaryimage\"},\"thumbnailUrl\":\"\",\"datePublished\":\"2022-09-13T10:05:24+00:00\",\"breadcrumb\":{\"@id\":\"https:\\\/\\\/www.eldiario.net\\\/portal\\\/2022\\\/09\\\/13\\\/concejo-municipal-transfiere-terreno-destinado-a-felcv\\\/#breadcrumb\"},\"inLanguage\":\"es\",\"potentialAction\":[{\"@type\":\"ReadAction\",\"target\":[\"https:\\\/\\\/www.eldiario.net\\\/portal\\\/2022\\\/09\\\/13\\\/concejo-municipal-transfiere-terreno-destinado-a-felcv\\\/\"]}]},{\"@type\":\"ImageObject\",\"inLanguage\":\"es\",\"@id\":\"https:\\\/\\\/www.eldiario.net\\\/portal\\\/2022\\\/09\\\/13\\\/concejo-municipal-transfiere-terreno-destinado-a-felcv\\\/#primaryimage\",\"url\":\"\",\"contentUrl\":\"\"},{\"@type\":\"BreadcrumbList\",\"@id\":\"https:\\\/\\\/www.eldiario.net\\\/portal\\\/2022\\\/09\\\/13\\\/concejo-municipal-transfiere-terreno-destinado-a-felcv\\\/#breadcrumb\",\"itemListElement\":[{\"@type\":\"ListItem\",\"position\":1,\"name\":\"Portada\",\"item\":\"https:\\\/\\\/www.eldiario.net\\\/portal\\\/\"},{\"@type\":\"ListItem\",\"position\":2,\"name\":\"Concejo Municipal transfiere terreno destinado a Felcv\"}]},{\"@type\":\"WebSite\",\"@id\":\"https:\\\/\\\/www.eldiario.net\\\/portal\\\/#website\",\"url\":\"https:\\\/\\\/www.eldiario.net\\\/portal\\\/\",\"name\":\"El Diario - Decano de la prensa nacional\",\"description\":\"El Diario - Decano de la prensa nacional\",\"publisher\":{\"@id\":\"https:\\\/\\\/www.eldiario.net\\\/portal\\\/#organization\"},\"potentialAction\":[{\"@type\":\"SearchAction\",\"target\":{\"@type\":\"EntryPoint\",\"urlTemplate\":\"https:\\\/\\\/www.eldiario.net\\\/portal\\\/?s={search_term_string}\"},\"query-input\":{\"@type\":\"PropertyValueSpecification\",\"valueRequired\":true,\"valueName\":\"search_term_string\"}}],\"inLanguage\":\"es\"},{\"@type\":\"Organization\",\"@id\":\"https:\\\/\\\/www.eldiario.net\\\/portal\\\/#organization\",\"name\":\"El Diario - Decano de la prensa nacional\",\"url\":\"https:\\\/\\\/www.eldiario.net\\\/portal\\\/\",\"logo\":{\"@type\":\"ImageObject\",\"inLanguage\":\"es\",\"@id\":\"https:\\\/\\\/www.eldiario.net\\\/portal\\\/#\\\/schema\\\/logo\\\/image\\\/\",\"url\":\"https:\\\/\\\/www.eldiario.net\\\/portal\\\/wp-content\\\/uploads\\\/2023\\\/07\\\/logo_ED.jpg\",\"contentUrl\":\"https:\\\/\\\/www.eldiario.net\\\/portal\\\/wp-content\\\/uploads\\\/2023\\\/07\\\/logo_ED.jpg\",\"width\":272,\"height\":52,\"caption\":\"El Diario - Decano de la prensa nacional\"},\"image\":{\"@id\":\"https:\\\/\\\/www.eldiario.net\\\/portal\\\/#\\\/schema\\\/logo\\\/image\\\/\"},\"sameAs\":[\"https:\\\/\\\/www.facebook.com\\\/eldiario.bolivia\\\/\",\"https:\\\/\\\/x.com\\\/eldiario_net\"]},{\"@type\":\"Person\",\"@id\":\"https:\\\/\\\/www.eldiario.net\\\/portal\\\/#\\\/schema\\\/person\\\/2c57cf2b7a7ae032e449e4c9b1019eac\",\"name\":\"Jeanette\",\"image\":{\"@type\":\"ImageObject\",\"inLanguage\":\"es\",\"@id\":\"https:\\\/\\\/secure.gravatar.com\\\/avatar\\\/3ea2118a5f7dad2b7138b1187a6b7ee55f160b9968b66013c3a3ef39dd7e5798?s=96&d=mm&r=g\",\"url\":\"https:\\\/\\\/secure.gravatar.com\\\/avatar\\\/3ea2118a5f7dad2b7138b1187a6b7ee55f160b9968b66013c3a3ef39dd7e5798?s=96&d=mm&r=g\",\"contentUrl\":\"https:\\\/\\\/secure.gravatar.com\\\/avatar\\\/3ea2118a5f7dad2b7138b1187a6b7ee55f160b9968b66013c3a3ef39dd7e5798?s=96&d=mm&r=g\",\"caption\":\"Jeanette\"},\"sameAs\":[\"https:\\\/\\\/www.eldiario.net\\\/portal\"],\"url\":\"https:\\\/\\\/www.eldiario.net\\\/portal\\\/author\\\/jeanette\\\/\"}]}<\/script>\n<!-- \/ Yoast SEO plugin. -->","yoast_head_json":{"title":"Concejo Municipal transfiere terreno destinado a Felcv - El Diario - Bolivia","robots":{"index":"index","follow":"follow","max-snippet":"max-snippet:-1","max-image-preview":"max-image-preview:large","max-video-preview":"max-video-preview:-1"},"canonical":"https:\/\/www.eldiario.net\/portal\/2022\/09\/13\/concejo-municipal-transfiere-terreno-destinado-a-felcv\/","og_locale":"es_ES","og_type":"article","og_title":"Concejo Municipal transfiere terreno destinado a Felcv - El Diario - Bolivia","og_description":"El Concejo Municipal de El Alto aprob\u00f3 la transferencia a t\u00edtulo gratuito de un terreno en la zona de Santa Rosa del Distrito 1, para la Fuerza Especial de Lucha Contra la Violencia (Felcv), seg\u00fan el presidente del legislativo alte\u00f1o, Rogelio Maldonado. Dichas oficinas policiales fueron quemadas en los conflictos sociales de 2019, ambientes que [&hellip;]","og_url":"https:\/\/www.eldiario.net\/portal\/2022\/09\/13\/concejo-municipal-transfiere-terreno-destinado-a-felcv\/","og_site_name":"El Diario - Bolivia","article_publisher":"https:\/\/www.facebook.com\/eldiario.bolivia\/","article_published_time":"2022-09-13T10:05:24+00:00","author":"Jeanette","twitter_card":"summary_large_image","twitter_creator":"@eldiario_net","twitter_site":"@eldiario_net","twitter_misc":{"Escrito por":"Jeanette","Tiempo de lectura":"2 minutos"},"schema":{"@context":"https:\/\/schema.org","@graph":[{"@type":"Article","@id":"https:\/\/www.eldiario.net\/portal\/2022\/09\/13\/concejo-municipal-transfiere-terreno-destinado-a-felcv\/#article","isPartOf":{"@id":"https:\/\/www.eldiario.net\/portal\/2022\/09\/13\/concejo-municipal-transfiere-terreno-destinado-a-felcv\/"},"author":{"name":"Jeanette","@id":"https:\/\/www.eldiario.net\/portal\/#\/schema\/person\/2c57cf2b7a7ae032e449e4c9b1019eac"},"headline":"Concejo Municipal transfiere terreno destinado a Felcv","datePublished":"2022-09-13T10:05:24+00:00","mainEntityOfPage":{"@id":"https:\/\/www.eldiario.net\/portal\/2022\/09\/13\/concejo-municipal-transfiere-terreno-destinado-a-felcv\/"},"wordCount":357,"publisher":{"@id":"https:\/\/www.eldiario.net\/portal\/#organization"},"image":{"@id":"https:\/\/www.eldiario.net\/portal\/2022\/09\/13\/concejo-municipal-transfiere-terreno-destinado-a-felcv\/#primaryimage"},"thumbnailUrl":"","articleSection":["Nacional"],"inLanguage":"es"},{"@type":"WebPage","@id":"https:\/\/www.eldiario.net\/portal\/2022\/09\/13\/concejo-municipal-transfiere-terreno-destinado-a-felcv\/","url":"https:\/\/www.eldiario.net\/portal\/2022\/09\/13\/concejo-municipal-transfiere-terreno-destinado-a-felcv\/","name":"Concejo Municipal transfiere terreno destinado a Felcv - El Diario - Bolivia","isPartOf":{"@id":"https:\/\/www.eldiario.net\/portal\/#website"},"primaryImageOfPage":{"@id":"https:\/\/www.eldiario.net\/portal\/2022\/09\/13\/concejo-municipal-transfiere-terreno-destinado-a-felcv\/#primaryimage"},"image":{"@id":"https:\/\/www.eldiario.net\/portal\/2022\/09\/13\/concejo-municipal-transfiere-terreno-destinado-a-felcv\/#primaryimage"},"thumbnailUrl":"","datePublished":"2022-09-13T10:05:24+00:00","breadcrumb":{"@id":"https:\/\/www.eldiario.net\/portal\/2022\/09\/13\/concejo-municipal-transfiere-terreno-destinado-a-felcv\/#breadcrumb"},"inLanguage":"es","potentialAction":[{"@type":"ReadAction","target":["https:\/\/www.eldiario.net\/portal\/2022\/09\/13\/concejo-municipal-transfiere-terreno-destinado-a-felcv\/"]}]},{"@type":"ImageObject","inLanguage":"es","@id":"https:\/\/www.eldiario.net\/portal\/2022\/09\/13\/concejo-municipal-transfiere-terreno-destinado-a-felcv\/#primaryimage","url":"","contentUrl":""},{"@type":"BreadcrumbList","@id":"https:\/\/www.eldiario.net\/portal\/2022\/09\/13\/concejo-municipal-transfiere-terreno-destinado-a-felcv\/#breadcrumb","itemListElement":[{"@type":"ListItem","position":1,"name":"Portada","item":"https:\/\/www.eldiario.net\/portal\/"},{"@type":"ListItem","position":2,"name":"Concejo Municipal transfiere terreno destinado a Felcv"}]},{"@type":"WebSite","@id":"https:\/\/www.eldiario.net\/portal\/#website","url":"https:\/\/www.eldiario.net\/portal\/","name":"El Diario - Decano de la prensa nacional","description":"El Diario - Decano de la prensa nacional","publisher":{"@id":"https:\/\/www.eldiario.net\/portal\/#organization"},"potentialAction":[{"@type":"SearchAction","target":{"@type":"EntryPoint","urlTemplate":"https:\/\/www.eldiario.net\/portal\/?s={search_term_string}"},"query-input":{"@type":"PropertyValueSpecification","valueRequired":true,"valueName":"search_term_string"}}],"inLanguage":"es"},{"@type":"Organization","@id":"https:\/\/www.eldiario.net\/portal\/#organization","name":"El Diario - Decano de la prensa nacional","url":"https:\/\/www.eldiario.net\/portal\/","logo":{"@type":"ImageObject","inLanguage":"es","@id":"https:\/\/www.eldiario.net\/portal\/#\/schema\/logo\/image\/","url":"https:\/\/www.eldiario.net\/portal\/wp-content\/uploads\/2023\/07\/logo_ED.jpg","contentUrl":"https:\/\/www.eldiario.net\/portal\/wp-content\/uploads\/2023\/07\/logo_ED.jpg","width":272,"height":52,"caption":"El Diario - Decano de la prensa nacional"},"image":{"@id":"https:\/\/www.eldiario.net\/portal\/#\/schema\/logo\/image\/"},"sameAs":["https:\/\/www.facebook.com\/eldiario.bolivia\/","https:\/\/x.com\/eldiario_net"]},{"@type":"Person","@id":"https:\/\/www.eldiario.net\/portal\/#\/schema\/person\/2c57cf2b7a7ae032e449e4c9b1019eac","name":"Jeanette","image":{"@type":"ImageObject","inLanguage":"es","@id":"https:\/\/secure.gravatar.com\/avatar\/3ea2118a5f7dad2b7138b1187a6b7ee55f160b9968b66013c3a3ef39dd7e5798?s=96&d=mm&r=g","url":"https:\/\/secure.gravatar.com\/avatar\/3ea2118a5f7dad2b7138b1187a6b7ee55f160b9968b66013c3a3ef39dd7e5798?s=96&d=mm&r=g","contentUrl":"https:\/\/secure.gravatar.com\/avatar\/3ea2118a5f7dad2b7138b1187a6b7ee55f160b9968b66013c3a3ef39dd7e5798?s=96&d=mm&r=g","caption":"Jeanette"},"sameAs":["https:\/\/www.eldiario.net\/portal"],"url":"https:\/\/www.eldiario.net\/portal\/author\/jeanette\/"}]}},"_links":{"self":[{"href":"https:\/\/www.eldiario.net\/portal\/wp-json\/wp\/v2\/posts\/110407","targetHints":{"allow":["GET"]}}],"collection":[{"href":"https:\/\/www.eldiario.net\/portal\/wp-json\/wp\/v2\/posts"}],"about":[{"href":"https:\/\/www.eldiario.net\/portal\/wp-json\/wp\/v2\/types\/post"}],"author":[{"embeddable":true,"href":"https:\/\/www.eldiario.net\/portal\/wp-json\/wp\/v2\/users\/1"}],"replies":[{"embeddable":true,"href":"https:\/\/www.eldiario.net\/portal\/wp-json\/wp\/v2\/comments?post=110407"}],"version-history":[{"count":0,"href":"https:\/\/www.eldiario.net\/portal\/wp-json\/wp\/v2\/posts\/110407\/revisions"}],"wp:attachment":[{"href":"https:\/\/www.eldiario.net\/portal\/wp-json\/wp\/v2\/media?parent=110407"}],"wp:term":[{"taxonomy":"category","embeddable":true,"href":"https:\/\/www.eldiario.net\/portal\/wp-json\/wp\/v2\/categories?post=110407"},{"taxonomy":"post_tag","embeddable":true,"href":"https:\/\/www.eldiario.net\/portal\/wp-json\/wp\/v2\/tags?post=110407"}],"curies":[{"name":"wp","href":"https:\/\/api.w.org\/{rel}","templated":true}]}}