{"id":110403,"date":"2022-09-13T06:04:30","date_gmt":"2022-09-13T10:04:30","guid":{"rendered":"https:\/\/www.eldiario.net\/portal\/?p=110403"},"modified":"2022-09-13T06:04:30","modified_gmt":"2022-09-13T10:04:30","slug":"transito-reporta-tres-fallecidos-por-atropello-en-fin-de-semana","status":"publish","type":"post","link":"https:\/\/www.eldiario.net\/portal\/2022\/09\/13\/transito-reporta-tres-fallecidos-por-atropello-en-fin-de-semana\/","title":{"rendered":"Tr\u00e1nsito reporta tres fallecidos  por atropello en fin de semana"},"content":{"rendered":"<p>El Organismo Operativo de Tr\u00e1nsito (OOT) de El Alto investiga el fallecimiento por atropello de motorizado de tres personas en diferentes zonas, hechos ocurridos en los d\u00edas de fin de semana, inform\u00f3 el coronel Alfredo Arancibia.<\/p>\n<p>De acuerdo con la autoridad policial, los datos corresponden desde el pasado s\u00e1bado, hechos ocurridos en diferentes circunstancias, producto de los cuales la Polic\u00eda contin\u00faa investigando para establecer responsabilidades y emitir las sanciones correspondientes.<\/p>\n<p>\u201cLamentamos que este tipo de hechos se hayan dado entre el s\u00e1bado y domingo en diferentes sectores de la urbe alte\u00f1a con personas fallecidas, accidentes de tr\u00e1nsito tipificados como atropello a peat\u00f3n con muerte, los cuales est\u00e1n siendo investigados para emitir las correspondientes sanciones adem\u00e1s de establecer el grado de responsabilidad de las partes\u201d, explic\u00f3 la autoridad policial del OOT.<\/p>\n<p>De esta forma, se detall\u00f3 que el primer caso sucedi\u00f3 en la altura del peaje, donde una persona de 32a\u00f1os de edad de sexo masculino identificado como J.D.Q. perdi\u00f3 la vida.<\/p>\n<p>El segundo hecho de tr\u00e1nsito, tambi\u00e9n con\u00a0 muerte, ocurri\u00f3 en la carretera La Paz- Copacabana, donde perdi\u00f3 la vida M.P.F. de 37 a\u00f1os de edad, siendo que el tercer hecho de tr\u00e1nsito en las mismas inmediaciones donde el cuerpo del desafortunado no identificado qued\u00f3 desmembrado, producto del atropello sufrido.<\/p>\n<p>\u201cEn este tercer caso, la primera hip\u00f3tesis que se maneja del cuerpo no identificado es que podr\u00eda haber sucedido en horas de la noche, debido a que el cuerpo que hemos encontrado estaba destrozado, posiblemente al no poder ser visto por otros veh\u00edculos luego del hecho quienes habr\u00eda pasado por encima de este hecho, pero las investigaciones podr\u00e1n definir lo sucedido\u201d, indic\u00f3 Arancibia.<\/p>\n<p>La autoridad policial afirm\u00f3 que en muchos casos de accidente de tr\u00e1nsito con muerte en carreteras, la imprudencia de los peatones es lo primero que se presume, debido a que por tratarse de v\u00edas de alto tr\u00e1fico adem\u00e1s de mucha velocidad, el pat\u00f3n al no percatarse de la presencia y prevenir el paso de un motorizado llega a ser atropellado.<\/p>\n<p>Otro de los factores que dan lugar a este tipo de accidentes con muerte, es la falta de visibilidad en algunos casos en la carretera donde los conductores al no percatarse de la presencia de una persona cruzando la calzada no tiene tiempo de detener su veh\u00edculo.<\/p>\n<p>&nbsp;<\/p>\n","protected":false},"excerpt":{"rendered":"<p>El Organismo Operativo de Tr\u00e1nsito (OOT) de El Alto investiga el fallecimiento por atropello de motorizado de tres personas en diferentes zonas, hechos ocurridos en los d\u00edas de fin de semana, inform\u00f3 el coronel Alfredo Arancibia. De acuerdo con la autoridad policial, los datos corresponden desde el pasado s\u00e1bado, hechos ocurridos en diferentes circunstancias, producto [&hellip;]<\/p>\n","protected":false},"author":1,"featured_media":110404,"comment_status":"closed","ping_status":"closed","sticky":false,"template":"","format":"standard","meta":{"_acf_changed":false,"footnotes":""},"categories":[12],"tags":[],"class_list":["post-110403","post","type-post","status-publish","format-standard","has-post-thumbnail","category-nacional"],"acf":{"antetitulo":""},"yoast_head":"<!-- This site is optimized with the Yoast SEO plugin v28.4 - https:\/\/yoast.com\/product\/yoast-seo-wordpress\/ -->\n<title>Tr\u00e1nsito reporta tres fallecidos por atropello en fin de semana - El Diario - Bolivia<\/title>\n<meta name=\"robots\" content=\"index, follow, max-snippet:-1, max-image-preview:large, max-video-preview:-1\" \/>\n<link rel=\"canonical\" href=\"https:\/\/www.eldiario.net\/portal\/2022\/09\/13\/transito-reporta-tres-fallecidos-por-atropello-en-fin-de-semana\/\" \/>\n<meta property=\"og:locale\" content=\"es_ES\" \/>\n<meta property=\"og:type\" content=\"article\" \/>\n<meta property=\"og:title\" content=\"Tr\u00e1nsito reporta tres fallecidos por atropello en fin de semana - El Diario - Bolivia\" \/>\n<meta property=\"og:description\" content=\"El Organismo Operativo de Tr\u00e1nsito (OOT) de El Alto investiga el fallecimiento por atropello de motorizado de tres personas en diferentes zonas, hechos ocurridos en los d\u00edas de fin de semana, inform\u00f3 el coronel Alfredo Arancibia. De acuerdo con la autoridad policial, los datos corresponden desde el pasado s\u00e1bado, hechos ocurridos en diferentes circunstancias, producto [&hellip;]\" \/>\n<meta property=\"og:url\" content=\"https:\/\/www.eldiario.net\/portal\/2022\/09\/13\/transito-reporta-tres-fallecidos-por-atropello-en-fin-de-semana\/\" \/>\n<meta property=\"og:site_name\" content=\"El Diario - Bolivia\" \/>\n<meta property=\"article:publisher\" content=\"https:\/\/www.facebook.com\/eldiario.bolivia\/\" \/>\n<meta property=\"article:published_time\" content=\"2022-09-13T10:04:30+00:00\" \/>\n<meta property=\"og:image\" content=\"https:\/\/www.eldiario.net\/portal\/wp-content\/uploads\/2022\/09\/Acci-FOTO.jpg\" \/>\n\t<meta property=\"og:image:width\" content=\"960\" \/>\n\t<meta property=\"og:image:height\" content=\"640\" \/>\n\t<meta property=\"og:image:type\" content=\"image\/jpeg\" \/>\n<meta name=\"author\" content=\"Jeanette\" \/>\n<meta name=\"twitter:card\" content=\"summary_large_image\" \/>\n<meta name=\"twitter:creator\" content=\"@eldiario_net\" \/>\n<meta name=\"twitter:site\" content=\"@eldiario_net\" \/>\n<meta name=\"twitter:label1\" content=\"Escrito por\" \/>\n\t<meta name=\"twitter:data1\" content=\"Jeanette\" \/>\n\t<meta name=\"twitter:label2\" content=\"Tiempo de lectura\" \/>\n\t<meta name=\"twitter:data2\" content=\"2 minutos\" \/>\n<script type=\"application\/ld+json\" class=\"yoast-schema-graph\">{\"@context\":\"https:\\\/\\\/schema.org\",\"@graph\":[{\"@type\":\"Article\",\"@id\":\"https:\\\/\\\/www.eldiario.net\\\/portal\\\/2022\\\/09\\\/13\\\/transito-reporta-tres-fallecidos-por-atropello-en-fin-de-semana\\\/#article\",\"isPartOf\":{\"@id\":\"https:\\\/\\\/www.eldiario.net\\\/portal\\\/2022\\\/09\\\/13\\\/transito-reporta-tres-fallecidos-por-atropello-en-fin-de-semana\\\/\"},\"author\":{\"name\":\"Jeanette\",\"@id\":\"https:\\\/\\\/www.eldiario.net\\\/portal\\\/#\\\/schema\\\/person\\\/2c57cf2b7a7ae032e449e4c9b1019eac\"},\"headline\":\"Tr\u00e1nsito reporta tres fallecidos por atropello en fin de semana\",\"datePublished\":\"2022-09-13T10:04:30+00:00\",\"mainEntityOfPage\":{\"@id\":\"https:\\\/\\\/www.eldiario.net\\\/portal\\\/2022\\\/09\\\/13\\\/transito-reporta-tres-fallecidos-por-atropello-en-fin-de-semana\\\/\"},\"wordCount\":422,\"publisher\":{\"@id\":\"https:\\\/\\\/www.eldiario.net\\\/portal\\\/#organization\"},\"image\":{\"@id\":\"https:\\\/\\\/www.eldiario.net\\\/portal\\\/2022\\\/09\\\/13\\\/transito-reporta-tres-fallecidos-por-atropello-en-fin-de-semana\\\/#primaryimage\"},\"thumbnailUrl\":\"https:\\\/\\\/www.eldiario.net\\\/portal\\\/wp-content\\\/uploads\\\/2022\\\/09\\\/Acci-FOTO.jpg\",\"articleSection\":[\"Nacional\"],\"inLanguage\":\"es\"},{\"@type\":\"WebPage\",\"@id\":\"https:\\\/\\\/www.eldiario.net\\\/portal\\\/2022\\\/09\\\/13\\\/transito-reporta-tres-fallecidos-por-atropello-en-fin-de-semana\\\/\",\"url\":\"https:\\\/\\\/www.eldiario.net\\\/portal\\\/2022\\\/09\\\/13\\\/transito-reporta-tres-fallecidos-por-atropello-en-fin-de-semana\\\/\",\"name\":\"Tr\u00e1nsito reporta tres fallecidos por atropello en fin de semana - El Diario - Bolivia\",\"isPartOf\":{\"@id\":\"https:\\\/\\\/www.eldiario.net\\\/portal\\\/#website\"},\"primaryImageOfPage\":{\"@id\":\"https:\\\/\\\/www.eldiario.net\\\/portal\\\/2022\\\/09\\\/13\\\/transito-reporta-tres-fallecidos-por-atropello-en-fin-de-semana\\\/#primaryimage\"},\"image\":{\"@id\":\"https:\\\/\\\/www.eldiario.net\\\/portal\\\/2022\\\/09\\\/13\\\/transito-reporta-tres-fallecidos-por-atropello-en-fin-de-semana\\\/#primaryimage\"},\"thumbnailUrl\":\"https:\\\/\\\/www.eldiario.net\\\/portal\\\/wp-content\\\/uploads\\\/2022\\\/09\\\/Acci-FOTO.jpg\",\"datePublished\":\"2022-09-13T10:04:30+00:00\",\"breadcrumb\":{\"@id\":\"https:\\\/\\\/www.eldiario.net\\\/portal\\\/2022\\\/09\\\/13\\\/transito-reporta-tres-fallecidos-por-atropello-en-fin-de-semana\\\/#breadcrumb\"},\"inLanguage\":\"es\",\"potentialAction\":[{\"@type\":\"ReadAction\",\"target\":[\"https:\\\/\\\/www.eldiario.net\\\/portal\\\/2022\\\/09\\\/13\\\/transito-reporta-tres-fallecidos-por-atropello-en-fin-de-semana\\\/\"]}]},{\"@type\":\"ImageObject\",\"inLanguage\":\"es\",\"@id\":\"https:\\\/\\\/www.eldiario.net\\\/portal\\\/2022\\\/09\\\/13\\\/transito-reporta-tres-fallecidos-por-atropello-en-fin-de-semana\\\/#primaryimage\",\"url\":\"https:\\\/\\\/www.eldiario.net\\\/portal\\\/wp-content\\\/uploads\\\/2022\\\/09\\\/Acci-FOTO.jpg\",\"contentUrl\":\"https:\\\/\\\/www.eldiario.net\\\/portal\\\/wp-content\\\/uploads\\\/2022\\\/09\\\/Acci-FOTO.jpg\",\"width\":960,\"height\":640,\"caption\":\"Durante los fines de semana aumentan los accidentes de tr\u00e1nsito en la urbe alte\u00f1a. Foto: Archivo\"},{\"@type\":\"BreadcrumbList\",\"@id\":\"https:\\\/\\\/www.eldiario.net\\\/portal\\\/2022\\\/09\\\/13\\\/transito-reporta-tres-fallecidos-por-atropello-en-fin-de-semana\\\/#breadcrumb\",\"itemListElement\":[{\"@type\":\"ListItem\",\"position\":1,\"name\":\"Portada\",\"item\":\"https:\\\/\\\/www.eldiario.net\\\/portal\\\/\"},{\"@type\":\"ListItem\",\"position\":2,\"name\":\"Tr\u00e1nsito reporta tres fallecidos por atropello en fin de semana\"}]},{\"@type\":\"WebSite\",\"@id\":\"https:\\\/\\\/www.eldiario.net\\\/portal\\\/#website\",\"url\":\"https:\\\/\\\/www.eldiario.net\\\/portal\\\/\",\"name\":\"El Diario - Decano de la prensa nacional\",\"description\":\"El Diario - Decano de la prensa nacional\",\"publisher\":{\"@id\":\"https:\\\/\\\/www.eldiario.net\\\/portal\\\/#organization\"},\"potentialAction\":[{\"@type\":\"SearchAction\",\"target\":{\"@type\":\"EntryPoint\",\"urlTemplate\":\"https:\\\/\\\/www.eldiario.net\\\/portal\\\/?s={search_term_string}\"},\"query-input\":{\"@type\":\"PropertyValueSpecification\",\"valueRequired\":true,\"valueName\":\"search_term_string\"}}],\"inLanguage\":\"es\"},{\"@type\":\"Organization\",\"@id\":\"https:\\\/\\\/www.eldiario.net\\\/portal\\\/#organization\",\"name\":\"El Diario - Decano de la prensa nacional\",\"url\":\"https:\\\/\\\/www.eldiario.net\\\/portal\\\/\",\"logo\":{\"@type\":\"ImageObject\",\"inLanguage\":\"es\",\"@id\":\"https:\\\/\\\/www.eldiario.net\\\/portal\\\/#\\\/schema\\\/logo\\\/image\\\/\",\"url\":\"https:\\\/\\\/www.eldiario.net\\\/portal\\\/wp-content\\\/uploads\\\/2023\\\/07\\\/logo_ED.jpg\",\"contentUrl\":\"https:\\\/\\\/www.eldiario.net\\\/portal\\\/wp-content\\\/uploads\\\/2023\\\/07\\\/logo_ED.jpg\",\"width\":272,\"height\":52,\"caption\":\"El Diario - Decano de la prensa nacional\"},\"image\":{\"@id\":\"https:\\\/\\\/www.eldiario.net\\\/portal\\\/#\\\/schema\\\/logo\\\/image\\\/\"},\"sameAs\":[\"https:\\\/\\\/www.facebook.com\\\/eldiario.bolivia\\\/\",\"https:\\\/\\\/x.com\\\/eldiario_net\"]},{\"@type\":\"Person\",\"@id\":\"https:\\\/\\\/www.eldiario.net\\\/portal\\\/#\\\/schema\\\/person\\\/2c57cf2b7a7ae032e449e4c9b1019eac\",\"name\":\"Jeanette\",\"image\":{\"@type\":\"ImageObject\",\"inLanguage\":\"es\",\"@id\":\"https:\\\/\\\/secure.gravatar.com\\\/avatar\\\/3ea2118a5f7dad2b7138b1187a6b7ee55f160b9968b66013c3a3ef39dd7e5798?s=96&d=mm&r=g\",\"url\":\"https:\\\/\\\/secure.gravatar.com\\\/avatar\\\/3ea2118a5f7dad2b7138b1187a6b7ee55f160b9968b66013c3a3ef39dd7e5798?s=96&d=mm&r=g\",\"contentUrl\":\"https:\\\/\\\/secure.gravatar.com\\\/avatar\\\/3ea2118a5f7dad2b7138b1187a6b7ee55f160b9968b66013c3a3ef39dd7e5798?s=96&d=mm&r=g\",\"caption\":\"Jeanette\"},\"sameAs\":[\"https:\\\/\\\/www.eldiario.net\\\/portal\"],\"url\":\"https:\\\/\\\/www.eldiario.net\\\/portal\\\/author\\\/jeanette\\\/\"}]}<\/script>\n<!-- \/ Yoast SEO plugin. -->","yoast_head_json":{"title":"Tr\u00e1nsito reporta tres fallecidos por atropello en fin de semana - El Diario - Bolivia","robots":{"index":"index","follow":"follow","max-snippet":"max-snippet:-1","max-image-preview":"max-image-preview:large","max-video-preview":"max-video-preview:-1"},"canonical":"https:\/\/www.eldiario.net\/portal\/2022\/09\/13\/transito-reporta-tres-fallecidos-por-atropello-en-fin-de-semana\/","og_locale":"es_ES","og_type":"article","og_title":"Tr\u00e1nsito reporta tres fallecidos por atropello en fin de semana - El Diario - Bolivia","og_description":"El Organismo Operativo de Tr\u00e1nsito (OOT) de El Alto investiga el fallecimiento por atropello de motorizado de tres personas en diferentes zonas, hechos ocurridos en los d\u00edas de fin de semana, inform\u00f3 el coronel Alfredo Arancibia. De acuerdo con la autoridad policial, los datos corresponden desde el pasado s\u00e1bado, hechos ocurridos en diferentes circunstancias, producto [&hellip;]","og_url":"https:\/\/www.eldiario.net\/portal\/2022\/09\/13\/transito-reporta-tres-fallecidos-por-atropello-en-fin-de-semana\/","og_site_name":"El Diario - Bolivia","article_publisher":"https:\/\/www.facebook.com\/eldiario.bolivia\/","article_published_time":"2022-09-13T10:04:30+00:00","og_image":[{"width":960,"height":640,"url":"https:\/\/www.eldiario.net\/portal\/wp-content\/uploads\/2022\/09\/Acci-FOTO.jpg","type":"image\/jpeg"}],"author":"Jeanette","twitter_card":"summary_large_image","twitter_creator":"@eldiario_net","twitter_site":"@eldiario_net","twitter_misc":{"Escrito por":"Jeanette","Tiempo de lectura":"2 minutos"},"schema":{"@context":"https:\/\/schema.org","@graph":[{"@type":"Article","@id":"https:\/\/www.eldiario.net\/portal\/2022\/09\/13\/transito-reporta-tres-fallecidos-por-atropello-en-fin-de-semana\/#article","isPartOf":{"@id":"https:\/\/www.eldiario.net\/portal\/2022\/09\/13\/transito-reporta-tres-fallecidos-por-atropello-en-fin-de-semana\/"},"author":{"name":"Jeanette","@id":"https:\/\/www.eldiario.net\/portal\/#\/schema\/person\/2c57cf2b7a7ae032e449e4c9b1019eac"},"headline":"Tr\u00e1nsito reporta tres fallecidos por atropello en fin de semana","datePublished":"2022-09-13T10:04:30+00:00","mainEntityOfPage":{"@id":"https:\/\/www.eldiario.net\/portal\/2022\/09\/13\/transito-reporta-tres-fallecidos-por-atropello-en-fin-de-semana\/"},"wordCount":422,"publisher":{"@id":"https:\/\/www.eldiario.net\/portal\/#organization"},"image":{"@id":"https:\/\/www.eldiario.net\/portal\/2022\/09\/13\/transito-reporta-tres-fallecidos-por-atropello-en-fin-de-semana\/#primaryimage"},"thumbnailUrl":"https:\/\/www.eldiario.net\/portal\/wp-content\/uploads\/2022\/09\/Acci-FOTO.jpg","articleSection":["Nacional"],"inLanguage":"es"},{"@type":"WebPage","@id":"https:\/\/www.eldiario.net\/portal\/2022\/09\/13\/transito-reporta-tres-fallecidos-por-atropello-en-fin-de-semana\/","url":"https:\/\/www.eldiario.net\/portal\/2022\/09\/13\/transito-reporta-tres-fallecidos-por-atropello-en-fin-de-semana\/","name":"Tr\u00e1nsito reporta tres fallecidos por atropello en fin de semana - El Diario - Bolivia","isPartOf":{"@id":"https:\/\/www.eldiario.net\/portal\/#website"},"primaryImageOfPage":{"@id":"https:\/\/www.eldiario.net\/portal\/2022\/09\/13\/transito-reporta-tres-fallecidos-por-atropello-en-fin-de-semana\/#primaryimage"},"image":{"@id":"https:\/\/www.eldiario.net\/portal\/2022\/09\/13\/transito-reporta-tres-fallecidos-por-atropello-en-fin-de-semana\/#primaryimage"},"thumbnailUrl":"https:\/\/www.eldiario.net\/portal\/wp-content\/uploads\/2022\/09\/Acci-FOTO.jpg","datePublished":"2022-09-13T10:04:30+00:00","breadcrumb":{"@id":"https:\/\/www.eldiario.net\/portal\/2022\/09\/13\/transito-reporta-tres-fallecidos-por-atropello-en-fin-de-semana\/#breadcrumb"},"inLanguage":"es","potentialAction":[{"@type":"ReadAction","target":["https:\/\/www.eldiario.net\/portal\/2022\/09\/13\/transito-reporta-tres-fallecidos-por-atropello-en-fin-de-semana\/"]}]},{"@type":"ImageObject","inLanguage":"es","@id":"https:\/\/www.eldiario.net\/portal\/2022\/09\/13\/transito-reporta-tres-fallecidos-por-atropello-en-fin-de-semana\/#primaryimage","url":"https:\/\/www.eldiario.net\/portal\/wp-content\/uploads\/2022\/09\/Acci-FOTO.jpg","contentUrl":"https:\/\/www.eldiario.net\/portal\/wp-content\/uploads\/2022\/09\/Acci-FOTO.jpg","width":960,"height":640,"caption":"Durante los fines de semana aumentan los accidentes de tr\u00e1nsito en la urbe alte\u00f1a. Foto: Archivo"},{"@type":"BreadcrumbList","@id":"https:\/\/www.eldiario.net\/portal\/2022\/09\/13\/transito-reporta-tres-fallecidos-por-atropello-en-fin-de-semana\/#breadcrumb","itemListElement":[{"@type":"ListItem","position":1,"name":"Portada","item":"https:\/\/www.eldiario.net\/portal\/"},{"@type":"ListItem","position":2,"name":"Tr\u00e1nsito reporta tres fallecidos por atropello en fin de semana"}]},{"@type":"WebSite","@id":"https:\/\/www.eldiario.net\/portal\/#website","url":"https:\/\/www.eldiario.net\/portal\/","name":"El Diario - Decano de la prensa nacional","description":"El Diario - Decano de la prensa nacional","publisher":{"@id":"https:\/\/www.eldiario.net\/portal\/#organization"},"potentialAction":[{"@type":"SearchAction","target":{"@type":"EntryPoint","urlTemplate":"https:\/\/www.eldiario.net\/portal\/?s={search_term_string}"},"query-input":{"@type":"PropertyValueSpecification","valueRequired":true,"valueName":"search_term_string"}}],"inLanguage":"es"},{"@type":"Organization","@id":"https:\/\/www.eldiario.net\/portal\/#organization","name":"El Diario - Decano de la prensa nacional","url":"https:\/\/www.eldiario.net\/portal\/","logo":{"@type":"ImageObject","inLanguage":"es","@id":"https:\/\/www.eldiario.net\/portal\/#\/schema\/logo\/image\/","url":"https:\/\/www.eldiario.net\/portal\/wp-content\/uploads\/2023\/07\/logo_ED.jpg","contentUrl":"https:\/\/www.eldiario.net\/portal\/wp-content\/uploads\/2023\/07\/logo_ED.jpg","width":272,"height":52,"caption":"El Diario - Decano de la prensa nacional"},"image":{"@id":"https:\/\/www.eldiario.net\/portal\/#\/schema\/logo\/image\/"},"sameAs":["https:\/\/www.facebook.com\/eldiario.bolivia\/","https:\/\/x.com\/eldiario_net"]},{"@type":"Person","@id":"https:\/\/www.eldiario.net\/portal\/#\/schema\/person\/2c57cf2b7a7ae032e449e4c9b1019eac","name":"Jeanette","image":{"@type":"ImageObject","inLanguage":"es","@id":"https:\/\/secure.gravatar.com\/avatar\/3ea2118a5f7dad2b7138b1187a6b7ee55f160b9968b66013c3a3ef39dd7e5798?s=96&d=mm&r=g","url":"https:\/\/secure.gravatar.com\/avatar\/3ea2118a5f7dad2b7138b1187a6b7ee55f160b9968b66013c3a3ef39dd7e5798?s=96&d=mm&r=g","contentUrl":"https:\/\/secure.gravatar.com\/avatar\/3ea2118a5f7dad2b7138b1187a6b7ee55f160b9968b66013c3a3ef39dd7e5798?s=96&d=mm&r=g","caption":"Jeanette"},"sameAs":["https:\/\/www.eldiario.net\/portal"],"url":"https:\/\/www.eldiario.net\/portal\/author\/jeanette\/"}]}},"_links":{"self":[{"href":"https:\/\/www.eldiario.net\/portal\/wp-json\/wp\/v2\/posts\/110403","targetHints":{"allow":["GET"]}}],"collection":[{"href":"https:\/\/www.eldiario.net\/portal\/wp-json\/wp\/v2\/posts"}],"about":[{"href":"https:\/\/www.eldiario.net\/portal\/wp-json\/wp\/v2\/types\/post"}],"author":[{"embeddable":true,"href":"https:\/\/www.eldiario.net\/portal\/wp-json\/wp\/v2\/users\/1"}],"replies":[{"embeddable":true,"href":"https:\/\/www.eldiario.net\/portal\/wp-json\/wp\/v2\/comments?post=110403"}],"version-history":[{"count":0,"href":"https:\/\/www.eldiario.net\/portal\/wp-json\/wp\/v2\/posts\/110403\/revisions"}],"wp:featuredmedia":[{"embeddable":true,"href":"https:\/\/www.eldiario.net\/portal\/wp-json\/wp\/v2\/media\/110404"}],"wp:attachment":[{"href":"https:\/\/www.eldiario.net\/portal\/wp-json\/wp\/v2\/media?parent=110403"}],"wp:term":[{"taxonomy":"category","embeddable":true,"href":"https:\/\/www.eldiario.net\/portal\/wp-json\/wp\/v2\/categories?post=110403"},{"taxonomy":"post_tag","embeddable":true,"href":"https:\/\/www.eldiario.net\/portal\/wp-json\/wp\/v2\/tags?post=110403"}],"curies":[{"name":"wp","href":"https:\/\/api.w.org\/{rel}","templated":true}]}}