{"id":109534,"date":"2022-09-09T05:05:03","date_gmt":"2022-09-09T09:05:03","guid":{"rendered":"https:\/\/www.eldiario.net\/portal\/?p=109534"},"modified":"2022-09-09T05:05:03","modified_gmt":"2022-09-09T09:05:03","slug":"sao-paulo-en-la-epica-a-la-final-de-la-sudamericana","status":"publish","type":"post","link":"https:\/\/www.eldiario.net\/portal\/2022\/09\/09\/sao-paulo-en-la-epica-a-la-final-de-la-sudamericana\/","title":{"rendered":"Sao Paulo en la \u00e9pica, a la final de la Sudamericana"},"content":{"rendered":"<p>Sao Paulo se impuso este jueves en definici\u00f3n por cobros desde el punto penalti 4-2 al tambi\u00e9n brasile\u00f1o Atl\u00e9tico Goianiense, al que venci\u00f3 por 2-0 en el tiempo reglamentario, y avanz\u00f3 por segunda vez a la final de la Copa Sudamericana.<br \/>\nLos dos goles del Sao Paulo en los noventa minutos fueron anotados por el centrocampista Patrick, mientras que el argentino Giuliano Galoppo convirti\u00f3 el \u00faltimo y decisivo cobro en la tanda de penaltis. El partido de ida, disputado la semana pasada en la ciudad de Goiania, hab\u00eda terminado con un triunfo por 3-1 de Goianiense y por eso los due\u00f1os de casa estaban obligados a ganar, por lo m\u00ednimo, con dos goles de diferencia. En el minuto cuatro, despu\u00e9s de un borboll\u00f3n en el \u00e1rea del Goianiense en el que Dudu se equivoc\u00f3 en el rechazo y el portero Renan defendi\u00f3 un remate de Luciano, Patrick aprovech\u00f3 el rebote para abrir el marcador.<br \/>\nCon la ventaja, el \u2018Tricolor del Morumb\u00ed\u2019 sali\u00f3 de manera afanosa por el segundo gol que estuvo a punto de convertir con el artillero argentino Jonathan Calleri -que tuvo dos tantos anulados-, Luciano y Diego, pero Renan ataj\u00f3 con vehemencia. A los 16 minutos, el t\u00e9cnico local Rogerio Ceni se vio obligado a sustituir por lesi\u00f3n al centrocampista uruguayo Gabriel Neves. Antes de finalizar el primer tiempo, el argentino Diego Chur\u00edn y Gabriel Baralhas, con un remate en el travesa\u00f1o, estuvieron cerca de igualar.<br \/>\nEn el segundo tiempo Reinaldo y Pablo Maia llevaron peligro al p\u00f3rtico de Renan, tambi\u00e9n lo hicieron Luciano y Calleri hasta que al minuto 62, en jugada de Alisson, Patrick convirti\u00f3 el segundo y emparej\u00f3 el marcador global.<br \/>\nSao Paulo, que gan\u00f3 el torneo hace diez a\u00f1os (2012), espera en la final, que se disputar\u00e1 el 1 de octubre en la ciudad argentina de C\u00f3rdoba, al ecuatoriano Independiente del Valle.<\/p>\n<p>1 de octubre es la final de la Copa Sudamericana entre Sao Paulo e Independiente del Valle en C\u00f3rdoba.<\/p>\n<p><strong>INFOBAE<\/strong><\/p>\n","protected":false},"excerpt":{"rendered":"<p>Sao Paulo se impuso este jueves en definici\u00f3n por cobros desde el punto penalti 4-2 al tambi\u00e9n brasile\u00f1o Atl\u00e9tico Goianiense, al que venci\u00f3 por 2-0 en el tiempo reglamentario, y avanz\u00f3 por segunda vez a la final de la Copa Sudamericana. Los dos goles del Sao Paulo en los noventa minutos fueron anotados por el [&hellip;]<\/p>\n","protected":false},"author":1,"featured_media":109535,"comment_status":"closed","ping_status":"closed","sticky":false,"template":"","format":"standard","meta":{"_acf_changed":false,"footnotes":""},"categories":[6],"tags":[],"class_list":["post-109534","post","type-post","status-publish","format-standard","has-post-thumbnail","category-deportes"],"acf":{"antetitulo":""},"yoast_head":"<!-- This site is optimized with the Yoast SEO plugin v28.3 - https:\/\/yoast.com\/product\/yoast-seo-wordpress\/ -->\n<title>Sao Paulo en la \u00e9pica, a la final de la Sudamericana - El Diario - Bolivia<\/title>\n<meta name=\"robots\" content=\"index, follow, max-snippet:-1, max-image-preview:large, max-video-preview:-1\" \/>\n<link rel=\"canonical\" href=\"https:\/\/www.eldiario.net\/portal\/2022\/09\/09\/sao-paulo-en-la-epica-a-la-final-de-la-sudamericana\/\" \/>\n<meta property=\"og:locale\" content=\"es_ES\" \/>\n<meta property=\"og:type\" content=\"article\" \/>\n<meta property=\"og:title\" content=\"Sao Paulo en la \u00e9pica, a la final de la Sudamericana - El Diario - Bolivia\" \/>\n<meta property=\"og:description\" content=\"Sao Paulo se impuso este jueves en definici\u00f3n por cobros desde el punto penalti 4-2 al tambi\u00e9n brasile\u00f1o Atl\u00e9tico Goianiense, al que venci\u00f3 por 2-0 en el tiempo reglamentario, y avanz\u00f3 por segunda vez a la final de la Copa Sudamericana. Los dos goles del Sao Paulo en los noventa minutos fueron anotados por el [&hellip;]\" \/>\n<meta property=\"og:url\" content=\"https:\/\/www.eldiario.net\/portal\/2022\/09\/09\/sao-paulo-en-la-epica-a-la-final-de-la-sudamericana\/\" \/>\n<meta property=\"og:site_name\" content=\"El Diario - Bolivia\" \/>\n<meta property=\"article:publisher\" content=\"https:\/\/www.facebook.com\/eldiario.bolivia\/\" \/>\n<meta property=\"article:published_time\" content=\"2022-09-09T09:05:03+00:00\" \/>\n<meta property=\"og:image\" content=\"https:\/\/www.eldiario.net\/portal\/wp-content\/uploads\/2022\/09\/pag-7-foto-1-4.jpg\" \/>\n\t<meta property=\"og:image:width\" content=\"900\" \/>\n\t<meta property=\"og:image:height\" content=\"600\" \/>\n\t<meta property=\"og:image:type\" content=\"image\/jpeg\" \/>\n<meta name=\"author\" content=\"Jeanette\" \/>\n<meta name=\"twitter:card\" content=\"summary_large_image\" \/>\n<meta name=\"twitter:creator\" content=\"@eldiario_net\" \/>\n<meta name=\"twitter:site\" content=\"@eldiario_net\" \/>\n<meta name=\"twitter:label1\" content=\"Escrito por\" \/>\n\t<meta name=\"twitter:data1\" content=\"Jeanette\" \/>\n\t<meta name=\"twitter:label2\" content=\"Tiempo de lectura\" \/>\n\t<meta name=\"twitter:data2\" content=\"2 minutos\" \/>\n<script type=\"application\/ld+json\" class=\"yoast-schema-graph\">{\"@context\":\"https:\\\/\\\/schema.org\",\"@graph\":[{\"@type\":\"Article\",\"@id\":\"https:\\\/\\\/www.eldiario.net\\\/portal\\\/2022\\\/09\\\/09\\\/sao-paulo-en-la-epica-a-la-final-de-la-sudamericana\\\/#article\",\"isPartOf\":{\"@id\":\"https:\\\/\\\/www.eldiario.net\\\/portal\\\/2022\\\/09\\\/09\\\/sao-paulo-en-la-epica-a-la-final-de-la-sudamericana\\\/\"},\"author\":{\"name\":\"Jeanette\",\"@id\":\"https:\\\/\\\/www.eldiario.net\\\/portal\\\/#\\\/schema\\\/person\\\/f46445640444750d7d753ccd04ae01b7\"},\"headline\":\"Sao Paulo en la \u00e9pica, a la final de la Sudamericana\",\"datePublished\":\"2022-09-09T09:05:03+00:00\",\"mainEntityOfPage\":{\"@id\":\"https:\\\/\\\/www.eldiario.net\\\/portal\\\/2022\\\/09\\\/09\\\/sao-paulo-en-la-epica-a-la-final-de-la-sudamericana\\\/\"},\"wordCount\":352,\"publisher\":{\"@id\":\"https:\\\/\\\/www.eldiario.net\\\/portal\\\/#organization\"},\"image\":{\"@id\":\"https:\\\/\\\/www.eldiario.net\\\/portal\\\/2022\\\/09\\\/09\\\/sao-paulo-en-la-epica-a-la-final-de-la-sudamericana\\\/#primaryimage\"},\"thumbnailUrl\":\"https:\\\/\\\/www.eldiario.net\\\/portal\\\/wp-content\\\/uploads\\\/2022\\\/09\\\/pag-7-foto-1-4.jpg\",\"articleSection\":[\"Deportes\"],\"inLanguage\":\"es\"},{\"@type\":\"WebPage\",\"@id\":\"https:\\\/\\\/www.eldiario.net\\\/portal\\\/2022\\\/09\\\/09\\\/sao-paulo-en-la-epica-a-la-final-de-la-sudamericana\\\/\",\"url\":\"https:\\\/\\\/www.eldiario.net\\\/portal\\\/2022\\\/09\\\/09\\\/sao-paulo-en-la-epica-a-la-final-de-la-sudamericana\\\/\",\"name\":\"Sao Paulo en la \u00e9pica, a la final de la Sudamericana - El Diario - Bolivia\",\"isPartOf\":{\"@id\":\"https:\\\/\\\/www.eldiario.net\\\/portal\\\/#website\"},\"primaryImageOfPage\":{\"@id\":\"https:\\\/\\\/www.eldiario.net\\\/portal\\\/2022\\\/09\\\/09\\\/sao-paulo-en-la-epica-a-la-final-de-la-sudamericana\\\/#primaryimage\"},\"image\":{\"@id\":\"https:\\\/\\\/www.eldiario.net\\\/portal\\\/2022\\\/09\\\/09\\\/sao-paulo-en-la-epica-a-la-final-de-la-sudamericana\\\/#primaryimage\"},\"thumbnailUrl\":\"https:\\\/\\\/www.eldiario.net\\\/portal\\\/wp-content\\\/uploads\\\/2022\\\/09\\\/pag-7-foto-1-4.jpg\",\"datePublished\":\"2022-09-09T09:05:03+00:00\",\"breadcrumb\":{\"@id\":\"https:\\\/\\\/www.eldiario.net\\\/portal\\\/2022\\\/09\\\/09\\\/sao-paulo-en-la-epica-a-la-final-de-la-sudamericana\\\/#breadcrumb\"},\"inLanguage\":\"es\",\"potentialAction\":[{\"@type\":\"ReadAction\",\"target\":[\"https:\\\/\\\/www.eldiario.net\\\/portal\\\/2022\\\/09\\\/09\\\/sao-paulo-en-la-epica-a-la-final-de-la-sudamericana\\\/\"]}]},{\"@type\":\"ImageObject\",\"inLanguage\":\"es\",\"@id\":\"https:\\\/\\\/www.eldiario.net\\\/portal\\\/2022\\\/09\\\/09\\\/sao-paulo-en-la-epica-a-la-final-de-la-sudamericana\\\/#primaryimage\",\"url\":\"https:\\\/\\\/www.eldiario.net\\\/portal\\\/wp-content\\\/uploads\\\/2022\\\/09\\\/pag-7-foto-1-4.jpg\",\"contentUrl\":\"https:\\\/\\\/www.eldiario.net\\\/portal\\\/wp-content\\\/uploads\\\/2022\\\/09\\\/pag-7-foto-1-4.jpg\",\"width\":900,\"height\":600,\"caption\":\"Los jugadores del Sao Paulo se aprestan a celebrar tras el \u00faltimo lanzamiento de penal anotado anoche.\"},{\"@type\":\"BreadcrumbList\",\"@id\":\"https:\\\/\\\/www.eldiario.net\\\/portal\\\/2022\\\/09\\\/09\\\/sao-paulo-en-la-epica-a-la-final-de-la-sudamericana\\\/#breadcrumb\",\"itemListElement\":[{\"@type\":\"ListItem\",\"position\":1,\"name\":\"Portada\",\"item\":\"https:\\\/\\\/www.eldiario.net\\\/portal\\\/\"},{\"@type\":\"ListItem\",\"position\":2,\"name\":\"Sao Paulo en la \u00e9pica, a la final de la Sudamericana\"}]},{\"@type\":\"WebSite\",\"@id\":\"https:\\\/\\\/www.eldiario.net\\\/portal\\\/#website\",\"url\":\"https:\\\/\\\/www.eldiario.net\\\/portal\\\/\",\"name\":\"El Diario - Decano de la prensa nacional\",\"description\":\"El Diario - Decano de la prensa nacional\",\"publisher\":{\"@id\":\"https:\\\/\\\/www.eldiario.net\\\/portal\\\/#organization\"},\"potentialAction\":[{\"@type\":\"SearchAction\",\"target\":{\"@type\":\"EntryPoint\",\"urlTemplate\":\"https:\\\/\\\/www.eldiario.net\\\/portal\\\/?s={search_term_string}\"},\"query-input\":{\"@type\":\"PropertyValueSpecification\",\"valueRequired\":true,\"valueName\":\"search_term_string\"}}],\"inLanguage\":\"es\"},{\"@type\":\"Organization\",\"@id\":\"https:\\\/\\\/www.eldiario.net\\\/portal\\\/#organization\",\"name\":\"El Diario - Decano de la prensa nacional\",\"url\":\"https:\\\/\\\/www.eldiario.net\\\/portal\\\/\",\"logo\":{\"@type\":\"ImageObject\",\"inLanguage\":\"es\",\"@id\":\"https:\\\/\\\/www.eldiario.net\\\/portal\\\/#\\\/schema\\\/logo\\\/image\\\/\",\"url\":\"https:\\\/\\\/www.eldiario.net\\\/portal\\\/wp-content\\\/uploads\\\/2023\\\/07\\\/logo_ED.jpg\",\"contentUrl\":\"https:\\\/\\\/www.eldiario.net\\\/portal\\\/wp-content\\\/uploads\\\/2023\\\/07\\\/logo_ED.jpg\",\"width\":272,\"height\":52,\"caption\":\"El Diario - Decano de la prensa nacional\"},\"image\":{\"@id\":\"https:\\\/\\\/www.eldiario.net\\\/portal\\\/#\\\/schema\\\/logo\\\/image\\\/\"},\"sameAs\":[\"https:\\\/\\\/www.facebook.com\\\/eldiario.bolivia\\\/\",\"https:\\\/\\\/x.com\\\/eldiario_net\"]},{\"@type\":\"Person\",\"@id\":\"https:\\\/\\\/www.eldiario.net\\\/portal\\\/#\\\/schema\\\/person\\\/f46445640444750d7d753ccd04ae01b7\",\"name\":\"Jeanette\",\"image\":{\"@type\":\"ImageObject\",\"inLanguage\":\"es\",\"@id\":\"https:\\\/\\\/secure.gravatar.com\\\/avatar\\\/3ea2118a5f7dad2b7138b1187a6b7ee55f160b9968b66013c3a3ef39dd7e5798?s=96&d=mm&r=g\",\"url\":\"https:\\\/\\\/secure.gravatar.com\\\/avatar\\\/3ea2118a5f7dad2b7138b1187a6b7ee55f160b9968b66013c3a3ef39dd7e5798?s=96&d=mm&r=g\",\"contentUrl\":\"https:\\\/\\\/secure.gravatar.com\\\/avatar\\\/3ea2118a5f7dad2b7138b1187a6b7ee55f160b9968b66013c3a3ef39dd7e5798?s=96&d=mm&r=g\",\"caption\":\"Jeanette\"},\"sameAs\":[\"https:\\\/\\\/www.eldiario.net\\\/portal\"],\"url\":\"https:\\\/\\\/www.eldiario.net\\\/portal\\\/author\\\/jeanette\\\/\"}]}<\/script>\n<!-- \/ Yoast SEO plugin. -->","yoast_head_json":{"title":"Sao Paulo en la \u00e9pica, a la final de la Sudamericana - El Diario - Bolivia","robots":{"index":"index","follow":"follow","max-snippet":"max-snippet:-1","max-image-preview":"max-image-preview:large","max-video-preview":"max-video-preview:-1"},"canonical":"https:\/\/www.eldiario.net\/portal\/2022\/09\/09\/sao-paulo-en-la-epica-a-la-final-de-la-sudamericana\/","og_locale":"es_ES","og_type":"article","og_title":"Sao Paulo en la \u00e9pica, a la final de la Sudamericana - El Diario - Bolivia","og_description":"Sao Paulo se impuso este jueves en definici\u00f3n por cobros desde el punto penalti 4-2 al tambi\u00e9n brasile\u00f1o Atl\u00e9tico Goianiense, al que venci\u00f3 por 2-0 en el tiempo reglamentario, y avanz\u00f3 por segunda vez a la final de la Copa Sudamericana. Los dos goles del Sao Paulo en los noventa minutos fueron anotados por el [&hellip;]","og_url":"https:\/\/www.eldiario.net\/portal\/2022\/09\/09\/sao-paulo-en-la-epica-a-la-final-de-la-sudamericana\/","og_site_name":"El Diario - Bolivia","article_publisher":"https:\/\/www.facebook.com\/eldiario.bolivia\/","article_published_time":"2022-09-09T09:05:03+00:00","og_image":[{"width":900,"height":600,"url":"https:\/\/www.eldiario.net\/portal\/wp-content\/uploads\/2022\/09\/pag-7-foto-1-4.jpg","type":"image\/jpeg"}],"author":"Jeanette","twitter_card":"summary_large_image","twitter_creator":"@eldiario_net","twitter_site":"@eldiario_net","twitter_misc":{"Escrito por":"Jeanette","Tiempo de lectura":"2 minutos"},"schema":{"@context":"https:\/\/schema.org","@graph":[{"@type":"Article","@id":"https:\/\/www.eldiario.net\/portal\/2022\/09\/09\/sao-paulo-en-la-epica-a-la-final-de-la-sudamericana\/#article","isPartOf":{"@id":"https:\/\/www.eldiario.net\/portal\/2022\/09\/09\/sao-paulo-en-la-epica-a-la-final-de-la-sudamericana\/"},"author":{"name":"Jeanette","@id":"https:\/\/www.eldiario.net\/portal\/#\/schema\/person\/f46445640444750d7d753ccd04ae01b7"},"headline":"Sao Paulo en la \u00e9pica, a la final de la Sudamericana","datePublished":"2022-09-09T09:05:03+00:00","mainEntityOfPage":{"@id":"https:\/\/www.eldiario.net\/portal\/2022\/09\/09\/sao-paulo-en-la-epica-a-la-final-de-la-sudamericana\/"},"wordCount":352,"publisher":{"@id":"https:\/\/www.eldiario.net\/portal\/#organization"},"image":{"@id":"https:\/\/www.eldiario.net\/portal\/2022\/09\/09\/sao-paulo-en-la-epica-a-la-final-de-la-sudamericana\/#primaryimage"},"thumbnailUrl":"https:\/\/www.eldiario.net\/portal\/wp-content\/uploads\/2022\/09\/pag-7-foto-1-4.jpg","articleSection":["Deportes"],"inLanguage":"es"},{"@type":"WebPage","@id":"https:\/\/www.eldiario.net\/portal\/2022\/09\/09\/sao-paulo-en-la-epica-a-la-final-de-la-sudamericana\/","url":"https:\/\/www.eldiario.net\/portal\/2022\/09\/09\/sao-paulo-en-la-epica-a-la-final-de-la-sudamericana\/","name":"Sao Paulo en la \u00e9pica, a la final de la Sudamericana - El Diario - Bolivia","isPartOf":{"@id":"https:\/\/www.eldiario.net\/portal\/#website"},"primaryImageOfPage":{"@id":"https:\/\/www.eldiario.net\/portal\/2022\/09\/09\/sao-paulo-en-la-epica-a-la-final-de-la-sudamericana\/#primaryimage"},"image":{"@id":"https:\/\/www.eldiario.net\/portal\/2022\/09\/09\/sao-paulo-en-la-epica-a-la-final-de-la-sudamericana\/#primaryimage"},"thumbnailUrl":"https:\/\/www.eldiario.net\/portal\/wp-content\/uploads\/2022\/09\/pag-7-foto-1-4.jpg","datePublished":"2022-09-09T09:05:03+00:00","breadcrumb":{"@id":"https:\/\/www.eldiario.net\/portal\/2022\/09\/09\/sao-paulo-en-la-epica-a-la-final-de-la-sudamericana\/#breadcrumb"},"inLanguage":"es","potentialAction":[{"@type":"ReadAction","target":["https:\/\/www.eldiario.net\/portal\/2022\/09\/09\/sao-paulo-en-la-epica-a-la-final-de-la-sudamericana\/"]}]},{"@type":"ImageObject","inLanguage":"es","@id":"https:\/\/www.eldiario.net\/portal\/2022\/09\/09\/sao-paulo-en-la-epica-a-la-final-de-la-sudamericana\/#primaryimage","url":"https:\/\/www.eldiario.net\/portal\/wp-content\/uploads\/2022\/09\/pag-7-foto-1-4.jpg","contentUrl":"https:\/\/www.eldiario.net\/portal\/wp-content\/uploads\/2022\/09\/pag-7-foto-1-4.jpg","width":900,"height":600,"caption":"Los jugadores del Sao Paulo se aprestan a celebrar tras el \u00faltimo lanzamiento de penal anotado anoche."},{"@type":"BreadcrumbList","@id":"https:\/\/www.eldiario.net\/portal\/2022\/09\/09\/sao-paulo-en-la-epica-a-la-final-de-la-sudamericana\/#breadcrumb","itemListElement":[{"@type":"ListItem","position":1,"name":"Portada","item":"https:\/\/www.eldiario.net\/portal\/"},{"@type":"ListItem","position":2,"name":"Sao Paulo en la \u00e9pica, a la final de la Sudamericana"}]},{"@type":"WebSite","@id":"https:\/\/www.eldiario.net\/portal\/#website","url":"https:\/\/www.eldiario.net\/portal\/","name":"El Diario - Decano de la prensa nacional","description":"El Diario - Decano de la prensa nacional","publisher":{"@id":"https:\/\/www.eldiario.net\/portal\/#organization"},"potentialAction":[{"@type":"SearchAction","target":{"@type":"EntryPoint","urlTemplate":"https:\/\/www.eldiario.net\/portal\/?s={search_term_string}"},"query-input":{"@type":"PropertyValueSpecification","valueRequired":true,"valueName":"search_term_string"}}],"inLanguage":"es"},{"@type":"Organization","@id":"https:\/\/www.eldiario.net\/portal\/#organization","name":"El Diario - Decano de la prensa nacional","url":"https:\/\/www.eldiario.net\/portal\/","logo":{"@type":"ImageObject","inLanguage":"es","@id":"https:\/\/www.eldiario.net\/portal\/#\/schema\/logo\/image\/","url":"https:\/\/www.eldiario.net\/portal\/wp-content\/uploads\/2023\/07\/logo_ED.jpg","contentUrl":"https:\/\/www.eldiario.net\/portal\/wp-content\/uploads\/2023\/07\/logo_ED.jpg","width":272,"height":52,"caption":"El Diario - Decano de la prensa nacional"},"image":{"@id":"https:\/\/www.eldiario.net\/portal\/#\/schema\/logo\/image\/"},"sameAs":["https:\/\/www.facebook.com\/eldiario.bolivia\/","https:\/\/x.com\/eldiario_net"]},{"@type":"Person","@id":"https:\/\/www.eldiario.net\/portal\/#\/schema\/person\/f46445640444750d7d753ccd04ae01b7","name":"Jeanette","image":{"@type":"ImageObject","inLanguage":"es","@id":"https:\/\/secure.gravatar.com\/avatar\/3ea2118a5f7dad2b7138b1187a6b7ee55f160b9968b66013c3a3ef39dd7e5798?s=96&d=mm&r=g","url":"https:\/\/secure.gravatar.com\/avatar\/3ea2118a5f7dad2b7138b1187a6b7ee55f160b9968b66013c3a3ef39dd7e5798?s=96&d=mm&r=g","contentUrl":"https:\/\/secure.gravatar.com\/avatar\/3ea2118a5f7dad2b7138b1187a6b7ee55f160b9968b66013c3a3ef39dd7e5798?s=96&d=mm&r=g","caption":"Jeanette"},"sameAs":["https:\/\/www.eldiario.net\/portal"],"url":"https:\/\/www.eldiario.net\/portal\/author\/jeanette\/"}]}},"_links":{"self":[{"href":"https:\/\/www.eldiario.net\/portal\/wp-json\/wp\/v2\/posts\/109534","targetHints":{"allow":["GET"]}}],"collection":[{"href":"https:\/\/www.eldiario.net\/portal\/wp-json\/wp\/v2\/posts"}],"about":[{"href":"https:\/\/www.eldiario.net\/portal\/wp-json\/wp\/v2\/types\/post"}],"author":[{"embeddable":true,"href":"https:\/\/www.eldiario.net\/portal\/wp-json\/wp\/v2\/users\/1"}],"replies":[{"embeddable":true,"href":"https:\/\/www.eldiario.net\/portal\/wp-json\/wp\/v2\/comments?post=109534"}],"version-history":[{"count":0,"href":"https:\/\/www.eldiario.net\/portal\/wp-json\/wp\/v2\/posts\/109534\/revisions"}],"wp:featuredmedia":[{"embeddable":true,"href":"https:\/\/www.eldiario.net\/portal\/wp-json\/wp\/v2\/media\/109535"}],"wp:attachment":[{"href":"https:\/\/www.eldiario.net\/portal\/wp-json\/wp\/v2\/media?parent=109534"}],"wp:term":[{"taxonomy":"category","embeddable":true,"href":"https:\/\/www.eldiario.net\/portal\/wp-json\/wp\/v2\/categories?post=109534"},{"taxonomy":"post_tag","embeddable":true,"href":"https:\/\/www.eldiario.net\/portal\/wp-json\/wp\/v2\/tags?post=109534"}],"curies":[{"name":"wp","href":"https:\/\/api.w.org\/{rel}","templated":true}]}}