{"id":10642,"date":"2021-06-16T05:43:03","date_gmt":"2021-06-16T09:43:03","guid":{"rendered":"https:\/\/www.eldiario.net\/portal\/?p=10642"},"modified":"2021-06-16T05:43:03","modified_gmt":"2021-06-16T09:43:03","slug":"baldivieso-critico-de-la-verde-la-suerte-no-es-para-siempre","status":"publish","type":"post","link":"https:\/\/www.eldiario.net\/portal\/2021\/06\/16\/baldivieso-critico-de-la-verde-la-suerte-no-es-para-siempre\/","title":{"rendered":"Baldivieso cr\u00edtico de la Verde: \u201cLa suerte no es para siempre\u201d"},"content":{"rendered":"<p>Una vez que la Selecci\u00f3n Nacional no tuvo un buen resultado ante Paraguay, en su debut en la Copa Am\u00e9rica, volvieron a surgir voces disonantes en torno al rendimiento de la Verde.<br \/>\nLa paz que ten\u00eda C\u00e9sar Far\u00edas tras la \u00faltima jornada de Eliminatorias, volvi\u00f3 a cambiar ayer, porque se escuch\u00f3 algunas observaciones al juego del equipo, sin consideraci\u00f3n al hecho de que Bolivia jug\u00f3 su el goleador de las Eliminatorias, Marcelo Martins, adem\u00e1s dos jugadores importantes en la estructura, como son Luis Haquin y Henry Vaca, quienes est\u00e1n aislados por haber dado positivo de Covid 19.<br \/>\nEl exjugador de la Selecci\u00f3n boliviana y actual entrenador, Julio C\u00e9sar Baldivieso, no se guard\u00f3 nada y critic\u00f3 \u201cel funcionamiento\u201d del plantel, adem\u00e1s puntualiz\u00f3 que la suerte no es para siempre, \u201clo que pas\u00f3 con Chile fue de suerte al igual que lo ocurrido con Paraguay, la sacaron barata ya que el resultado pudo ser m\u00e1s abultado\u201d.<br \/>\nA\u00f1adi\u00f3 que la Selecci\u00f3n no tiene jerarqu\u00eda, adem\u00e1s que hay jugadores que le hacen falta al plantel y que no fueron llamados, \u201ca Venezuela se ten\u00eda que ganar y con Chile tuvimos mucha suerte, las cosas hay que decirlas como son, Paraguay fue muy superior a Bolivia salvo el penal\u201d.<br \/>\nPor su parte, Oscar Sanz, entrenador y comentarista de TV, tambi\u00e9n tuvo un criterio parecido.<br \/>\n\u201cYo comprendo que en la Selecci\u00f3n hay gente que juega en otros pa\u00edses, que supuestamente est\u00e1n en otro nivel de juego, pero no he visto que sean los que le aportan much\u00edsimo. Hubo futbolistas que estaban en el banco me parece que habr\u00edan aportado, como Junior (Erwin) S\u00e1nchez, Ramiro Vaca, creo que \u00e9l (C\u00e9sar Far\u00edas) tendr\u00eda que cambiar la propuesta, el t\u00e9cnico es el que tiene que aclarar sus ideas\u201d, afirm\u00f3 Sanz.<br \/>\nSanz a\u00f1adi\u00f3 que la noche del lunes la Selecci\u00f3n Nacional fue \u201csuperada ampliamente por Paraguay, el equipo soport\u00f3 demasiado cerca de la porter\u00eda. En pasados partidos contra Venezuela por ejemplo se jug\u00f3 a cuenta gotas, ante Chile y los paraguayos pudimos haber sufrido uno o dos goles m\u00e1s, por lo que tendr\u00e1 que repensar lo que viene, no podemos hacer nada con un banco de pruebas, el nivel de Bolivia nos debe preocupar a todos los que estamos inmersos con la Selecci\u00f3n\u201d.<\/p>\n","protected":false},"excerpt":{"rendered":"<p>Una vez que la Selecci\u00f3n Nacional no tuvo un buen resultado ante Paraguay, en su debut en la Copa Am\u00e9rica, volvieron a surgir voces disonantes en torno al rendimiento de la Verde. La paz que ten\u00eda C\u00e9sar Far\u00edas tras la \u00faltima jornada de Eliminatorias, volvi\u00f3 a cambiar ayer, porque se escuch\u00f3 algunas observaciones al juego [&hellip;]<\/p>\n","protected":false},"author":1,"featured_media":0,"comment_status":"closed","ping_status":"closed","sticky":false,"template":"","format":"standard","meta":{"_acf_changed":false,"footnotes":""},"categories":[6],"tags":[],"class_list":["post-10642","post","type-post","status-publish","format-standard","category-deportes"],"acf":{"antetitulo":""},"yoast_head":"<!-- This site is optimized with the Yoast SEO plugin v28.3 - https:\/\/yoast.com\/product\/yoast-seo-wordpress\/ -->\n<title>Baldivieso cr\u00edtico de la Verde: \u201cLa suerte no es para siempre\u201d - El Diario - Bolivia<\/title>\n<meta name=\"robots\" content=\"index, follow, max-snippet:-1, max-image-preview:large, max-video-preview:-1\" \/>\n<link rel=\"canonical\" href=\"https:\/\/www.eldiario.net\/portal\/2021\/06\/16\/baldivieso-critico-de-la-verde-la-suerte-no-es-para-siempre\/\" \/>\n<meta property=\"og:locale\" content=\"es_ES\" \/>\n<meta property=\"og:type\" content=\"article\" \/>\n<meta property=\"og:title\" content=\"Baldivieso cr\u00edtico de la Verde: \u201cLa suerte no es para siempre\u201d - El Diario - Bolivia\" \/>\n<meta property=\"og:description\" content=\"Una vez que la Selecci\u00f3n Nacional no tuvo un buen resultado ante Paraguay, en su debut en la Copa Am\u00e9rica, volvieron a surgir voces disonantes en torno al rendimiento de la Verde. La paz que ten\u00eda C\u00e9sar Far\u00edas tras la \u00faltima jornada de Eliminatorias, volvi\u00f3 a cambiar ayer, porque se escuch\u00f3 algunas observaciones al juego [&hellip;]\" \/>\n<meta property=\"og:url\" content=\"https:\/\/www.eldiario.net\/portal\/2021\/06\/16\/baldivieso-critico-de-la-verde-la-suerte-no-es-para-siempre\/\" \/>\n<meta property=\"og:site_name\" content=\"El Diario - Bolivia\" \/>\n<meta property=\"article:publisher\" content=\"https:\/\/www.facebook.com\/eldiario.bolivia\/\" \/>\n<meta property=\"article:published_time\" content=\"2021-06-16T09:43:03+00:00\" \/>\n<meta name=\"author\" content=\"Jeanette\" \/>\n<meta name=\"twitter:card\" content=\"summary_large_image\" \/>\n<meta name=\"twitter:creator\" content=\"@eldiario_net\" \/>\n<meta name=\"twitter:site\" content=\"@eldiario_net\" \/>\n<meta name=\"twitter:label1\" content=\"Escrito por\" \/>\n\t<meta name=\"twitter:data1\" content=\"Jeanette\" \/>\n\t<meta name=\"twitter:label2\" content=\"Tiempo de lectura\" \/>\n\t<meta name=\"twitter:data2\" content=\"2 minutos\" \/>\n<script type=\"application\/ld+json\" class=\"yoast-schema-graph\">{\"@context\":\"https:\\\/\\\/schema.org\",\"@graph\":[{\"@type\":\"Article\",\"@id\":\"https:\\\/\\\/www.eldiario.net\\\/portal\\\/2021\\\/06\\\/16\\\/baldivieso-critico-de-la-verde-la-suerte-no-es-para-siempre\\\/#article\",\"isPartOf\":{\"@id\":\"https:\\\/\\\/www.eldiario.net\\\/portal\\\/2021\\\/06\\\/16\\\/baldivieso-critico-de-la-verde-la-suerte-no-es-para-siempre\\\/\"},\"author\":{\"name\":\"Jeanette\",\"@id\":\"https:\\\/\\\/www.eldiario.net\\\/portal\\\/#\\\/schema\\\/person\\\/f46445640444750d7d753ccd04ae01b7\"},\"headline\":\"Baldivieso cr\u00edtico de la Verde: \u201cLa suerte no es para siempre\u201d\",\"datePublished\":\"2021-06-16T09:43:03+00:00\",\"mainEntityOfPage\":{\"@id\":\"https:\\\/\\\/www.eldiario.net\\\/portal\\\/2021\\\/06\\\/16\\\/baldivieso-critico-de-la-verde-la-suerte-no-es-para-siempre\\\/\"},\"wordCount\":417,\"publisher\":{\"@id\":\"https:\\\/\\\/www.eldiario.net\\\/portal\\\/#organization\"},\"articleSection\":[\"Deportes\"],\"inLanguage\":\"es\"},{\"@type\":\"WebPage\",\"@id\":\"https:\\\/\\\/www.eldiario.net\\\/portal\\\/2021\\\/06\\\/16\\\/baldivieso-critico-de-la-verde-la-suerte-no-es-para-siempre\\\/\",\"url\":\"https:\\\/\\\/www.eldiario.net\\\/portal\\\/2021\\\/06\\\/16\\\/baldivieso-critico-de-la-verde-la-suerte-no-es-para-siempre\\\/\",\"name\":\"Baldivieso cr\u00edtico de la Verde: \u201cLa suerte no es para siempre\u201d - El Diario - Bolivia\",\"isPartOf\":{\"@id\":\"https:\\\/\\\/www.eldiario.net\\\/portal\\\/#website\"},\"datePublished\":\"2021-06-16T09:43:03+00:00\",\"breadcrumb\":{\"@id\":\"https:\\\/\\\/www.eldiario.net\\\/portal\\\/2021\\\/06\\\/16\\\/baldivieso-critico-de-la-verde-la-suerte-no-es-para-siempre\\\/#breadcrumb\"},\"inLanguage\":\"es\",\"potentialAction\":[{\"@type\":\"ReadAction\",\"target\":[\"https:\\\/\\\/www.eldiario.net\\\/portal\\\/2021\\\/06\\\/16\\\/baldivieso-critico-de-la-verde-la-suerte-no-es-para-siempre\\\/\"]}]},{\"@type\":\"BreadcrumbList\",\"@id\":\"https:\\\/\\\/www.eldiario.net\\\/portal\\\/2021\\\/06\\\/16\\\/baldivieso-critico-de-la-verde-la-suerte-no-es-para-siempre\\\/#breadcrumb\",\"itemListElement\":[{\"@type\":\"ListItem\",\"position\":1,\"name\":\"Portada\",\"item\":\"https:\\\/\\\/www.eldiario.net\\\/portal\\\/\"},{\"@type\":\"ListItem\",\"position\":2,\"name\":\"Baldivieso cr\u00edtico de la Verde: \u201cLa suerte no es para siempre\u201d\"}]},{\"@type\":\"WebSite\",\"@id\":\"https:\\\/\\\/www.eldiario.net\\\/portal\\\/#website\",\"url\":\"https:\\\/\\\/www.eldiario.net\\\/portal\\\/\",\"name\":\"El Diario - Decano de la prensa nacional\",\"description\":\"El Diario - Decano de la prensa nacional\",\"publisher\":{\"@id\":\"https:\\\/\\\/www.eldiario.net\\\/portal\\\/#organization\"},\"potentialAction\":[{\"@type\":\"SearchAction\",\"target\":{\"@type\":\"EntryPoint\",\"urlTemplate\":\"https:\\\/\\\/www.eldiario.net\\\/portal\\\/?s={search_term_string}\"},\"query-input\":{\"@type\":\"PropertyValueSpecification\",\"valueRequired\":true,\"valueName\":\"search_term_string\"}}],\"inLanguage\":\"es\"},{\"@type\":\"Organization\",\"@id\":\"https:\\\/\\\/www.eldiario.net\\\/portal\\\/#organization\",\"name\":\"El Diario - Decano de la prensa nacional\",\"url\":\"https:\\\/\\\/www.eldiario.net\\\/portal\\\/\",\"logo\":{\"@type\":\"ImageObject\",\"inLanguage\":\"es\",\"@id\":\"https:\\\/\\\/www.eldiario.net\\\/portal\\\/#\\\/schema\\\/logo\\\/image\\\/\",\"url\":\"https:\\\/\\\/www.eldiario.net\\\/portal\\\/wp-content\\\/uploads\\\/2023\\\/07\\\/logo_ED.jpg\",\"contentUrl\":\"https:\\\/\\\/www.eldiario.net\\\/portal\\\/wp-content\\\/uploads\\\/2023\\\/07\\\/logo_ED.jpg\",\"width\":272,\"height\":52,\"caption\":\"El Diario - Decano de la prensa nacional\"},\"image\":{\"@id\":\"https:\\\/\\\/www.eldiario.net\\\/portal\\\/#\\\/schema\\\/logo\\\/image\\\/\"},\"sameAs\":[\"https:\\\/\\\/www.facebook.com\\\/eldiario.bolivia\\\/\",\"https:\\\/\\\/x.com\\\/eldiario_net\"]},{\"@type\":\"Person\",\"@id\":\"https:\\\/\\\/www.eldiario.net\\\/portal\\\/#\\\/schema\\\/person\\\/f46445640444750d7d753ccd04ae01b7\",\"name\":\"Jeanette\",\"image\":{\"@type\":\"ImageObject\",\"inLanguage\":\"es\",\"@id\":\"https:\\\/\\\/secure.gravatar.com\\\/avatar\\\/3ea2118a5f7dad2b7138b1187a6b7ee55f160b9968b66013c3a3ef39dd7e5798?s=96&d=mm&r=g\",\"url\":\"https:\\\/\\\/secure.gravatar.com\\\/avatar\\\/3ea2118a5f7dad2b7138b1187a6b7ee55f160b9968b66013c3a3ef39dd7e5798?s=96&d=mm&r=g\",\"contentUrl\":\"https:\\\/\\\/secure.gravatar.com\\\/avatar\\\/3ea2118a5f7dad2b7138b1187a6b7ee55f160b9968b66013c3a3ef39dd7e5798?s=96&d=mm&r=g\",\"caption\":\"Jeanette\"},\"sameAs\":[\"https:\\\/\\\/www.eldiario.net\\\/portal\"],\"url\":\"https:\\\/\\\/www.eldiario.net\\\/portal\\\/author\\\/jeanette\\\/\"}]}<\/script>\n<!-- \/ Yoast SEO plugin. -->","yoast_head_json":{"title":"Baldivieso cr\u00edtico de la Verde: \u201cLa suerte no es para siempre\u201d - El Diario - Bolivia","robots":{"index":"index","follow":"follow","max-snippet":"max-snippet:-1","max-image-preview":"max-image-preview:large","max-video-preview":"max-video-preview:-1"},"canonical":"https:\/\/www.eldiario.net\/portal\/2021\/06\/16\/baldivieso-critico-de-la-verde-la-suerte-no-es-para-siempre\/","og_locale":"es_ES","og_type":"article","og_title":"Baldivieso cr\u00edtico de la Verde: \u201cLa suerte no es para siempre\u201d - El Diario - Bolivia","og_description":"Una vez que la Selecci\u00f3n Nacional no tuvo un buen resultado ante Paraguay, en su debut en la Copa Am\u00e9rica, volvieron a surgir voces disonantes en torno al rendimiento de la Verde. La paz que ten\u00eda C\u00e9sar Far\u00edas tras la \u00faltima jornada de Eliminatorias, volvi\u00f3 a cambiar ayer, porque se escuch\u00f3 algunas observaciones al juego [&hellip;]","og_url":"https:\/\/www.eldiario.net\/portal\/2021\/06\/16\/baldivieso-critico-de-la-verde-la-suerte-no-es-para-siempre\/","og_site_name":"El Diario - Bolivia","article_publisher":"https:\/\/www.facebook.com\/eldiario.bolivia\/","article_published_time":"2021-06-16T09:43:03+00:00","author":"Jeanette","twitter_card":"summary_large_image","twitter_creator":"@eldiario_net","twitter_site":"@eldiario_net","twitter_misc":{"Escrito por":"Jeanette","Tiempo de lectura":"2 minutos"},"schema":{"@context":"https:\/\/schema.org","@graph":[{"@type":"Article","@id":"https:\/\/www.eldiario.net\/portal\/2021\/06\/16\/baldivieso-critico-de-la-verde-la-suerte-no-es-para-siempre\/#article","isPartOf":{"@id":"https:\/\/www.eldiario.net\/portal\/2021\/06\/16\/baldivieso-critico-de-la-verde-la-suerte-no-es-para-siempre\/"},"author":{"name":"Jeanette","@id":"https:\/\/www.eldiario.net\/portal\/#\/schema\/person\/f46445640444750d7d753ccd04ae01b7"},"headline":"Baldivieso cr\u00edtico de la Verde: \u201cLa suerte no es para siempre\u201d","datePublished":"2021-06-16T09:43:03+00:00","mainEntityOfPage":{"@id":"https:\/\/www.eldiario.net\/portal\/2021\/06\/16\/baldivieso-critico-de-la-verde-la-suerte-no-es-para-siempre\/"},"wordCount":417,"publisher":{"@id":"https:\/\/www.eldiario.net\/portal\/#organization"},"articleSection":["Deportes"],"inLanguage":"es"},{"@type":"WebPage","@id":"https:\/\/www.eldiario.net\/portal\/2021\/06\/16\/baldivieso-critico-de-la-verde-la-suerte-no-es-para-siempre\/","url":"https:\/\/www.eldiario.net\/portal\/2021\/06\/16\/baldivieso-critico-de-la-verde-la-suerte-no-es-para-siempre\/","name":"Baldivieso cr\u00edtico de la Verde: \u201cLa suerte no es para siempre\u201d - El Diario - Bolivia","isPartOf":{"@id":"https:\/\/www.eldiario.net\/portal\/#website"},"datePublished":"2021-06-16T09:43:03+00:00","breadcrumb":{"@id":"https:\/\/www.eldiario.net\/portal\/2021\/06\/16\/baldivieso-critico-de-la-verde-la-suerte-no-es-para-siempre\/#breadcrumb"},"inLanguage":"es","potentialAction":[{"@type":"ReadAction","target":["https:\/\/www.eldiario.net\/portal\/2021\/06\/16\/baldivieso-critico-de-la-verde-la-suerte-no-es-para-siempre\/"]}]},{"@type":"BreadcrumbList","@id":"https:\/\/www.eldiario.net\/portal\/2021\/06\/16\/baldivieso-critico-de-la-verde-la-suerte-no-es-para-siempre\/#breadcrumb","itemListElement":[{"@type":"ListItem","position":1,"name":"Portada","item":"https:\/\/www.eldiario.net\/portal\/"},{"@type":"ListItem","position":2,"name":"Baldivieso cr\u00edtico de la Verde: \u201cLa suerte no es para siempre\u201d"}]},{"@type":"WebSite","@id":"https:\/\/www.eldiario.net\/portal\/#website","url":"https:\/\/www.eldiario.net\/portal\/","name":"El Diario - Decano de la prensa nacional","description":"El Diario - Decano de la prensa nacional","publisher":{"@id":"https:\/\/www.eldiario.net\/portal\/#organization"},"potentialAction":[{"@type":"SearchAction","target":{"@type":"EntryPoint","urlTemplate":"https:\/\/www.eldiario.net\/portal\/?s={search_term_string}"},"query-input":{"@type":"PropertyValueSpecification","valueRequired":true,"valueName":"search_term_string"}}],"inLanguage":"es"},{"@type":"Organization","@id":"https:\/\/www.eldiario.net\/portal\/#organization","name":"El Diario - Decano de la prensa nacional","url":"https:\/\/www.eldiario.net\/portal\/","logo":{"@type":"ImageObject","inLanguage":"es","@id":"https:\/\/www.eldiario.net\/portal\/#\/schema\/logo\/image\/","url":"https:\/\/www.eldiario.net\/portal\/wp-content\/uploads\/2023\/07\/logo_ED.jpg","contentUrl":"https:\/\/www.eldiario.net\/portal\/wp-content\/uploads\/2023\/07\/logo_ED.jpg","width":272,"height":52,"caption":"El Diario - Decano de la prensa nacional"},"image":{"@id":"https:\/\/www.eldiario.net\/portal\/#\/schema\/logo\/image\/"},"sameAs":["https:\/\/www.facebook.com\/eldiario.bolivia\/","https:\/\/x.com\/eldiario_net"]},{"@type":"Person","@id":"https:\/\/www.eldiario.net\/portal\/#\/schema\/person\/f46445640444750d7d753ccd04ae01b7","name":"Jeanette","image":{"@type":"ImageObject","inLanguage":"es","@id":"https:\/\/secure.gravatar.com\/avatar\/3ea2118a5f7dad2b7138b1187a6b7ee55f160b9968b66013c3a3ef39dd7e5798?s=96&d=mm&r=g","url":"https:\/\/secure.gravatar.com\/avatar\/3ea2118a5f7dad2b7138b1187a6b7ee55f160b9968b66013c3a3ef39dd7e5798?s=96&d=mm&r=g","contentUrl":"https:\/\/secure.gravatar.com\/avatar\/3ea2118a5f7dad2b7138b1187a6b7ee55f160b9968b66013c3a3ef39dd7e5798?s=96&d=mm&r=g","caption":"Jeanette"},"sameAs":["https:\/\/www.eldiario.net\/portal"],"url":"https:\/\/www.eldiario.net\/portal\/author\/jeanette\/"}]}},"_links":{"self":[{"href":"https:\/\/www.eldiario.net\/portal\/wp-json\/wp\/v2\/posts\/10642","targetHints":{"allow":["GET"]}}],"collection":[{"href":"https:\/\/www.eldiario.net\/portal\/wp-json\/wp\/v2\/posts"}],"about":[{"href":"https:\/\/www.eldiario.net\/portal\/wp-json\/wp\/v2\/types\/post"}],"author":[{"embeddable":true,"href":"https:\/\/www.eldiario.net\/portal\/wp-json\/wp\/v2\/users\/1"}],"replies":[{"embeddable":true,"href":"https:\/\/www.eldiario.net\/portal\/wp-json\/wp\/v2\/comments?post=10642"}],"version-history":[{"count":0,"href":"https:\/\/www.eldiario.net\/portal\/wp-json\/wp\/v2\/posts\/10642\/revisions"}],"wp:attachment":[{"href":"https:\/\/www.eldiario.net\/portal\/wp-json\/wp\/v2\/media?parent=10642"}],"wp:term":[{"taxonomy":"category","embeddable":true,"href":"https:\/\/www.eldiario.net\/portal\/wp-json\/wp\/v2\/categories?post=10642"},{"taxonomy":"post_tag","embeddable":true,"href":"https:\/\/www.eldiario.net\/portal\/wp-json\/wp\/v2\/tags?post=10642"}],"curies":[{"name":"wp","href":"https:\/\/api.w.org\/{rel}","templated":true}]}}